{"id":6966,"date":"2022-04-20T11:18:47","date_gmt":"2022-04-20T15:18:47","guid":{"rendered":"https:\/\/blog.virginmobile.cl\/?p=6966"},"modified":"2022-04-20T11:18:53","modified_gmt":"2022-04-20T15:18:53","slug":"amazon-prime-chile-la-jauria-anuncia-su-segunda-temporada","status":"publish","type":"post","link":"https:\/\/www.virginmobile.cl\/blog\/series\/amazon-prime-chile\/amazon-prime-chile-la-jauria-anuncia-su-segunda-temporada\/","title":{"rendered":"Amazon Prime Chile: &#8220;La Jaur\u00eda&#8221; anuncia su segunda temporada"},"content":{"rendered":"\n<p>La productora Fabula y <a href=\"https:\/\/blog.virginmobile.cl\/series\/amazon-prime-chile\/las-peliculas-de-amazon-prime-chile-mas-aplaudidas-del-2021\">Amazon Prime Chile<\/a>, anunciaron la fecha de estreno de la segunda temporada de la &#8220;La Jaur\u00eda&#8221; dirigida por Luc\u00eda Puenzo. \u00bfQu\u00e9 es lo que veremos en esta nueva tanda de cap\u00edtulos? En Naci\u00f3n Virgin te contamos todo al respecto.<\/p>\n\n\n\n<p>La serie inspirada en el terrible <a href=\"https:\/\/www.dw.com\/es\/espa%C3%B1a-l%C3%ADder-de-la-manada-reconoce-violaci%C3%B3n-por-primera-vez\/a-59436259\">caso espa\u00f1ol &#8220;La Manada&#8221;<\/a>, tiene una segunda temporada reci\u00e9n salida del horno y se estrenar\u00e1 en tan solo un par de d\u00edas. En la primera parte pudimos seguir la historia del caso de una <strong>joven estudiante de un colegio cat\u00f3lico que desaparece <\/strong>luego de haber encabezado una protesta feminista. \u00bfCon qu\u00e9 nos toparemos ahora?<\/p>\n\n\n\n<p>Amazon Prime Chile nos trae nuevamente al <strong>escuadr\u00f3n policial especializado en delitos de g\u00e9nero<\/strong> que se tendr\u00e1 que enfrentar a fuerzas desconocidas y al status quo de la \u00e9lite econ\u00f3mica. Adem\u00e1s, intentar\u00e1n derriban toda una red de poder mis\u00f3gino que opera desde la <strong>Deep Web <\/strong>con el objetivo de <strong>da\u00f1ar mujeres<\/strong>. <\/p>\n\n\n\n<p>El elenco de esta nueva temporada estar\u00e1 formado por <strong>Antonia Zegers, Daniela Vega,<\/strong>\u00a0junto con Paula Luchsinger, Antonia Giesen, Giannina Fruttero, Clemente Rodriguez, Giordano Rossi y la participaci\u00f3n especial de Mariana Di Girolamo.<\/p>\n\n\n\n<h2 class=\"wp-block-heading\">\u00bfCu\u00e1ndo se estrena la segunda temporada en Amazon Prime Chile?<\/h2>\n\n\n\n<p>La producci\u00f3n chilena estar\u00e1 disponible en la plataforma de Amazon a partir del<strong> 22 de abril <\/strong>de este a\u00f1o para todos los pa\u00edses de Latinoam\u00e9rica y Espa\u00f1a. Esta nueva temporada contar\u00e1 con <strong>ocho cap\u00edtulos<\/strong> de 45 minutos.<\/p>\n\n\n\n<figure class=\"wp-block-embed is-type-video is-provider-youtube wp-block-embed-youtube wp-embed-aspect-16-9 wp-has-aspect-ratio\"><div class=\"wp-block-embed__wrapper\">\n<div class=\"embed-vimeo\"><iframe loading=\"lazy\" title=\"La Jaur\u00eda, nueva temporada - Tr\u00e1iler oficial | Prime Video\" width=\"1140\" height=\"641\" src=\"https:\/\/www.youtube.com\/embed\/a1HUvceIUGk?feature=oembed\" frameborder=\"0\" allow=\"accelerometer; autoplay; clipboard-write; encrypted-media; gyroscope; picture-in-picture\" allowfullscreen><\/iframe><\/div>\n<\/div><\/figure>\n","protected":false},"excerpt":{"rendered":"<p>La productora Fabula y Amazon Prime Chile, anunciaron la fecha de estreno de la segunda temporada de la &#8220;La Jaur\u00eda&#8221; dirigida por Luc\u00eda Puenzo. \u00bfQu\u00e9 es lo que veremos en esta nueva tanda de cap\u00edtulos? En Naci\u00f3n Virgin te contamos todo al respecto. La serie inspirada en el terrible caso espa\u00f1ol &#8220;La Manada&#8221;, tiene una [&hellip;]<\/p>\n","protected":false},"author":2,"featured_media":6967,"comment_status":"closed","ping_status":"open","sticky":false,"template":"","format":"standard","meta":{"footnotes":""},"categories":[1021],"tags":[1037,719,734],"class_list":["post-6966","post","type-post","status-publish","format-standard","has-post-thumbnail","hentry","category-amazon-prime-chile","tag-amazon-prime-chile","tag-amazon-prime-video","tag-la-jauria"],"yoast_head":"<!-- This site is optimized with the Yoast SEO plugin v27.2 - https:\/\/yoast.com\/product\/yoast-seo-wordpress\/ -->\n<title>Amazon Prime Chile: &quot;La Jaur\u00eda&quot; anuncia su segunda temporada<\/title>\n<meta name=\"description\" content=\"La segunda temporada de la Jaur\u00eda en Amazon Prime Chile ya tiene fecha de estreno. Con\u00f3cela en Naci\u00f3n Virgin.\" \/>\n<meta name=\"robots\" content=\"index, follow, max-snippet:-1, max-image-preview:large, max-video-preview:-1\" \/>\n<link rel=\"canonical\" href=\"https:\/\/vmcl.space\/blog\/series\/amazon-prime-chile\/amazon-prime-chile-la-jauria-anuncia-su-segunda-temporada\/\" \/>\n<meta property=\"og:locale\" content=\"es_ES\" \/>\n<meta property=\"og:type\" content=\"article\" \/>\n<meta property=\"og:title\" content=\"Amazon Prime Chile: &quot;La Jaur\u00eda&quot; anuncia su segunda temporada\" \/>\n<meta property=\"og:description\" content=\"La segunda temporada de la Jaur\u00eda en Amazon Prime Chile ya tiene fecha de estreno. Con\u00f3cela en Naci\u00f3n Virgin.\" \/>\n<meta property=\"og:url\" content=\"https:\/\/vmcl.space\/blog\/series\/amazon-prime-chile\/amazon-prime-chile-la-jauria-anuncia-su-segunda-temporada\/\" \/>\n<meta property=\"og:site_name\" content=\"Naci\u00f3n Virgin - Virgin Mobile Chile\" \/>\n<meta property=\"article:publisher\" content=\"https:\/\/www.facebook.com\/VirginMobileChile\/\" \/>\n<meta property=\"article:published_time\" content=\"2022-04-20T15:18:47+00:00\" \/>\n<meta property=\"article:modified_time\" content=\"2022-04-20T15:18:53+00:00\" \/>\n<meta property=\"og:image\" content=\"https:\/\/vmcl.space\/blog\/wp-content\/uploads\/2022\/04\/Amazon-prime-chile-La-Jauria-estreno-temporada.jpg\" \/>\n\t<meta property=\"og:image:width\" content=\"1200\" \/>\n\t<meta property=\"og:image:height\" content=\"800\" \/>\n\t<meta property=\"og:image:type\" content=\"image\/jpeg\" \/>\n<meta name=\"author\" content=\"Jorge Herrera\" \/>\n<meta name=\"twitter:card\" content=\"summary_large_image\" \/>\n<meta name=\"twitter:creator\" content=\"@virginmobile_cl\" \/>\n<meta name=\"twitter:site\" content=\"@virginmobile_cl\" \/>\n<meta name=\"twitter:label1\" content=\"Escrito por\" \/>\n\t<meta name=\"twitter:data1\" content=\"Jorge Herrera\" \/>\n\t<meta name=\"twitter:label2\" content=\"Tiempo estimado de lectura\" \/>\n\t<meta name=\"twitter:data2\" content=\"2 minutos\" \/>\n<script type=\"application\/ld+json\" class=\"yoast-schema-graph\">{\"@context\":\"https:\/\/schema.org\",\"@graph\":[{\"@type\":\"Article\",\"@id\":\"https:\/\/vmcl.space\/blog\/series\/amazon-prime-chile\/amazon-prime-chile-la-jauria-anuncia-su-segunda-temporada\/#article\",\"isPartOf\":{\"@id\":\"https:\/\/vmcl.space\/blog\/series\/amazon-prime-chile\/amazon-prime-chile-la-jauria-anuncia-su-segunda-temporada\/\"},\"author\":{\"name\":\"Jorge Herrera\",\"@id\":\"https:\/\/vmcl.space\/blog\/#\/schema\/person\/7dd3fe8aa95409efbc0c2651edad922c\"},\"headline\":\"Amazon Prime Chile: &#8220;La Jaur\u00eda&#8221; anuncia su segunda temporada\",\"datePublished\":\"2022-04-20T15:18:47+00:00\",\"dateModified\":\"2022-04-20T15:18:53+00:00\",\"mainEntityOfPage\":{\"@id\":\"https:\/\/vmcl.space\/blog\/series\/amazon-prime-chile\/amazon-prime-chile-la-jauria-anuncia-su-segunda-temporada\/\"},\"wordCount\":273,\"publisher\":{\"@id\":\"https:\/\/vmcl.space\/blog\/#organization\"},\"image\":{\"@id\":\"https:\/\/vmcl.space\/blog\/series\/amazon-prime-chile\/amazon-prime-chile-la-jauria-anuncia-su-segunda-temporada\/#primaryimage\"},\"thumbnailUrl\":\"https:\/\/www.virginmobile.cl\/blog\/wp-content\/uploads\/2022\/04\/Amazon-prime-chile-La-Jauria-estreno-temporada.jpg\",\"keywords\":[\"Amazon Prime Chile\",\"Amazon Prime Video\",\"La Jaur\u00eda\"],\"articleSection\":[\"Amazon Prime Chile\"],\"inLanguage\":\"es-CL\"},{\"@type\":\"WebPage\",\"@id\":\"https:\/\/vmcl.space\/blog\/series\/amazon-prime-chile\/amazon-prime-chile-la-jauria-anuncia-su-segunda-temporada\/\",\"url\":\"https:\/\/vmcl.space\/blog\/series\/amazon-prime-chile\/amazon-prime-chile-la-jauria-anuncia-su-segunda-temporada\/\",\"name\":\"Amazon Prime Chile: \\\"La Jaur\u00eda\\\" anuncia su segunda temporada\",\"isPartOf\":{\"@id\":\"https:\/\/vmcl.space\/blog\/#website\"},\"primaryImageOfPage\":{\"@id\":\"https:\/\/vmcl.space\/blog\/series\/amazon-prime-chile\/amazon-prime-chile-la-jauria-anuncia-su-segunda-temporada\/#primaryimage\"},\"image\":{\"@id\":\"https:\/\/vmcl.space\/blog\/series\/amazon-prime-chile\/amazon-prime-chile-la-jauria-anuncia-su-segunda-temporada\/#primaryimage\"},\"thumbnailUrl\":\"https:\/\/www.virginmobile.cl\/blog\/wp-content\/uploads\/2022\/04\/Amazon-prime-chile-La-Jauria-estreno-temporada.jpg\",\"datePublished\":\"2022-04-20T15:18:47+00:00\",\"dateModified\":\"2022-04-20T15:18:53+00:00\",\"description\":\"La segunda temporada de la Jaur\u00eda en Amazon Prime Chile ya tiene fecha de estreno. Con\u00f3cela en Naci\u00f3n Virgin.\",\"breadcrumb\":{\"@id\":\"https:\/\/vmcl.space\/blog\/series\/amazon-prime-chile\/amazon-prime-chile-la-jauria-anuncia-su-segunda-temporada\/#breadcrumb\"},\"inLanguage\":\"es-CL\",\"potentialAction\":[{\"@type\":\"ReadAction\",\"target\":[\"https:\/\/vmcl.space\/blog\/series\/amazon-prime-chile\/amazon-prime-chile-la-jauria-anuncia-su-segunda-temporada\/\"]}]},{\"@type\":\"ImageObject\",\"inLanguage\":\"es-CL\",\"@id\":\"https:\/\/vmcl.space\/blog\/series\/amazon-prime-chile\/amazon-prime-chile-la-jauria-anuncia-su-segunda-temporada\/#primaryimage\",\"url\":\"https:\/\/www.virginmobile.cl\/blog\/wp-content\/uploads\/2022\/04\/Amazon-prime-chile-La-Jauria-estreno-temporada.jpg\",\"contentUrl\":\"https:\/\/www.virginmobile.cl\/blog\/wp-content\/uploads\/2022\/04\/Amazon-prime-chile-La-Jauria-estreno-temporada.jpg\",\"width\":1200,\"height\":800,\"caption\":\"Amazon Prime Chile: \\\"La Jaur\u00eda\\\" anuncia su segunda temporada\"},{\"@type\":\"BreadcrumbList\",\"@id\":\"https:\/\/vmcl.space\/blog\/series\/amazon-prime-chile\/amazon-prime-chile-la-jauria-anuncia-su-segunda-temporada\/#breadcrumb\",\"itemListElement\":[{\"@type\":\"ListItem\",\"position\":1,\"name\":\"Portada\",\"item\":\"https:\/\/vmcl.space\/blog\/\"},{\"@type\":\"ListItem\",\"position\":2,\"name\":\"Amazon Prime Chile: &#8220;La Jaur\u00eda&#8221; anuncia su segunda temporada\"}]},{\"@type\":\"WebSite\",\"@id\":\"https:\/\/vmcl.space\/blog\/#website\",\"url\":\"https:\/\/vmcl.space\/blog\/\",\"name\":\"Naci\u00f3n Virgin - Virgin Mobile Chile\",\"description\":\"Lo que pasa ah\u00ed lo sabes aqu\u00ed\",\"publisher\":{\"@id\":\"https:\/\/vmcl.space\/blog\/#organization\"},\"potentialAction\":[{\"@type\":\"SearchAction\",\"target\":{\"@type\":\"EntryPoint\",\"urlTemplate\":\"https:\/\/vmcl.space\/blog\/?s={search_term_string}\"},\"query-input\":{\"@type\":\"PropertyValueSpecification\",\"valueRequired\":true,\"valueName\":\"search_term_string\"}}],\"inLanguage\":\"es-CL\"},{\"@type\":\"Organization\",\"@id\":\"https:\/\/vmcl.space\/blog\/#organization\",\"name\":\"Virgin Mobile\",\"url\":\"https:\/\/vmcl.space\/blog\/\",\"logo\":{\"@type\":\"ImageObject\",\"inLanguage\":\"es-CL\",\"@id\":\"https:\/\/vmcl.space\/blog\/#\/schema\/logo\/image\/\",\"url\":\"https:\/\/blog.virginmobile.cl\/wp-content\/uploads\/2018\/06\/logo_blog_v4.png\",\"contentUrl\":\"https:\/\/blog.virginmobile.cl\/wp-content\/uploads\/2018\/06\/logo_blog_v4.png\",\"width\":400,\"height\":400,\"caption\":\"Virgin Mobile\"},\"image\":{\"@id\":\"https:\/\/vmcl.space\/blog\/#\/schema\/logo\/image\/\"},\"sameAs\":[\"https:\/\/www.facebook.com\/VirginMobileChile\/\",\"https:\/\/x.com\/virginmobile_cl\",\"https:\/\/www.instagram.com\/virginmobile_cl\/\",\"https:\/\/www.linkedin.com\/company\/10255048\/admin\/\",\"https:\/\/www.youtube.com\/user\/VirginMobileChile\"]},{\"@type\":\"Person\",\"@id\":\"https:\/\/vmcl.space\/blog\/#\/schema\/person\/7dd3fe8aa95409efbc0c2651edad922c\",\"name\":\"Jorge Herrera\",\"image\":{\"@type\":\"ImageObject\",\"inLanguage\":\"es-CL\",\"@id\":\"https:\/\/secure.gravatar.com\/avatar\/08a675eb2009d32bc8481153d36d8296c68fcc62939ab075bfa2d959ff9025c2?s=96&d=mm&r=g\",\"url\":\"https:\/\/secure.gravatar.com\/avatar\/08a675eb2009d32bc8481153d36d8296c68fcc62939ab075bfa2d959ff9025c2?s=96&d=mm&r=g\",\"contentUrl\":\"https:\/\/secure.gravatar.com\/avatar\/08a675eb2009d32bc8481153d36d8296c68fcc62939ab075bfa2d959ff9025c2?s=96&d=mm&r=g\",\"caption\":\"Jorge Herrera\"},\"url\":\"https:\/\/www.virginmobile.cl\/blog\/author\/jorge-herrera\/\"}]}<\/script>\n<!-- \/ Yoast SEO plugin. -->","yoast_head_json":{"title":"Amazon Prime Chile: \"La Jaur\u00eda\" anuncia su segunda temporada","description":"La segunda temporada de la Jaur\u00eda en Amazon Prime Chile ya tiene fecha de estreno. Con\u00f3cela en Naci\u00f3n Virgin.","robots":{"index":"index","follow":"follow","max-snippet":"max-snippet:-1","max-image-preview":"max-image-preview:large","max-video-preview":"max-video-preview:-1"},"canonical":"https:\/\/vmcl.space\/blog\/series\/amazon-prime-chile\/amazon-prime-chile-la-jauria-anuncia-su-segunda-temporada\/","og_locale":"es_ES","og_type":"article","og_title":"Amazon Prime Chile: \"La Jaur\u00eda\" anuncia su segunda temporada","og_description":"La segunda temporada de la Jaur\u00eda en Amazon Prime Chile ya tiene fecha de estreno. Con\u00f3cela en Naci\u00f3n Virgin.","og_url":"https:\/\/vmcl.space\/blog\/series\/amazon-prime-chile\/amazon-prime-chile-la-jauria-anuncia-su-segunda-temporada\/","og_site_name":"Naci\u00f3n Virgin - Virgin Mobile Chile","article_publisher":"https:\/\/www.facebook.com\/VirginMobileChile\/","article_published_time":"2022-04-20T15:18:47+00:00","article_modified_time":"2022-04-20T15:18:53+00:00","og_image":[{"width":1200,"height":800,"url":"https:\/\/vmcl.space\/blog\/wp-content\/uploads\/2022\/04\/Amazon-prime-chile-La-Jauria-estreno-temporada.jpg","type":"image\/jpeg"}],"author":"Jorge Herrera","twitter_card":"summary_large_image","twitter_creator":"@virginmobile_cl","twitter_site":"@virginmobile_cl","twitter_misc":{"Escrito por":"Jorge Herrera","Tiempo estimado de lectura":"2 minutos"},"schema":{"@context":"https:\/\/schema.org","@graph":[{"@type":"Article","@id":"https:\/\/vmcl.space\/blog\/series\/amazon-prime-chile\/amazon-prime-chile-la-jauria-anuncia-su-segunda-temporada\/#article","isPartOf":{"@id":"https:\/\/vmcl.space\/blog\/series\/amazon-prime-chile\/amazon-prime-chile-la-jauria-anuncia-su-segunda-temporada\/"},"author":{"name":"Jorge Herrera","@id":"https:\/\/vmcl.space\/blog\/#\/schema\/person\/7dd3fe8aa95409efbc0c2651edad922c"},"headline":"Amazon Prime Chile: &#8220;La Jaur\u00eda&#8221; anuncia su segunda temporada","datePublished":"2022-04-20T15:18:47+00:00","dateModified":"2022-04-20T15:18:53+00:00","mainEntityOfPage":{"@id":"https:\/\/vmcl.space\/blog\/series\/amazon-prime-chile\/amazon-prime-chile-la-jauria-anuncia-su-segunda-temporada\/"},"wordCount":273,"publisher":{"@id":"https:\/\/vmcl.space\/blog\/#organization"},"image":{"@id":"https:\/\/vmcl.space\/blog\/series\/amazon-prime-chile\/amazon-prime-chile-la-jauria-anuncia-su-segunda-temporada\/#primaryimage"},"thumbnailUrl":"https:\/\/www.virginmobile.cl\/blog\/wp-content\/uploads\/2022\/04\/Amazon-prime-chile-La-Jauria-estreno-temporada.jpg","keywords":["Amazon Prime Chile","Amazon Prime Video","La Jaur\u00eda"],"articleSection":["Amazon Prime Chile"],"inLanguage":"es-CL"},{"@type":"WebPage","@id":"https:\/\/vmcl.space\/blog\/series\/amazon-prime-chile\/amazon-prime-chile-la-jauria-anuncia-su-segunda-temporada\/","url":"https:\/\/vmcl.space\/blog\/series\/amazon-prime-chile\/amazon-prime-chile-la-jauria-anuncia-su-segunda-temporada\/","name":"Amazon Prime Chile: \"La Jaur\u00eda\" anuncia su segunda temporada","isPartOf":{"@id":"https:\/\/vmcl.space\/blog\/#website"},"primaryImageOfPage":{"@id":"https:\/\/vmcl.space\/blog\/series\/amazon-prime-chile\/amazon-prime-chile-la-jauria-anuncia-su-segunda-temporada\/#primaryimage"},"image":{"@id":"https:\/\/vmcl.space\/blog\/series\/amazon-prime-chile\/amazon-prime-chile-la-jauria-anuncia-su-segunda-temporada\/#primaryimage"},"thumbnailUrl":"https:\/\/www.virginmobile.cl\/blog\/wp-content\/uploads\/2022\/04\/Amazon-prime-chile-La-Jauria-estreno-temporada.jpg","datePublished":"2022-04-20T15:18:47+00:00","dateModified":"2022-04-20T15:18:53+00:00","description":"La segunda temporada de la Jaur\u00eda en Amazon Prime Chile ya tiene fecha de estreno. Con\u00f3cela en Naci\u00f3n Virgin.","breadcrumb":{"@id":"https:\/\/vmcl.space\/blog\/series\/amazon-prime-chile\/amazon-prime-chile-la-jauria-anuncia-su-segunda-temporada\/#breadcrumb"},"inLanguage":"es-CL","potentialAction":[{"@type":"ReadAction","target":["https:\/\/vmcl.space\/blog\/series\/amazon-prime-chile\/amazon-prime-chile-la-jauria-anuncia-su-segunda-temporada\/"]}]},{"@type":"ImageObject","inLanguage":"es-CL","@id":"https:\/\/vmcl.space\/blog\/series\/amazon-prime-chile\/amazon-prime-chile-la-jauria-anuncia-su-segunda-temporada\/#primaryimage","url":"https:\/\/www.virginmobile.cl\/blog\/wp-content\/uploads\/2022\/04\/Amazon-prime-chile-La-Jauria-estreno-temporada.jpg","contentUrl":"https:\/\/www.virginmobile.cl\/blog\/wp-content\/uploads\/2022\/04\/Amazon-prime-chile-La-Jauria-estreno-temporada.jpg","width":1200,"height":800,"caption":"Amazon Prime Chile: \"La Jaur\u00eda\" anuncia su segunda temporada"},{"@type":"BreadcrumbList","@id":"https:\/\/vmcl.space\/blog\/series\/amazon-prime-chile\/amazon-prime-chile-la-jauria-anuncia-su-segunda-temporada\/#breadcrumb","itemListElement":[{"@type":"ListItem","position":1,"name":"Portada","item":"https:\/\/vmcl.space\/blog\/"},{"@type":"ListItem","position":2,"name":"Amazon Prime Chile: &#8220;La Jaur\u00eda&#8221; anuncia su segunda temporada"}]},{"@type":"WebSite","@id":"https:\/\/vmcl.space\/blog\/#website","url":"https:\/\/vmcl.space\/blog\/","name":"Naci\u00f3n Virgin - Virgin Mobile Chile","description":"Lo que pasa ah\u00ed lo sabes aqu\u00ed","publisher":{"@id":"https:\/\/vmcl.space\/blog\/#organization"},"potentialAction":[{"@type":"SearchAction","target":{"@type":"EntryPoint","urlTemplate":"https:\/\/vmcl.space\/blog\/?s={search_term_string}"},"query-input":{"@type":"PropertyValueSpecification","valueRequired":true,"valueName":"search_term_string"}}],"inLanguage":"es-CL"},{"@type":"Organization","@id":"https:\/\/vmcl.space\/blog\/#organization","name":"Virgin Mobile","url":"https:\/\/vmcl.space\/blog\/","logo":{"@type":"ImageObject","inLanguage":"es-CL","@id":"https:\/\/vmcl.space\/blog\/#\/schema\/logo\/image\/","url":"https:\/\/blog.virginmobile.cl\/wp-content\/uploads\/2018\/06\/logo_blog_v4.png","contentUrl":"https:\/\/blog.virginmobile.cl\/wp-content\/uploads\/2018\/06\/logo_blog_v4.png","width":400,"height":400,"caption":"Virgin Mobile"},"image":{"@id":"https:\/\/vmcl.space\/blog\/#\/schema\/logo\/image\/"},"sameAs":["https:\/\/www.facebook.com\/VirginMobileChile\/","https:\/\/x.com\/virginmobile_cl","https:\/\/www.instagram.com\/virginmobile_cl\/","https:\/\/www.linkedin.com\/company\/10255048\/admin\/","https:\/\/www.youtube.com\/user\/VirginMobileChile"]},{"@type":"Person","@id":"https:\/\/vmcl.space\/blog\/#\/schema\/person\/7dd3fe8aa95409efbc0c2651edad922c","name":"Jorge Herrera","image":{"@type":"ImageObject","inLanguage":"es-CL","@id":"https:\/\/secure.gravatar.com\/avatar\/08a675eb2009d32bc8481153d36d8296c68fcc62939ab075bfa2d959ff9025c2?s=96&d=mm&r=g","url":"https:\/\/secure.gravatar.com\/avatar\/08a675eb2009d32bc8481153d36d8296c68fcc62939ab075bfa2d959ff9025c2?s=96&d=mm&r=g","contentUrl":"https:\/\/secure.gravatar.com\/avatar\/08a675eb2009d32bc8481153d36d8296c68fcc62939ab075bfa2d959ff9025c2?s=96&d=mm&r=g","caption":"Jorge Herrera"},"url":"https:\/\/www.virginmobile.cl\/blog\/author\/jorge-herrera\/"}]}},"_links":{"self":[{"href":"https:\/\/www.virginmobile.cl\/blog\/wp-json\/wp\/v2\/posts\/6966","targetHints":{"allow":["GET"]}}],"collection":[{"href":"https:\/\/www.virginmobile.cl\/blog\/wp-json\/wp\/v2\/posts"}],"about":[{"href":"https:\/\/www.virginmobile.cl\/blog\/wp-json\/wp\/v2\/types\/post"}],"author":[{"embeddable":true,"href":"https:\/\/www.virginmobile.cl\/blog\/wp-json\/wp\/v2\/users\/2"}],"replies":[{"embeddable":true,"href":"https:\/\/www.virginmobile.cl\/blog\/wp-json\/wp\/v2\/comments?post=6966"}],"version-history":[{"count":1,"href":"https:\/\/www.virginmobile.cl\/blog\/wp-json\/wp\/v2\/posts\/6966\/revisions"}],"predecessor-version":[{"id":6968,"href":"https:\/\/www.virginmobile.cl\/blog\/wp-json\/wp\/v2\/posts\/6966\/revisions\/6968"}],"wp:featuredmedia":[{"embeddable":true,"href":"https:\/\/www.virginmobile.cl\/blog\/wp-json\/wp\/v2\/media\/6967"}],"wp:attachment":[{"href":"https:\/\/www.virginmobile.cl\/blog\/wp-json\/wp\/v2\/media?parent=6966"}],"wp:term":[{"taxonomy":"category","embeddable":true,"href":"https:\/\/www.virginmobile.cl\/blog\/wp-json\/wp\/v2\/categories?post=6966"},{"taxonomy":"post_tag","embeddable":true,"href":"https:\/\/www.virginmobile.cl\/blog\/wp-json\/wp\/v2\/tags?post=6966"}],"curies":[{"name":"wp","href":"https:\/\/api.w.org\/{rel}","templated":true}]}}