{"id":6872,"date":"2022-03-26T11:30:00","date_gmt":"2022-03-26T15:30:00","guid":{"rendered":"https:\/\/blog.virginmobile.cl\/?p=6872"},"modified":"2022-03-25T12:43:07","modified_gmt":"2022-03-25T16:43:07","slug":"the-last-of-us-imagenes-del-rodaje-confirman-dos-personajes-del-juego","status":"publish","type":"post","link":"https:\/\/www.virginmobile.cl\/blog\/cine-peliculas-estrenos\/the-last-of-us-imagenes-del-rodaje-confirman-dos-personajes-del-juego\/","title":{"rendered":"The Last Of Us: Im\u00e1genes\u00a0del rodaje confirman dos personajes del juego"},"content":{"rendered":"\n<p>La serie basada en la famosa saga de videojuegos <a href=\"https:\/\/blog.virginmobile.cl\/series\/the-last-of-us-revisa-la-primera-imagen-con-pedro-pascal-y-bella-ramsey\">The Last of Us<\/a>, continua desarrollando sus filmaciones. <strong>HBO<\/strong> a\u00fan no fija fecha ni ha entregado mayor informaci\u00f3n, pero nuevas im\u00e1genes del rodaje podr\u00edan confirmarnos la aparici\u00f3n de dos personajes del juego. <\/p>\n\n\n\n<p>Durante esta semana comenzaron a correr en redes sociales algunas fotos que muestran a Joel<strong> (Pedro Pascal)<\/strong> y Ellie <strong>(Bella Ramsey)<\/strong> junto a dos personajes que no est\u00e1bamos seguros de si iban a formar parte de esta nueva serie. Hablamos de nada m\u00e1s ni nada menos que<strong> Sam y Henry.<\/strong> <\/p>\n\n\n\n<h2 class=\"wp-block-heading\">\u00bfQue actores participar\u00e1n en The Last of Us?<\/h2>\n\n\n\n<p>Por ahora HBO se tiene bien guardada esta informaci\u00f3n. Hasta el momento solo sabemos que Pascal y Ramsey interpretar\u00e1n a los personajes principales del videojuego. La hija de Joel la encarnar\u00e1 <strong>Nico Parker<\/strong>, actriz que ya pudimos ver en la pel\u00edcula de Tim Burton: Dumbo.<\/p>\n\n\n\n<p>Entre otros actores podremos ver a Gabriel Luna con el papel de Tommy, el hermano de Joel. Tambi\u00e9n se sumar\u00e1 <strong>Merle Dandridge<\/strong>, quien ya interpret\u00f3 a un personaje llamado Marlene en los dos juego<em>s de The Las of Us<\/em> como la l\u00edder de las luci\u00e9rnagas; <strong>Jeffrey Pierce<\/strong> como Perry; <strong>Murray Barlett<\/strong> como Frank y <strong>O&#8217;Neil <\/strong>como Bill, el superviviente que viv\u00eda en su propia ciudad aislada. <\/p>\n\n\n\n<p>Aun no se publican los actores que le dar\u00e1n vida a Sam y Henry, incluso <strong>Naughty Dog<\/strong> revel\u00f3 la foto de los actores en pleno rodaje, pero se reservaron los nombres de quienes le dar\u00e1n vida.<\/p>\n\n\n\n<figure class=\"wp-block-image size-large\"><img loading=\"lazy\" decoding=\"async\" width=\"787\" height=\"1024\" src=\"https:\/\/blog.virginmobile.cl\/wp-content\/uploads\/2022\/03\/Captura-de-Pantalla-2022-03-25-a-las-11.53.39-787x1024.png\" alt=\"\" class=\"wp-image-6874\" srcset=\"https:\/\/www.virginmobile.cl\/blog\/wp-content\/uploads\/2022\/03\/Captura-de-Pantalla-2022-03-25-a-las-11.53.39-787x1024.png 787w, https:\/\/www.virginmobile.cl\/blog\/wp-content\/uploads\/2022\/03\/Captura-de-Pantalla-2022-03-25-a-las-11.53.39-230x300.png 230w, https:\/\/www.virginmobile.cl\/blog\/wp-content\/uploads\/2022\/03\/Captura-de-Pantalla-2022-03-25-a-las-11.53.39-768x1000.png 768w, https:\/\/www.virginmobile.cl\/blog\/wp-content\/uploads\/2022\/03\/Captura-de-Pantalla-2022-03-25-a-las-11.53.39.png 1074w\" sizes=\"auto, (max-width: 787px) 100vw, 787px\" \/><\/figure>\n\n\n\n<p>The Last of Us a\u00fan <strong>no tiene fecha de estreno confirmada<\/strong>, pero todo apunta a que no llegar\u00e1 durante este a\u00f1o. Incluso el director de contenido de HBO,<strong> Casey Bloys<\/strong>, confirm\u00f3 que <a href=\"https:\/\/www.vidaextra.com\/series\/the-last-of-us-para-hbo-serie-no-se-estrenara-2023-pedro-pascal-cree-que-adaptacion-no-defraudara-a-fans\">la serie llegar\u00e1 al streaming en alg\u00fan momento del 2023<\/a>.<\/p>\n","protected":false},"excerpt":{"rendered":"<p>La serie basada en la famosa saga de videojuegos The Last of Us, continua desarrollando sus filmaciones. HBO a\u00fan no fija fecha ni ha entregado mayor informaci\u00f3n, pero nuevas im\u00e1genes del rodaje podr\u00edan confirmarnos la aparici\u00f3n de dos personajes del juego. Durante esta semana comenzaron a correr en redes sociales algunas fotos que muestran a [&hellip;]<\/p>\n","protected":false},"author":2,"featured_media":6873,"comment_status":"closed","ping_status":"closed","sticky":false,"template":"","format":"standard","meta":{"footnotes":""},"categories":[21,1096,198],"tags":[674,1033,758,454],"class_list":["post-6872","post","type-post","status-publish","format-standard","has-post-thumbnail","hentry","category-cine-peliculas-estrenos","category-hbo-max-chile","category-series","tag-hbo-max","tag-pedro-pascal","tag-serie","tag-the-last-of-us"],"yoast_head":"<!-- This site is optimized with the Yoast SEO plugin v27.2 - https:\/\/yoast.com\/product\/yoast-seo-wordpress\/ -->\n<title>The Last of Us: Im\u00e1genes del rodaje confirman dos personajes del juego<\/title>\n<meta name=\"description\" content=\"The Last of Us llegar\u00e1 a HBO durante el 2023 y cada vez tenemos m\u00e1s noticias. En Naci\u00f3n Virgin te contamos un poco sobre ellas.\" \/>\n<meta name=\"robots\" content=\"index, follow, max-snippet:-1, max-image-preview:large, max-video-preview:-1\" \/>\n<link rel=\"canonical\" href=\"https:\/\/vmcl.space\/blog\/cine-peliculas-estrenos\/the-last-of-us-imagenes-del-rodaje-confirman-dos-personajes-del-juego\/\" \/>\n<meta property=\"og:locale\" content=\"es_ES\" \/>\n<meta property=\"og:type\" content=\"article\" \/>\n<meta property=\"og:title\" content=\"The Last of Us: Im\u00e1genes del rodaje confirman dos personajes del juego\" \/>\n<meta property=\"og:description\" content=\"The Last of Us llegar\u00e1 a HBO durante el 2023 y cada vez tenemos m\u00e1s noticias. En Naci\u00f3n Virgin te contamos un poco sobre ellas.\" \/>\n<meta property=\"og:url\" content=\"https:\/\/vmcl.space\/blog\/cine-peliculas-estrenos\/the-last-of-us-imagenes-del-rodaje-confirman-dos-personajes-del-juego\/\" \/>\n<meta property=\"og:site_name\" content=\"Naci\u00f3n Virgin - Virgin Mobile Chile\" \/>\n<meta property=\"article:publisher\" content=\"https:\/\/www.facebook.com\/VirginMobileChile\/\" \/>\n<meta property=\"article:published_time\" content=\"2022-03-26T15:30:00+00:00\" \/>\n<meta property=\"og:image\" content=\"https:\/\/vmcl.space\/blog\/wp-content\/uploads\/2022\/03\/The-Last-of-Us-rodaje-personajes.jpg\" \/>\n\t<meta property=\"og:image:width\" content=\"1200\" \/>\n\t<meta property=\"og:image:height\" content=\"800\" \/>\n\t<meta property=\"og:image:type\" content=\"image\/jpeg\" \/>\n<meta name=\"author\" content=\"Jorge Herrera\" \/>\n<meta name=\"twitter:card\" content=\"summary_large_image\" \/>\n<meta name=\"twitter:creator\" content=\"@virginmobile_cl\" \/>\n<meta name=\"twitter:site\" content=\"@virginmobile_cl\" \/>\n<meta name=\"twitter:label1\" content=\"Escrito por\" \/>\n\t<meta name=\"twitter:data1\" content=\"Jorge Herrera\" \/>\n\t<meta name=\"twitter:label2\" content=\"Tiempo estimado de lectura\" \/>\n\t<meta name=\"twitter:data2\" content=\"2 minutos\" \/>\n<script type=\"application\/ld+json\" class=\"yoast-schema-graph\">{\"@context\":\"https:\/\/schema.org\",\"@graph\":[{\"@type\":\"Article\",\"@id\":\"https:\/\/vmcl.space\/blog\/cine-peliculas-estrenos\/the-last-of-us-imagenes-del-rodaje-confirman-dos-personajes-del-juego\/#article\",\"isPartOf\":{\"@id\":\"https:\/\/vmcl.space\/blog\/cine-peliculas-estrenos\/the-last-of-us-imagenes-del-rodaje-confirman-dos-personajes-del-juego\/\"},\"author\":{\"name\":\"Jorge Herrera\",\"@id\":\"https:\/\/vmcl.space\/blog\/#\/schema\/person\/7dd3fe8aa95409efbc0c2651edad922c\"},\"headline\":\"The Last Of Us: Im\u00e1genes\u00a0del rodaje confirman dos personajes del juego\",\"datePublished\":\"2022-03-26T15:30:00+00:00\",\"mainEntityOfPage\":{\"@id\":\"https:\/\/vmcl.space\/blog\/cine-peliculas-estrenos\/the-last-of-us-imagenes-del-rodaje-confirman-dos-personajes-del-juego\/\"},\"wordCount\":321,\"publisher\":{\"@id\":\"https:\/\/vmcl.space\/blog\/#organization\"},\"image\":{\"@id\":\"https:\/\/vmcl.space\/blog\/cine-peliculas-estrenos\/the-last-of-us-imagenes-del-rodaje-confirman-dos-personajes-del-juego\/#primaryimage\"},\"thumbnailUrl\":\"https:\/\/www.virginmobile.cl\/blog\/wp-content\/uploads\/2022\/03\/The-Last-of-Us-rodaje-personajes.jpg\",\"keywords\":[\"HBO Max\",\"Pedro Pascal\",\"serie\",\"The Last of Us\"],\"articleSection\":[\"Cine\",\"HBO Max Chile\",\"Series\"],\"inLanguage\":\"es-CL\"},{\"@type\":\"WebPage\",\"@id\":\"https:\/\/vmcl.space\/blog\/cine-peliculas-estrenos\/the-last-of-us-imagenes-del-rodaje-confirman-dos-personajes-del-juego\/\",\"url\":\"https:\/\/vmcl.space\/blog\/cine-peliculas-estrenos\/the-last-of-us-imagenes-del-rodaje-confirman-dos-personajes-del-juego\/\",\"name\":\"The Last of Us: Im\u00e1genes del rodaje confirman dos personajes del juego\",\"isPartOf\":{\"@id\":\"https:\/\/vmcl.space\/blog\/#website\"},\"primaryImageOfPage\":{\"@id\":\"https:\/\/vmcl.space\/blog\/cine-peliculas-estrenos\/the-last-of-us-imagenes-del-rodaje-confirman-dos-personajes-del-juego\/#primaryimage\"},\"image\":{\"@id\":\"https:\/\/vmcl.space\/blog\/cine-peliculas-estrenos\/the-last-of-us-imagenes-del-rodaje-confirman-dos-personajes-del-juego\/#primaryimage\"},\"thumbnailUrl\":\"https:\/\/www.virginmobile.cl\/blog\/wp-content\/uploads\/2022\/03\/The-Last-of-Us-rodaje-personajes.jpg\",\"datePublished\":\"2022-03-26T15:30:00+00:00\",\"description\":\"The Last of Us llegar\u00e1 a HBO durante el 2023 y cada vez tenemos m\u00e1s noticias. En Naci\u00f3n Virgin te contamos un poco sobre ellas.\",\"breadcrumb\":{\"@id\":\"https:\/\/vmcl.space\/blog\/cine-peliculas-estrenos\/the-last-of-us-imagenes-del-rodaje-confirman-dos-personajes-del-juego\/#breadcrumb\"},\"inLanguage\":\"es-CL\",\"potentialAction\":[{\"@type\":\"ReadAction\",\"target\":[\"https:\/\/vmcl.space\/blog\/cine-peliculas-estrenos\/the-last-of-us-imagenes-del-rodaje-confirman-dos-personajes-del-juego\/\"]}]},{\"@type\":\"ImageObject\",\"inLanguage\":\"es-CL\",\"@id\":\"https:\/\/vmcl.space\/blog\/cine-peliculas-estrenos\/the-last-of-us-imagenes-del-rodaje-confirman-dos-personajes-del-juego\/#primaryimage\",\"url\":\"https:\/\/www.virginmobile.cl\/blog\/wp-content\/uploads\/2022\/03\/The-Last-of-Us-rodaje-personajes.jpg\",\"contentUrl\":\"https:\/\/www.virginmobile.cl\/blog\/wp-content\/uploads\/2022\/03\/The-Last-of-Us-rodaje-personajes.jpg\",\"width\":1200,\"height\":800,\"caption\":\"The Last of Us: Im\u00e1genes del rodaje confirman dos personajes del juego\"},{\"@type\":\"BreadcrumbList\",\"@id\":\"https:\/\/vmcl.space\/blog\/cine-peliculas-estrenos\/the-last-of-us-imagenes-del-rodaje-confirman-dos-personajes-del-juego\/#breadcrumb\",\"itemListElement\":[{\"@type\":\"ListItem\",\"position\":1,\"name\":\"Portada\",\"item\":\"https:\/\/vmcl.space\/blog\/\"},{\"@type\":\"ListItem\",\"position\":2,\"name\":\"The Last Of Us: Im\u00e1genes\u00a0del rodaje confirman dos personajes del juego\"}]},{\"@type\":\"WebSite\",\"@id\":\"https:\/\/vmcl.space\/blog\/#website\",\"url\":\"https:\/\/vmcl.space\/blog\/\",\"name\":\"Naci\u00f3n Virgin - Virgin Mobile Chile\",\"description\":\"Lo que pasa ah\u00ed lo sabes aqu\u00ed\",\"publisher\":{\"@id\":\"https:\/\/vmcl.space\/blog\/#organization\"},\"potentialAction\":[{\"@type\":\"SearchAction\",\"target\":{\"@type\":\"EntryPoint\",\"urlTemplate\":\"https:\/\/vmcl.space\/blog\/?s={search_term_string}\"},\"query-input\":{\"@type\":\"PropertyValueSpecification\",\"valueRequired\":true,\"valueName\":\"search_term_string\"}}],\"inLanguage\":\"es-CL\"},{\"@type\":\"Organization\",\"@id\":\"https:\/\/vmcl.space\/blog\/#organization\",\"name\":\"Virgin Mobile\",\"url\":\"https:\/\/vmcl.space\/blog\/\",\"logo\":{\"@type\":\"ImageObject\",\"inLanguage\":\"es-CL\",\"@id\":\"https:\/\/vmcl.space\/blog\/#\/schema\/logo\/image\/\",\"url\":\"https:\/\/blog.virginmobile.cl\/wp-content\/uploads\/2018\/06\/logo_blog_v4.png\",\"contentUrl\":\"https:\/\/blog.virginmobile.cl\/wp-content\/uploads\/2018\/06\/logo_blog_v4.png\",\"width\":400,\"height\":400,\"caption\":\"Virgin Mobile\"},\"image\":{\"@id\":\"https:\/\/vmcl.space\/blog\/#\/schema\/logo\/image\/\"},\"sameAs\":[\"https:\/\/www.facebook.com\/VirginMobileChile\/\",\"https:\/\/x.com\/virginmobile_cl\",\"https:\/\/www.instagram.com\/virginmobile_cl\/\",\"https:\/\/www.linkedin.com\/company\/10255048\/admin\/\",\"https:\/\/www.youtube.com\/user\/VirginMobileChile\"]},{\"@type\":\"Person\",\"@id\":\"https:\/\/vmcl.space\/blog\/#\/schema\/person\/7dd3fe8aa95409efbc0c2651edad922c\",\"name\":\"Jorge Herrera\",\"image\":{\"@type\":\"ImageObject\",\"inLanguage\":\"es-CL\",\"@id\":\"https:\/\/secure.gravatar.com\/avatar\/08a675eb2009d32bc8481153d36d8296c68fcc62939ab075bfa2d959ff9025c2?s=96&d=mm&r=g\",\"url\":\"https:\/\/secure.gravatar.com\/avatar\/08a675eb2009d32bc8481153d36d8296c68fcc62939ab075bfa2d959ff9025c2?s=96&d=mm&r=g\",\"contentUrl\":\"https:\/\/secure.gravatar.com\/avatar\/08a675eb2009d32bc8481153d36d8296c68fcc62939ab075bfa2d959ff9025c2?s=96&d=mm&r=g\",\"caption\":\"Jorge Herrera\"},\"url\":\"https:\/\/www.virginmobile.cl\/blog\/author\/jorge-herrera\/\"}]}<\/script>\n<!-- \/ Yoast SEO plugin. -->","yoast_head_json":{"title":"The Last of Us: Im\u00e1genes del rodaje confirman dos personajes del juego","description":"The Last of Us llegar\u00e1 a HBO durante el 2023 y cada vez tenemos m\u00e1s noticias. En Naci\u00f3n Virgin te contamos un poco sobre ellas.","robots":{"index":"index","follow":"follow","max-snippet":"max-snippet:-1","max-image-preview":"max-image-preview:large","max-video-preview":"max-video-preview:-1"},"canonical":"https:\/\/vmcl.space\/blog\/cine-peliculas-estrenos\/the-last-of-us-imagenes-del-rodaje-confirman-dos-personajes-del-juego\/","og_locale":"es_ES","og_type":"article","og_title":"The Last of Us: Im\u00e1genes del rodaje confirman dos personajes del juego","og_description":"The Last of Us llegar\u00e1 a HBO durante el 2023 y cada vez tenemos m\u00e1s noticias. En Naci\u00f3n Virgin te contamos un poco sobre ellas.","og_url":"https:\/\/vmcl.space\/blog\/cine-peliculas-estrenos\/the-last-of-us-imagenes-del-rodaje-confirman-dos-personajes-del-juego\/","og_site_name":"Naci\u00f3n Virgin - Virgin Mobile Chile","article_publisher":"https:\/\/www.facebook.com\/VirginMobileChile\/","article_published_time":"2022-03-26T15:30:00+00:00","og_image":[{"width":1200,"height":800,"url":"https:\/\/vmcl.space\/blog\/wp-content\/uploads\/2022\/03\/The-Last-of-Us-rodaje-personajes.jpg","type":"image\/jpeg"}],"author":"Jorge Herrera","twitter_card":"summary_large_image","twitter_creator":"@virginmobile_cl","twitter_site":"@virginmobile_cl","twitter_misc":{"Escrito por":"Jorge Herrera","Tiempo estimado de lectura":"2 minutos"},"schema":{"@context":"https:\/\/schema.org","@graph":[{"@type":"Article","@id":"https:\/\/vmcl.space\/blog\/cine-peliculas-estrenos\/the-last-of-us-imagenes-del-rodaje-confirman-dos-personajes-del-juego\/#article","isPartOf":{"@id":"https:\/\/vmcl.space\/blog\/cine-peliculas-estrenos\/the-last-of-us-imagenes-del-rodaje-confirman-dos-personajes-del-juego\/"},"author":{"name":"Jorge Herrera","@id":"https:\/\/vmcl.space\/blog\/#\/schema\/person\/7dd3fe8aa95409efbc0c2651edad922c"},"headline":"The Last Of Us: Im\u00e1genes\u00a0del rodaje confirman dos personajes del juego","datePublished":"2022-03-26T15:30:00+00:00","mainEntityOfPage":{"@id":"https:\/\/vmcl.space\/blog\/cine-peliculas-estrenos\/the-last-of-us-imagenes-del-rodaje-confirman-dos-personajes-del-juego\/"},"wordCount":321,"publisher":{"@id":"https:\/\/vmcl.space\/blog\/#organization"},"image":{"@id":"https:\/\/vmcl.space\/blog\/cine-peliculas-estrenos\/the-last-of-us-imagenes-del-rodaje-confirman-dos-personajes-del-juego\/#primaryimage"},"thumbnailUrl":"https:\/\/www.virginmobile.cl\/blog\/wp-content\/uploads\/2022\/03\/The-Last-of-Us-rodaje-personajes.jpg","keywords":["HBO Max","Pedro Pascal","serie","The Last of Us"],"articleSection":["Cine","HBO Max Chile","Series"],"inLanguage":"es-CL"},{"@type":"WebPage","@id":"https:\/\/vmcl.space\/blog\/cine-peliculas-estrenos\/the-last-of-us-imagenes-del-rodaje-confirman-dos-personajes-del-juego\/","url":"https:\/\/vmcl.space\/blog\/cine-peliculas-estrenos\/the-last-of-us-imagenes-del-rodaje-confirman-dos-personajes-del-juego\/","name":"The Last of Us: Im\u00e1genes del rodaje confirman dos personajes del juego","isPartOf":{"@id":"https:\/\/vmcl.space\/blog\/#website"},"primaryImageOfPage":{"@id":"https:\/\/vmcl.space\/blog\/cine-peliculas-estrenos\/the-last-of-us-imagenes-del-rodaje-confirman-dos-personajes-del-juego\/#primaryimage"},"image":{"@id":"https:\/\/vmcl.space\/blog\/cine-peliculas-estrenos\/the-last-of-us-imagenes-del-rodaje-confirman-dos-personajes-del-juego\/#primaryimage"},"thumbnailUrl":"https:\/\/www.virginmobile.cl\/blog\/wp-content\/uploads\/2022\/03\/The-Last-of-Us-rodaje-personajes.jpg","datePublished":"2022-03-26T15:30:00+00:00","description":"The Last of Us llegar\u00e1 a HBO durante el 2023 y cada vez tenemos m\u00e1s noticias. En Naci\u00f3n Virgin te contamos un poco sobre ellas.","breadcrumb":{"@id":"https:\/\/vmcl.space\/blog\/cine-peliculas-estrenos\/the-last-of-us-imagenes-del-rodaje-confirman-dos-personajes-del-juego\/#breadcrumb"},"inLanguage":"es-CL","potentialAction":[{"@type":"ReadAction","target":["https:\/\/vmcl.space\/blog\/cine-peliculas-estrenos\/the-last-of-us-imagenes-del-rodaje-confirman-dos-personajes-del-juego\/"]}]},{"@type":"ImageObject","inLanguage":"es-CL","@id":"https:\/\/vmcl.space\/blog\/cine-peliculas-estrenos\/the-last-of-us-imagenes-del-rodaje-confirman-dos-personajes-del-juego\/#primaryimage","url":"https:\/\/www.virginmobile.cl\/blog\/wp-content\/uploads\/2022\/03\/The-Last-of-Us-rodaje-personajes.jpg","contentUrl":"https:\/\/www.virginmobile.cl\/blog\/wp-content\/uploads\/2022\/03\/The-Last-of-Us-rodaje-personajes.jpg","width":1200,"height":800,"caption":"The Last of Us: Im\u00e1genes del rodaje confirman dos personajes del juego"},{"@type":"BreadcrumbList","@id":"https:\/\/vmcl.space\/blog\/cine-peliculas-estrenos\/the-last-of-us-imagenes-del-rodaje-confirman-dos-personajes-del-juego\/#breadcrumb","itemListElement":[{"@type":"ListItem","position":1,"name":"Portada","item":"https:\/\/vmcl.space\/blog\/"},{"@type":"ListItem","position":2,"name":"The Last Of Us: Im\u00e1genes\u00a0del rodaje confirman dos personajes del juego"}]},{"@type":"WebSite","@id":"https:\/\/vmcl.space\/blog\/#website","url":"https:\/\/vmcl.space\/blog\/","name":"Naci\u00f3n Virgin - Virgin Mobile Chile","description":"Lo que pasa ah\u00ed lo sabes aqu\u00ed","publisher":{"@id":"https:\/\/vmcl.space\/blog\/#organization"},"potentialAction":[{"@type":"SearchAction","target":{"@type":"EntryPoint","urlTemplate":"https:\/\/vmcl.space\/blog\/?s={search_term_string}"},"query-input":{"@type":"PropertyValueSpecification","valueRequired":true,"valueName":"search_term_string"}}],"inLanguage":"es-CL"},{"@type":"Organization","@id":"https:\/\/vmcl.space\/blog\/#organization","name":"Virgin Mobile","url":"https:\/\/vmcl.space\/blog\/","logo":{"@type":"ImageObject","inLanguage":"es-CL","@id":"https:\/\/vmcl.space\/blog\/#\/schema\/logo\/image\/","url":"https:\/\/blog.virginmobile.cl\/wp-content\/uploads\/2018\/06\/logo_blog_v4.png","contentUrl":"https:\/\/blog.virginmobile.cl\/wp-content\/uploads\/2018\/06\/logo_blog_v4.png","width":400,"height":400,"caption":"Virgin Mobile"},"image":{"@id":"https:\/\/vmcl.space\/blog\/#\/schema\/logo\/image\/"},"sameAs":["https:\/\/www.facebook.com\/VirginMobileChile\/","https:\/\/x.com\/virginmobile_cl","https:\/\/www.instagram.com\/virginmobile_cl\/","https:\/\/www.linkedin.com\/company\/10255048\/admin\/","https:\/\/www.youtube.com\/user\/VirginMobileChile"]},{"@type":"Person","@id":"https:\/\/vmcl.space\/blog\/#\/schema\/person\/7dd3fe8aa95409efbc0c2651edad922c","name":"Jorge Herrera","image":{"@type":"ImageObject","inLanguage":"es-CL","@id":"https:\/\/secure.gravatar.com\/avatar\/08a675eb2009d32bc8481153d36d8296c68fcc62939ab075bfa2d959ff9025c2?s=96&d=mm&r=g","url":"https:\/\/secure.gravatar.com\/avatar\/08a675eb2009d32bc8481153d36d8296c68fcc62939ab075bfa2d959ff9025c2?s=96&d=mm&r=g","contentUrl":"https:\/\/secure.gravatar.com\/avatar\/08a675eb2009d32bc8481153d36d8296c68fcc62939ab075bfa2d959ff9025c2?s=96&d=mm&r=g","caption":"Jorge Herrera"},"url":"https:\/\/www.virginmobile.cl\/blog\/author\/jorge-herrera\/"}]}},"_links":{"self":[{"href":"https:\/\/www.virginmobile.cl\/blog\/wp-json\/wp\/v2\/posts\/6872","targetHints":{"allow":["GET"]}}],"collection":[{"href":"https:\/\/www.virginmobile.cl\/blog\/wp-json\/wp\/v2\/posts"}],"about":[{"href":"https:\/\/www.virginmobile.cl\/blog\/wp-json\/wp\/v2\/types\/post"}],"author":[{"embeddable":true,"href":"https:\/\/www.virginmobile.cl\/blog\/wp-json\/wp\/v2\/users\/2"}],"replies":[{"embeddable":true,"href":"https:\/\/www.virginmobile.cl\/blog\/wp-json\/wp\/v2\/comments?post=6872"}],"version-history":[{"count":1,"href":"https:\/\/www.virginmobile.cl\/blog\/wp-json\/wp\/v2\/posts\/6872\/revisions"}],"predecessor-version":[{"id":6875,"href":"https:\/\/www.virginmobile.cl\/blog\/wp-json\/wp\/v2\/posts\/6872\/revisions\/6875"}],"wp:featuredmedia":[{"embeddable":true,"href":"https:\/\/www.virginmobile.cl\/blog\/wp-json\/wp\/v2\/media\/6873"}],"wp:attachment":[{"href":"https:\/\/www.virginmobile.cl\/blog\/wp-json\/wp\/v2\/media?parent=6872"}],"wp:term":[{"taxonomy":"category","embeddable":true,"href":"https:\/\/www.virginmobile.cl\/blog\/wp-json\/wp\/v2\/categories?post=6872"},{"taxonomy":"post_tag","embeddable":true,"href":"https:\/\/www.virginmobile.cl\/blog\/wp-json\/wp\/v2\/tags?post=6872"}],"curies":[{"name":"wp","href":"https:\/\/api.w.org\/{rel}","templated":true}]}}