{"id":6689,"date":"2022-02-14T14:57:59","date_gmt":"2022-02-14T18:57:59","guid":{"rendered":"https:\/\/blog.virginmobile.cl\/?p=6689"},"modified":"2022-02-24T14:25:22","modified_gmt":"2022-02-24T18:25:22","slug":"dia-del-amor-por-que-se-celebra-el-14-de-febrero","status":"publish","type":"post","link":"https:\/\/www.virginmobile.cl\/blog\/panoramas\/dia-del-amor-por-que-se-celebra-el-14-de-febrero\/","title":{"rendered":"D\u00eda del Amor: \u00bfPor qu\u00e9 se celebra el 14 de febrero?"},"content":{"rendered":"\n<p>Todo el mundo sabe que el 14 de febrero es el<strong> \u201cD\u00eda del Amor\u201d<\/strong>, un d\u00eda especial donde las parejas salen a comer o ver pel\u00edculas de <a href=\"https:\/\/blog.virginmobile.cl\/series\/netflix-chile\/netflix-chile-revisa-todos-los-estrenos-de-enero-2022\">Netflix<\/a>, pero pocos saben su origen. \u00bfTienes idea de d\u00f3nde viene este mito o ser\u00e1 simplemente una fecha comercial?<\/p>\n\n\n\n<p>El protagonista de este d\u00eda, es el amor; ya sea el amor por tu pareja, tus amigos o el propio. \u00bfPero de d\u00f3nde viene este concepto? O mejor dicho: \u00bfQui\u00e9n es Valentin? Para eso tendremos que retroceder en el tiempo hasta el <strong>siglo lll<\/strong>, nada m\u00e1s ni nada menos que en <strong>Roma<\/strong>.&nbsp;<\/p>\n\n\n\n<p>Un sacerdote llamado <strong>Valent\u00edn<\/strong> se opuso a una orden del emperador Claudio ll, quien decidi\u00f3<strong> prohibir los matrimonios entre personas j\u00f3venes<\/strong>. Todo esto para tener a su disposici\u00f3n mejores soldados sin ataduras sentimentales de por medio y as\u00ed concentrarse al 100% en la batalla.&nbsp;<\/p>\n\n\n\n<p>Luego de la decisi\u00f3n del emperador, Valent\u00edn se arm\u00f3 de valor y comenz\u00f3 a realizar matrimonios entre parejas j\u00f3venes a escondidas. Lamentablemente, el emperador se enter\u00f3 y mand\u00f3 a capturarlo por rebeld\u00eda, siendo<strong> sentenciado a muerte el 14 de febrero del a\u00f1o 270<\/strong>. El sacrificio del sacerdote, sin duda alguna, es raz\u00f3n m\u00e1s que suficiente para ser nombrado el D\u00eda del Amor.&nbsp;<\/p>\n\n\n\n<h2 class=\"wp-block-heading\"><strong>\u00bfD\u00f3nde se celebra el D\u00eda del Amor?<\/strong><\/h2>\n\n\n\n<p>El D\u00eda de los Enamorados o de San Valent\u00edn, es celebrado casi en todo el mundo, pero cada pa\u00eds tiene su propia tradici\u00f3n.<\/p>\n\n\n\n<p>En algunos pa\u00edses como<strong> Finlandia <\/strong>y<strong> Estonia<\/strong>, el 14 de febrero es llamado<em>\u201cSobrap\u00e4ev\u201d<\/em>y<em>\u201cYst\u00e4v\u00e4n Paiva\u201d,<\/em> y es una fecha preferida para pedir matrimonio. Sus vecinos de <strong>Noruega <\/strong>y<strong> Dinamarca<\/strong>, tienen la tradici\u00f3n de regalar <em>\u201cGaekkebrev\u201d<\/em> que son peque\u00f1os poemas con rimas divertidas que los hombres env\u00edan de forma an\u00f3nima. Si su destinatario acierta qui\u00e9n lo envi\u00f3, consigue un huevo de Pascua y si pierde, se lo debe a \u00e9l.<\/p>\n\n\n\n<p>En <strong>Jap\u00f3n<\/strong> tambi\u00e9n tienen una tradici\u00f3n especial para el D\u00eda del Amor<em>. <\/em>Aqu\u00ed, las mujeres son las que regalan chocolate a los hombres, ya sea por amor o cortes\u00eda. Luego, el 14 de marzo, se celebra el <strong>\u201cD\u00eda Blanco\u201d<\/strong>, donde los hombres devuelven el chocolate (debe ser m\u00e1s caro que el que recibieron) pero solo si el amor es correspondido.<\/p>\n\n\n\n<p>En <strong>Latinoam\u00e9rica<\/strong>, el D\u00eda del Amor es un poco m\u00e1s tradicional. Desde <strong>Chile<\/strong>, pasando por <strong>Argentina, Cuba, Ecuador, Puerto Rico <\/strong>y<strong> Rep\u00fablica Dominicana<\/strong>, suelen ser m\u00e1s recurrentes las flores, los chocolates, <a href=\"https:\/\/finde.latercera.com\/cultura-pop\/san-valentin-2022-santiago-panoramas-14-febrero\/\">los panoramas en el exterior<\/a> o las maratones de pel\u00edculas en el interior. Y si no tienes pareja, siempre se puede celebrar la amistad con los amigos. \u00bfC\u00f3mo lo celebrar\u00e1s t\u00fa?<\/p>\n","protected":false},"excerpt":{"rendered":"<p>Todo el mundo sabe que el 14 de febrero es el \u201cD\u00eda del Amor\u201d, un d\u00eda especial donde las parejas salen a comer o ver pel\u00edculas de Netflix, pero pocos saben su origen. \u00bfTienes idea de d\u00f3nde viene este mito o ser\u00e1 simplemente una fecha comercial? El protagonista de este d\u00eda, es el amor; ya [&hellip;]<\/p>\n","protected":false},"author":2,"featured_media":6691,"comment_status":"closed","ping_status":"closed","sticky":false,"template":"","format":"standard","meta":{"footnotes":""},"categories":[197],"tags":[522,1370],"class_list":["post-6689","post","type-post","status-publish","format-standard","has-post-thumbnail","hentry","category-panoramas","tag-14-de-febrero","tag-dia-del-amor"],"yoast_head":"<!-- This site is optimized with the Yoast SEO plugin v27.2 - https:\/\/yoast.com\/product\/yoast-seo-wordpress\/ -->\n<title>D\u00eda del Amor: \u00bfPor qu\u00e9 se celebra el 14 de febrero?<\/title>\n<meta name=\"description\" content=\"\u00bfSabes de d\u00f3nde viene el D\u00eda de los enamorados o D\u00eda del amor y la amistad? Descubre aqu\u00ed si es un mito o solo una fecha comercial.\" \/>\n<meta name=\"robots\" content=\"index, follow, max-snippet:-1, max-image-preview:large, max-video-preview:-1\" \/>\n<link rel=\"canonical\" href=\"https:\/\/vmcl.space\/blog\/panoramas\/dia-del-amor-por-que-se-celebra-el-14-de-febrero\/\" \/>\n<meta property=\"og:locale\" content=\"es_ES\" \/>\n<meta property=\"og:type\" content=\"article\" \/>\n<meta property=\"og:title\" content=\"D\u00eda del Amor: \u00bfPor qu\u00e9 se celebra el 14 de febrero?\" \/>\n<meta property=\"og:description\" content=\"\u00bfSabes de d\u00f3nde viene el D\u00eda de los enamorados o D\u00eda del amor y la amistad? Descubre aqu\u00ed si es un mito o solo una fecha comercial.\" \/>\n<meta property=\"og:url\" content=\"https:\/\/vmcl.space\/blog\/panoramas\/dia-del-amor-por-que-se-celebra-el-14-de-febrero\/\" \/>\n<meta property=\"og:site_name\" content=\"Naci\u00f3n Virgin - Virgin Mobile Chile\" \/>\n<meta property=\"article:publisher\" content=\"https:\/\/www.facebook.com\/VirginMobileChile\/\" \/>\n<meta property=\"article:published_time\" content=\"2022-02-14T18:57:59+00:00\" \/>\n<meta property=\"article:modified_time\" content=\"2022-02-24T18:25:22+00:00\" \/>\n<meta property=\"og:image\" content=\"https:\/\/vmcl.space\/blog\/wp-content\/uploads\/2022\/02\/dia-del-amor-14-febrero.jpg\" \/>\n\t<meta property=\"og:image:width\" content=\"1200\" \/>\n\t<meta property=\"og:image:height\" content=\"800\" \/>\n\t<meta property=\"og:image:type\" content=\"image\/jpeg\" \/>\n<meta name=\"author\" content=\"Jorge Herrera\" \/>\n<meta name=\"twitter:card\" content=\"summary_large_image\" \/>\n<meta name=\"twitter:creator\" content=\"@virginmobile_cl\" \/>\n<meta name=\"twitter:site\" content=\"@virginmobile_cl\" \/>\n<meta name=\"twitter:label1\" content=\"Escrito por\" \/>\n\t<meta name=\"twitter:data1\" content=\"Jorge Herrera\" \/>\n\t<meta name=\"twitter:label2\" content=\"Tiempo estimado de lectura\" \/>\n\t<meta name=\"twitter:data2\" content=\"2 minutos\" \/>\n<script type=\"application\/ld+json\" class=\"yoast-schema-graph\">{\"@context\":\"https:\/\/schema.org\",\"@graph\":[{\"@type\":\"Article\",\"@id\":\"https:\/\/vmcl.space\/blog\/panoramas\/dia-del-amor-por-que-se-celebra-el-14-de-febrero\/#article\",\"isPartOf\":{\"@id\":\"https:\/\/vmcl.space\/blog\/panoramas\/dia-del-amor-por-que-se-celebra-el-14-de-febrero\/\"},\"author\":{\"name\":\"Jorge Herrera\",\"@id\":\"https:\/\/vmcl.space\/blog\/#\/schema\/person\/7dd3fe8aa95409efbc0c2651edad922c\"},\"headline\":\"D\u00eda del Amor: \u00bfPor qu\u00e9 se celebra el 14 de febrero?\",\"datePublished\":\"2022-02-14T18:57:59+00:00\",\"dateModified\":\"2022-02-24T18:25:22+00:00\",\"mainEntityOfPage\":{\"@id\":\"https:\/\/vmcl.space\/blog\/panoramas\/dia-del-amor-por-que-se-celebra-el-14-de-febrero\/\"},\"wordCount\":484,\"publisher\":{\"@id\":\"https:\/\/vmcl.space\/blog\/#organization\"},\"image\":{\"@id\":\"https:\/\/vmcl.space\/blog\/panoramas\/dia-del-amor-por-que-se-celebra-el-14-de-febrero\/#primaryimage\"},\"thumbnailUrl\":\"https:\/\/www.virginmobile.cl\/blog\/wp-content\/uploads\/2022\/02\/dia-del-amor-14-febrero.jpg\",\"keywords\":[\"14 de febrero\",\"D\u00eda del Amor\"],\"articleSection\":[\"Panoramas\"],\"inLanguage\":\"es-CL\"},{\"@type\":\"WebPage\",\"@id\":\"https:\/\/vmcl.space\/blog\/panoramas\/dia-del-amor-por-que-se-celebra-el-14-de-febrero\/\",\"url\":\"https:\/\/vmcl.space\/blog\/panoramas\/dia-del-amor-por-que-se-celebra-el-14-de-febrero\/\",\"name\":\"D\u00eda del Amor: \u00bfPor qu\u00e9 se celebra el 14 de febrero?\",\"isPartOf\":{\"@id\":\"https:\/\/vmcl.space\/blog\/#website\"},\"primaryImageOfPage\":{\"@id\":\"https:\/\/vmcl.space\/blog\/panoramas\/dia-del-amor-por-que-se-celebra-el-14-de-febrero\/#primaryimage\"},\"image\":{\"@id\":\"https:\/\/vmcl.space\/blog\/panoramas\/dia-del-amor-por-que-se-celebra-el-14-de-febrero\/#primaryimage\"},\"thumbnailUrl\":\"https:\/\/www.virginmobile.cl\/blog\/wp-content\/uploads\/2022\/02\/dia-del-amor-14-febrero.jpg\",\"datePublished\":\"2022-02-14T18:57:59+00:00\",\"dateModified\":\"2022-02-24T18:25:22+00:00\",\"description\":\"\u00bfSabes de d\u00f3nde viene el D\u00eda de los enamorados o D\u00eda del amor y la amistad? Descubre aqu\u00ed si es un mito o solo una fecha comercial.\",\"breadcrumb\":{\"@id\":\"https:\/\/vmcl.space\/blog\/panoramas\/dia-del-amor-por-que-se-celebra-el-14-de-febrero\/#breadcrumb\"},\"inLanguage\":\"es-CL\",\"potentialAction\":[{\"@type\":\"ReadAction\",\"target\":[\"https:\/\/vmcl.space\/blog\/panoramas\/dia-del-amor-por-que-se-celebra-el-14-de-febrero\/\"]}]},{\"@type\":\"ImageObject\",\"inLanguage\":\"es-CL\",\"@id\":\"https:\/\/vmcl.space\/blog\/panoramas\/dia-del-amor-por-que-se-celebra-el-14-de-febrero\/#primaryimage\",\"url\":\"https:\/\/www.virginmobile.cl\/blog\/wp-content\/uploads\/2022\/02\/dia-del-amor-14-febrero.jpg\",\"contentUrl\":\"https:\/\/www.virginmobile.cl\/blog\/wp-content\/uploads\/2022\/02\/dia-del-amor-14-febrero.jpg\",\"width\":1200,\"height\":800,\"caption\":\"D\u00eda del Amor: \u00bfPor qu\u00e9 se celebra el 14 de febrero?\"},{\"@type\":\"BreadcrumbList\",\"@id\":\"https:\/\/vmcl.space\/blog\/panoramas\/dia-del-amor-por-que-se-celebra-el-14-de-febrero\/#breadcrumb\",\"itemListElement\":[{\"@type\":\"ListItem\",\"position\":1,\"name\":\"Portada\",\"item\":\"https:\/\/vmcl.space\/blog\/\"},{\"@type\":\"ListItem\",\"position\":2,\"name\":\"D\u00eda del Amor: \u00bfPor qu\u00e9 se celebra el 14 de febrero?\"}]},{\"@type\":\"WebSite\",\"@id\":\"https:\/\/vmcl.space\/blog\/#website\",\"url\":\"https:\/\/vmcl.space\/blog\/\",\"name\":\"Naci\u00f3n Virgin - Virgin Mobile Chile\",\"description\":\"Lo que pasa ah\u00ed lo sabes aqu\u00ed\",\"publisher\":{\"@id\":\"https:\/\/vmcl.space\/blog\/#organization\"},\"potentialAction\":[{\"@type\":\"SearchAction\",\"target\":{\"@type\":\"EntryPoint\",\"urlTemplate\":\"https:\/\/vmcl.space\/blog\/?s={search_term_string}\"},\"query-input\":{\"@type\":\"PropertyValueSpecification\",\"valueRequired\":true,\"valueName\":\"search_term_string\"}}],\"inLanguage\":\"es-CL\"},{\"@type\":\"Organization\",\"@id\":\"https:\/\/vmcl.space\/blog\/#organization\",\"name\":\"Virgin Mobile\",\"url\":\"https:\/\/vmcl.space\/blog\/\",\"logo\":{\"@type\":\"ImageObject\",\"inLanguage\":\"es-CL\",\"@id\":\"https:\/\/vmcl.space\/blog\/#\/schema\/logo\/image\/\",\"url\":\"https:\/\/blog.virginmobile.cl\/wp-content\/uploads\/2018\/06\/logo_blog_v4.png\",\"contentUrl\":\"https:\/\/blog.virginmobile.cl\/wp-content\/uploads\/2018\/06\/logo_blog_v4.png\",\"width\":400,\"height\":400,\"caption\":\"Virgin Mobile\"},\"image\":{\"@id\":\"https:\/\/vmcl.space\/blog\/#\/schema\/logo\/image\/\"},\"sameAs\":[\"https:\/\/www.facebook.com\/VirginMobileChile\/\",\"https:\/\/x.com\/virginmobile_cl\",\"https:\/\/www.instagram.com\/virginmobile_cl\/\",\"https:\/\/www.linkedin.com\/company\/10255048\/admin\/\",\"https:\/\/www.youtube.com\/user\/VirginMobileChile\"]},{\"@type\":\"Person\",\"@id\":\"https:\/\/vmcl.space\/blog\/#\/schema\/person\/7dd3fe8aa95409efbc0c2651edad922c\",\"name\":\"Jorge Herrera\",\"image\":{\"@type\":\"ImageObject\",\"inLanguage\":\"es-CL\",\"@id\":\"https:\/\/secure.gravatar.com\/avatar\/08a675eb2009d32bc8481153d36d8296c68fcc62939ab075bfa2d959ff9025c2?s=96&d=mm&r=g\",\"url\":\"https:\/\/secure.gravatar.com\/avatar\/08a675eb2009d32bc8481153d36d8296c68fcc62939ab075bfa2d959ff9025c2?s=96&d=mm&r=g\",\"contentUrl\":\"https:\/\/secure.gravatar.com\/avatar\/08a675eb2009d32bc8481153d36d8296c68fcc62939ab075bfa2d959ff9025c2?s=96&d=mm&r=g\",\"caption\":\"Jorge Herrera\"},\"url\":\"https:\/\/www.virginmobile.cl\/blog\/author\/jorge-herrera\/\"}]}<\/script>\n<!-- \/ Yoast SEO plugin. -->","yoast_head_json":{"title":"D\u00eda del Amor: \u00bfPor qu\u00e9 se celebra el 14 de febrero?","description":"\u00bfSabes de d\u00f3nde viene el D\u00eda de los enamorados o D\u00eda del amor y la amistad? Descubre aqu\u00ed si es un mito o solo una fecha comercial.","robots":{"index":"index","follow":"follow","max-snippet":"max-snippet:-1","max-image-preview":"max-image-preview:large","max-video-preview":"max-video-preview:-1"},"canonical":"https:\/\/vmcl.space\/blog\/panoramas\/dia-del-amor-por-que-se-celebra-el-14-de-febrero\/","og_locale":"es_ES","og_type":"article","og_title":"D\u00eda del Amor: \u00bfPor qu\u00e9 se celebra el 14 de febrero?","og_description":"\u00bfSabes de d\u00f3nde viene el D\u00eda de los enamorados o D\u00eda del amor y la amistad? Descubre aqu\u00ed si es un mito o solo una fecha comercial.","og_url":"https:\/\/vmcl.space\/blog\/panoramas\/dia-del-amor-por-que-se-celebra-el-14-de-febrero\/","og_site_name":"Naci\u00f3n Virgin - Virgin Mobile Chile","article_publisher":"https:\/\/www.facebook.com\/VirginMobileChile\/","article_published_time":"2022-02-14T18:57:59+00:00","article_modified_time":"2022-02-24T18:25:22+00:00","og_image":[{"width":1200,"height":800,"url":"https:\/\/vmcl.space\/blog\/wp-content\/uploads\/2022\/02\/dia-del-amor-14-febrero.jpg","type":"image\/jpeg"}],"author":"Jorge Herrera","twitter_card":"summary_large_image","twitter_creator":"@virginmobile_cl","twitter_site":"@virginmobile_cl","twitter_misc":{"Escrito por":"Jorge Herrera","Tiempo estimado de lectura":"2 minutos"},"schema":{"@context":"https:\/\/schema.org","@graph":[{"@type":"Article","@id":"https:\/\/vmcl.space\/blog\/panoramas\/dia-del-amor-por-que-se-celebra-el-14-de-febrero\/#article","isPartOf":{"@id":"https:\/\/vmcl.space\/blog\/panoramas\/dia-del-amor-por-que-se-celebra-el-14-de-febrero\/"},"author":{"name":"Jorge Herrera","@id":"https:\/\/vmcl.space\/blog\/#\/schema\/person\/7dd3fe8aa95409efbc0c2651edad922c"},"headline":"D\u00eda del Amor: \u00bfPor qu\u00e9 se celebra el 14 de febrero?","datePublished":"2022-02-14T18:57:59+00:00","dateModified":"2022-02-24T18:25:22+00:00","mainEntityOfPage":{"@id":"https:\/\/vmcl.space\/blog\/panoramas\/dia-del-amor-por-que-se-celebra-el-14-de-febrero\/"},"wordCount":484,"publisher":{"@id":"https:\/\/vmcl.space\/blog\/#organization"},"image":{"@id":"https:\/\/vmcl.space\/blog\/panoramas\/dia-del-amor-por-que-se-celebra-el-14-de-febrero\/#primaryimage"},"thumbnailUrl":"https:\/\/www.virginmobile.cl\/blog\/wp-content\/uploads\/2022\/02\/dia-del-amor-14-febrero.jpg","keywords":["14 de febrero","D\u00eda del Amor"],"articleSection":["Panoramas"],"inLanguage":"es-CL"},{"@type":"WebPage","@id":"https:\/\/vmcl.space\/blog\/panoramas\/dia-del-amor-por-que-se-celebra-el-14-de-febrero\/","url":"https:\/\/vmcl.space\/blog\/panoramas\/dia-del-amor-por-que-se-celebra-el-14-de-febrero\/","name":"D\u00eda del Amor: \u00bfPor qu\u00e9 se celebra el 14 de febrero?","isPartOf":{"@id":"https:\/\/vmcl.space\/blog\/#website"},"primaryImageOfPage":{"@id":"https:\/\/vmcl.space\/blog\/panoramas\/dia-del-amor-por-que-se-celebra-el-14-de-febrero\/#primaryimage"},"image":{"@id":"https:\/\/vmcl.space\/blog\/panoramas\/dia-del-amor-por-que-se-celebra-el-14-de-febrero\/#primaryimage"},"thumbnailUrl":"https:\/\/www.virginmobile.cl\/blog\/wp-content\/uploads\/2022\/02\/dia-del-amor-14-febrero.jpg","datePublished":"2022-02-14T18:57:59+00:00","dateModified":"2022-02-24T18:25:22+00:00","description":"\u00bfSabes de d\u00f3nde viene el D\u00eda de los enamorados o D\u00eda del amor y la amistad? Descubre aqu\u00ed si es un mito o solo una fecha comercial.","breadcrumb":{"@id":"https:\/\/vmcl.space\/blog\/panoramas\/dia-del-amor-por-que-se-celebra-el-14-de-febrero\/#breadcrumb"},"inLanguage":"es-CL","potentialAction":[{"@type":"ReadAction","target":["https:\/\/vmcl.space\/blog\/panoramas\/dia-del-amor-por-que-se-celebra-el-14-de-febrero\/"]}]},{"@type":"ImageObject","inLanguage":"es-CL","@id":"https:\/\/vmcl.space\/blog\/panoramas\/dia-del-amor-por-que-se-celebra-el-14-de-febrero\/#primaryimage","url":"https:\/\/www.virginmobile.cl\/blog\/wp-content\/uploads\/2022\/02\/dia-del-amor-14-febrero.jpg","contentUrl":"https:\/\/www.virginmobile.cl\/blog\/wp-content\/uploads\/2022\/02\/dia-del-amor-14-febrero.jpg","width":1200,"height":800,"caption":"D\u00eda del Amor: \u00bfPor qu\u00e9 se celebra el 14 de febrero?"},{"@type":"BreadcrumbList","@id":"https:\/\/vmcl.space\/blog\/panoramas\/dia-del-amor-por-que-se-celebra-el-14-de-febrero\/#breadcrumb","itemListElement":[{"@type":"ListItem","position":1,"name":"Portada","item":"https:\/\/vmcl.space\/blog\/"},{"@type":"ListItem","position":2,"name":"D\u00eda del Amor: \u00bfPor qu\u00e9 se celebra el 14 de febrero?"}]},{"@type":"WebSite","@id":"https:\/\/vmcl.space\/blog\/#website","url":"https:\/\/vmcl.space\/blog\/","name":"Naci\u00f3n Virgin - Virgin Mobile Chile","description":"Lo que pasa ah\u00ed lo sabes aqu\u00ed","publisher":{"@id":"https:\/\/vmcl.space\/blog\/#organization"},"potentialAction":[{"@type":"SearchAction","target":{"@type":"EntryPoint","urlTemplate":"https:\/\/vmcl.space\/blog\/?s={search_term_string}"},"query-input":{"@type":"PropertyValueSpecification","valueRequired":true,"valueName":"search_term_string"}}],"inLanguage":"es-CL"},{"@type":"Organization","@id":"https:\/\/vmcl.space\/blog\/#organization","name":"Virgin Mobile","url":"https:\/\/vmcl.space\/blog\/","logo":{"@type":"ImageObject","inLanguage":"es-CL","@id":"https:\/\/vmcl.space\/blog\/#\/schema\/logo\/image\/","url":"https:\/\/blog.virginmobile.cl\/wp-content\/uploads\/2018\/06\/logo_blog_v4.png","contentUrl":"https:\/\/blog.virginmobile.cl\/wp-content\/uploads\/2018\/06\/logo_blog_v4.png","width":400,"height":400,"caption":"Virgin Mobile"},"image":{"@id":"https:\/\/vmcl.space\/blog\/#\/schema\/logo\/image\/"},"sameAs":["https:\/\/www.facebook.com\/VirginMobileChile\/","https:\/\/x.com\/virginmobile_cl","https:\/\/www.instagram.com\/virginmobile_cl\/","https:\/\/www.linkedin.com\/company\/10255048\/admin\/","https:\/\/www.youtube.com\/user\/VirginMobileChile"]},{"@type":"Person","@id":"https:\/\/vmcl.space\/blog\/#\/schema\/person\/7dd3fe8aa95409efbc0c2651edad922c","name":"Jorge Herrera","image":{"@type":"ImageObject","inLanguage":"es-CL","@id":"https:\/\/secure.gravatar.com\/avatar\/08a675eb2009d32bc8481153d36d8296c68fcc62939ab075bfa2d959ff9025c2?s=96&d=mm&r=g","url":"https:\/\/secure.gravatar.com\/avatar\/08a675eb2009d32bc8481153d36d8296c68fcc62939ab075bfa2d959ff9025c2?s=96&d=mm&r=g","contentUrl":"https:\/\/secure.gravatar.com\/avatar\/08a675eb2009d32bc8481153d36d8296c68fcc62939ab075bfa2d959ff9025c2?s=96&d=mm&r=g","caption":"Jorge Herrera"},"url":"https:\/\/www.virginmobile.cl\/blog\/author\/jorge-herrera\/"}]}},"_links":{"self":[{"href":"https:\/\/www.virginmobile.cl\/blog\/wp-json\/wp\/v2\/posts\/6689","targetHints":{"allow":["GET"]}}],"collection":[{"href":"https:\/\/www.virginmobile.cl\/blog\/wp-json\/wp\/v2\/posts"}],"about":[{"href":"https:\/\/www.virginmobile.cl\/blog\/wp-json\/wp\/v2\/types\/post"}],"author":[{"embeddable":true,"href":"https:\/\/www.virginmobile.cl\/blog\/wp-json\/wp\/v2\/users\/2"}],"replies":[{"embeddable":true,"href":"https:\/\/www.virginmobile.cl\/blog\/wp-json\/wp\/v2\/comments?post=6689"}],"version-history":[{"count":1,"href":"https:\/\/www.virginmobile.cl\/blog\/wp-json\/wp\/v2\/posts\/6689\/revisions"}],"predecessor-version":[{"id":6690,"href":"https:\/\/www.virginmobile.cl\/blog\/wp-json\/wp\/v2\/posts\/6689\/revisions\/6690"}],"wp:featuredmedia":[{"embeddable":true,"href":"https:\/\/www.virginmobile.cl\/blog\/wp-json\/wp\/v2\/media\/6691"}],"wp:attachment":[{"href":"https:\/\/www.virginmobile.cl\/blog\/wp-json\/wp\/v2\/media?parent=6689"}],"wp:term":[{"taxonomy":"category","embeddable":true,"href":"https:\/\/www.virginmobile.cl\/blog\/wp-json\/wp\/v2\/categories?post=6689"},{"taxonomy":"post_tag","embeddable":true,"href":"https:\/\/www.virginmobile.cl\/blog\/wp-json\/wp\/v2\/tags?post=6689"}],"curies":[{"name":"wp","href":"https:\/\/api.w.org\/{rel}","templated":true}]}}