{"id":6353,"date":"2021-12-09T12:30:00","date_gmt":"2021-12-09T16:30:00","guid":{"rendered":"https:\/\/blog.virginmobile.cl\/?p=6353"},"modified":"2022-02-24T14:25:13","modified_gmt":"2022-02-24T18:25:13","slug":"primavera-sound-el-festival-espanol-tendra-su-primera-edicion-en-el-2022","status":"publish","type":"post","link":"https:\/\/www.virginmobile.cl\/blog\/musica\/primavera-sound-el-festival-espanol-tendra-su-primera-edicion-en-el-2022\/","title":{"rendered":"Primavera Sound: El festival espa\u00f1ol tendr\u00e1 su primera edici\u00f3n en el 2022"},"content":{"rendered":"\n<p>Hazte a un lado<a href=\"https:\/\/blog.virginmobile.cl\/musica\/50-organizaciones-de-santiago-declaran-su-apoyo-a-lollapalooza\"> Lollapalooza<\/a>, porque otro mega festival musical aterrizar\u00e1 en Chile el pr\u00f3ximo 2022: Primavera Sound.&nbsp;<\/p>\n\n\n\n<p>El festival espa\u00f1ol naci\u00f3 en <strong>Barcelona<\/strong> en el a\u00f1o 2001 y hoy en d\u00eda ya cuenta con sede en <strong>Portugal, Los \u00c1ngeles y Argentina<\/strong>. Ahora, nos subimos nosotros al barco con toda la emoci\u00f3n que puede tener una persona que no ha visto un show en vivo en casi dos a\u00f1os por la pandemia.&nbsp;<\/p>\n\n\n\n<p>Este importante evento musical apuesta por las propuestas <strong>musicales independientes<\/strong> del momento junto a artistas de larga trayectoria, abarcando un amplio abanico de estilos pero marcado principalmente por el <strong>pop, rock, indie y electr\u00f3nica<\/strong>.&nbsp;<\/p>\n\n\n\n<p>Los escenarios de Primavera Sound han visto tocar a bandas tan grandes como <strong>Pixies, Arcade Fire, Sonic Youth, Phoenix, Death Cab for Cutie, The Cure, Queens of the Stage Age, Tame Impala<\/strong>, etc.&nbsp;<\/p>\n\n\n\n<h2 class=\"wp-block-heading\"><strong>\u00bfCu\u00e1ndo se realizar\u00e1 el Primavera Sound en Chile?<\/strong><\/h2>\n\n\n\n<p>Seg\u00fan la productora Rock Stgo, el megaevento se realizar\u00e1 entre el <strong>7 y 13 de noviembre del 2022 <\/strong>en el <strong>Parque Bicentenario de Cerrillos<\/strong>. Este lugar, que en alg\u00fan momento funcion\u00f3 como aeropuerto, tiene extensas \u00e1reas verdes para llevar a cabo este gran show.&nbsp;<\/p>\n\n\n\n<p>La noticia es tan reciente que a\u00fan quedan muchos detalles sin aclarar. Falta tener informaci\u00f3n sobre el precio de las entradas y, obviamente, el cartel con los artistas. Pero para que te hagas m\u00e1s o menos una idea, en el <a href=\"https:\/\/mariskalrock.com\/actualidad\/primavera-sound-estas-son-las-bandas-de-rock-y-metal-de-su-cartel\/\">Primavera Sound de Barcelona <\/a>habr\u00e1n artistas como <strong>Dua Lipa, Lorde, Beck, Gorillaz, Tame Impala, Massive Attack, Yeah Yeah Yeahs, The Strokes y The National. <\/strong>En cuanto a la versi\u00f3n de L.A., la parrilla incluir\u00e1 a <strong>Arctic Monkeys, Nine Inch Nails, Kim Gordon y Lorde<\/strong>. \u00a1Estamos emocionados por saber cu\u00e1l de ellos cruzar\u00e1 la cordillera!&nbsp;<\/p>\n\n\n\n<p>Si quieres estar al tanto de todo, te invitamos a registrarte en el<a href=\"https:\/\/www.primaverasound.com\/es\/santiago\"> sitio web<\/a> del evento, donde adem\u00e1s encontrar\u00e1s informaci\u00f3n \u00fatil sobre seguridad y c\u00f3mo llegar al recinto.<\/p>\n\n\n\n<figure class=\"wp-block-image size-large\"><img loading=\"lazy\" decoding=\"async\" width=\"695\" height=\"1024\" src=\"https:\/\/blog.virginmobile.cl\/wp-content\/uploads\/2021\/12\/Primavera-Sound-festival-695x1024.jpg\" alt=\"Primavera Sound: El festival espa\u00f1ol tendr\u00e1 su primera edici\u00f3n en el 2022\" class=\"wp-image-6356\" srcset=\"https:\/\/www.virginmobile.cl\/blog\/wp-content\/uploads\/2021\/12\/Primavera-Sound-festival-695x1024.jpg 695w, https:\/\/www.virginmobile.cl\/blog\/wp-content\/uploads\/2021\/12\/Primavera-Sound-festival-203x300.jpg 203w, https:\/\/www.virginmobile.cl\/blog\/wp-content\/uploads\/2021\/12\/Primavera-Sound-festival.jpg 700w\" sizes=\"auto, (max-width: 695px) 100vw, 695px\" \/><\/figure>\n","protected":false},"excerpt":{"rendered":"<p>Hazte a un lado Lollapalooza, porque otro mega festival musical aterrizar\u00e1 en Chile el pr\u00f3ximo 2022: Primavera Sound.&nbsp; El festival espa\u00f1ol naci\u00f3 en Barcelona en el a\u00f1o 2001 y hoy en d\u00eda ya cuenta con sede en Portugal, Los \u00c1ngeles y Argentina. Ahora, nos subimos nosotros al barco con toda la emoci\u00f3n que puede tener [&hellip;]<\/p>\n","protected":false},"author":2,"featured_media":6355,"comment_status":"closed","ping_status":"closed","sticky":false,"template":"","format":"standard","meta":{"footnotes":""},"categories":[12],"tags":[1309,517],"class_list":["post-6353","post","type-post","status-publish","format-standard","has-post-thumbnail","hentry","category-musica","tag-festival-espanol","tag-primavera-sound"],"yoast_head":"<!-- This site is optimized with the Yoast SEO plugin v27.2 - https:\/\/yoast.com\/product\/yoast-seo-wordpress\/ -->\n<title>Primavera Sound: El festival espa\u00f1ol tendr\u00e1 su primera edici\u00f3n en el 2022<\/title>\n<meta name=\"description\" content=\"\u00bfA\u00fan triste por la noticia de Lollapalooza? Tranquilo porque otro festival musical llamado Primavera Sound, llegar\u00e1 a Chile el pr\u00f3ximo 2022:\" \/>\n<meta name=\"robots\" content=\"index, follow, max-snippet:-1, max-image-preview:large, max-video-preview:-1\" \/>\n<link rel=\"canonical\" href=\"https:\/\/www.virginmobile.cl\/blog\/musica\/primavera-sound-el-festival-espanol-tendra-su-primera-edicion-en-el-2022\/\" \/>\n<meta property=\"og:locale\" content=\"es_ES\" \/>\n<meta property=\"og:type\" content=\"article\" \/>\n<meta property=\"og:title\" content=\"Primavera Sound: El festival espa\u00f1ol tendr\u00e1 su primera edici\u00f3n en el 2022\" \/>\n<meta property=\"og:description\" content=\"\u00bfA\u00fan triste por la noticia de Lollapalooza? Tranquilo porque otro festival musical llamado Primavera Sound, llegar\u00e1 a Chile el pr\u00f3ximo 2022:\" \/>\n<meta property=\"og:url\" content=\"https:\/\/www.virginmobile.cl\/blog\/musica\/primavera-sound-el-festival-espanol-tendra-su-primera-edicion-en-el-2022\/\" \/>\n<meta property=\"og:site_name\" content=\"Naci\u00f3n Virgin - Virgin Mobile Chile\" \/>\n<meta property=\"article:publisher\" content=\"https:\/\/www.facebook.com\/VirginMobileChile\/\" \/>\n<meta property=\"article:published_time\" content=\"2021-12-09T16:30:00+00:00\" \/>\n<meta property=\"article:modified_time\" content=\"2022-02-24T18:25:13+00:00\" \/>\n<meta property=\"og:image\" content=\"https:\/\/www.virginmobile.cl\/blog\/wp-content\/uploads\/2021\/12\/Primavera-Sound-festival-2022.jpg\" \/>\n\t<meta property=\"og:image:width\" content=\"1200\" \/>\n\t<meta property=\"og:image:height\" content=\"800\" \/>\n\t<meta property=\"og:image:type\" content=\"image\/jpeg\" \/>\n<meta name=\"author\" content=\"Jorge Herrera\" \/>\n<meta name=\"twitter:card\" content=\"summary_large_image\" \/>\n<meta name=\"twitter:creator\" content=\"@virginmobile_cl\" \/>\n<meta name=\"twitter:site\" content=\"@virginmobile_cl\" \/>\n<meta name=\"twitter:label1\" content=\"Escrito por\" \/>\n\t<meta name=\"twitter:data1\" content=\"Jorge Herrera\" \/>\n\t<meta name=\"twitter:label2\" content=\"Tiempo estimado de lectura\" \/>\n\t<meta name=\"twitter:data2\" content=\"2 minutos\" \/>\n<script type=\"application\/ld+json\" class=\"yoast-schema-graph\">{\"@context\":\"https:\/\/schema.org\",\"@graph\":[{\"@type\":\"Article\",\"@id\":\"https:\/\/www.virginmobile.cl\/blog\/musica\/primavera-sound-el-festival-espanol-tendra-su-primera-edicion-en-el-2022\/#article\",\"isPartOf\":{\"@id\":\"https:\/\/www.virginmobile.cl\/blog\/musica\/primavera-sound-el-festival-espanol-tendra-su-primera-edicion-en-el-2022\/\"},\"author\":{\"name\":\"Jorge Herrera\",\"@id\":\"https:\/\/vmcl.space\/blog\/#\/schema\/person\/7dd3fe8aa95409efbc0c2651edad922c\"},\"headline\":\"Primavera Sound: El festival espa\u00f1ol tendr\u00e1 su primera edici\u00f3n en el 2022\",\"datePublished\":\"2021-12-09T16:30:00+00:00\",\"dateModified\":\"2022-02-24T18:25:13+00:00\",\"mainEntityOfPage\":{\"@id\":\"https:\/\/www.virginmobile.cl\/blog\/musica\/primavera-sound-el-festival-espanol-tendra-su-primera-edicion-en-el-2022\/\"},\"wordCount\":349,\"publisher\":{\"@id\":\"https:\/\/vmcl.space\/blog\/#organization\"},\"image\":{\"@id\":\"https:\/\/www.virginmobile.cl\/blog\/musica\/primavera-sound-el-festival-espanol-tendra-su-primera-edicion-en-el-2022\/#primaryimage\"},\"thumbnailUrl\":\"https:\/\/www.virginmobile.cl\/blog\/wp-content\/uploads\/2021\/12\/Primavera-Sound-festival-2022.jpg\",\"keywords\":[\"festival espa\u00f1ol\",\"Primavera Sound\"],\"articleSection\":[\"M\u00fasica\"],\"inLanguage\":\"es-CL\"},{\"@type\":\"WebPage\",\"@id\":\"https:\/\/www.virginmobile.cl\/blog\/musica\/primavera-sound-el-festival-espanol-tendra-su-primera-edicion-en-el-2022\/\",\"url\":\"https:\/\/www.virginmobile.cl\/blog\/musica\/primavera-sound-el-festival-espanol-tendra-su-primera-edicion-en-el-2022\/\",\"name\":\"Primavera Sound: El festival espa\u00f1ol tendr\u00e1 su primera edici\u00f3n en el 2022\",\"isPartOf\":{\"@id\":\"https:\/\/vmcl.space\/blog\/#website\"},\"primaryImageOfPage\":{\"@id\":\"https:\/\/www.virginmobile.cl\/blog\/musica\/primavera-sound-el-festival-espanol-tendra-su-primera-edicion-en-el-2022\/#primaryimage\"},\"image\":{\"@id\":\"https:\/\/www.virginmobile.cl\/blog\/musica\/primavera-sound-el-festival-espanol-tendra-su-primera-edicion-en-el-2022\/#primaryimage\"},\"thumbnailUrl\":\"https:\/\/www.virginmobile.cl\/blog\/wp-content\/uploads\/2021\/12\/Primavera-Sound-festival-2022.jpg\",\"datePublished\":\"2021-12-09T16:30:00+00:00\",\"dateModified\":\"2022-02-24T18:25:13+00:00\",\"description\":\"\u00bfA\u00fan triste por la noticia de Lollapalooza? Tranquilo porque otro festival musical llamado Primavera Sound, llegar\u00e1 a Chile el pr\u00f3ximo 2022:\",\"breadcrumb\":{\"@id\":\"https:\/\/www.virginmobile.cl\/blog\/musica\/primavera-sound-el-festival-espanol-tendra-su-primera-edicion-en-el-2022\/#breadcrumb\"},\"inLanguage\":\"es-CL\",\"potentialAction\":[{\"@type\":\"ReadAction\",\"target\":[\"https:\/\/www.virginmobile.cl\/blog\/musica\/primavera-sound-el-festival-espanol-tendra-su-primera-edicion-en-el-2022\/\"]}]},{\"@type\":\"ImageObject\",\"inLanguage\":\"es-CL\",\"@id\":\"https:\/\/www.virginmobile.cl\/blog\/musica\/primavera-sound-el-festival-espanol-tendra-su-primera-edicion-en-el-2022\/#primaryimage\",\"url\":\"https:\/\/www.virginmobile.cl\/blog\/wp-content\/uploads\/2021\/12\/Primavera-Sound-festival-2022.jpg\",\"contentUrl\":\"https:\/\/www.virginmobile.cl\/blog\/wp-content\/uploads\/2021\/12\/Primavera-Sound-festival-2022.jpg\",\"width\":1200,\"height\":800,\"caption\":\"Primavera Sound: El festival espa\u00f1ol tendr\u00e1 su primera edici\u00f3n en el 2022\"},{\"@type\":\"BreadcrumbList\",\"@id\":\"https:\/\/www.virginmobile.cl\/blog\/musica\/primavera-sound-el-festival-espanol-tendra-su-primera-edicion-en-el-2022\/#breadcrumb\",\"itemListElement\":[{\"@type\":\"ListItem\",\"position\":1,\"name\":\"Portada\",\"item\":\"https:\/\/vmcl.space\/blog\/\"},{\"@type\":\"ListItem\",\"position\":2,\"name\":\"Primavera Sound: El festival espa\u00f1ol tendr\u00e1 su primera edici\u00f3n en el 2022\"}]},{\"@type\":\"WebSite\",\"@id\":\"https:\/\/vmcl.space\/blog\/#website\",\"url\":\"https:\/\/vmcl.space\/blog\/\",\"name\":\"Naci\u00f3n Virgin - Virgin Mobile Chile\",\"description\":\"Lo que pasa ah\u00ed lo sabes aqu\u00ed\",\"publisher\":{\"@id\":\"https:\/\/vmcl.space\/blog\/#organization\"},\"potentialAction\":[{\"@type\":\"SearchAction\",\"target\":{\"@type\":\"EntryPoint\",\"urlTemplate\":\"https:\/\/vmcl.space\/blog\/?s={search_term_string}\"},\"query-input\":{\"@type\":\"PropertyValueSpecification\",\"valueRequired\":true,\"valueName\":\"search_term_string\"}}],\"inLanguage\":\"es-CL\"},{\"@type\":\"Organization\",\"@id\":\"https:\/\/vmcl.space\/blog\/#organization\",\"name\":\"Virgin Mobile\",\"url\":\"https:\/\/vmcl.space\/blog\/\",\"logo\":{\"@type\":\"ImageObject\",\"inLanguage\":\"es-CL\",\"@id\":\"https:\/\/vmcl.space\/blog\/#\/schema\/logo\/image\/\",\"url\":\"https:\/\/blog.virginmobile.cl\/wp-content\/uploads\/2018\/06\/logo_blog_v4.png\",\"contentUrl\":\"https:\/\/blog.virginmobile.cl\/wp-content\/uploads\/2018\/06\/logo_blog_v4.png\",\"width\":400,\"height\":400,\"caption\":\"Virgin Mobile\"},\"image\":{\"@id\":\"https:\/\/vmcl.space\/blog\/#\/schema\/logo\/image\/\"},\"sameAs\":[\"https:\/\/www.facebook.com\/VirginMobileChile\/\",\"https:\/\/x.com\/virginmobile_cl\",\"https:\/\/www.instagram.com\/virginmobile_cl\/\",\"https:\/\/www.linkedin.com\/company\/10255048\/admin\/\",\"https:\/\/www.youtube.com\/user\/VirginMobileChile\"]},{\"@type\":\"Person\",\"@id\":\"https:\/\/vmcl.space\/blog\/#\/schema\/person\/7dd3fe8aa95409efbc0c2651edad922c\",\"name\":\"Jorge Herrera\",\"image\":{\"@type\":\"ImageObject\",\"inLanguage\":\"es-CL\",\"@id\":\"https:\/\/secure.gravatar.com\/avatar\/08a675eb2009d32bc8481153d36d8296c68fcc62939ab075bfa2d959ff9025c2?s=96&d=mm&r=g\",\"url\":\"https:\/\/secure.gravatar.com\/avatar\/08a675eb2009d32bc8481153d36d8296c68fcc62939ab075bfa2d959ff9025c2?s=96&d=mm&r=g\",\"contentUrl\":\"https:\/\/secure.gravatar.com\/avatar\/08a675eb2009d32bc8481153d36d8296c68fcc62939ab075bfa2d959ff9025c2?s=96&d=mm&r=g\",\"caption\":\"Jorge Herrera\"},\"url\":\"https:\/\/www.virginmobile.cl\/blog\/author\/jorge-herrera\/\"}]}<\/script>\n<!-- \/ Yoast SEO plugin. -->","yoast_head_json":{"title":"Primavera Sound: El festival espa\u00f1ol tendr\u00e1 su primera edici\u00f3n en el 2022","description":"\u00bfA\u00fan triste por la noticia de Lollapalooza? Tranquilo porque otro festival musical llamado Primavera Sound, llegar\u00e1 a Chile el pr\u00f3ximo 2022:","robots":{"index":"index","follow":"follow","max-snippet":"max-snippet:-1","max-image-preview":"max-image-preview:large","max-video-preview":"max-video-preview:-1"},"canonical":"https:\/\/www.virginmobile.cl\/blog\/musica\/primavera-sound-el-festival-espanol-tendra-su-primera-edicion-en-el-2022\/","og_locale":"es_ES","og_type":"article","og_title":"Primavera Sound: El festival espa\u00f1ol tendr\u00e1 su primera edici\u00f3n en el 2022","og_description":"\u00bfA\u00fan triste por la noticia de Lollapalooza? Tranquilo porque otro festival musical llamado Primavera Sound, llegar\u00e1 a Chile el pr\u00f3ximo 2022:","og_url":"https:\/\/www.virginmobile.cl\/blog\/musica\/primavera-sound-el-festival-espanol-tendra-su-primera-edicion-en-el-2022\/","og_site_name":"Naci\u00f3n Virgin - Virgin Mobile Chile","article_publisher":"https:\/\/www.facebook.com\/VirginMobileChile\/","article_published_time":"2021-12-09T16:30:00+00:00","article_modified_time":"2022-02-24T18:25:13+00:00","og_image":[{"width":1200,"height":800,"url":"https:\/\/www.virginmobile.cl\/blog\/wp-content\/uploads\/2021\/12\/Primavera-Sound-festival-2022.jpg","type":"image\/jpeg"}],"author":"Jorge Herrera","twitter_card":"summary_large_image","twitter_creator":"@virginmobile_cl","twitter_site":"@virginmobile_cl","twitter_misc":{"Escrito por":"Jorge Herrera","Tiempo estimado de lectura":"2 minutos"},"schema":{"@context":"https:\/\/schema.org","@graph":[{"@type":"Article","@id":"https:\/\/www.virginmobile.cl\/blog\/musica\/primavera-sound-el-festival-espanol-tendra-su-primera-edicion-en-el-2022\/#article","isPartOf":{"@id":"https:\/\/www.virginmobile.cl\/blog\/musica\/primavera-sound-el-festival-espanol-tendra-su-primera-edicion-en-el-2022\/"},"author":{"name":"Jorge Herrera","@id":"https:\/\/vmcl.space\/blog\/#\/schema\/person\/7dd3fe8aa95409efbc0c2651edad922c"},"headline":"Primavera Sound: El festival espa\u00f1ol tendr\u00e1 su primera edici\u00f3n en el 2022","datePublished":"2021-12-09T16:30:00+00:00","dateModified":"2022-02-24T18:25:13+00:00","mainEntityOfPage":{"@id":"https:\/\/www.virginmobile.cl\/blog\/musica\/primavera-sound-el-festival-espanol-tendra-su-primera-edicion-en-el-2022\/"},"wordCount":349,"publisher":{"@id":"https:\/\/vmcl.space\/blog\/#organization"},"image":{"@id":"https:\/\/www.virginmobile.cl\/blog\/musica\/primavera-sound-el-festival-espanol-tendra-su-primera-edicion-en-el-2022\/#primaryimage"},"thumbnailUrl":"https:\/\/www.virginmobile.cl\/blog\/wp-content\/uploads\/2021\/12\/Primavera-Sound-festival-2022.jpg","keywords":["festival espa\u00f1ol","Primavera Sound"],"articleSection":["M\u00fasica"],"inLanguage":"es-CL"},{"@type":"WebPage","@id":"https:\/\/www.virginmobile.cl\/blog\/musica\/primavera-sound-el-festival-espanol-tendra-su-primera-edicion-en-el-2022\/","url":"https:\/\/www.virginmobile.cl\/blog\/musica\/primavera-sound-el-festival-espanol-tendra-su-primera-edicion-en-el-2022\/","name":"Primavera Sound: El festival espa\u00f1ol tendr\u00e1 su primera edici\u00f3n en el 2022","isPartOf":{"@id":"https:\/\/vmcl.space\/blog\/#website"},"primaryImageOfPage":{"@id":"https:\/\/www.virginmobile.cl\/blog\/musica\/primavera-sound-el-festival-espanol-tendra-su-primera-edicion-en-el-2022\/#primaryimage"},"image":{"@id":"https:\/\/www.virginmobile.cl\/blog\/musica\/primavera-sound-el-festival-espanol-tendra-su-primera-edicion-en-el-2022\/#primaryimage"},"thumbnailUrl":"https:\/\/www.virginmobile.cl\/blog\/wp-content\/uploads\/2021\/12\/Primavera-Sound-festival-2022.jpg","datePublished":"2021-12-09T16:30:00+00:00","dateModified":"2022-02-24T18:25:13+00:00","description":"\u00bfA\u00fan triste por la noticia de Lollapalooza? Tranquilo porque otro festival musical llamado Primavera Sound, llegar\u00e1 a Chile el pr\u00f3ximo 2022:","breadcrumb":{"@id":"https:\/\/www.virginmobile.cl\/blog\/musica\/primavera-sound-el-festival-espanol-tendra-su-primera-edicion-en-el-2022\/#breadcrumb"},"inLanguage":"es-CL","potentialAction":[{"@type":"ReadAction","target":["https:\/\/www.virginmobile.cl\/blog\/musica\/primavera-sound-el-festival-espanol-tendra-su-primera-edicion-en-el-2022\/"]}]},{"@type":"ImageObject","inLanguage":"es-CL","@id":"https:\/\/www.virginmobile.cl\/blog\/musica\/primavera-sound-el-festival-espanol-tendra-su-primera-edicion-en-el-2022\/#primaryimage","url":"https:\/\/www.virginmobile.cl\/blog\/wp-content\/uploads\/2021\/12\/Primavera-Sound-festival-2022.jpg","contentUrl":"https:\/\/www.virginmobile.cl\/blog\/wp-content\/uploads\/2021\/12\/Primavera-Sound-festival-2022.jpg","width":1200,"height":800,"caption":"Primavera Sound: El festival espa\u00f1ol tendr\u00e1 su primera edici\u00f3n en el 2022"},{"@type":"BreadcrumbList","@id":"https:\/\/www.virginmobile.cl\/blog\/musica\/primavera-sound-el-festival-espanol-tendra-su-primera-edicion-en-el-2022\/#breadcrumb","itemListElement":[{"@type":"ListItem","position":1,"name":"Portada","item":"https:\/\/vmcl.space\/blog\/"},{"@type":"ListItem","position":2,"name":"Primavera Sound: El festival espa\u00f1ol tendr\u00e1 su primera edici\u00f3n en el 2022"}]},{"@type":"WebSite","@id":"https:\/\/vmcl.space\/blog\/#website","url":"https:\/\/vmcl.space\/blog\/","name":"Naci\u00f3n Virgin - Virgin Mobile Chile","description":"Lo que pasa ah\u00ed lo sabes aqu\u00ed","publisher":{"@id":"https:\/\/vmcl.space\/blog\/#organization"},"potentialAction":[{"@type":"SearchAction","target":{"@type":"EntryPoint","urlTemplate":"https:\/\/vmcl.space\/blog\/?s={search_term_string}"},"query-input":{"@type":"PropertyValueSpecification","valueRequired":true,"valueName":"search_term_string"}}],"inLanguage":"es-CL"},{"@type":"Organization","@id":"https:\/\/vmcl.space\/blog\/#organization","name":"Virgin Mobile","url":"https:\/\/vmcl.space\/blog\/","logo":{"@type":"ImageObject","inLanguage":"es-CL","@id":"https:\/\/vmcl.space\/blog\/#\/schema\/logo\/image\/","url":"https:\/\/blog.virginmobile.cl\/wp-content\/uploads\/2018\/06\/logo_blog_v4.png","contentUrl":"https:\/\/blog.virginmobile.cl\/wp-content\/uploads\/2018\/06\/logo_blog_v4.png","width":400,"height":400,"caption":"Virgin Mobile"},"image":{"@id":"https:\/\/vmcl.space\/blog\/#\/schema\/logo\/image\/"},"sameAs":["https:\/\/www.facebook.com\/VirginMobileChile\/","https:\/\/x.com\/virginmobile_cl","https:\/\/www.instagram.com\/virginmobile_cl\/","https:\/\/www.linkedin.com\/company\/10255048\/admin\/","https:\/\/www.youtube.com\/user\/VirginMobileChile"]},{"@type":"Person","@id":"https:\/\/vmcl.space\/blog\/#\/schema\/person\/7dd3fe8aa95409efbc0c2651edad922c","name":"Jorge Herrera","image":{"@type":"ImageObject","inLanguage":"es-CL","@id":"https:\/\/secure.gravatar.com\/avatar\/08a675eb2009d32bc8481153d36d8296c68fcc62939ab075bfa2d959ff9025c2?s=96&d=mm&r=g","url":"https:\/\/secure.gravatar.com\/avatar\/08a675eb2009d32bc8481153d36d8296c68fcc62939ab075bfa2d959ff9025c2?s=96&d=mm&r=g","contentUrl":"https:\/\/secure.gravatar.com\/avatar\/08a675eb2009d32bc8481153d36d8296c68fcc62939ab075bfa2d959ff9025c2?s=96&d=mm&r=g","caption":"Jorge Herrera"},"url":"https:\/\/www.virginmobile.cl\/blog\/author\/jorge-herrera\/"}]}},"_links":{"self":[{"href":"https:\/\/www.virginmobile.cl\/blog\/wp-json\/wp\/v2\/posts\/6353","targetHints":{"allow":["GET"]}}],"collection":[{"href":"https:\/\/www.virginmobile.cl\/blog\/wp-json\/wp\/v2\/posts"}],"about":[{"href":"https:\/\/www.virginmobile.cl\/blog\/wp-json\/wp\/v2\/types\/post"}],"author":[{"embeddable":true,"href":"https:\/\/www.virginmobile.cl\/blog\/wp-json\/wp\/v2\/users\/2"}],"replies":[{"embeddable":true,"href":"https:\/\/www.virginmobile.cl\/blog\/wp-json\/wp\/v2\/comments?post=6353"}],"version-history":[{"count":2,"href":"https:\/\/www.virginmobile.cl\/blog\/wp-json\/wp\/v2\/posts\/6353\/revisions"}],"predecessor-version":[{"id":6357,"href":"https:\/\/www.virginmobile.cl\/blog\/wp-json\/wp\/v2\/posts\/6353\/revisions\/6357"}],"wp:featuredmedia":[{"embeddable":true,"href":"https:\/\/www.virginmobile.cl\/blog\/wp-json\/wp\/v2\/media\/6355"}],"wp:attachment":[{"href":"https:\/\/www.virginmobile.cl\/blog\/wp-json\/wp\/v2\/media?parent=6353"}],"wp:term":[{"taxonomy":"category","embeddable":true,"href":"https:\/\/www.virginmobile.cl\/blog\/wp-json\/wp\/v2\/categories?post=6353"},{"taxonomy":"post_tag","embeddable":true,"href":"https:\/\/www.virginmobile.cl\/blog\/wp-json\/wp\/v2\/tags?post=6353"}],"curies":[{"name":"wp","href":"https:\/\/api.w.org\/{rel}","templated":true}]}}