{"id":6347,"date":"2021-12-09T10:45:47","date_gmt":"2021-12-09T14:45:47","guid":{"rendered":"https:\/\/blog.virginmobile.cl\/?p=6347"},"modified":"2022-02-24T14:25:13","modified_gmt":"2022-02-24T18:25:13","slug":"greys-anatomy-le-dice-adios-a-netflix-chile","status":"publish","type":"post","link":"https:\/\/www.virginmobile.cl\/blog\/series\/netflix-chile\/greys-anatomy-le-dice-adios-a-netflix-chile\/","title":{"rendered":"Grey\u2019s Anatomy le dice adi\u00f3s a Netflix Chile"},"content":{"rendered":"\n<p>Lo sabemos, es una noticia muy triste. La serie de doctores m\u00e1s famosa y larga del mundo ya tiene fecha de salida de <a href=\"https:\/\/blog.virginmobile.cl\/series\/netflix-chile\/netflix-chile-conoce-los-estrenos-para-el-mes-de-septiembre\">Netflix Chile<\/a>.&nbsp;<\/p>\n\n\n\n<p>Despu\u00e9s de muchos a\u00f1os disponible en la plataforma, la serie protagonizada por <strong>Ellen Pompeo<\/strong> dejar\u00e1 de formar parte del cat\u00e1logo a fin de mes. La noticia fue confirmada por la misma p\u00e1gina, con un mensaje que nos destroz\u00f3 el coraz\u00f3n:<strong> \u201c\u00daltimo d\u00eda para ver este t\u00edtulo en Netflix: 31 de diciembre\u201d<\/strong>.\u00a0<\/p>\n\n\n\n<figure class=\"wp-block-image size-large\"><img loading=\"lazy\" decoding=\"async\" width=\"700\" height=\"528\" src=\"https:\/\/blog.virginmobile.cl\/wp-content\/uploads\/2021\/12\/Netflix-Chile_Greys-Anatomy_1.jpg\" alt=\"Grey\u2019s Anatomy le dice adi\u00f3s a Netflix Chile\" class=\"wp-image-6351\" srcset=\"https:\/\/www.virginmobile.cl\/blog\/wp-content\/uploads\/2021\/12\/Netflix-Chile_Greys-Anatomy_1.jpg 700w, https:\/\/www.virginmobile.cl\/blog\/wp-content\/uploads\/2021\/12\/Netflix-Chile_Greys-Anatomy_1-300x226.jpg 300w\" sizes=\"auto, (max-width: 700px) 100vw, 700px\" \/><\/figure>\n\n\n\n<p>Actualmente Netflix Chile tiene todas las temporadas de la serie creada por <strong>Shonda Rhimes<\/strong>, incluyendo la 17 donde nos topamos con la pandemia y con un mont\u00f3n de personajes que nos dejaron llorando en temporadas anteriores.\u00a0<\/p>\n\n\n\n<h2 class=\"wp-block-heading\"><strong>\u00bfPor qu\u00e9 Grey\u2019s Anatomy se va de Netflix Chile?<\/strong><\/h2>\n\n\n\n<p>No fue f\u00e1cil decirle adi\u00f3s a Derek ni mucho menos a DeLuca, \u00bfpero a Meredith y al hospital entero?. Necesitamos saber las razones de esta decisi\u00f3n.&nbsp;<\/p>\n\n\n\n<p>Lamentablemente no hay claridad sobre el tema. Netflix Chile suele dejar ir t\u00edtulos para dejar entrar otros, pero tenemos teor\u00edas de que la raz\u00f3n va m\u00e1s all\u00e1 de eso. Grey\u2019s Anatomy es una producci\u00f3n de la cadena <strong>ABC, un canal que pertenece a Disney<\/strong>, por lo tanto es natural que la serie solo quiera estar disponible en su plataforma de <strong>Star+<\/strong>.<\/p>\n\n\n\n<p>En este momento, Grey\u2019s Anatomy se encuentra emitiendo su <strong>temporada 18<\/strong> en Estados Unidos y lleva 6 cap\u00edtulos hasta la fecha. Hay rumores de que esta <a href=\"https:\/\/vader.news\/series\/Greys-Anatomy-Explican-por-que-en-la-temporada-18-podria-ocurrir-el-final-perfecto-20211202-0012.html\">ser\u00e1 su \u00faltima entrega y que ser\u00eda un final perfecto<\/a>, pero con esta serie nunca se sabe.&nbsp;<\/p>\n","protected":false},"excerpt":{"rendered":"<p>Lo sabemos, es una noticia muy triste. La serie de doctores m\u00e1s famosa y larga del mundo ya tiene fecha de salida de Netflix Chile.&nbsp; Despu\u00e9s de muchos a\u00f1os disponible en la plataforma, la serie protagonizada por Ellen Pompeo dejar\u00e1 de formar parte del cat\u00e1logo a fin de mes. La noticia fue confirmada por la [&hellip;]<\/p>\n","protected":false},"author":2,"featured_media":6350,"comment_status":"closed","ping_status":"closed","sticky":false,"template":"","format":"standard","meta":{"footnotes":""},"categories":[718],"tags":[1308,1078],"class_list":["post-6347","post","type-post","status-publish","format-standard","has-post-thumbnail","hentry","category-netflix-chile","tag-greys-anatomy","tag-netflix-chile"],"yoast_head":"<!-- This site is optimized with the Yoast SEO plugin v27.2 - https:\/\/yoast.com\/product\/yoast-seo-wordpress\/ -->\n<title>La serie Grey\u2019s Anatomy le dice adi\u00f3s a Netflix Chile<\/title>\n<meta name=\"description\" content=\"\u00a1Una triste noticia para todos los fan\u00e1ticos de Grey\u2019s Anatomy! Ya hay fecha de salida para la serie desde la plataforma de Netflix Chile.\" \/>\n<meta name=\"robots\" content=\"index, follow, max-snippet:-1, max-image-preview:large, max-video-preview:-1\" \/>\n<link rel=\"canonical\" href=\"https:\/\/www.virginmobile.cl\/blog\/series\/netflix-chile\/greys-anatomy-le-dice-adios-a-netflix-chile\/\" \/>\n<meta property=\"og:locale\" content=\"es_ES\" \/>\n<meta property=\"og:type\" content=\"article\" \/>\n<meta property=\"og:title\" content=\"La serie Grey\u2019s Anatomy le dice adi\u00f3s a Netflix Chile\" \/>\n<meta property=\"og:description\" content=\"\u00a1Una triste noticia para todos los fan\u00e1ticos de Grey\u2019s Anatomy! Ya hay fecha de salida para la serie desde la plataforma de Netflix Chile.\" \/>\n<meta property=\"og:url\" content=\"https:\/\/www.virginmobile.cl\/blog\/series\/netflix-chile\/greys-anatomy-le-dice-adios-a-netflix-chile\/\" \/>\n<meta property=\"og:site_name\" content=\"Naci\u00f3n Virgin - Virgin Mobile Chile\" \/>\n<meta property=\"article:publisher\" content=\"https:\/\/www.facebook.com\/VirginMobileChile\/\" \/>\n<meta property=\"article:published_time\" content=\"2021-12-09T14:45:47+00:00\" \/>\n<meta property=\"article:modified_time\" content=\"2022-02-24T18:25:13+00:00\" \/>\n<meta property=\"og:image\" content=\"https:\/\/www.virginmobile.cl\/blog\/wp-content\/uploads\/2021\/12\/Netflix-Chile_Greys-Anatomy.jpg\" \/>\n\t<meta property=\"og:image:width\" content=\"1200\" \/>\n\t<meta property=\"og:image:height\" content=\"800\" \/>\n\t<meta property=\"og:image:type\" content=\"image\/jpeg\" \/>\n<meta name=\"author\" content=\"Jorge Herrera\" \/>\n<meta name=\"twitter:card\" content=\"summary_large_image\" \/>\n<meta name=\"twitter:creator\" content=\"@virginmobile_cl\" \/>\n<meta name=\"twitter:site\" content=\"@virginmobile_cl\" \/>\n<meta name=\"twitter:label1\" content=\"Escrito por\" \/>\n\t<meta name=\"twitter:data1\" content=\"Jorge Herrera\" \/>\n\t<meta name=\"twitter:label2\" content=\"Tiempo estimado de lectura\" \/>\n\t<meta name=\"twitter:data2\" content=\"2 minutos\" \/>\n<script type=\"application\/ld+json\" class=\"yoast-schema-graph\">{\"@context\":\"https:\/\/schema.org\",\"@graph\":[{\"@type\":\"Article\",\"@id\":\"https:\/\/www.virginmobile.cl\/blog\/series\/netflix-chile\/greys-anatomy-le-dice-adios-a-netflix-chile\/#article\",\"isPartOf\":{\"@id\":\"https:\/\/www.virginmobile.cl\/blog\/series\/netflix-chile\/greys-anatomy-le-dice-adios-a-netflix-chile\/\"},\"author\":{\"name\":\"Jorge Herrera\",\"@id\":\"https:\/\/vmcl.space\/blog\/#\/schema\/person\/7dd3fe8aa95409efbc0c2651edad922c\"},\"headline\":\"Grey\u2019s Anatomy le dice adi\u00f3s a Netflix Chile\",\"datePublished\":\"2021-12-09T14:45:47+00:00\",\"dateModified\":\"2022-02-24T18:25:13+00:00\",\"mainEntityOfPage\":{\"@id\":\"https:\/\/www.virginmobile.cl\/blog\/series\/netflix-chile\/greys-anatomy-le-dice-adios-a-netflix-chile\/\"},\"wordCount\":282,\"publisher\":{\"@id\":\"https:\/\/vmcl.space\/blog\/#organization\"},\"image\":{\"@id\":\"https:\/\/www.virginmobile.cl\/blog\/series\/netflix-chile\/greys-anatomy-le-dice-adios-a-netflix-chile\/#primaryimage\"},\"thumbnailUrl\":\"https:\/\/www.virginmobile.cl\/blog\/wp-content\/uploads\/2021\/12\/Netflix-Chile_Greys-Anatomy.jpg\",\"keywords\":[\"Grey\u2019s Anatomy\",\"Netflix Chile\"],\"articleSection\":[\"Netflix Chile\"],\"inLanguage\":\"es-CL\"},{\"@type\":\"WebPage\",\"@id\":\"https:\/\/www.virginmobile.cl\/blog\/series\/netflix-chile\/greys-anatomy-le-dice-adios-a-netflix-chile\/\",\"url\":\"https:\/\/www.virginmobile.cl\/blog\/series\/netflix-chile\/greys-anatomy-le-dice-adios-a-netflix-chile\/\",\"name\":\"La serie Grey\u2019s Anatomy le dice adi\u00f3s a Netflix Chile\",\"isPartOf\":{\"@id\":\"https:\/\/vmcl.space\/blog\/#website\"},\"primaryImageOfPage\":{\"@id\":\"https:\/\/www.virginmobile.cl\/blog\/series\/netflix-chile\/greys-anatomy-le-dice-adios-a-netflix-chile\/#primaryimage\"},\"image\":{\"@id\":\"https:\/\/www.virginmobile.cl\/blog\/series\/netflix-chile\/greys-anatomy-le-dice-adios-a-netflix-chile\/#primaryimage\"},\"thumbnailUrl\":\"https:\/\/www.virginmobile.cl\/blog\/wp-content\/uploads\/2021\/12\/Netflix-Chile_Greys-Anatomy.jpg\",\"datePublished\":\"2021-12-09T14:45:47+00:00\",\"dateModified\":\"2022-02-24T18:25:13+00:00\",\"description\":\"\u00a1Una triste noticia para todos los fan\u00e1ticos de Grey\u2019s Anatomy! Ya hay fecha de salida para la serie desde la plataforma de Netflix Chile.\",\"breadcrumb\":{\"@id\":\"https:\/\/www.virginmobile.cl\/blog\/series\/netflix-chile\/greys-anatomy-le-dice-adios-a-netflix-chile\/#breadcrumb\"},\"inLanguage\":\"es-CL\",\"potentialAction\":[{\"@type\":\"ReadAction\",\"target\":[\"https:\/\/www.virginmobile.cl\/blog\/series\/netflix-chile\/greys-anatomy-le-dice-adios-a-netflix-chile\/\"]}]},{\"@type\":\"ImageObject\",\"inLanguage\":\"es-CL\",\"@id\":\"https:\/\/www.virginmobile.cl\/blog\/series\/netflix-chile\/greys-anatomy-le-dice-adios-a-netflix-chile\/#primaryimage\",\"url\":\"https:\/\/www.virginmobile.cl\/blog\/wp-content\/uploads\/2021\/12\/Netflix-Chile_Greys-Anatomy.jpg\",\"contentUrl\":\"https:\/\/www.virginmobile.cl\/blog\/wp-content\/uploads\/2021\/12\/Netflix-Chile_Greys-Anatomy.jpg\",\"width\":1200,\"height\":800,\"caption\":\"Grey\u2019s Anatomy le dice adi\u00f3s a Netflix Chile\"},{\"@type\":\"BreadcrumbList\",\"@id\":\"https:\/\/www.virginmobile.cl\/blog\/series\/netflix-chile\/greys-anatomy-le-dice-adios-a-netflix-chile\/#breadcrumb\",\"itemListElement\":[{\"@type\":\"ListItem\",\"position\":1,\"name\":\"Portada\",\"item\":\"https:\/\/vmcl.space\/blog\/\"},{\"@type\":\"ListItem\",\"position\":2,\"name\":\"Grey\u2019s Anatomy le dice adi\u00f3s a Netflix Chile\"}]},{\"@type\":\"WebSite\",\"@id\":\"https:\/\/vmcl.space\/blog\/#website\",\"url\":\"https:\/\/vmcl.space\/blog\/\",\"name\":\"Naci\u00f3n Virgin - Virgin Mobile Chile\",\"description\":\"Lo que pasa ah\u00ed lo sabes aqu\u00ed\",\"publisher\":{\"@id\":\"https:\/\/vmcl.space\/blog\/#organization\"},\"potentialAction\":[{\"@type\":\"SearchAction\",\"target\":{\"@type\":\"EntryPoint\",\"urlTemplate\":\"https:\/\/vmcl.space\/blog\/?s={search_term_string}\"},\"query-input\":{\"@type\":\"PropertyValueSpecification\",\"valueRequired\":true,\"valueName\":\"search_term_string\"}}],\"inLanguage\":\"es-CL\"},{\"@type\":\"Organization\",\"@id\":\"https:\/\/vmcl.space\/blog\/#organization\",\"name\":\"Virgin Mobile\",\"url\":\"https:\/\/vmcl.space\/blog\/\",\"logo\":{\"@type\":\"ImageObject\",\"inLanguage\":\"es-CL\",\"@id\":\"https:\/\/vmcl.space\/blog\/#\/schema\/logo\/image\/\",\"url\":\"https:\/\/blog.virginmobile.cl\/wp-content\/uploads\/2018\/06\/logo_blog_v4.png\",\"contentUrl\":\"https:\/\/blog.virginmobile.cl\/wp-content\/uploads\/2018\/06\/logo_blog_v4.png\",\"width\":400,\"height\":400,\"caption\":\"Virgin Mobile\"},\"image\":{\"@id\":\"https:\/\/vmcl.space\/blog\/#\/schema\/logo\/image\/\"},\"sameAs\":[\"https:\/\/www.facebook.com\/VirginMobileChile\/\",\"https:\/\/x.com\/virginmobile_cl\",\"https:\/\/www.instagram.com\/virginmobile_cl\/\",\"https:\/\/www.linkedin.com\/company\/10255048\/admin\/\",\"https:\/\/www.youtube.com\/user\/VirginMobileChile\"]},{\"@type\":\"Person\",\"@id\":\"https:\/\/vmcl.space\/blog\/#\/schema\/person\/7dd3fe8aa95409efbc0c2651edad922c\",\"name\":\"Jorge Herrera\",\"image\":{\"@type\":\"ImageObject\",\"inLanguage\":\"es-CL\",\"@id\":\"https:\/\/secure.gravatar.com\/avatar\/08a675eb2009d32bc8481153d36d8296c68fcc62939ab075bfa2d959ff9025c2?s=96&d=mm&r=g\",\"url\":\"https:\/\/secure.gravatar.com\/avatar\/08a675eb2009d32bc8481153d36d8296c68fcc62939ab075bfa2d959ff9025c2?s=96&d=mm&r=g\",\"contentUrl\":\"https:\/\/secure.gravatar.com\/avatar\/08a675eb2009d32bc8481153d36d8296c68fcc62939ab075bfa2d959ff9025c2?s=96&d=mm&r=g\",\"caption\":\"Jorge Herrera\"},\"url\":\"https:\/\/www.virginmobile.cl\/blog\/author\/jorge-herrera\/\"}]}<\/script>\n<!-- \/ Yoast SEO plugin. -->","yoast_head_json":{"title":"La serie Grey\u2019s Anatomy le dice adi\u00f3s a Netflix Chile","description":"\u00a1Una triste noticia para todos los fan\u00e1ticos de Grey\u2019s Anatomy! Ya hay fecha de salida para la serie desde la plataforma de Netflix Chile.","robots":{"index":"index","follow":"follow","max-snippet":"max-snippet:-1","max-image-preview":"max-image-preview:large","max-video-preview":"max-video-preview:-1"},"canonical":"https:\/\/www.virginmobile.cl\/blog\/series\/netflix-chile\/greys-anatomy-le-dice-adios-a-netflix-chile\/","og_locale":"es_ES","og_type":"article","og_title":"La serie Grey\u2019s Anatomy le dice adi\u00f3s a Netflix Chile","og_description":"\u00a1Una triste noticia para todos los fan\u00e1ticos de Grey\u2019s Anatomy! Ya hay fecha de salida para la serie desde la plataforma de Netflix Chile.","og_url":"https:\/\/www.virginmobile.cl\/blog\/series\/netflix-chile\/greys-anatomy-le-dice-adios-a-netflix-chile\/","og_site_name":"Naci\u00f3n Virgin - Virgin Mobile Chile","article_publisher":"https:\/\/www.facebook.com\/VirginMobileChile\/","article_published_time":"2021-12-09T14:45:47+00:00","article_modified_time":"2022-02-24T18:25:13+00:00","og_image":[{"width":1200,"height":800,"url":"https:\/\/www.virginmobile.cl\/blog\/wp-content\/uploads\/2021\/12\/Netflix-Chile_Greys-Anatomy.jpg","type":"image\/jpeg"}],"author":"Jorge Herrera","twitter_card":"summary_large_image","twitter_creator":"@virginmobile_cl","twitter_site":"@virginmobile_cl","twitter_misc":{"Escrito por":"Jorge Herrera","Tiempo estimado de lectura":"2 minutos"},"schema":{"@context":"https:\/\/schema.org","@graph":[{"@type":"Article","@id":"https:\/\/www.virginmobile.cl\/blog\/series\/netflix-chile\/greys-anatomy-le-dice-adios-a-netflix-chile\/#article","isPartOf":{"@id":"https:\/\/www.virginmobile.cl\/blog\/series\/netflix-chile\/greys-anatomy-le-dice-adios-a-netflix-chile\/"},"author":{"name":"Jorge Herrera","@id":"https:\/\/vmcl.space\/blog\/#\/schema\/person\/7dd3fe8aa95409efbc0c2651edad922c"},"headline":"Grey\u2019s Anatomy le dice adi\u00f3s a Netflix Chile","datePublished":"2021-12-09T14:45:47+00:00","dateModified":"2022-02-24T18:25:13+00:00","mainEntityOfPage":{"@id":"https:\/\/www.virginmobile.cl\/blog\/series\/netflix-chile\/greys-anatomy-le-dice-adios-a-netflix-chile\/"},"wordCount":282,"publisher":{"@id":"https:\/\/vmcl.space\/blog\/#organization"},"image":{"@id":"https:\/\/www.virginmobile.cl\/blog\/series\/netflix-chile\/greys-anatomy-le-dice-adios-a-netflix-chile\/#primaryimage"},"thumbnailUrl":"https:\/\/www.virginmobile.cl\/blog\/wp-content\/uploads\/2021\/12\/Netflix-Chile_Greys-Anatomy.jpg","keywords":["Grey\u2019s Anatomy","Netflix Chile"],"articleSection":["Netflix Chile"],"inLanguage":"es-CL"},{"@type":"WebPage","@id":"https:\/\/www.virginmobile.cl\/blog\/series\/netflix-chile\/greys-anatomy-le-dice-adios-a-netflix-chile\/","url":"https:\/\/www.virginmobile.cl\/blog\/series\/netflix-chile\/greys-anatomy-le-dice-adios-a-netflix-chile\/","name":"La serie Grey\u2019s Anatomy le dice adi\u00f3s a Netflix Chile","isPartOf":{"@id":"https:\/\/vmcl.space\/blog\/#website"},"primaryImageOfPage":{"@id":"https:\/\/www.virginmobile.cl\/blog\/series\/netflix-chile\/greys-anatomy-le-dice-adios-a-netflix-chile\/#primaryimage"},"image":{"@id":"https:\/\/www.virginmobile.cl\/blog\/series\/netflix-chile\/greys-anatomy-le-dice-adios-a-netflix-chile\/#primaryimage"},"thumbnailUrl":"https:\/\/www.virginmobile.cl\/blog\/wp-content\/uploads\/2021\/12\/Netflix-Chile_Greys-Anatomy.jpg","datePublished":"2021-12-09T14:45:47+00:00","dateModified":"2022-02-24T18:25:13+00:00","description":"\u00a1Una triste noticia para todos los fan\u00e1ticos de Grey\u2019s Anatomy! Ya hay fecha de salida para la serie desde la plataforma de Netflix Chile.","breadcrumb":{"@id":"https:\/\/www.virginmobile.cl\/blog\/series\/netflix-chile\/greys-anatomy-le-dice-adios-a-netflix-chile\/#breadcrumb"},"inLanguage":"es-CL","potentialAction":[{"@type":"ReadAction","target":["https:\/\/www.virginmobile.cl\/blog\/series\/netflix-chile\/greys-anatomy-le-dice-adios-a-netflix-chile\/"]}]},{"@type":"ImageObject","inLanguage":"es-CL","@id":"https:\/\/www.virginmobile.cl\/blog\/series\/netflix-chile\/greys-anatomy-le-dice-adios-a-netflix-chile\/#primaryimage","url":"https:\/\/www.virginmobile.cl\/blog\/wp-content\/uploads\/2021\/12\/Netflix-Chile_Greys-Anatomy.jpg","contentUrl":"https:\/\/www.virginmobile.cl\/blog\/wp-content\/uploads\/2021\/12\/Netflix-Chile_Greys-Anatomy.jpg","width":1200,"height":800,"caption":"Grey\u2019s Anatomy le dice adi\u00f3s a Netflix Chile"},{"@type":"BreadcrumbList","@id":"https:\/\/www.virginmobile.cl\/blog\/series\/netflix-chile\/greys-anatomy-le-dice-adios-a-netflix-chile\/#breadcrumb","itemListElement":[{"@type":"ListItem","position":1,"name":"Portada","item":"https:\/\/vmcl.space\/blog\/"},{"@type":"ListItem","position":2,"name":"Grey\u2019s Anatomy le dice adi\u00f3s a Netflix Chile"}]},{"@type":"WebSite","@id":"https:\/\/vmcl.space\/blog\/#website","url":"https:\/\/vmcl.space\/blog\/","name":"Naci\u00f3n Virgin - Virgin Mobile Chile","description":"Lo que pasa ah\u00ed lo sabes aqu\u00ed","publisher":{"@id":"https:\/\/vmcl.space\/blog\/#organization"},"potentialAction":[{"@type":"SearchAction","target":{"@type":"EntryPoint","urlTemplate":"https:\/\/vmcl.space\/blog\/?s={search_term_string}"},"query-input":{"@type":"PropertyValueSpecification","valueRequired":true,"valueName":"search_term_string"}}],"inLanguage":"es-CL"},{"@type":"Organization","@id":"https:\/\/vmcl.space\/blog\/#organization","name":"Virgin Mobile","url":"https:\/\/vmcl.space\/blog\/","logo":{"@type":"ImageObject","inLanguage":"es-CL","@id":"https:\/\/vmcl.space\/blog\/#\/schema\/logo\/image\/","url":"https:\/\/blog.virginmobile.cl\/wp-content\/uploads\/2018\/06\/logo_blog_v4.png","contentUrl":"https:\/\/blog.virginmobile.cl\/wp-content\/uploads\/2018\/06\/logo_blog_v4.png","width":400,"height":400,"caption":"Virgin Mobile"},"image":{"@id":"https:\/\/vmcl.space\/blog\/#\/schema\/logo\/image\/"},"sameAs":["https:\/\/www.facebook.com\/VirginMobileChile\/","https:\/\/x.com\/virginmobile_cl","https:\/\/www.instagram.com\/virginmobile_cl\/","https:\/\/www.linkedin.com\/company\/10255048\/admin\/","https:\/\/www.youtube.com\/user\/VirginMobileChile"]},{"@type":"Person","@id":"https:\/\/vmcl.space\/blog\/#\/schema\/person\/7dd3fe8aa95409efbc0c2651edad922c","name":"Jorge Herrera","image":{"@type":"ImageObject","inLanguage":"es-CL","@id":"https:\/\/secure.gravatar.com\/avatar\/08a675eb2009d32bc8481153d36d8296c68fcc62939ab075bfa2d959ff9025c2?s=96&d=mm&r=g","url":"https:\/\/secure.gravatar.com\/avatar\/08a675eb2009d32bc8481153d36d8296c68fcc62939ab075bfa2d959ff9025c2?s=96&d=mm&r=g","contentUrl":"https:\/\/secure.gravatar.com\/avatar\/08a675eb2009d32bc8481153d36d8296c68fcc62939ab075bfa2d959ff9025c2?s=96&d=mm&r=g","caption":"Jorge Herrera"},"url":"https:\/\/www.virginmobile.cl\/blog\/author\/jorge-herrera\/"}]}},"_links":{"self":[{"href":"https:\/\/www.virginmobile.cl\/blog\/wp-json\/wp\/v2\/posts\/6347","targetHints":{"allow":["GET"]}}],"collection":[{"href":"https:\/\/www.virginmobile.cl\/blog\/wp-json\/wp\/v2\/posts"}],"about":[{"href":"https:\/\/www.virginmobile.cl\/blog\/wp-json\/wp\/v2\/types\/post"}],"author":[{"embeddable":true,"href":"https:\/\/www.virginmobile.cl\/blog\/wp-json\/wp\/v2\/users\/2"}],"replies":[{"embeddable":true,"href":"https:\/\/www.virginmobile.cl\/blog\/wp-json\/wp\/v2\/comments?post=6347"}],"version-history":[{"count":3,"href":"https:\/\/www.virginmobile.cl\/blog\/wp-json\/wp\/v2\/posts\/6347\/revisions"}],"predecessor-version":[{"id":6352,"href":"https:\/\/www.virginmobile.cl\/blog\/wp-json\/wp\/v2\/posts\/6347\/revisions\/6352"}],"wp:featuredmedia":[{"embeddable":true,"href":"https:\/\/www.virginmobile.cl\/blog\/wp-json\/wp\/v2\/media\/6350"}],"wp:attachment":[{"href":"https:\/\/www.virginmobile.cl\/blog\/wp-json\/wp\/v2\/media?parent=6347"}],"wp:term":[{"taxonomy":"category","embeddable":true,"href":"https:\/\/www.virginmobile.cl\/blog\/wp-json\/wp\/v2\/categories?post=6347"},{"taxonomy":"post_tag","embeddable":true,"href":"https:\/\/www.virginmobile.cl\/blog\/wp-json\/wp\/v2\/tags?post=6347"}],"curies":[{"name":"wp","href":"https:\/\/api.w.org\/{rel}","templated":true}]}}