{"id":6272,"date":"2021-11-27T10:15:00","date_gmt":"2021-11-27T14:15:00","guid":{"rendered":"https:\/\/blog.virginmobile.cl\/?p=6272"},"modified":"2022-02-24T14:25:12","modified_gmt":"2022-02-24T18:25:12","slug":"instagram-planea-incluir-musica-en-las-publicaciones-del-feed","status":"publish","type":"post","link":"https:\/\/www.virginmobile.cl\/blog\/noticias\/instagram-planea-incluir-musica-en-las-publicaciones-del-feed\/","title":{"rendered":"Instagram planea incluir m\u00fasica en las publicaciones del feed"},"content":{"rendered":"\n<p>\u00bfAgregar\u00edas tus canciones favoritas en tus fotos del feed? Si tu respuesta es s\u00ed, te tenemos una buena noticia. La red social del <a href=\"https:\/\/blog.virginmobile.cl\/noticias\/que-es-el-metaverso-de-facebook-y-cuando-estara-listo\">gigante Meta<\/a>, Instagram, est\u00e1 planeando incluir m\u00fasica en las publicaciones del feed y ya<strong> comenz\u00f3 su fase de pruebas<\/strong>.&nbsp;<\/p>\n\n\n\n<p>La noticia nos lleg\u00f3 de parte de la jefa de alianza de Instagram con la <strong>India, que es uno de los pocos pa\u00edses que tienen disponible la funci\u00f3n<\/strong>. En su <a href=\"https:\/\/www.instagram.com\/ladyroxpop\/\">cuenta personal de Instagram<\/a>, public\u00f3 al mundo la nueva actualizaci\u00f3n que permite agregar m\u00fasica en las publicaciones de la misma forma que es posible hacerlo en historias y Reels.<\/p>\n\n\n\n<p><em>\u201cICYMI AHORA EN PRUEBA! : Anunciamos que probamos la capacidad de las personas en la India y un par de otros pa\u00edses para agregar m\u00fasica a sus publicaciones de noticias\u201d, <\/em>comparti\u00f3 Roxanne en su cuenta.&nbsp;<\/p>\n\n\n\n<h2 class=\"wp-block-heading\"><strong>\u00bfC\u00f3mo ser\u00eda la nueva funci\u00f3n de Instagram?<\/strong><\/h2>\n\n\n\n<p>La mec\u00e1nica es bastante<strong> similar a la de los otros formatos<\/strong> y es muy intuitiva. Para agregar m\u00fasica a tu publicaci\u00f3n tendr\u00e1s que hacerlo en el \u00faltimo paso <strong>antes de compartir<\/strong>. All\u00ed, entre la <em>ubicaci\u00f3n<\/em> y la<em> configuraci\u00f3n avanzada<\/em>, que te llevar\u00e1 a la segunda pantalla, donde puedes escoger la canci\u00f3n que quieras.<\/p>\n\n\n\n<p>1.- Selecciona la foto, pasa por edici\u00f3n y antes de compartir, <strong>haz clic en \u201cAgregar m\u00fasica\u201d&nbsp;<\/strong><\/p>\n\n\n\n<p>2.- <strong>Busca un cantante, banda o canci\u00f3n en el campo \u201cBuscar\u201d<\/strong>&nbsp;<\/p>\n\n\n\n<p>3.- <strong>Selecciona la canci\u00f3n<\/strong> que quieres agregar a tu foto.<\/p>\n\n\n\n<p>4.- Puedes seleccionar el extracto de <strong>hasta 90 segundos de la canci\u00f3n<\/strong>&nbsp;<\/p>\n\n\n\n<p>5.- Haz clic en <strong>\u201cHecho\u201d<\/strong> y luego en <strong>\u201cCompartir\u201d. <\/strong>\u00a1Y listo! que el mundo escuche tu m\u00fasica favorita.<\/p>\n\n\n\n<figure class=\"wp-block-image size-large\"><img loading=\"lazy\" decoding=\"async\" width=\"700\" height=\"382\" src=\"https:\/\/blog.virginmobile.cl\/wp-content\/uploads\/2021\/11\/instagram-music-feed.jpg\" alt=\"Instagram planea incluir m\u00fasica en las publicaciones del feed\" class=\"wp-image-6275\" srcset=\"https:\/\/www.virginmobile.cl\/blog\/wp-content\/uploads\/2021\/11\/instagram-music-feed.jpg 700w, https:\/\/www.virginmobile.cl\/blog\/wp-content\/uploads\/2021\/11\/instagram-music-feed-300x164.jpg 300w\" sizes=\"auto, (max-width: 700px) 100vw, 700px\" \/><\/figure>\n\n\n\n<p>Tambi\u00e9n tendr\u00e1s disponible las canciones en <strong>\u201ctendencia\u201d<\/strong> y la secci\u00f3n <strong>\u201cpara ti\u201d<\/strong>, que son listas personalizadas dependiendo de tu actividad.<\/p>\n\n\n\n<p>Como esta funci\u00f3n de Instagram a\u00fan est\u00e1 en fase de pruebas, no tenemos noticias de cu\u00e1ndo llegar\u00e1 al resto de los pa\u00edses. Por lo general tarda alrededor de unos d\u00edas, as\u00ed que mantente atento y <a href=\"https:\/\/www.semana.com\/tecnologia\/articulo\/instagram-anuncio-nueva-actualizacion-que-incluye-control-desde-los-computadores-como-funciona\/202113\/\">actualiza tu aplicaci\u00f3n<\/a>.&nbsp;<\/p>\n","protected":false},"excerpt":{"rendered":"<p>\u00bfAgregar\u00edas tus canciones favoritas en tus fotos del feed? Si tu respuesta es s\u00ed, te tenemos una buena noticia. La red social del gigante Meta, Instagram, est\u00e1 planeando incluir m\u00fasica en las publicaciones del feed y ya comenz\u00f3 su fase de pruebas.&nbsp; La noticia nos lleg\u00f3 de parte de la jefa de alianza de Instagram [&hellip;]<\/p>\n","protected":false},"author":2,"featured_media":6274,"comment_status":"closed","ping_status":"closed","sticky":false,"template":"","format":"standard","meta":{"footnotes":""},"categories":[199],"tags":[1299,391,207],"class_list":["post-6272","post","type-post","status-publish","format-standard","has-post-thumbnail","hentry","category-noticias","tag-feed","tag-instagram","tag-musica"],"yoast_head":"<!-- This site is optimized with the Yoast SEO plugin v27.2 - https:\/\/yoast.com\/product\/yoast-seo-wordpress\/ -->\n<title>Instagram planea incluir m\u00fasica en las publicaciones del feed<\/title>\n<meta name=\"description\" content=\"\u00bfAgregar\u00edas tus canciones favoritas en las fotos del feed de Instagram? La red social ya comenz\u00f3 las pruebas. \u00a1Todo aqu\u00ed en Naci\u00f3n Virgin!\" \/>\n<meta name=\"robots\" content=\"index, follow, max-snippet:-1, max-image-preview:large, max-video-preview:-1\" \/>\n<link rel=\"canonical\" href=\"https:\/\/www.virginmobile.cl\/blog\/noticias\/instagram-planea-incluir-musica-en-las-publicaciones-del-feed\/\" \/>\n<meta property=\"og:locale\" content=\"es_ES\" \/>\n<meta property=\"og:type\" content=\"article\" \/>\n<meta property=\"og:title\" content=\"Instagram planea incluir m\u00fasica en las publicaciones del feed\" \/>\n<meta property=\"og:description\" content=\"\u00bfAgregar\u00edas tus canciones favoritas en las fotos del feed de Instagram? La red social ya comenz\u00f3 las pruebas. \u00a1Todo aqu\u00ed en Naci\u00f3n Virgin!\" \/>\n<meta property=\"og:url\" content=\"https:\/\/www.virginmobile.cl\/blog\/noticias\/instagram-planea-incluir-musica-en-las-publicaciones-del-feed\/\" \/>\n<meta property=\"og:site_name\" content=\"Naci\u00f3n Virgin - Virgin Mobile Chile\" \/>\n<meta property=\"article:publisher\" content=\"https:\/\/www.facebook.com\/VirginMobileChile\/\" \/>\n<meta property=\"article:published_time\" content=\"2021-11-27T14:15:00+00:00\" \/>\n<meta property=\"article:modified_time\" content=\"2022-02-24T18:25:12+00:00\" \/>\n<meta property=\"og:image\" content=\"https:\/\/www.virginmobile.cl\/blog\/wp-content\/uploads\/2021\/11\/Instagram-mu\u0301sica.jpg\" \/>\n\t<meta property=\"og:image:width\" content=\"1200\" \/>\n\t<meta property=\"og:image:height\" content=\"800\" \/>\n\t<meta property=\"og:image:type\" content=\"image\/jpeg\" \/>\n<meta name=\"author\" content=\"Jorge Herrera\" \/>\n<meta name=\"twitter:card\" content=\"summary_large_image\" \/>\n<meta name=\"twitter:creator\" content=\"@virginmobile_cl\" \/>\n<meta name=\"twitter:site\" content=\"@virginmobile_cl\" \/>\n<meta name=\"twitter:label1\" content=\"Escrito por\" \/>\n\t<meta name=\"twitter:data1\" content=\"Jorge Herrera\" \/>\n\t<meta name=\"twitter:label2\" content=\"Tiempo estimado de lectura\" \/>\n\t<meta name=\"twitter:data2\" content=\"2 minutos\" \/>\n<script type=\"application\/ld+json\" class=\"yoast-schema-graph\">{\"@context\":\"https:\/\/schema.org\",\"@graph\":[{\"@type\":\"Article\",\"@id\":\"https:\/\/www.virginmobile.cl\/blog\/noticias\/instagram-planea-incluir-musica-en-las-publicaciones-del-feed\/#article\",\"isPartOf\":{\"@id\":\"https:\/\/www.virginmobile.cl\/blog\/noticias\/instagram-planea-incluir-musica-en-las-publicaciones-del-feed\/\"},\"author\":{\"name\":\"Jorge Herrera\",\"@id\":\"https:\/\/vmcl.space\/blog\/#\/schema\/person\/7dd3fe8aa95409efbc0c2651edad922c\"},\"headline\":\"Instagram planea incluir m\u00fasica en las publicaciones del feed\",\"datePublished\":\"2021-11-27T14:15:00+00:00\",\"dateModified\":\"2022-02-24T18:25:12+00:00\",\"mainEntityOfPage\":{\"@id\":\"https:\/\/www.virginmobile.cl\/blog\/noticias\/instagram-planea-incluir-musica-en-las-publicaciones-del-feed\/\"},\"wordCount\":368,\"publisher\":{\"@id\":\"https:\/\/vmcl.space\/blog\/#organization\"},\"image\":{\"@id\":\"https:\/\/www.virginmobile.cl\/blog\/noticias\/instagram-planea-incluir-musica-en-las-publicaciones-del-feed\/#primaryimage\"},\"thumbnailUrl\":\"https:\/\/www.virginmobile.cl\/blog\/wp-content\/uploads\/2021\/11\/Instagram-mu\u0301sica.jpg\",\"keywords\":[\"feed\",\"instagram\",\"m\u00fasica\"],\"articleSection\":[\"Noticias\"],\"inLanguage\":\"es-CL\"},{\"@type\":\"WebPage\",\"@id\":\"https:\/\/www.virginmobile.cl\/blog\/noticias\/instagram-planea-incluir-musica-en-las-publicaciones-del-feed\/\",\"url\":\"https:\/\/www.virginmobile.cl\/blog\/noticias\/instagram-planea-incluir-musica-en-las-publicaciones-del-feed\/\",\"name\":\"Instagram planea incluir m\u00fasica en las publicaciones del feed\",\"isPartOf\":{\"@id\":\"https:\/\/vmcl.space\/blog\/#website\"},\"primaryImageOfPage\":{\"@id\":\"https:\/\/www.virginmobile.cl\/blog\/noticias\/instagram-planea-incluir-musica-en-las-publicaciones-del-feed\/#primaryimage\"},\"image\":{\"@id\":\"https:\/\/www.virginmobile.cl\/blog\/noticias\/instagram-planea-incluir-musica-en-las-publicaciones-del-feed\/#primaryimage\"},\"thumbnailUrl\":\"https:\/\/www.virginmobile.cl\/blog\/wp-content\/uploads\/2021\/11\/Instagram-mu\u0301sica.jpg\",\"datePublished\":\"2021-11-27T14:15:00+00:00\",\"dateModified\":\"2022-02-24T18:25:12+00:00\",\"description\":\"\u00bfAgregar\u00edas tus canciones favoritas en las fotos del feed de Instagram? La red social ya comenz\u00f3 las pruebas. \u00a1Todo aqu\u00ed en Naci\u00f3n Virgin!\",\"breadcrumb\":{\"@id\":\"https:\/\/www.virginmobile.cl\/blog\/noticias\/instagram-planea-incluir-musica-en-las-publicaciones-del-feed\/#breadcrumb\"},\"inLanguage\":\"es-CL\",\"potentialAction\":[{\"@type\":\"ReadAction\",\"target\":[\"https:\/\/www.virginmobile.cl\/blog\/noticias\/instagram-planea-incluir-musica-en-las-publicaciones-del-feed\/\"]}]},{\"@type\":\"ImageObject\",\"inLanguage\":\"es-CL\",\"@id\":\"https:\/\/www.virginmobile.cl\/blog\/noticias\/instagram-planea-incluir-musica-en-las-publicaciones-del-feed\/#primaryimage\",\"url\":\"https:\/\/www.virginmobile.cl\/blog\/wp-content\/uploads\/2021\/11\/Instagram-mu\u0301sica.jpg\",\"contentUrl\":\"https:\/\/www.virginmobile.cl\/blog\/wp-content\/uploads\/2021\/11\/Instagram-mu\u0301sica.jpg\",\"width\":1200,\"height\":800,\"caption\":\"Instagram planea incluir m\u00fasica en las publicaciones del feed\"},{\"@type\":\"BreadcrumbList\",\"@id\":\"https:\/\/www.virginmobile.cl\/blog\/noticias\/instagram-planea-incluir-musica-en-las-publicaciones-del-feed\/#breadcrumb\",\"itemListElement\":[{\"@type\":\"ListItem\",\"position\":1,\"name\":\"Portada\",\"item\":\"https:\/\/vmcl.space\/blog\/\"},{\"@type\":\"ListItem\",\"position\":2,\"name\":\"Instagram planea incluir m\u00fasica en las publicaciones del feed\"}]},{\"@type\":\"WebSite\",\"@id\":\"https:\/\/vmcl.space\/blog\/#website\",\"url\":\"https:\/\/vmcl.space\/blog\/\",\"name\":\"Naci\u00f3n Virgin - Virgin Mobile Chile\",\"description\":\"Lo que pasa ah\u00ed lo sabes aqu\u00ed\",\"publisher\":{\"@id\":\"https:\/\/vmcl.space\/blog\/#organization\"},\"potentialAction\":[{\"@type\":\"SearchAction\",\"target\":{\"@type\":\"EntryPoint\",\"urlTemplate\":\"https:\/\/vmcl.space\/blog\/?s={search_term_string}\"},\"query-input\":{\"@type\":\"PropertyValueSpecification\",\"valueRequired\":true,\"valueName\":\"search_term_string\"}}],\"inLanguage\":\"es-CL\"},{\"@type\":\"Organization\",\"@id\":\"https:\/\/vmcl.space\/blog\/#organization\",\"name\":\"Virgin Mobile\",\"url\":\"https:\/\/vmcl.space\/blog\/\",\"logo\":{\"@type\":\"ImageObject\",\"inLanguage\":\"es-CL\",\"@id\":\"https:\/\/vmcl.space\/blog\/#\/schema\/logo\/image\/\",\"url\":\"https:\/\/blog.virginmobile.cl\/wp-content\/uploads\/2018\/06\/logo_blog_v4.png\",\"contentUrl\":\"https:\/\/blog.virginmobile.cl\/wp-content\/uploads\/2018\/06\/logo_blog_v4.png\",\"width\":400,\"height\":400,\"caption\":\"Virgin Mobile\"},\"image\":{\"@id\":\"https:\/\/vmcl.space\/blog\/#\/schema\/logo\/image\/\"},\"sameAs\":[\"https:\/\/www.facebook.com\/VirginMobileChile\/\",\"https:\/\/x.com\/virginmobile_cl\",\"https:\/\/www.instagram.com\/virginmobile_cl\/\",\"https:\/\/www.linkedin.com\/company\/10255048\/admin\/\",\"https:\/\/www.youtube.com\/user\/VirginMobileChile\"]},{\"@type\":\"Person\",\"@id\":\"https:\/\/vmcl.space\/blog\/#\/schema\/person\/7dd3fe8aa95409efbc0c2651edad922c\",\"name\":\"Jorge Herrera\",\"image\":{\"@type\":\"ImageObject\",\"inLanguage\":\"es-CL\",\"@id\":\"https:\/\/secure.gravatar.com\/avatar\/08a675eb2009d32bc8481153d36d8296c68fcc62939ab075bfa2d959ff9025c2?s=96&d=mm&r=g\",\"url\":\"https:\/\/secure.gravatar.com\/avatar\/08a675eb2009d32bc8481153d36d8296c68fcc62939ab075bfa2d959ff9025c2?s=96&d=mm&r=g\",\"contentUrl\":\"https:\/\/secure.gravatar.com\/avatar\/08a675eb2009d32bc8481153d36d8296c68fcc62939ab075bfa2d959ff9025c2?s=96&d=mm&r=g\",\"caption\":\"Jorge Herrera\"},\"url\":\"https:\/\/www.virginmobile.cl\/blog\/author\/jorge-herrera\/\"}]}<\/script>\n<!-- \/ Yoast SEO plugin. -->","yoast_head_json":{"title":"Instagram planea incluir m\u00fasica en las publicaciones del feed","description":"\u00bfAgregar\u00edas tus canciones favoritas en las fotos del feed de Instagram? La red social ya comenz\u00f3 las pruebas. \u00a1Todo aqu\u00ed en Naci\u00f3n Virgin!","robots":{"index":"index","follow":"follow","max-snippet":"max-snippet:-1","max-image-preview":"max-image-preview:large","max-video-preview":"max-video-preview:-1"},"canonical":"https:\/\/www.virginmobile.cl\/blog\/noticias\/instagram-planea-incluir-musica-en-las-publicaciones-del-feed\/","og_locale":"es_ES","og_type":"article","og_title":"Instagram planea incluir m\u00fasica en las publicaciones del feed","og_description":"\u00bfAgregar\u00edas tus canciones favoritas en las fotos del feed de Instagram? La red social ya comenz\u00f3 las pruebas. \u00a1Todo aqu\u00ed en Naci\u00f3n Virgin!","og_url":"https:\/\/www.virginmobile.cl\/blog\/noticias\/instagram-planea-incluir-musica-en-las-publicaciones-del-feed\/","og_site_name":"Naci\u00f3n Virgin - Virgin Mobile Chile","article_publisher":"https:\/\/www.facebook.com\/VirginMobileChile\/","article_published_time":"2021-11-27T14:15:00+00:00","article_modified_time":"2022-02-24T18:25:12+00:00","og_image":[{"width":1200,"height":800,"url":"https:\/\/www.virginmobile.cl\/blog\/wp-content\/uploads\/2021\/11\/Instagram-mu\u0301sica.jpg","type":"image\/jpeg"}],"author":"Jorge Herrera","twitter_card":"summary_large_image","twitter_creator":"@virginmobile_cl","twitter_site":"@virginmobile_cl","twitter_misc":{"Escrito por":"Jorge Herrera","Tiempo estimado de lectura":"2 minutos"},"schema":{"@context":"https:\/\/schema.org","@graph":[{"@type":"Article","@id":"https:\/\/www.virginmobile.cl\/blog\/noticias\/instagram-planea-incluir-musica-en-las-publicaciones-del-feed\/#article","isPartOf":{"@id":"https:\/\/www.virginmobile.cl\/blog\/noticias\/instagram-planea-incluir-musica-en-las-publicaciones-del-feed\/"},"author":{"name":"Jorge Herrera","@id":"https:\/\/vmcl.space\/blog\/#\/schema\/person\/7dd3fe8aa95409efbc0c2651edad922c"},"headline":"Instagram planea incluir m\u00fasica en las publicaciones del feed","datePublished":"2021-11-27T14:15:00+00:00","dateModified":"2022-02-24T18:25:12+00:00","mainEntityOfPage":{"@id":"https:\/\/www.virginmobile.cl\/blog\/noticias\/instagram-planea-incluir-musica-en-las-publicaciones-del-feed\/"},"wordCount":368,"publisher":{"@id":"https:\/\/vmcl.space\/blog\/#organization"},"image":{"@id":"https:\/\/www.virginmobile.cl\/blog\/noticias\/instagram-planea-incluir-musica-en-las-publicaciones-del-feed\/#primaryimage"},"thumbnailUrl":"https:\/\/www.virginmobile.cl\/blog\/wp-content\/uploads\/2021\/11\/Instagram-mu\u0301sica.jpg","keywords":["feed","instagram","m\u00fasica"],"articleSection":["Noticias"],"inLanguage":"es-CL"},{"@type":"WebPage","@id":"https:\/\/www.virginmobile.cl\/blog\/noticias\/instagram-planea-incluir-musica-en-las-publicaciones-del-feed\/","url":"https:\/\/www.virginmobile.cl\/blog\/noticias\/instagram-planea-incluir-musica-en-las-publicaciones-del-feed\/","name":"Instagram planea incluir m\u00fasica en las publicaciones del feed","isPartOf":{"@id":"https:\/\/vmcl.space\/blog\/#website"},"primaryImageOfPage":{"@id":"https:\/\/www.virginmobile.cl\/blog\/noticias\/instagram-planea-incluir-musica-en-las-publicaciones-del-feed\/#primaryimage"},"image":{"@id":"https:\/\/www.virginmobile.cl\/blog\/noticias\/instagram-planea-incluir-musica-en-las-publicaciones-del-feed\/#primaryimage"},"thumbnailUrl":"https:\/\/www.virginmobile.cl\/blog\/wp-content\/uploads\/2021\/11\/Instagram-mu\u0301sica.jpg","datePublished":"2021-11-27T14:15:00+00:00","dateModified":"2022-02-24T18:25:12+00:00","description":"\u00bfAgregar\u00edas tus canciones favoritas en las fotos del feed de Instagram? La red social ya comenz\u00f3 las pruebas. \u00a1Todo aqu\u00ed en Naci\u00f3n Virgin!","breadcrumb":{"@id":"https:\/\/www.virginmobile.cl\/blog\/noticias\/instagram-planea-incluir-musica-en-las-publicaciones-del-feed\/#breadcrumb"},"inLanguage":"es-CL","potentialAction":[{"@type":"ReadAction","target":["https:\/\/www.virginmobile.cl\/blog\/noticias\/instagram-planea-incluir-musica-en-las-publicaciones-del-feed\/"]}]},{"@type":"ImageObject","inLanguage":"es-CL","@id":"https:\/\/www.virginmobile.cl\/blog\/noticias\/instagram-planea-incluir-musica-en-las-publicaciones-del-feed\/#primaryimage","url":"https:\/\/www.virginmobile.cl\/blog\/wp-content\/uploads\/2021\/11\/Instagram-mu\u0301sica.jpg","contentUrl":"https:\/\/www.virginmobile.cl\/blog\/wp-content\/uploads\/2021\/11\/Instagram-mu\u0301sica.jpg","width":1200,"height":800,"caption":"Instagram planea incluir m\u00fasica en las publicaciones del feed"},{"@type":"BreadcrumbList","@id":"https:\/\/www.virginmobile.cl\/blog\/noticias\/instagram-planea-incluir-musica-en-las-publicaciones-del-feed\/#breadcrumb","itemListElement":[{"@type":"ListItem","position":1,"name":"Portada","item":"https:\/\/vmcl.space\/blog\/"},{"@type":"ListItem","position":2,"name":"Instagram planea incluir m\u00fasica en las publicaciones del feed"}]},{"@type":"WebSite","@id":"https:\/\/vmcl.space\/blog\/#website","url":"https:\/\/vmcl.space\/blog\/","name":"Naci\u00f3n Virgin - Virgin Mobile Chile","description":"Lo que pasa ah\u00ed lo sabes aqu\u00ed","publisher":{"@id":"https:\/\/vmcl.space\/blog\/#organization"},"potentialAction":[{"@type":"SearchAction","target":{"@type":"EntryPoint","urlTemplate":"https:\/\/vmcl.space\/blog\/?s={search_term_string}"},"query-input":{"@type":"PropertyValueSpecification","valueRequired":true,"valueName":"search_term_string"}}],"inLanguage":"es-CL"},{"@type":"Organization","@id":"https:\/\/vmcl.space\/blog\/#organization","name":"Virgin Mobile","url":"https:\/\/vmcl.space\/blog\/","logo":{"@type":"ImageObject","inLanguage":"es-CL","@id":"https:\/\/vmcl.space\/blog\/#\/schema\/logo\/image\/","url":"https:\/\/blog.virginmobile.cl\/wp-content\/uploads\/2018\/06\/logo_blog_v4.png","contentUrl":"https:\/\/blog.virginmobile.cl\/wp-content\/uploads\/2018\/06\/logo_blog_v4.png","width":400,"height":400,"caption":"Virgin Mobile"},"image":{"@id":"https:\/\/vmcl.space\/blog\/#\/schema\/logo\/image\/"},"sameAs":["https:\/\/www.facebook.com\/VirginMobileChile\/","https:\/\/x.com\/virginmobile_cl","https:\/\/www.instagram.com\/virginmobile_cl\/","https:\/\/www.linkedin.com\/company\/10255048\/admin\/","https:\/\/www.youtube.com\/user\/VirginMobileChile"]},{"@type":"Person","@id":"https:\/\/vmcl.space\/blog\/#\/schema\/person\/7dd3fe8aa95409efbc0c2651edad922c","name":"Jorge Herrera","image":{"@type":"ImageObject","inLanguage":"es-CL","@id":"https:\/\/secure.gravatar.com\/avatar\/08a675eb2009d32bc8481153d36d8296c68fcc62939ab075bfa2d959ff9025c2?s=96&d=mm&r=g","url":"https:\/\/secure.gravatar.com\/avatar\/08a675eb2009d32bc8481153d36d8296c68fcc62939ab075bfa2d959ff9025c2?s=96&d=mm&r=g","contentUrl":"https:\/\/secure.gravatar.com\/avatar\/08a675eb2009d32bc8481153d36d8296c68fcc62939ab075bfa2d959ff9025c2?s=96&d=mm&r=g","caption":"Jorge Herrera"},"url":"https:\/\/www.virginmobile.cl\/blog\/author\/jorge-herrera\/"}]}},"_links":{"self":[{"href":"https:\/\/www.virginmobile.cl\/blog\/wp-json\/wp\/v2\/posts\/6272","targetHints":{"allow":["GET"]}}],"collection":[{"href":"https:\/\/www.virginmobile.cl\/blog\/wp-json\/wp\/v2\/posts"}],"about":[{"href":"https:\/\/www.virginmobile.cl\/blog\/wp-json\/wp\/v2\/types\/post"}],"author":[{"embeddable":true,"href":"https:\/\/www.virginmobile.cl\/blog\/wp-json\/wp\/v2\/users\/2"}],"replies":[{"embeddable":true,"href":"https:\/\/www.virginmobile.cl\/blog\/wp-json\/wp\/v2\/comments?post=6272"}],"version-history":[{"count":2,"href":"https:\/\/www.virginmobile.cl\/blog\/wp-json\/wp\/v2\/posts\/6272\/revisions"}],"predecessor-version":[{"id":6276,"href":"https:\/\/www.virginmobile.cl\/blog\/wp-json\/wp\/v2\/posts\/6272\/revisions\/6276"}],"wp:featuredmedia":[{"embeddable":true,"href":"https:\/\/www.virginmobile.cl\/blog\/wp-json\/wp\/v2\/media\/6274"}],"wp:attachment":[{"href":"https:\/\/www.virginmobile.cl\/blog\/wp-json\/wp\/v2\/media?parent=6272"}],"wp:term":[{"taxonomy":"category","embeddable":true,"href":"https:\/\/www.virginmobile.cl\/blog\/wp-json\/wp\/v2\/categories?post=6272"},{"taxonomy":"post_tag","embeddable":true,"href":"https:\/\/www.virginmobile.cl\/blog\/wp-json\/wp\/v2\/tags?post=6272"}],"curies":[{"name":"wp","href":"https:\/\/api.w.org\/{rel}","templated":true}]}}