{"id":6106,"date":"2021-10-28T09:40:23","date_gmt":"2021-10-28T13:40:23","guid":{"rendered":"https:\/\/blog.virginmobile.cl\/?p=6106"},"modified":"2022-02-24T14:25:08","modified_gmt":"2022-02-24T18:25:08","slug":"serie-chilena-sobre-el-sename-se-estrenara-en-hbo-max-chile-y-mega","status":"publish","type":"post","link":"https:\/\/www.virginmobile.cl\/blog\/series\/hbo-max-chile\/serie-chilena-sobre-el-sename-se-estrenara-en-hbo-max-chile-y-mega\/","title":{"rendered":"Serie chilena sobre el Sename se estrenar\u00e1 en HBO Max Chile y Mega"},"content":{"rendered":"\n<p>La nueva serie chilena \u201cNo Nos Quieren Ver\u201d pondr\u00e1 en la mesa el debate sobre el funcionamiento del Sename. La ficci\u00f3n llegar\u00e1 a la pantalla de Mega y el streaming <a href=\"https:\/\/blog.virginmobile.cl\/series\/hbo-max-chile\/cuando-se-estrena-el-escuadron-suicida-2-en-hbo-max-chile\">HBO Max Chile<\/a>.&nbsp;<\/p>\n\n\n\n<p>El Sename ha estado en el ojo de todos los chilenos en los \u00faltimos a\u00f1os. Seg\u00fan las cifras del <a href=\"https:\/\/www.elmostrador.cl\/dia\/2021\/06\/02\/informe-revela-que-en-los-ultimos-15-anos-han-fallecido-1-836-personas-que-se-encontraban-en-programas-del-sename\/\">Observatorio para la Confianza<\/a>, desde el 2005 se han registrado<strong> 1.836 muertes<\/strong> en el interior de estos centros y solo entre el <strong>2018 y 2020<\/strong> la mitad de estas muertes respondieron a causas violentas. Esto fue lo que motiv\u00f3 a <strong>Guillermo Helo<\/strong> a comenzar esta producci\u00f3n, la cual llegar\u00e1 a las pantallas de <strong>Mega y HBO Max<\/strong>.<\/p>\n\n\n\n<p>La nueva serie de HBO Max Chile tendr\u00e1 un total de<strong> ocho cap\u00edtulos <\/strong>y ser\u00e1 protagonizada por <strong>Tamara Acosta<\/strong>. La historia ficticia, no tan alejada de la realidad, nos llevar\u00e1 a un <strong>supuesto suicidio <\/strong>de una menor en custodia del Estado, en donde una abogada (Acosta) perseguir\u00e1 la verdad hasta el final.<\/p>\n\n\n\n<figure class=\"wp-block-embed is-type-video is-provider-youtube wp-block-embed-youtube wp-embed-aspect-16-9 wp-has-aspect-ratio\"><div class=\"wp-block-embed__wrapper\">\n<div class=\"embed-vimeo\"><iframe loading=\"lazy\" title=\"No nos quieren ver - Trailer - (NNQV) ESTRENO: Lunes 8 de Noviembre 23:20hrs!  MEGA - HBOMAX- CNTV\" width=\"1140\" height=\"641\" src=\"https:\/\/www.youtube.com\/embed\/vOXrBGhxgks?feature=oembed\" frameborder=\"0\" allow=\"accelerometer; autoplay; clipboard-write; encrypted-media; gyroscope; picture-in-picture\" allowfullscreen><\/iframe><\/div>\n<\/div><\/figure>\n\n\n\n<p>En el reparto tambi\u00e9n tendremos las actuaciones de <strong>Paulina Urrutia<\/strong> como la magistrada del caso y a <strong>Francisca Lewin<\/strong>, la nueva directora del centro de detenci\u00f3n juvenil. Tambi\u00e9n veremos los rostros familiares de <strong>Amparo Noguera, Paulina Garc\u00eda, Sara Becker y Rallen Montenegro<\/strong>.\u00a0<\/p>\n\n\n\n<h2 class=\"wp-block-heading\"><strong>\u00bfCu\u00e1ndo se estrenar\u00e1 en Mega y HBO Max Chile?<\/strong><\/h2>\n\n\n\n<p>Seg\u00fan el canal chileno, la serie \u201cNo Nos Quieren Ver\u201d se estrenar\u00e1 en Mega el pr\u00f3ximo <strong>lunes 8 de noviembre <\/strong>despu\u00e9s de las transmisiones de \u201cDemente\u201d. Por el acuerdo de Warner Media Latin America, la ficci\u00f3n&nbsp; llegar\u00e1 posteriormente a HBO Max Chile, aumentando el cat\u00e1logo chileno del streaming.<\/p>\n","protected":false},"excerpt":{"rendered":"<p>La nueva serie chilena \u201cNo Nos Quieren Ver\u201d pondr\u00e1 en la mesa el debate sobre el funcionamiento del Sename. La ficci\u00f3n llegar\u00e1 a la pantalla de Mega y el streaming HBO Max Chile.&nbsp; El Sename ha estado en el ojo de todos los chilenos en los \u00faltimos a\u00f1os. Seg\u00fan las cifras del Observatorio para la [&hellip;]<\/p>\n","protected":false},"author":2,"featured_media":6108,"comment_status":"closed","ping_status":"closed","sticky":false,"template":"","format":"standard","meta":{"footnotes":""},"categories":[1096],"tags":[1097,1274,1273],"class_list":["post-6106","post","type-post","status-publish","format-standard","has-post-thumbnail","hentry","category-hbo-max-chile","tag-hbo-max-chile","tag-sename","tag-serie-chilena"],"yoast_head":"<!-- This site is optimized with the Yoast SEO plugin v27.2 - https:\/\/yoast.com\/product\/yoast-seo-wordpress\/ -->\n<title>Serie chilena sobre el Sename se estrenar\u00e1 en HBO Max Chile y Mega<\/title>\n<meta name=\"description\" content=\"La nueva serie chilena \u201cNo Nos Quieren Ver\u201d pondr\u00e1 en debate el funcionamiento del Sename. \u00a1Llegar\u00e1 al canal Mega y a HBO Max Chile!\" \/>\n<meta name=\"robots\" content=\"index, follow, max-snippet:-1, max-image-preview:large, max-video-preview:-1\" \/>\n<link rel=\"canonical\" href=\"https:\/\/www.virginmobile.cl\/blog\/series\/hbo-max-chile\/serie-chilena-sobre-el-sename-se-estrenara-en-hbo-max-chile-y-mega\/\" \/>\n<meta property=\"og:locale\" content=\"es_ES\" \/>\n<meta property=\"og:type\" content=\"article\" \/>\n<meta property=\"og:title\" content=\"Serie chilena sobre el Sename se estrenar\u00e1 en HBO Max Chile y Mega\" \/>\n<meta property=\"og:description\" content=\"La nueva serie chilena \u201cNo Nos Quieren Ver\u201d pondr\u00e1 en debate el funcionamiento del Sename. \u00a1Llegar\u00e1 al canal Mega y a HBO Max Chile!\" \/>\n<meta property=\"og:url\" content=\"https:\/\/www.virginmobile.cl\/blog\/series\/hbo-max-chile\/serie-chilena-sobre-el-sename-se-estrenara-en-hbo-max-chile-y-mega\/\" \/>\n<meta property=\"og:site_name\" content=\"Naci\u00f3n Virgin - Virgin Mobile Chile\" \/>\n<meta property=\"article:publisher\" content=\"https:\/\/www.facebook.com\/VirginMobileChile\/\" \/>\n<meta property=\"article:published_time\" content=\"2021-10-28T13:40:23+00:00\" \/>\n<meta property=\"article:modified_time\" content=\"2022-02-24T18:25:08+00:00\" \/>\n<meta property=\"og:image\" content=\"https:\/\/www.virginmobile.cl\/blog\/wp-content\/uploads\/2021\/10\/HBO-Max-Chile-serie-chilena.jpg\" \/>\n\t<meta property=\"og:image:width\" content=\"1200\" \/>\n\t<meta property=\"og:image:height\" content=\"800\" \/>\n\t<meta property=\"og:image:type\" content=\"image\/jpeg\" \/>\n<meta name=\"author\" content=\"Jorge Herrera\" \/>\n<meta name=\"twitter:card\" content=\"summary_large_image\" \/>\n<meta name=\"twitter:creator\" content=\"@virginmobile_cl\" \/>\n<meta name=\"twitter:site\" content=\"@virginmobile_cl\" \/>\n<meta name=\"twitter:label1\" content=\"Escrito por\" \/>\n\t<meta name=\"twitter:data1\" content=\"Jorge Herrera\" \/>\n\t<meta name=\"twitter:label2\" content=\"Tiempo estimado de lectura\" \/>\n\t<meta name=\"twitter:data2\" content=\"2 minutos\" \/>\n<script type=\"application\/ld+json\" class=\"yoast-schema-graph\">{\"@context\":\"https:\/\/schema.org\",\"@graph\":[{\"@type\":\"Article\",\"@id\":\"https:\/\/www.virginmobile.cl\/blog\/series\/hbo-max-chile\/serie-chilena-sobre-el-sename-se-estrenara-en-hbo-max-chile-y-mega\/#article\",\"isPartOf\":{\"@id\":\"https:\/\/www.virginmobile.cl\/blog\/series\/hbo-max-chile\/serie-chilena-sobre-el-sename-se-estrenara-en-hbo-max-chile-y-mega\/\"},\"author\":{\"name\":\"Jorge Herrera\",\"@id\":\"https:\/\/vmcl.space\/blog\/#\/schema\/person\/7dd3fe8aa95409efbc0c2651edad922c\"},\"headline\":\"Serie chilena sobre el Sename se estrenar\u00e1 en HBO Max Chile y Mega\",\"datePublished\":\"2021-10-28T13:40:23+00:00\",\"dateModified\":\"2022-02-24T18:25:08+00:00\",\"mainEntityOfPage\":{\"@id\":\"https:\/\/www.virginmobile.cl\/blog\/series\/hbo-max-chile\/serie-chilena-sobre-el-sename-se-estrenara-en-hbo-max-chile-y-mega\/\"},\"wordCount\":296,\"publisher\":{\"@id\":\"https:\/\/vmcl.space\/blog\/#organization\"},\"image\":{\"@id\":\"https:\/\/www.virginmobile.cl\/blog\/series\/hbo-max-chile\/serie-chilena-sobre-el-sename-se-estrenara-en-hbo-max-chile-y-mega\/#primaryimage\"},\"thumbnailUrl\":\"https:\/\/www.virginmobile.cl\/blog\/wp-content\/uploads\/2021\/10\/HBO-Max-Chile-serie-chilena.jpg\",\"keywords\":[\"HBO Max Chile\",\"sename\",\"Serie chilena\"],\"articleSection\":[\"HBO Max Chile\"],\"inLanguage\":\"es-CL\"},{\"@type\":\"WebPage\",\"@id\":\"https:\/\/www.virginmobile.cl\/blog\/series\/hbo-max-chile\/serie-chilena-sobre-el-sename-se-estrenara-en-hbo-max-chile-y-mega\/\",\"url\":\"https:\/\/www.virginmobile.cl\/blog\/series\/hbo-max-chile\/serie-chilena-sobre-el-sename-se-estrenara-en-hbo-max-chile-y-mega\/\",\"name\":\"Serie chilena sobre el Sename se estrenar\u00e1 en HBO Max Chile y Mega\",\"isPartOf\":{\"@id\":\"https:\/\/vmcl.space\/blog\/#website\"},\"primaryImageOfPage\":{\"@id\":\"https:\/\/www.virginmobile.cl\/blog\/series\/hbo-max-chile\/serie-chilena-sobre-el-sename-se-estrenara-en-hbo-max-chile-y-mega\/#primaryimage\"},\"image\":{\"@id\":\"https:\/\/www.virginmobile.cl\/blog\/series\/hbo-max-chile\/serie-chilena-sobre-el-sename-se-estrenara-en-hbo-max-chile-y-mega\/#primaryimage\"},\"thumbnailUrl\":\"https:\/\/www.virginmobile.cl\/blog\/wp-content\/uploads\/2021\/10\/HBO-Max-Chile-serie-chilena.jpg\",\"datePublished\":\"2021-10-28T13:40:23+00:00\",\"dateModified\":\"2022-02-24T18:25:08+00:00\",\"description\":\"La nueva serie chilena \u201cNo Nos Quieren Ver\u201d pondr\u00e1 en debate el funcionamiento del Sename. \u00a1Llegar\u00e1 al canal Mega y a HBO Max Chile!\",\"breadcrumb\":{\"@id\":\"https:\/\/www.virginmobile.cl\/blog\/series\/hbo-max-chile\/serie-chilena-sobre-el-sename-se-estrenara-en-hbo-max-chile-y-mega\/#breadcrumb\"},\"inLanguage\":\"es-CL\",\"potentialAction\":[{\"@type\":\"ReadAction\",\"target\":[\"https:\/\/www.virginmobile.cl\/blog\/series\/hbo-max-chile\/serie-chilena-sobre-el-sename-se-estrenara-en-hbo-max-chile-y-mega\/\"]}]},{\"@type\":\"ImageObject\",\"inLanguage\":\"es-CL\",\"@id\":\"https:\/\/www.virginmobile.cl\/blog\/series\/hbo-max-chile\/serie-chilena-sobre-el-sename-se-estrenara-en-hbo-max-chile-y-mega\/#primaryimage\",\"url\":\"https:\/\/www.virginmobile.cl\/blog\/wp-content\/uploads\/2021\/10\/HBO-Max-Chile-serie-chilena.jpg\",\"contentUrl\":\"https:\/\/www.virginmobile.cl\/blog\/wp-content\/uploads\/2021\/10\/HBO-Max-Chile-serie-chilena.jpg\",\"width\":1200,\"height\":800,\"caption\":\"Serie chilena sobre el Sename se estrenar\u00e1 en HBO Max Chile y Mega\"},{\"@type\":\"BreadcrumbList\",\"@id\":\"https:\/\/www.virginmobile.cl\/blog\/series\/hbo-max-chile\/serie-chilena-sobre-el-sename-se-estrenara-en-hbo-max-chile-y-mega\/#breadcrumb\",\"itemListElement\":[{\"@type\":\"ListItem\",\"position\":1,\"name\":\"Portada\",\"item\":\"https:\/\/vmcl.space\/blog\/\"},{\"@type\":\"ListItem\",\"position\":2,\"name\":\"Serie chilena sobre el Sename se estrenar\u00e1 en HBO Max Chile y Mega\"}]},{\"@type\":\"WebSite\",\"@id\":\"https:\/\/vmcl.space\/blog\/#website\",\"url\":\"https:\/\/vmcl.space\/blog\/\",\"name\":\"Naci\u00f3n Virgin - Virgin Mobile Chile\",\"description\":\"Lo que pasa ah\u00ed lo sabes aqu\u00ed\",\"publisher\":{\"@id\":\"https:\/\/vmcl.space\/blog\/#organization\"},\"potentialAction\":[{\"@type\":\"SearchAction\",\"target\":{\"@type\":\"EntryPoint\",\"urlTemplate\":\"https:\/\/vmcl.space\/blog\/?s={search_term_string}\"},\"query-input\":{\"@type\":\"PropertyValueSpecification\",\"valueRequired\":true,\"valueName\":\"search_term_string\"}}],\"inLanguage\":\"es-CL\"},{\"@type\":\"Organization\",\"@id\":\"https:\/\/vmcl.space\/blog\/#organization\",\"name\":\"Virgin Mobile\",\"url\":\"https:\/\/vmcl.space\/blog\/\",\"logo\":{\"@type\":\"ImageObject\",\"inLanguage\":\"es-CL\",\"@id\":\"https:\/\/vmcl.space\/blog\/#\/schema\/logo\/image\/\",\"url\":\"https:\/\/blog.virginmobile.cl\/wp-content\/uploads\/2018\/06\/logo_blog_v4.png\",\"contentUrl\":\"https:\/\/blog.virginmobile.cl\/wp-content\/uploads\/2018\/06\/logo_blog_v4.png\",\"width\":400,\"height\":400,\"caption\":\"Virgin Mobile\"},\"image\":{\"@id\":\"https:\/\/vmcl.space\/blog\/#\/schema\/logo\/image\/\"},\"sameAs\":[\"https:\/\/www.facebook.com\/VirginMobileChile\/\",\"https:\/\/x.com\/virginmobile_cl\",\"https:\/\/www.instagram.com\/virginmobile_cl\/\",\"https:\/\/www.linkedin.com\/company\/10255048\/admin\/\",\"https:\/\/www.youtube.com\/user\/VirginMobileChile\"]},{\"@type\":\"Person\",\"@id\":\"https:\/\/vmcl.space\/blog\/#\/schema\/person\/7dd3fe8aa95409efbc0c2651edad922c\",\"name\":\"Jorge Herrera\",\"image\":{\"@type\":\"ImageObject\",\"inLanguage\":\"es-CL\",\"@id\":\"https:\/\/secure.gravatar.com\/avatar\/08a675eb2009d32bc8481153d36d8296c68fcc62939ab075bfa2d959ff9025c2?s=96&d=mm&r=g\",\"url\":\"https:\/\/secure.gravatar.com\/avatar\/08a675eb2009d32bc8481153d36d8296c68fcc62939ab075bfa2d959ff9025c2?s=96&d=mm&r=g\",\"contentUrl\":\"https:\/\/secure.gravatar.com\/avatar\/08a675eb2009d32bc8481153d36d8296c68fcc62939ab075bfa2d959ff9025c2?s=96&d=mm&r=g\",\"caption\":\"Jorge Herrera\"},\"url\":\"https:\/\/www.virginmobile.cl\/blog\/author\/jorge-herrera\/\"}]}<\/script>\n<!-- \/ Yoast SEO plugin. -->","yoast_head_json":{"title":"Serie chilena sobre el Sename se estrenar\u00e1 en HBO Max Chile y Mega","description":"La nueva serie chilena \u201cNo Nos Quieren Ver\u201d pondr\u00e1 en debate el funcionamiento del Sename. \u00a1Llegar\u00e1 al canal Mega y a HBO Max Chile!","robots":{"index":"index","follow":"follow","max-snippet":"max-snippet:-1","max-image-preview":"max-image-preview:large","max-video-preview":"max-video-preview:-1"},"canonical":"https:\/\/www.virginmobile.cl\/blog\/series\/hbo-max-chile\/serie-chilena-sobre-el-sename-se-estrenara-en-hbo-max-chile-y-mega\/","og_locale":"es_ES","og_type":"article","og_title":"Serie chilena sobre el Sename se estrenar\u00e1 en HBO Max Chile y Mega","og_description":"La nueva serie chilena \u201cNo Nos Quieren Ver\u201d pondr\u00e1 en debate el funcionamiento del Sename. \u00a1Llegar\u00e1 al canal Mega y a HBO Max Chile!","og_url":"https:\/\/www.virginmobile.cl\/blog\/series\/hbo-max-chile\/serie-chilena-sobre-el-sename-se-estrenara-en-hbo-max-chile-y-mega\/","og_site_name":"Naci\u00f3n Virgin - Virgin Mobile Chile","article_publisher":"https:\/\/www.facebook.com\/VirginMobileChile\/","article_published_time":"2021-10-28T13:40:23+00:00","article_modified_time":"2022-02-24T18:25:08+00:00","og_image":[{"width":1200,"height":800,"url":"https:\/\/www.virginmobile.cl\/blog\/wp-content\/uploads\/2021\/10\/HBO-Max-Chile-serie-chilena.jpg","type":"image\/jpeg"}],"author":"Jorge Herrera","twitter_card":"summary_large_image","twitter_creator":"@virginmobile_cl","twitter_site":"@virginmobile_cl","twitter_misc":{"Escrito por":"Jorge Herrera","Tiempo estimado de lectura":"2 minutos"},"schema":{"@context":"https:\/\/schema.org","@graph":[{"@type":"Article","@id":"https:\/\/www.virginmobile.cl\/blog\/series\/hbo-max-chile\/serie-chilena-sobre-el-sename-se-estrenara-en-hbo-max-chile-y-mega\/#article","isPartOf":{"@id":"https:\/\/www.virginmobile.cl\/blog\/series\/hbo-max-chile\/serie-chilena-sobre-el-sename-se-estrenara-en-hbo-max-chile-y-mega\/"},"author":{"name":"Jorge Herrera","@id":"https:\/\/vmcl.space\/blog\/#\/schema\/person\/7dd3fe8aa95409efbc0c2651edad922c"},"headline":"Serie chilena sobre el Sename se estrenar\u00e1 en HBO Max Chile y Mega","datePublished":"2021-10-28T13:40:23+00:00","dateModified":"2022-02-24T18:25:08+00:00","mainEntityOfPage":{"@id":"https:\/\/www.virginmobile.cl\/blog\/series\/hbo-max-chile\/serie-chilena-sobre-el-sename-se-estrenara-en-hbo-max-chile-y-mega\/"},"wordCount":296,"publisher":{"@id":"https:\/\/vmcl.space\/blog\/#organization"},"image":{"@id":"https:\/\/www.virginmobile.cl\/blog\/series\/hbo-max-chile\/serie-chilena-sobre-el-sename-se-estrenara-en-hbo-max-chile-y-mega\/#primaryimage"},"thumbnailUrl":"https:\/\/www.virginmobile.cl\/blog\/wp-content\/uploads\/2021\/10\/HBO-Max-Chile-serie-chilena.jpg","keywords":["HBO Max Chile","sename","Serie chilena"],"articleSection":["HBO Max Chile"],"inLanguage":"es-CL"},{"@type":"WebPage","@id":"https:\/\/www.virginmobile.cl\/blog\/series\/hbo-max-chile\/serie-chilena-sobre-el-sename-se-estrenara-en-hbo-max-chile-y-mega\/","url":"https:\/\/www.virginmobile.cl\/blog\/series\/hbo-max-chile\/serie-chilena-sobre-el-sename-se-estrenara-en-hbo-max-chile-y-mega\/","name":"Serie chilena sobre el Sename se estrenar\u00e1 en HBO Max Chile y Mega","isPartOf":{"@id":"https:\/\/vmcl.space\/blog\/#website"},"primaryImageOfPage":{"@id":"https:\/\/www.virginmobile.cl\/blog\/series\/hbo-max-chile\/serie-chilena-sobre-el-sename-se-estrenara-en-hbo-max-chile-y-mega\/#primaryimage"},"image":{"@id":"https:\/\/www.virginmobile.cl\/blog\/series\/hbo-max-chile\/serie-chilena-sobre-el-sename-se-estrenara-en-hbo-max-chile-y-mega\/#primaryimage"},"thumbnailUrl":"https:\/\/www.virginmobile.cl\/blog\/wp-content\/uploads\/2021\/10\/HBO-Max-Chile-serie-chilena.jpg","datePublished":"2021-10-28T13:40:23+00:00","dateModified":"2022-02-24T18:25:08+00:00","description":"La nueva serie chilena \u201cNo Nos Quieren Ver\u201d pondr\u00e1 en debate el funcionamiento del Sename. \u00a1Llegar\u00e1 al canal Mega y a HBO Max Chile!","breadcrumb":{"@id":"https:\/\/www.virginmobile.cl\/blog\/series\/hbo-max-chile\/serie-chilena-sobre-el-sename-se-estrenara-en-hbo-max-chile-y-mega\/#breadcrumb"},"inLanguage":"es-CL","potentialAction":[{"@type":"ReadAction","target":["https:\/\/www.virginmobile.cl\/blog\/series\/hbo-max-chile\/serie-chilena-sobre-el-sename-se-estrenara-en-hbo-max-chile-y-mega\/"]}]},{"@type":"ImageObject","inLanguage":"es-CL","@id":"https:\/\/www.virginmobile.cl\/blog\/series\/hbo-max-chile\/serie-chilena-sobre-el-sename-se-estrenara-en-hbo-max-chile-y-mega\/#primaryimage","url":"https:\/\/www.virginmobile.cl\/blog\/wp-content\/uploads\/2021\/10\/HBO-Max-Chile-serie-chilena.jpg","contentUrl":"https:\/\/www.virginmobile.cl\/blog\/wp-content\/uploads\/2021\/10\/HBO-Max-Chile-serie-chilena.jpg","width":1200,"height":800,"caption":"Serie chilena sobre el Sename se estrenar\u00e1 en HBO Max Chile y Mega"},{"@type":"BreadcrumbList","@id":"https:\/\/www.virginmobile.cl\/blog\/series\/hbo-max-chile\/serie-chilena-sobre-el-sename-se-estrenara-en-hbo-max-chile-y-mega\/#breadcrumb","itemListElement":[{"@type":"ListItem","position":1,"name":"Portada","item":"https:\/\/vmcl.space\/blog\/"},{"@type":"ListItem","position":2,"name":"Serie chilena sobre el Sename se estrenar\u00e1 en HBO Max Chile y Mega"}]},{"@type":"WebSite","@id":"https:\/\/vmcl.space\/blog\/#website","url":"https:\/\/vmcl.space\/blog\/","name":"Naci\u00f3n Virgin - Virgin Mobile Chile","description":"Lo que pasa ah\u00ed lo sabes aqu\u00ed","publisher":{"@id":"https:\/\/vmcl.space\/blog\/#organization"},"potentialAction":[{"@type":"SearchAction","target":{"@type":"EntryPoint","urlTemplate":"https:\/\/vmcl.space\/blog\/?s={search_term_string}"},"query-input":{"@type":"PropertyValueSpecification","valueRequired":true,"valueName":"search_term_string"}}],"inLanguage":"es-CL"},{"@type":"Organization","@id":"https:\/\/vmcl.space\/blog\/#organization","name":"Virgin Mobile","url":"https:\/\/vmcl.space\/blog\/","logo":{"@type":"ImageObject","inLanguage":"es-CL","@id":"https:\/\/vmcl.space\/blog\/#\/schema\/logo\/image\/","url":"https:\/\/blog.virginmobile.cl\/wp-content\/uploads\/2018\/06\/logo_blog_v4.png","contentUrl":"https:\/\/blog.virginmobile.cl\/wp-content\/uploads\/2018\/06\/logo_blog_v4.png","width":400,"height":400,"caption":"Virgin Mobile"},"image":{"@id":"https:\/\/vmcl.space\/blog\/#\/schema\/logo\/image\/"},"sameAs":["https:\/\/www.facebook.com\/VirginMobileChile\/","https:\/\/x.com\/virginmobile_cl","https:\/\/www.instagram.com\/virginmobile_cl\/","https:\/\/www.linkedin.com\/company\/10255048\/admin\/","https:\/\/www.youtube.com\/user\/VirginMobileChile"]},{"@type":"Person","@id":"https:\/\/vmcl.space\/blog\/#\/schema\/person\/7dd3fe8aa95409efbc0c2651edad922c","name":"Jorge Herrera","image":{"@type":"ImageObject","inLanguage":"es-CL","@id":"https:\/\/secure.gravatar.com\/avatar\/08a675eb2009d32bc8481153d36d8296c68fcc62939ab075bfa2d959ff9025c2?s=96&d=mm&r=g","url":"https:\/\/secure.gravatar.com\/avatar\/08a675eb2009d32bc8481153d36d8296c68fcc62939ab075bfa2d959ff9025c2?s=96&d=mm&r=g","contentUrl":"https:\/\/secure.gravatar.com\/avatar\/08a675eb2009d32bc8481153d36d8296c68fcc62939ab075bfa2d959ff9025c2?s=96&d=mm&r=g","caption":"Jorge Herrera"},"url":"https:\/\/www.virginmobile.cl\/blog\/author\/jorge-herrera\/"}]}},"_links":{"self":[{"href":"https:\/\/www.virginmobile.cl\/blog\/wp-json\/wp\/v2\/posts\/6106","targetHints":{"allow":["GET"]}}],"collection":[{"href":"https:\/\/www.virginmobile.cl\/blog\/wp-json\/wp\/v2\/posts"}],"about":[{"href":"https:\/\/www.virginmobile.cl\/blog\/wp-json\/wp\/v2\/types\/post"}],"author":[{"embeddable":true,"href":"https:\/\/www.virginmobile.cl\/blog\/wp-json\/wp\/v2\/users\/2"}],"replies":[{"embeddable":true,"href":"https:\/\/www.virginmobile.cl\/blog\/wp-json\/wp\/v2\/comments?post=6106"}],"version-history":[{"count":1,"href":"https:\/\/www.virginmobile.cl\/blog\/wp-json\/wp\/v2\/posts\/6106\/revisions"}],"predecessor-version":[{"id":6107,"href":"https:\/\/www.virginmobile.cl\/blog\/wp-json\/wp\/v2\/posts\/6106\/revisions\/6107"}],"wp:featuredmedia":[{"embeddable":true,"href":"https:\/\/www.virginmobile.cl\/blog\/wp-json\/wp\/v2\/media\/6108"}],"wp:attachment":[{"href":"https:\/\/www.virginmobile.cl\/blog\/wp-json\/wp\/v2\/media?parent=6106"}],"wp:term":[{"taxonomy":"category","embeddable":true,"href":"https:\/\/www.virginmobile.cl\/blog\/wp-json\/wp\/v2\/categories?post=6106"},{"taxonomy":"post_tag","embeddable":true,"href":"https:\/\/www.virginmobile.cl\/blog\/wp-json\/wp\/v2\/tags?post=6106"}],"curies":[{"name":"wp","href":"https:\/\/api.w.org\/{rel}","templated":true}]}}