{"id":6101,"date":"2021-10-27T09:56:22","date_gmt":"2021-10-27T13:56:22","guid":{"rendered":"https:\/\/blog.virginmobile.cl\/?p=6101"},"modified":"2022-02-24T14:25:07","modified_gmt":"2022-02-24T18:25:07","slug":"otro-doctor-le-dice-adios-a-al-elenco-de-the-good-doctor","status":"publish","type":"post","link":"https:\/\/www.virginmobile.cl\/blog\/series\/otro-doctor-le-dice-adios-a-al-elenco-de-the-good-doctor\/","title":{"rendered":"Otro doctor le dice adi\u00f3s a al elenco de The Good Doctor"},"content":{"rendered":"\n<p>La salida de este doctor est\u00e1 dando de qu\u00e9 hablar, ya que no hace mucho fue incorporado al elenco de <a href=\"https:\/\/blog.virginmobile.cl\/series\/netflix-chile\/the-good-doctor-la-serie-de-los-doctores-llegara-a-netflix\">The Good Doctor<\/a>. \u00bfDe qui\u00e9n se tratar\u00e1 y cu\u00e1les ser\u00e1n sus motivos?<\/p>\n\n\n\n<p>El drama m\u00e9dico del momento de la ABC ya nos hizo sufrir en la tercera temporada con la tr\u00e1gica salida del <strong>Dr. Melendez <\/strong>(Nicholas Gonz\u00e1lez) y en la cuarta con la<strong> Dra. Claire <\/strong>(Antonia Thomas), qui\u00e9n se fue de la serie buscando nuevos rumbos. Ahora ser\u00e1 el turno de nada m\u00e1s ni nada menos que: Osvaldo Benavides.<\/p>\n\n\n\n<h2 class=\"wp-block-heading\"><strong>The Good Doctor: \u00a1Adi\u00f3s Dr. Mateo Rend\u00f3n Osman!&nbsp;<\/strong><\/h2>\n\n\n\n<p>Seg\u00fan el medio <a href=\"https:\/\/tvline.com\/2021\/10\/25\/the-good-doctor-osvaldo-benavides-leaving-mateo-lim-boyfriend-season-5\/\">TVLine<\/a>, se dio a conocer que la estrella reci\u00e9n incorporada a la serie estar\u00eda abandonando su papel como el <strong>Dr. Mateo<\/strong> en un pr\u00f3ximo episodio de la quinta entrega.&nbsp;<\/p>\n\n\n\n<p>El debut de este personaje fue en los \u00faltimos cap\u00edtulos de la cuarta temporada, cuando el equipo de cirujanos viaj\u00f3 a <strong>Guatemala <\/strong>para asistir en un hospital de bajos recursos. Ah\u00ed vemos por primera vez en pantalla al cirujano mexicano <strong>Dr. Mateo Rend\u00f3n<\/strong>, quien decide viajar de regreso con el equipo para probar suerte en USA.\u00a0<\/p>\n\n\n\n<figure class=\"wp-block-image size-large\"><img loading=\"lazy\" decoding=\"async\" width=\"700\" height=\"394\" src=\"https:\/\/blog.virginmobile.cl\/wp-content\/uploads\/2021\/10\/The-Good-Doctor_elenco.jpg\" alt=\"Otro doctor le dice adi\u00f3s a al elenco de The Good Doctor\" class=\"wp-image-6104\" srcset=\"https:\/\/www.virginmobile.cl\/blog\/wp-content\/uploads\/2021\/10\/The-Good-Doctor_elenco.jpg 700w, https:\/\/www.virginmobile.cl\/blog\/wp-content\/uploads\/2021\/10\/The-Good-Doctor_elenco-300x169.jpg 300w\" sizes=\"auto, (max-width: 700px) 100vw, 700px\" \/><\/figure>\n\n\n\n<p>Esta noticia sacudi\u00f3 a los fan\u00e1ticos de The Good Doctor, ya que es una repentina salida para un personaje recurrente que se volvi\u00f3 importante con el pasar de los cap\u00edtulos. Dr. Mateo hab\u00eda encontrado el camino al hospital y formando una <strong>relaci\u00f3n con la Dra. Audrey Lim<\/strong>, la que aparentemente iba a seguir adelante. \u00bfPor qu\u00e9 retirarse ahora?<\/p>\n\n\n\n<p>La salida de Osvaldo Benavides nos hace cuestionar si realmente este fue el camino que siempre tuvo su personaje o hubo un <strong>motivo detr\u00e1s de c\u00e1maras<\/strong>. Solo queda esperar un anuncio oficial por parte de los productores y saber los detalles y verdaderas razones de su repentina salida.<\/p>\n","protected":false},"excerpt":{"rendered":"<p>La salida de este doctor est\u00e1 dando de qu\u00e9 hablar, ya que no hace mucho fue incorporado al elenco de The Good Doctor. \u00bfDe qui\u00e9n se tratar\u00e1 y cu\u00e1les ser\u00e1n sus motivos? El drama m\u00e9dico del momento de la ABC ya nos hizo sufrir en la tercera temporada con la tr\u00e1gica salida del Dr. Melendez [&hellip;]<\/p>\n","protected":false},"author":2,"featured_media":6103,"comment_status":"closed","ping_status":"closed","sticky":false,"template":"","format":"standard","meta":{"footnotes":""},"categories":[198],"tags":[1272,1138],"class_list":["post-6101","post","type-post","status-publish","format-standard","has-post-thumbnail","hentry","category-series","tag-dr-mateo-rendon-osman","tag-the-good-doctor"],"yoast_head":"<!-- This site is optimized with the Yoast SEO plugin v27.2 - https:\/\/yoast.com\/product\/yoast-seo-wordpress\/ -->\n<title>Otro doctor le dice adi\u00f3s a al elenco de The Good Doctor<\/title>\n<meta name=\"description\" content=\"Un nuevo actor se despide de la serie The Good Doctor y eso que hab\u00eda llegado hace poco :O \u00a1Ent\u00e9rate de todo aqu\u00ed en Naci\u00f3n Virgin!\" \/>\n<meta name=\"robots\" content=\"index, follow, max-snippet:-1, max-image-preview:large, max-video-preview:-1\" \/>\n<link rel=\"canonical\" href=\"https:\/\/www.virginmobile.cl\/blog\/series\/otro-doctor-le-dice-adios-a-al-elenco-de-the-good-doctor\/\" \/>\n<meta property=\"og:locale\" content=\"es_ES\" \/>\n<meta property=\"og:type\" content=\"article\" \/>\n<meta property=\"og:title\" content=\"Otro doctor le dice adi\u00f3s a al elenco de The Good Doctor\" \/>\n<meta property=\"og:description\" content=\"Un nuevo actor se despide de la serie The Good Doctor y eso que hab\u00eda llegado hace poco :O \u00a1Ent\u00e9rate de todo aqu\u00ed en Naci\u00f3n Virgin!\" \/>\n<meta property=\"og:url\" content=\"https:\/\/www.virginmobile.cl\/blog\/series\/otro-doctor-le-dice-adios-a-al-elenco-de-the-good-doctor\/\" \/>\n<meta property=\"og:site_name\" content=\"Naci\u00f3n Virgin - Virgin Mobile Chile\" \/>\n<meta property=\"article:publisher\" content=\"https:\/\/www.facebook.com\/VirginMobileChile\/\" \/>\n<meta property=\"article:published_time\" content=\"2021-10-27T13:56:22+00:00\" \/>\n<meta property=\"article:modified_time\" content=\"2022-02-24T18:25:07+00:00\" \/>\n<meta property=\"og:image\" content=\"https:\/\/www.virginmobile.cl\/blog\/wp-content\/uploads\/2021\/10\/The-Good-Doctor-actor.jpg\" \/>\n\t<meta property=\"og:image:width\" content=\"1200\" \/>\n\t<meta property=\"og:image:height\" content=\"800\" \/>\n\t<meta property=\"og:image:type\" content=\"image\/jpeg\" \/>\n<meta name=\"author\" content=\"Jorge Herrera\" \/>\n<meta name=\"twitter:card\" content=\"summary_large_image\" \/>\n<meta name=\"twitter:creator\" content=\"@virginmobile_cl\" \/>\n<meta name=\"twitter:site\" content=\"@virginmobile_cl\" \/>\n<meta name=\"twitter:label1\" content=\"Escrito por\" \/>\n\t<meta name=\"twitter:data1\" content=\"Jorge Herrera\" \/>\n\t<meta name=\"twitter:label2\" content=\"Tiempo estimado de lectura\" \/>\n\t<meta name=\"twitter:data2\" content=\"2 minutos\" \/>\n<script type=\"application\/ld+json\" class=\"yoast-schema-graph\">{\"@context\":\"https:\/\/schema.org\",\"@graph\":[{\"@type\":\"Article\",\"@id\":\"https:\/\/www.virginmobile.cl\/blog\/series\/otro-doctor-le-dice-adios-a-al-elenco-de-the-good-doctor\/#article\",\"isPartOf\":{\"@id\":\"https:\/\/www.virginmobile.cl\/blog\/series\/otro-doctor-le-dice-adios-a-al-elenco-de-the-good-doctor\/\"},\"author\":{\"name\":\"Jorge Herrera\",\"@id\":\"https:\/\/vmcl.space\/blog\/#\/schema\/person\/7dd3fe8aa95409efbc0c2651edad922c\"},\"headline\":\"Otro doctor le dice adi\u00f3s a al elenco de The Good Doctor\",\"datePublished\":\"2021-10-27T13:56:22+00:00\",\"dateModified\":\"2022-02-24T18:25:07+00:00\",\"mainEntityOfPage\":{\"@id\":\"https:\/\/www.virginmobile.cl\/blog\/series\/otro-doctor-le-dice-adios-a-al-elenco-de-the-good-doctor\/\"},\"wordCount\":328,\"publisher\":{\"@id\":\"https:\/\/vmcl.space\/blog\/#organization\"},\"image\":{\"@id\":\"https:\/\/www.virginmobile.cl\/blog\/series\/otro-doctor-le-dice-adios-a-al-elenco-de-the-good-doctor\/#primaryimage\"},\"thumbnailUrl\":\"https:\/\/www.virginmobile.cl\/blog\/wp-content\/uploads\/2021\/10\/The-Good-Doctor-actor.jpg\",\"keywords\":[\"Dr. Mateo Rend\u00f3n Osman\",\"The Good Doctor\"],\"articleSection\":[\"Series\"],\"inLanguage\":\"es-CL\"},{\"@type\":\"WebPage\",\"@id\":\"https:\/\/www.virginmobile.cl\/blog\/series\/otro-doctor-le-dice-adios-a-al-elenco-de-the-good-doctor\/\",\"url\":\"https:\/\/www.virginmobile.cl\/blog\/series\/otro-doctor-le-dice-adios-a-al-elenco-de-the-good-doctor\/\",\"name\":\"Otro doctor le dice adi\u00f3s a al elenco de The Good Doctor\",\"isPartOf\":{\"@id\":\"https:\/\/vmcl.space\/blog\/#website\"},\"primaryImageOfPage\":{\"@id\":\"https:\/\/www.virginmobile.cl\/blog\/series\/otro-doctor-le-dice-adios-a-al-elenco-de-the-good-doctor\/#primaryimage\"},\"image\":{\"@id\":\"https:\/\/www.virginmobile.cl\/blog\/series\/otro-doctor-le-dice-adios-a-al-elenco-de-the-good-doctor\/#primaryimage\"},\"thumbnailUrl\":\"https:\/\/www.virginmobile.cl\/blog\/wp-content\/uploads\/2021\/10\/The-Good-Doctor-actor.jpg\",\"datePublished\":\"2021-10-27T13:56:22+00:00\",\"dateModified\":\"2022-02-24T18:25:07+00:00\",\"description\":\"Un nuevo actor se despide de la serie The Good Doctor y eso que hab\u00eda llegado hace poco :O \u00a1Ent\u00e9rate de todo aqu\u00ed en Naci\u00f3n Virgin!\",\"breadcrumb\":{\"@id\":\"https:\/\/www.virginmobile.cl\/blog\/series\/otro-doctor-le-dice-adios-a-al-elenco-de-the-good-doctor\/#breadcrumb\"},\"inLanguage\":\"es-CL\",\"potentialAction\":[{\"@type\":\"ReadAction\",\"target\":[\"https:\/\/www.virginmobile.cl\/blog\/series\/otro-doctor-le-dice-adios-a-al-elenco-de-the-good-doctor\/\"]}]},{\"@type\":\"ImageObject\",\"inLanguage\":\"es-CL\",\"@id\":\"https:\/\/www.virginmobile.cl\/blog\/series\/otro-doctor-le-dice-adios-a-al-elenco-de-the-good-doctor\/#primaryimage\",\"url\":\"https:\/\/www.virginmobile.cl\/blog\/wp-content\/uploads\/2021\/10\/The-Good-Doctor-actor.jpg\",\"contentUrl\":\"https:\/\/www.virginmobile.cl\/blog\/wp-content\/uploads\/2021\/10\/The-Good-Doctor-actor.jpg\",\"width\":1200,\"height\":800,\"caption\":\"Otro doctor le dice adi\u00f3s a al elenco de The Good Doctor\"},{\"@type\":\"BreadcrumbList\",\"@id\":\"https:\/\/www.virginmobile.cl\/blog\/series\/otro-doctor-le-dice-adios-a-al-elenco-de-the-good-doctor\/#breadcrumb\",\"itemListElement\":[{\"@type\":\"ListItem\",\"position\":1,\"name\":\"Portada\",\"item\":\"https:\/\/vmcl.space\/blog\/\"},{\"@type\":\"ListItem\",\"position\":2,\"name\":\"Otro doctor le dice adi\u00f3s a al elenco de The Good Doctor\"}]},{\"@type\":\"WebSite\",\"@id\":\"https:\/\/vmcl.space\/blog\/#website\",\"url\":\"https:\/\/vmcl.space\/blog\/\",\"name\":\"Naci\u00f3n Virgin - Virgin Mobile Chile\",\"description\":\"Lo que pasa ah\u00ed lo sabes aqu\u00ed\",\"publisher\":{\"@id\":\"https:\/\/vmcl.space\/blog\/#organization\"},\"potentialAction\":[{\"@type\":\"SearchAction\",\"target\":{\"@type\":\"EntryPoint\",\"urlTemplate\":\"https:\/\/vmcl.space\/blog\/?s={search_term_string}\"},\"query-input\":{\"@type\":\"PropertyValueSpecification\",\"valueRequired\":true,\"valueName\":\"search_term_string\"}}],\"inLanguage\":\"es-CL\"},{\"@type\":\"Organization\",\"@id\":\"https:\/\/vmcl.space\/blog\/#organization\",\"name\":\"Virgin Mobile\",\"url\":\"https:\/\/vmcl.space\/blog\/\",\"logo\":{\"@type\":\"ImageObject\",\"inLanguage\":\"es-CL\",\"@id\":\"https:\/\/vmcl.space\/blog\/#\/schema\/logo\/image\/\",\"url\":\"https:\/\/blog.virginmobile.cl\/wp-content\/uploads\/2018\/06\/logo_blog_v4.png\",\"contentUrl\":\"https:\/\/blog.virginmobile.cl\/wp-content\/uploads\/2018\/06\/logo_blog_v4.png\",\"width\":400,\"height\":400,\"caption\":\"Virgin Mobile\"},\"image\":{\"@id\":\"https:\/\/vmcl.space\/blog\/#\/schema\/logo\/image\/\"},\"sameAs\":[\"https:\/\/www.facebook.com\/VirginMobileChile\/\",\"https:\/\/x.com\/virginmobile_cl\",\"https:\/\/www.instagram.com\/virginmobile_cl\/\",\"https:\/\/www.linkedin.com\/company\/10255048\/admin\/\",\"https:\/\/www.youtube.com\/user\/VirginMobileChile\"]},{\"@type\":\"Person\",\"@id\":\"https:\/\/vmcl.space\/blog\/#\/schema\/person\/7dd3fe8aa95409efbc0c2651edad922c\",\"name\":\"Jorge Herrera\",\"image\":{\"@type\":\"ImageObject\",\"inLanguage\":\"es-CL\",\"@id\":\"https:\/\/secure.gravatar.com\/avatar\/08a675eb2009d32bc8481153d36d8296c68fcc62939ab075bfa2d959ff9025c2?s=96&d=mm&r=g\",\"url\":\"https:\/\/secure.gravatar.com\/avatar\/08a675eb2009d32bc8481153d36d8296c68fcc62939ab075bfa2d959ff9025c2?s=96&d=mm&r=g\",\"contentUrl\":\"https:\/\/secure.gravatar.com\/avatar\/08a675eb2009d32bc8481153d36d8296c68fcc62939ab075bfa2d959ff9025c2?s=96&d=mm&r=g\",\"caption\":\"Jorge Herrera\"},\"url\":\"https:\/\/www.virginmobile.cl\/blog\/author\/jorge-herrera\/\"}]}<\/script>\n<!-- \/ Yoast SEO plugin. -->","yoast_head_json":{"title":"Otro doctor le dice adi\u00f3s a al elenco de The Good Doctor","description":"Un nuevo actor se despide de la serie The Good Doctor y eso que hab\u00eda llegado hace poco :O \u00a1Ent\u00e9rate de todo aqu\u00ed en Naci\u00f3n Virgin!","robots":{"index":"index","follow":"follow","max-snippet":"max-snippet:-1","max-image-preview":"max-image-preview:large","max-video-preview":"max-video-preview:-1"},"canonical":"https:\/\/www.virginmobile.cl\/blog\/series\/otro-doctor-le-dice-adios-a-al-elenco-de-the-good-doctor\/","og_locale":"es_ES","og_type":"article","og_title":"Otro doctor le dice adi\u00f3s a al elenco de The Good Doctor","og_description":"Un nuevo actor se despide de la serie The Good Doctor y eso que hab\u00eda llegado hace poco :O \u00a1Ent\u00e9rate de todo aqu\u00ed en Naci\u00f3n Virgin!","og_url":"https:\/\/www.virginmobile.cl\/blog\/series\/otro-doctor-le-dice-adios-a-al-elenco-de-the-good-doctor\/","og_site_name":"Naci\u00f3n Virgin - Virgin Mobile Chile","article_publisher":"https:\/\/www.facebook.com\/VirginMobileChile\/","article_published_time":"2021-10-27T13:56:22+00:00","article_modified_time":"2022-02-24T18:25:07+00:00","og_image":[{"width":1200,"height":800,"url":"https:\/\/www.virginmobile.cl\/blog\/wp-content\/uploads\/2021\/10\/The-Good-Doctor-actor.jpg","type":"image\/jpeg"}],"author":"Jorge Herrera","twitter_card":"summary_large_image","twitter_creator":"@virginmobile_cl","twitter_site":"@virginmobile_cl","twitter_misc":{"Escrito por":"Jorge Herrera","Tiempo estimado de lectura":"2 minutos"},"schema":{"@context":"https:\/\/schema.org","@graph":[{"@type":"Article","@id":"https:\/\/www.virginmobile.cl\/blog\/series\/otro-doctor-le-dice-adios-a-al-elenco-de-the-good-doctor\/#article","isPartOf":{"@id":"https:\/\/www.virginmobile.cl\/blog\/series\/otro-doctor-le-dice-adios-a-al-elenco-de-the-good-doctor\/"},"author":{"name":"Jorge Herrera","@id":"https:\/\/vmcl.space\/blog\/#\/schema\/person\/7dd3fe8aa95409efbc0c2651edad922c"},"headline":"Otro doctor le dice adi\u00f3s a al elenco de The Good Doctor","datePublished":"2021-10-27T13:56:22+00:00","dateModified":"2022-02-24T18:25:07+00:00","mainEntityOfPage":{"@id":"https:\/\/www.virginmobile.cl\/blog\/series\/otro-doctor-le-dice-adios-a-al-elenco-de-the-good-doctor\/"},"wordCount":328,"publisher":{"@id":"https:\/\/vmcl.space\/blog\/#organization"},"image":{"@id":"https:\/\/www.virginmobile.cl\/blog\/series\/otro-doctor-le-dice-adios-a-al-elenco-de-the-good-doctor\/#primaryimage"},"thumbnailUrl":"https:\/\/www.virginmobile.cl\/blog\/wp-content\/uploads\/2021\/10\/The-Good-Doctor-actor.jpg","keywords":["Dr. Mateo Rend\u00f3n Osman","The Good Doctor"],"articleSection":["Series"],"inLanguage":"es-CL"},{"@type":"WebPage","@id":"https:\/\/www.virginmobile.cl\/blog\/series\/otro-doctor-le-dice-adios-a-al-elenco-de-the-good-doctor\/","url":"https:\/\/www.virginmobile.cl\/blog\/series\/otro-doctor-le-dice-adios-a-al-elenco-de-the-good-doctor\/","name":"Otro doctor le dice adi\u00f3s a al elenco de The Good Doctor","isPartOf":{"@id":"https:\/\/vmcl.space\/blog\/#website"},"primaryImageOfPage":{"@id":"https:\/\/www.virginmobile.cl\/blog\/series\/otro-doctor-le-dice-adios-a-al-elenco-de-the-good-doctor\/#primaryimage"},"image":{"@id":"https:\/\/www.virginmobile.cl\/blog\/series\/otro-doctor-le-dice-adios-a-al-elenco-de-the-good-doctor\/#primaryimage"},"thumbnailUrl":"https:\/\/www.virginmobile.cl\/blog\/wp-content\/uploads\/2021\/10\/The-Good-Doctor-actor.jpg","datePublished":"2021-10-27T13:56:22+00:00","dateModified":"2022-02-24T18:25:07+00:00","description":"Un nuevo actor se despide de la serie The Good Doctor y eso que hab\u00eda llegado hace poco :O \u00a1Ent\u00e9rate de todo aqu\u00ed en Naci\u00f3n Virgin!","breadcrumb":{"@id":"https:\/\/www.virginmobile.cl\/blog\/series\/otro-doctor-le-dice-adios-a-al-elenco-de-the-good-doctor\/#breadcrumb"},"inLanguage":"es-CL","potentialAction":[{"@type":"ReadAction","target":["https:\/\/www.virginmobile.cl\/blog\/series\/otro-doctor-le-dice-adios-a-al-elenco-de-the-good-doctor\/"]}]},{"@type":"ImageObject","inLanguage":"es-CL","@id":"https:\/\/www.virginmobile.cl\/blog\/series\/otro-doctor-le-dice-adios-a-al-elenco-de-the-good-doctor\/#primaryimage","url":"https:\/\/www.virginmobile.cl\/blog\/wp-content\/uploads\/2021\/10\/The-Good-Doctor-actor.jpg","contentUrl":"https:\/\/www.virginmobile.cl\/blog\/wp-content\/uploads\/2021\/10\/The-Good-Doctor-actor.jpg","width":1200,"height":800,"caption":"Otro doctor le dice adi\u00f3s a al elenco de The Good Doctor"},{"@type":"BreadcrumbList","@id":"https:\/\/www.virginmobile.cl\/blog\/series\/otro-doctor-le-dice-adios-a-al-elenco-de-the-good-doctor\/#breadcrumb","itemListElement":[{"@type":"ListItem","position":1,"name":"Portada","item":"https:\/\/vmcl.space\/blog\/"},{"@type":"ListItem","position":2,"name":"Otro doctor le dice adi\u00f3s a al elenco de The Good Doctor"}]},{"@type":"WebSite","@id":"https:\/\/vmcl.space\/blog\/#website","url":"https:\/\/vmcl.space\/blog\/","name":"Naci\u00f3n Virgin - Virgin Mobile Chile","description":"Lo que pasa ah\u00ed lo sabes aqu\u00ed","publisher":{"@id":"https:\/\/vmcl.space\/blog\/#organization"},"potentialAction":[{"@type":"SearchAction","target":{"@type":"EntryPoint","urlTemplate":"https:\/\/vmcl.space\/blog\/?s={search_term_string}"},"query-input":{"@type":"PropertyValueSpecification","valueRequired":true,"valueName":"search_term_string"}}],"inLanguage":"es-CL"},{"@type":"Organization","@id":"https:\/\/vmcl.space\/blog\/#organization","name":"Virgin Mobile","url":"https:\/\/vmcl.space\/blog\/","logo":{"@type":"ImageObject","inLanguage":"es-CL","@id":"https:\/\/vmcl.space\/blog\/#\/schema\/logo\/image\/","url":"https:\/\/blog.virginmobile.cl\/wp-content\/uploads\/2018\/06\/logo_blog_v4.png","contentUrl":"https:\/\/blog.virginmobile.cl\/wp-content\/uploads\/2018\/06\/logo_blog_v4.png","width":400,"height":400,"caption":"Virgin Mobile"},"image":{"@id":"https:\/\/vmcl.space\/blog\/#\/schema\/logo\/image\/"},"sameAs":["https:\/\/www.facebook.com\/VirginMobileChile\/","https:\/\/x.com\/virginmobile_cl","https:\/\/www.instagram.com\/virginmobile_cl\/","https:\/\/www.linkedin.com\/company\/10255048\/admin\/","https:\/\/www.youtube.com\/user\/VirginMobileChile"]},{"@type":"Person","@id":"https:\/\/vmcl.space\/blog\/#\/schema\/person\/7dd3fe8aa95409efbc0c2651edad922c","name":"Jorge Herrera","image":{"@type":"ImageObject","inLanguage":"es-CL","@id":"https:\/\/secure.gravatar.com\/avatar\/08a675eb2009d32bc8481153d36d8296c68fcc62939ab075bfa2d959ff9025c2?s=96&d=mm&r=g","url":"https:\/\/secure.gravatar.com\/avatar\/08a675eb2009d32bc8481153d36d8296c68fcc62939ab075bfa2d959ff9025c2?s=96&d=mm&r=g","contentUrl":"https:\/\/secure.gravatar.com\/avatar\/08a675eb2009d32bc8481153d36d8296c68fcc62939ab075bfa2d959ff9025c2?s=96&d=mm&r=g","caption":"Jorge Herrera"},"url":"https:\/\/www.virginmobile.cl\/blog\/author\/jorge-herrera\/"}]}},"_links":{"self":[{"href":"https:\/\/www.virginmobile.cl\/blog\/wp-json\/wp\/v2\/posts\/6101","targetHints":{"allow":["GET"]}}],"collection":[{"href":"https:\/\/www.virginmobile.cl\/blog\/wp-json\/wp\/v2\/posts"}],"about":[{"href":"https:\/\/www.virginmobile.cl\/blog\/wp-json\/wp\/v2\/types\/post"}],"author":[{"embeddable":true,"href":"https:\/\/www.virginmobile.cl\/blog\/wp-json\/wp\/v2\/users\/2"}],"replies":[{"embeddable":true,"href":"https:\/\/www.virginmobile.cl\/blog\/wp-json\/wp\/v2\/comments?post=6101"}],"version-history":[{"count":2,"href":"https:\/\/www.virginmobile.cl\/blog\/wp-json\/wp\/v2\/posts\/6101\/revisions"}],"predecessor-version":[{"id":6105,"href":"https:\/\/www.virginmobile.cl\/blog\/wp-json\/wp\/v2\/posts\/6101\/revisions\/6105"}],"wp:featuredmedia":[{"embeddable":true,"href":"https:\/\/www.virginmobile.cl\/blog\/wp-json\/wp\/v2\/media\/6103"}],"wp:attachment":[{"href":"https:\/\/www.virginmobile.cl\/blog\/wp-json\/wp\/v2\/media?parent=6101"}],"wp:term":[{"taxonomy":"category","embeddable":true,"href":"https:\/\/www.virginmobile.cl\/blog\/wp-json\/wp\/v2\/categories?post=6101"},{"taxonomy":"post_tag","embeddable":true,"href":"https:\/\/www.virginmobile.cl\/blog\/wp-json\/wp\/v2\/tags?post=6101"}],"curies":[{"name":"wp","href":"https:\/\/api.w.org\/{rel}","templated":true}]}}