{"id":5834,"date":"2021-09-19T09:20:00","date_gmt":"2021-09-19T13:20:00","guid":{"rendered":"https:\/\/blog.virginmobile.cl\/?p=5834"},"modified":"2022-02-24T14:27:08","modified_gmt":"2022-02-24T18:27:08","slug":"detectan-luz-en-un-agujero-negro-que-significa","status":"publish","type":"post","link":"https:\/\/www.virginmobile.cl\/blog\/noticias\/detectan-luz-en-un-agujero-negro-que-significa\/","title":{"rendered":"Detectan luz en un agujero negro: \u00bfqu\u00e9 significa?"},"content":{"rendered":"\n<p>\u00bfTe apasiona la astronom\u00eda? S\u00ed es as\u00ed, te interesar\u00e1 saber que la observaci\u00f3n directa de la luz detr\u00e1s de un agujero negro, finalmente, se llev\u00f3 a cabo. De esta forma, se confirma uno de los postulados de la teor\u00eda general de la relatividad de Albert Einstein, y se avanza en cuanto al desarrollo de nuevas tecnolog\u00edas.&nbsp;<\/p>\n\n\n\n<p>\u00bfNo sabes de qu\u00e9 se trata? \u00a1No te preocupes! En&nbsp;<a href=\"https:\/\/blog.virginmobile.cl\/\">Naci\u00f3n Virgin<\/a>&nbsp;te entregamos los detalles para que puedas profundizar en este hecho.&nbsp;<\/p>\n\n\n\n<h2 class=\"wp-block-heading\">La observaci\u00f3n: un hecho sin precedentes<\/h2>\n\n\n\n<p>El astrof\u00edsico Dan Wilkins de la Universidad de Standford observ\u00f3 un patr\u00f3n enigm\u00e1tico en los rayos X lanzados al universo. Esto se realiz\u00f3 hacia un agujero negro supermasivo que se encuentra en el centro de&nbsp;<a rel=\"noreferrer noopener\" target=\"_blank\" href=\"https:\/\/academic.oup.com\/mnras\/article\/377\/1\/391\/1746901\">I Zwicky 1<\/a>, una galaxia espiral que se encuentra a 800 millones de a\u00f1os luz de la Tierra.<\/p>\n\n\n\n<p>Como quiz\u00e1s has escuchado, los agujeros negros son conocidos en el mundo cient\u00edfico porque lo que entra en ellos nunca m\u00e1s sale, incluyendo la luz.&nbsp;<\/p>\n\n\n\n<p>Sin embargo, uno de los postulados de la teor\u00eda de la relatividad indica que un agujero negro deforma el espacio, de manera que la luz que pueda entrar se dobla y retuerce los campos magn\u00e9ticos a su alrededor.&nbsp;<\/p>\n\n\n\n<p>Este fen\u00f3meno fue el que observaron los cient\u00edficos de la Universidad de Standford y de la cual sacaron una&nbsp;<a rel=\"noreferrer noopener\" target=\"_blank\" href=\"https:\/\/www.nature.com\/articles\/s41586-021-03667-0\">publicaci\u00f3n oficial de la revista Nature<\/a>.<\/p>\n\n\n\n<h2 class=\"wp-block-heading\">\u00bfDe qu\u00e9 trata la teor\u00eda general de la relatividad?<\/h2>\n\n\n\n<p>La teor\u00eda general de la relatividad de Einstein fue publicada en noviembre de 1915 y buscaba explicar varios hechos del Universo. Acontecimientos que van desde el origen de este, pasando por la \u00f3rbita de los planetas hasta los conceptos sobre los agujeros negros.<\/p>\n\n\n\n<p>Cuatro a\u00f1os despu\u00e9s, un eclipse total solar permiti\u00f3 a los cient\u00edficos brit\u00e1nicos&nbsp;<a rel=\"noreferrer noopener\" target=\"_blank\" href=\"https:\/\/www.bbc.com\/mundo\/noticias-48401484\">Frank Watson Dyson y Arthur Stanley Eddington<\/a>&nbsp;confirmar esta teor\u00eda de Albert Einstein.<\/p>\n\n\n\n<p>Pudieron demostrar c\u00f3mo la luz act\u00faa en relaci\u00f3n con la gravedad de un cuerpo masivo, en este caso del sol. Este hecho termin\u00f3 de catapultar a la fama al f\u00edsico alem\u00e1n.<\/p>\n\n\n\n<h2 class=\"wp-block-heading\">Una predicci\u00f3n confirmada de Albert Einstein<\/h2>\n\n\n\n<p>En la teor\u00eda general de la relatividad, Einstein, entre otras cosas, define c\u00f3mo se comporta el movimiento de los campos gravitacionales de cualquier tipo y de qu\u00e9 manera la luz se desv\u00eda en presencia de un campo gravitacional.&nbsp;<\/p>\n\n\n\n<p>Un agujero negro&nbsp;supermasivo es un campo gravitacional sumamente fuerte, parecido al sol, lo que genera un efecto relativista, algo parecido a que la luz se doble al entrar en contacto con un campo de este tipo.<\/p>\n\n\n\n<p>Gracias a los avances tecnol\u00f3gicos se pueden observar una vez m\u00e1s una de las predicciones del f\u00edsico.<\/p>\n\n\n\n<h2 class=\"wp-block-heading\">Lo que viene<\/h2>\n\n\n\n<p>Esta observaci\u00f3n en particular de luz de la parte posterior de un agujero negro se realiz\u00f3 con&nbsp;dos telescopios de rayos X: El NuSTAR de la NASA y el XMM-Newton de la Agencia Espacial Europea.<\/p>\n\n\n\n<p>Aunque es un gran avance, la idea es continuar observando con m\u00e1s detalle los agujeros negros y sus coronas.&nbsp;<\/p>\n\n\n\n<p>Athena es el siguiente observatorio de rayos X de la&nbsp;<a rel=\"noreferrer noopener\" target=\"_blank\" href=\"https:\/\/www.esa.int\/Science_Exploration\/Space_Science\/Athena_to_study_the_hot_and_energetic_Universe\">Agencia Espacial Europea<\/a>&nbsp;y se lanzar\u00e1 en el a\u00f1o 2034. Esta actualizaci\u00f3n permitir\u00e1 avanzar con respecto a otras investigaciones, espec\u00edficamente con las que tratan el origen del universo.<\/p>\n","protected":false},"excerpt":{"rendered":"<p>\u00bfTe apasiona la astronom\u00eda? S\u00ed es as\u00ed, te interesar\u00e1 saber que la observaci\u00f3n directa de la luz detr\u00e1s de un agujero negro, finalmente, se llev\u00f3 a cabo. De esta forma, se confirma uno de los postulados de la teor\u00eda general de la relatividad de Albert Einstein, y se avanza en cuanto al desarrollo de nuevas [&hellip;]<\/p>\n","protected":false},"author":2,"featured_media":5836,"comment_status":"closed","ping_status":"closed","sticky":false,"template":"","format":"standard","meta":{"footnotes":""},"categories":[199],"tags":[1227,1228],"class_list":["post-5834","post","type-post","status-publish","format-standard","has-post-thumbnail","hentry","category-noticias","tag-agujero-negro","tag-albert-einstein"],"yoast_head":"<!-- This site is optimized with the Yoast SEO plugin v27.2 - https:\/\/yoast.com\/product\/yoast-seo-wordpress\/ -->\n<title>Detectan luz en un agujero negro: \u00bfqu\u00e9 significa esto?<\/title>\n<meta name=\"description\" content=\"Se ha detectado luz en un agujero negro lejos de la tierra. Descubre c\u00f3mo se relaciona esto con una de las predicciones de Albert Einstein.\" \/>\n<meta name=\"robots\" content=\"index, follow, max-snippet:-1, max-image-preview:large, max-video-preview:-1\" \/>\n<link rel=\"canonical\" href=\"https:\/\/www.virginmobile.cl\/blog\/noticias\/detectan-luz-en-un-agujero-negro-que-significa\/\" \/>\n<meta property=\"og:locale\" content=\"es_ES\" \/>\n<meta property=\"og:type\" content=\"article\" \/>\n<meta property=\"og:title\" content=\"Detectan luz en un agujero negro: \u00bfqu\u00e9 significa esto?\" \/>\n<meta property=\"og:description\" content=\"Se ha detectado luz en un agujero negro lejos de la tierra. Descubre c\u00f3mo se relaciona esto con una de las predicciones de Albert Einstein.\" \/>\n<meta property=\"og:url\" content=\"https:\/\/www.virginmobile.cl\/blog\/noticias\/detectan-luz-en-un-agujero-negro-que-significa\/\" \/>\n<meta property=\"og:site_name\" content=\"Naci\u00f3n Virgin - Virgin Mobile Chile\" \/>\n<meta property=\"article:publisher\" content=\"https:\/\/www.facebook.com\/VirginMobileChile\/\" \/>\n<meta property=\"article:published_time\" content=\"2021-09-19T13:20:00+00:00\" \/>\n<meta property=\"article:modified_time\" content=\"2022-02-24T18:27:08+00:00\" \/>\n<meta property=\"og:image\" content=\"https:\/\/www.virginmobile.cl\/blog\/wp-content\/uploads\/2021\/09\/agujero_negro_luz.jpg\" \/>\n\t<meta property=\"og:image:width\" content=\"1200\" \/>\n\t<meta property=\"og:image:height\" content=\"800\" \/>\n\t<meta property=\"og:image:type\" content=\"image\/jpeg\" \/>\n<meta name=\"author\" content=\"Jorge Herrera\" \/>\n<meta name=\"twitter:card\" content=\"summary_large_image\" \/>\n<meta name=\"twitter:creator\" content=\"@virginmobile_cl\" \/>\n<meta name=\"twitter:site\" content=\"@virginmobile_cl\" \/>\n<meta name=\"twitter:label1\" content=\"Escrito por\" \/>\n\t<meta name=\"twitter:data1\" content=\"Jorge Herrera\" \/>\n\t<meta name=\"twitter:label2\" content=\"Tiempo estimado de lectura\" \/>\n\t<meta name=\"twitter:data2\" content=\"3 minutos\" \/>\n<script type=\"application\/ld+json\" class=\"yoast-schema-graph\">{\"@context\":\"https:\/\/schema.org\",\"@graph\":[{\"@type\":\"Article\",\"@id\":\"https:\/\/www.virginmobile.cl\/blog\/noticias\/detectan-luz-en-un-agujero-negro-que-significa\/#article\",\"isPartOf\":{\"@id\":\"https:\/\/www.virginmobile.cl\/blog\/noticias\/detectan-luz-en-un-agujero-negro-que-significa\/\"},\"author\":{\"name\":\"Jorge Herrera\",\"@id\":\"https:\/\/vmcl.space\/blog\/#\/schema\/person\/7dd3fe8aa95409efbc0c2651edad922c\"},\"headline\":\"Detectan luz en un agujero negro: \u00bfqu\u00e9 significa?\",\"datePublished\":\"2021-09-19T13:20:00+00:00\",\"dateModified\":\"2022-02-24T18:27:08+00:00\",\"mainEntityOfPage\":{\"@id\":\"https:\/\/www.virginmobile.cl\/blog\/noticias\/detectan-luz-en-un-agujero-negro-que-significa\/\"},\"wordCount\":590,\"publisher\":{\"@id\":\"https:\/\/vmcl.space\/blog\/#organization\"},\"image\":{\"@id\":\"https:\/\/www.virginmobile.cl\/blog\/noticias\/detectan-luz-en-un-agujero-negro-que-significa\/#primaryimage\"},\"thumbnailUrl\":\"https:\/\/www.virginmobile.cl\/blog\/wp-content\/uploads\/2021\/09\/agujero_negro_luz.jpg\",\"keywords\":[\"agujero negro\",\"Albert Einstein\"],\"articleSection\":[\"Noticias\"],\"inLanguage\":\"es-CL\"},{\"@type\":\"WebPage\",\"@id\":\"https:\/\/www.virginmobile.cl\/blog\/noticias\/detectan-luz-en-un-agujero-negro-que-significa\/\",\"url\":\"https:\/\/www.virginmobile.cl\/blog\/noticias\/detectan-luz-en-un-agujero-negro-que-significa\/\",\"name\":\"Detectan luz en un agujero negro: \u00bfqu\u00e9 significa esto?\",\"isPartOf\":{\"@id\":\"https:\/\/vmcl.space\/blog\/#website\"},\"primaryImageOfPage\":{\"@id\":\"https:\/\/www.virginmobile.cl\/blog\/noticias\/detectan-luz-en-un-agujero-negro-que-significa\/#primaryimage\"},\"image\":{\"@id\":\"https:\/\/www.virginmobile.cl\/blog\/noticias\/detectan-luz-en-un-agujero-negro-que-significa\/#primaryimage\"},\"thumbnailUrl\":\"https:\/\/www.virginmobile.cl\/blog\/wp-content\/uploads\/2021\/09\/agujero_negro_luz.jpg\",\"datePublished\":\"2021-09-19T13:20:00+00:00\",\"dateModified\":\"2022-02-24T18:27:08+00:00\",\"description\":\"Se ha detectado luz en un agujero negro lejos de la tierra. Descubre c\u00f3mo se relaciona esto con una de las predicciones de Albert Einstein.\",\"breadcrumb\":{\"@id\":\"https:\/\/www.virginmobile.cl\/blog\/noticias\/detectan-luz-en-un-agujero-negro-que-significa\/#breadcrumb\"},\"inLanguage\":\"es-CL\",\"potentialAction\":[{\"@type\":\"ReadAction\",\"target\":[\"https:\/\/www.virginmobile.cl\/blog\/noticias\/detectan-luz-en-un-agujero-negro-que-significa\/\"]}]},{\"@type\":\"ImageObject\",\"inLanguage\":\"es-CL\",\"@id\":\"https:\/\/www.virginmobile.cl\/blog\/noticias\/detectan-luz-en-un-agujero-negro-que-significa\/#primaryimage\",\"url\":\"https:\/\/www.virginmobile.cl\/blog\/wp-content\/uploads\/2021\/09\/agujero_negro_luz.jpg\",\"contentUrl\":\"https:\/\/www.virginmobile.cl\/blog\/wp-content\/uploads\/2021\/09\/agujero_negro_luz.jpg\",\"width\":1200,\"height\":800,\"caption\":\"Detectan luz en un agujero negro: \u00bfqu\u00e9 significa?\"},{\"@type\":\"BreadcrumbList\",\"@id\":\"https:\/\/www.virginmobile.cl\/blog\/noticias\/detectan-luz-en-un-agujero-negro-que-significa\/#breadcrumb\",\"itemListElement\":[{\"@type\":\"ListItem\",\"position\":1,\"name\":\"Portada\",\"item\":\"https:\/\/vmcl.space\/blog\/\"},{\"@type\":\"ListItem\",\"position\":2,\"name\":\"Detectan luz en un agujero negro: \u00bfqu\u00e9 significa?\"}]},{\"@type\":\"WebSite\",\"@id\":\"https:\/\/vmcl.space\/blog\/#website\",\"url\":\"https:\/\/vmcl.space\/blog\/\",\"name\":\"Naci\u00f3n Virgin - Virgin Mobile Chile\",\"description\":\"Lo que pasa ah\u00ed lo sabes aqu\u00ed\",\"publisher\":{\"@id\":\"https:\/\/vmcl.space\/blog\/#organization\"},\"potentialAction\":[{\"@type\":\"SearchAction\",\"target\":{\"@type\":\"EntryPoint\",\"urlTemplate\":\"https:\/\/vmcl.space\/blog\/?s={search_term_string}\"},\"query-input\":{\"@type\":\"PropertyValueSpecification\",\"valueRequired\":true,\"valueName\":\"search_term_string\"}}],\"inLanguage\":\"es-CL\"},{\"@type\":\"Organization\",\"@id\":\"https:\/\/vmcl.space\/blog\/#organization\",\"name\":\"Virgin Mobile\",\"url\":\"https:\/\/vmcl.space\/blog\/\",\"logo\":{\"@type\":\"ImageObject\",\"inLanguage\":\"es-CL\",\"@id\":\"https:\/\/vmcl.space\/blog\/#\/schema\/logo\/image\/\",\"url\":\"https:\/\/blog.virginmobile.cl\/wp-content\/uploads\/2018\/06\/logo_blog_v4.png\",\"contentUrl\":\"https:\/\/blog.virginmobile.cl\/wp-content\/uploads\/2018\/06\/logo_blog_v4.png\",\"width\":400,\"height\":400,\"caption\":\"Virgin Mobile\"},\"image\":{\"@id\":\"https:\/\/vmcl.space\/blog\/#\/schema\/logo\/image\/\"},\"sameAs\":[\"https:\/\/www.facebook.com\/VirginMobileChile\/\",\"https:\/\/x.com\/virginmobile_cl\",\"https:\/\/www.instagram.com\/virginmobile_cl\/\",\"https:\/\/www.linkedin.com\/company\/10255048\/admin\/\",\"https:\/\/www.youtube.com\/user\/VirginMobileChile\"]},{\"@type\":\"Person\",\"@id\":\"https:\/\/vmcl.space\/blog\/#\/schema\/person\/7dd3fe8aa95409efbc0c2651edad922c\",\"name\":\"Jorge Herrera\",\"image\":{\"@type\":\"ImageObject\",\"inLanguage\":\"es-CL\",\"@id\":\"https:\/\/secure.gravatar.com\/avatar\/08a675eb2009d32bc8481153d36d8296c68fcc62939ab075bfa2d959ff9025c2?s=96&d=mm&r=g\",\"url\":\"https:\/\/secure.gravatar.com\/avatar\/08a675eb2009d32bc8481153d36d8296c68fcc62939ab075bfa2d959ff9025c2?s=96&d=mm&r=g\",\"contentUrl\":\"https:\/\/secure.gravatar.com\/avatar\/08a675eb2009d32bc8481153d36d8296c68fcc62939ab075bfa2d959ff9025c2?s=96&d=mm&r=g\",\"caption\":\"Jorge Herrera\"},\"url\":\"https:\/\/www.virginmobile.cl\/blog\/author\/jorge-herrera\/\"}]}<\/script>\n<!-- \/ Yoast SEO plugin. -->","yoast_head_json":{"title":"Detectan luz en un agujero negro: \u00bfqu\u00e9 significa esto?","description":"Se ha detectado luz en un agujero negro lejos de la tierra. Descubre c\u00f3mo se relaciona esto con una de las predicciones de Albert Einstein.","robots":{"index":"index","follow":"follow","max-snippet":"max-snippet:-1","max-image-preview":"max-image-preview:large","max-video-preview":"max-video-preview:-1"},"canonical":"https:\/\/www.virginmobile.cl\/blog\/noticias\/detectan-luz-en-un-agujero-negro-que-significa\/","og_locale":"es_ES","og_type":"article","og_title":"Detectan luz en un agujero negro: \u00bfqu\u00e9 significa esto?","og_description":"Se ha detectado luz en un agujero negro lejos de la tierra. Descubre c\u00f3mo se relaciona esto con una de las predicciones de Albert Einstein.","og_url":"https:\/\/www.virginmobile.cl\/blog\/noticias\/detectan-luz-en-un-agujero-negro-que-significa\/","og_site_name":"Naci\u00f3n Virgin - Virgin Mobile Chile","article_publisher":"https:\/\/www.facebook.com\/VirginMobileChile\/","article_published_time":"2021-09-19T13:20:00+00:00","article_modified_time":"2022-02-24T18:27:08+00:00","og_image":[{"width":1200,"height":800,"url":"https:\/\/www.virginmobile.cl\/blog\/wp-content\/uploads\/2021\/09\/agujero_negro_luz.jpg","type":"image\/jpeg"}],"author":"Jorge Herrera","twitter_card":"summary_large_image","twitter_creator":"@virginmobile_cl","twitter_site":"@virginmobile_cl","twitter_misc":{"Escrito por":"Jorge Herrera","Tiempo estimado de lectura":"3 minutos"},"schema":{"@context":"https:\/\/schema.org","@graph":[{"@type":"Article","@id":"https:\/\/www.virginmobile.cl\/blog\/noticias\/detectan-luz-en-un-agujero-negro-que-significa\/#article","isPartOf":{"@id":"https:\/\/www.virginmobile.cl\/blog\/noticias\/detectan-luz-en-un-agujero-negro-que-significa\/"},"author":{"name":"Jorge Herrera","@id":"https:\/\/vmcl.space\/blog\/#\/schema\/person\/7dd3fe8aa95409efbc0c2651edad922c"},"headline":"Detectan luz en un agujero negro: \u00bfqu\u00e9 significa?","datePublished":"2021-09-19T13:20:00+00:00","dateModified":"2022-02-24T18:27:08+00:00","mainEntityOfPage":{"@id":"https:\/\/www.virginmobile.cl\/blog\/noticias\/detectan-luz-en-un-agujero-negro-que-significa\/"},"wordCount":590,"publisher":{"@id":"https:\/\/vmcl.space\/blog\/#organization"},"image":{"@id":"https:\/\/www.virginmobile.cl\/blog\/noticias\/detectan-luz-en-un-agujero-negro-que-significa\/#primaryimage"},"thumbnailUrl":"https:\/\/www.virginmobile.cl\/blog\/wp-content\/uploads\/2021\/09\/agujero_negro_luz.jpg","keywords":["agujero negro","Albert Einstein"],"articleSection":["Noticias"],"inLanguage":"es-CL"},{"@type":"WebPage","@id":"https:\/\/www.virginmobile.cl\/blog\/noticias\/detectan-luz-en-un-agujero-negro-que-significa\/","url":"https:\/\/www.virginmobile.cl\/blog\/noticias\/detectan-luz-en-un-agujero-negro-que-significa\/","name":"Detectan luz en un agujero negro: \u00bfqu\u00e9 significa esto?","isPartOf":{"@id":"https:\/\/vmcl.space\/blog\/#website"},"primaryImageOfPage":{"@id":"https:\/\/www.virginmobile.cl\/blog\/noticias\/detectan-luz-en-un-agujero-negro-que-significa\/#primaryimage"},"image":{"@id":"https:\/\/www.virginmobile.cl\/blog\/noticias\/detectan-luz-en-un-agujero-negro-que-significa\/#primaryimage"},"thumbnailUrl":"https:\/\/www.virginmobile.cl\/blog\/wp-content\/uploads\/2021\/09\/agujero_negro_luz.jpg","datePublished":"2021-09-19T13:20:00+00:00","dateModified":"2022-02-24T18:27:08+00:00","description":"Se ha detectado luz en un agujero negro lejos de la tierra. Descubre c\u00f3mo se relaciona esto con una de las predicciones de Albert Einstein.","breadcrumb":{"@id":"https:\/\/www.virginmobile.cl\/blog\/noticias\/detectan-luz-en-un-agujero-negro-que-significa\/#breadcrumb"},"inLanguage":"es-CL","potentialAction":[{"@type":"ReadAction","target":["https:\/\/www.virginmobile.cl\/blog\/noticias\/detectan-luz-en-un-agujero-negro-que-significa\/"]}]},{"@type":"ImageObject","inLanguage":"es-CL","@id":"https:\/\/www.virginmobile.cl\/blog\/noticias\/detectan-luz-en-un-agujero-negro-que-significa\/#primaryimage","url":"https:\/\/www.virginmobile.cl\/blog\/wp-content\/uploads\/2021\/09\/agujero_negro_luz.jpg","contentUrl":"https:\/\/www.virginmobile.cl\/blog\/wp-content\/uploads\/2021\/09\/agujero_negro_luz.jpg","width":1200,"height":800,"caption":"Detectan luz en un agujero negro: \u00bfqu\u00e9 significa?"},{"@type":"BreadcrumbList","@id":"https:\/\/www.virginmobile.cl\/blog\/noticias\/detectan-luz-en-un-agujero-negro-que-significa\/#breadcrumb","itemListElement":[{"@type":"ListItem","position":1,"name":"Portada","item":"https:\/\/vmcl.space\/blog\/"},{"@type":"ListItem","position":2,"name":"Detectan luz en un agujero negro: \u00bfqu\u00e9 significa?"}]},{"@type":"WebSite","@id":"https:\/\/vmcl.space\/blog\/#website","url":"https:\/\/vmcl.space\/blog\/","name":"Naci\u00f3n Virgin - Virgin Mobile Chile","description":"Lo que pasa ah\u00ed lo sabes aqu\u00ed","publisher":{"@id":"https:\/\/vmcl.space\/blog\/#organization"},"potentialAction":[{"@type":"SearchAction","target":{"@type":"EntryPoint","urlTemplate":"https:\/\/vmcl.space\/blog\/?s={search_term_string}"},"query-input":{"@type":"PropertyValueSpecification","valueRequired":true,"valueName":"search_term_string"}}],"inLanguage":"es-CL"},{"@type":"Organization","@id":"https:\/\/vmcl.space\/blog\/#organization","name":"Virgin Mobile","url":"https:\/\/vmcl.space\/blog\/","logo":{"@type":"ImageObject","inLanguage":"es-CL","@id":"https:\/\/vmcl.space\/blog\/#\/schema\/logo\/image\/","url":"https:\/\/blog.virginmobile.cl\/wp-content\/uploads\/2018\/06\/logo_blog_v4.png","contentUrl":"https:\/\/blog.virginmobile.cl\/wp-content\/uploads\/2018\/06\/logo_blog_v4.png","width":400,"height":400,"caption":"Virgin Mobile"},"image":{"@id":"https:\/\/vmcl.space\/blog\/#\/schema\/logo\/image\/"},"sameAs":["https:\/\/www.facebook.com\/VirginMobileChile\/","https:\/\/x.com\/virginmobile_cl","https:\/\/www.instagram.com\/virginmobile_cl\/","https:\/\/www.linkedin.com\/company\/10255048\/admin\/","https:\/\/www.youtube.com\/user\/VirginMobileChile"]},{"@type":"Person","@id":"https:\/\/vmcl.space\/blog\/#\/schema\/person\/7dd3fe8aa95409efbc0c2651edad922c","name":"Jorge Herrera","image":{"@type":"ImageObject","inLanguage":"es-CL","@id":"https:\/\/secure.gravatar.com\/avatar\/08a675eb2009d32bc8481153d36d8296c68fcc62939ab075bfa2d959ff9025c2?s=96&d=mm&r=g","url":"https:\/\/secure.gravatar.com\/avatar\/08a675eb2009d32bc8481153d36d8296c68fcc62939ab075bfa2d959ff9025c2?s=96&d=mm&r=g","contentUrl":"https:\/\/secure.gravatar.com\/avatar\/08a675eb2009d32bc8481153d36d8296c68fcc62939ab075bfa2d959ff9025c2?s=96&d=mm&r=g","caption":"Jorge Herrera"},"url":"https:\/\/www.virginmobile.cl\/blog\/author\/jorge-herrera\/"}]}},"_links":{"self":[{"href":"https:\/\/www.virginmobile.cl\/blog\/wp-json\/wp\/v2\/posts\/5834","targetHints":{"allow":["GET"]}}],"collection":[{"href":"https:\/\/www.virginmobile.cl\/blog\/wp-json\/wp\/v2\/posts"}],"about":[{"href":"https:\/\/www.virginmobile.cl\/blog\/wp-json\/wp\/v2\/types\/post"}],"author":[{"embeddable":true,"href":"https:\/\/www.virginmobile.cl\/blog\/wp-json\/wp\/v2\/users\/2"}],"replies":[{"embeddable":true,"href":"https:\/\/www.virginmobile.cl\/blog\/wp-json\/wp\/v2\/comments?post=5834"}],"version-history":[{"count":1,"href":"https:\/\/www.virginmobile.cl\/blog\/wp-json\/wp\/v2\/posts\/5834\/revisions"}],"predecessor-version":[{"id":5835,"href":"https:\/\/www.virginmobile.cl\/blog\/wp-json\/wp\/v2\/posts\/5834\/revisions\/5835"}],"wp:featuredmedia":[{"embeddable":true,"href":"https:\/\/www.virginmobile.cl\/blog\/wp-json\/wp\/v2\/media\/5836"}],"wp:attachment":[{"href":"https:\/\/www.virginmobile.cl\/blog\/wp-json\/wp\/v2\/media?parent=5834"}],"wp:term":[{"taxonomy":"category","embeddable":true,"href":"https:\/\/www.virginmobile.cl\/blog\/wp-json\/wp\/v2\/categories?post=5834"},{"taxonomy":"post_tag","embeddable":true,"href":"https:\/\/www.virginmobile.cl\/blog\/wp-json\/wp\/v2\/tags?post=5834"}],"curies":[{"name":"wp","href":"https:\/\/api.w.org\/{rel}","templated":true}]}}