{"id":5681,"date":"2021-08-19T12:10:35","date_gmt":"2021-08-19T16:10:35","guid":{"rendered":"https:\/\/blog.virginmobile.cl\/?p=5681"},"modified":"2022-02-24T14:26:57","modified_gmt":"2022-02-24T18:26:57","slug":"nacion-virgin-unplugged-revisa-lo-mejor-de-la-tercera-temporada","status":"publish","type":"post","link":"https:\/\/www.virginmobile.cl\/blog\/nacion-virgin-unplugged\/nacion-virgin-unplugged-revisa-lo-mejor-de-la-tercera-temporada\/","title":{"rendered":"Naci\u00f3n Virgin Unplugged: Revisa lo mejor de la tercera temporada"},"content":{"rendered":"\n<p>Despu\u00e9s de una <a href=\"https:\/\/blog.virginmobile.cl\/nacion-virgin-unplugged\/segunda-temporada-vuelve-nacion-virgin-unplugged-junto-a-maria-jimena-pareyra\">segunda temporada desde casa<\/a>, <strong>Naci\u00f3n Virgin Unplugged<\/strong> volvi\u00f3 con todo en el escenario del famoso <strong>Club Amanda<\/strong> para su tercera versi\u00f3n, que lamentablemente ya lleg\u00f3 a su fin. Once bandas chilenas de los m\u00e1s variados estilos pasaron por el micr\u00f3fono y el sill\u00f3n de <strong>Mar\u00eda Jimena Pereyra<\/strong>, la gran conductora de este programa.&nbsp;<\/p>\n\n\n\n<p>La m\u00fasica corre por nuestras venas y de seguro tambi\u00e9n por las tuyas. Este espacio musical nos ayuda a visibilizar a <strong>bandas emergentes<\/strong> y darle el impulso a otras ya conocidas para que el p\u00fablico consuma m\u00e1s material chileno. Hay mucho talento para explorar, as\u00ed que comienza a parar la oreja.<\/p>\n\n\n\n<h2 class=\"wp-block-heading\"><strong>Bandas chilenas en Naci\u00f3n Virgin Unplugged<\/strong><\/h2>\n\n\n\n<p>Ac\u00e1 no hay persona que se aburra, ni g\u00e9nero que quede fuera. Varios estilos musicales y diversos instrumentos subieron al escenario de Naci\u00f3n Virgin Unplugged. Pasamos por el pop, el rock, el indie en sus m\u00e1s variadas ramas y hasta un poco de psycho punk. \u00a1Incluso tuvimos el placer de disfrutar del bajo de seis cuerdas!<\/p>\n\n\n\n<p>Fue nada m\u00e1s ni nada menos que la dama de hierro del bajo, <strong>Am\u00e9rica Paz<\/strong>, quien inaugur\u00f3 la tercera temporada de Naci\u00f3n Virgin Unplugged. \u201cPiensas en m\u00ed\u201d y \u201cKamikaze\u201d fueron los temas que nos regal\u00f3 junto a una entretenida entrevista junto a la Jime.\u00a0<\/p>\n\n\n\n<figure class=\"wp-block-embed is-type-video is-provider-youtube wp-block-embed-youtube wp-embed-aspect-16-9 wp-has-aspect-ratio\"><div class=\"wp-block-embed__wrapper\">\n<div class=\"embed-vimeo\"><iframe loading=\"lazy\" title=\"Naci\u00f3n Virgin Unplugged Temporada 3 || Cap\u00edtulo 1 America Paz\" width=\"1140\" height=\"641\" src=\"https:\/\/www.youtube.com\/embed\/jPAM6qr31vs?start=1189&#038;feature=oembed\" frameborder=\"0\" allow=\"accelerometer; autoplay; clipboard-write; encrypted-media; gyroscope; picture-in-picture\" allowfullscreen><\/iframe><\/div>\n<\/div><\/figure>\n\n\n\n<p>Otras de las bandas m\u00e1s aplaudidas de esta temporada fueron<strong> Karla Grundwaldt<\/strong>, con su voz hipnotizante acompa\u00f1ada de los mejores sonidos Indie-Folk. Tambi\u00e9n podemos nombrar a <a href=\"https:\/\/rutarock.com\/2021\/08\/we-are-the-grand-y-yorka-vuelven-a-los-escenarios-en-nacion-virgin-unplugged\/\">We Are The Grand y Yorka<\/a>, artistas que ya destacan con su potencia musical en nuestro pa\u00eds y que lo dieron todo en el escenario del\u00a0 Club Amanda.\u00a0<\/p>\n\n\n\n<p>Tampoco podemos dejar de nombrar a <strong>Voodoo Zombie<\/strong>, una banda con largos a\u00f1os de trayectoria y que ya hab\u00edan tenido la oportunidad de acompa\u00f1arnos con su estilo zombie y m\u00fasica rockabilly.\u00a0<\/p>\n\n\n\n<figure class=\"wp-block-embed is-type-video is-provider-youtube wp-block-embed-youtube wp-embed-aspect-16-9 wp-has-aspect-ratio\"><div class=\"wp-block-embed__wrapper\">\n<div class=\"embed-vimeo\"><iframe loading=\"lazy\" title=\"Naci\u00f3n Virgin Unplugged Temporada 3 || Cap\u00edtulo 7 con We Are The Grand\" width=\"1140\" height=\"641\" src=\"https:\/\/www.youtube.com\/embed\/j3cbjnaU_7g?feature=oembed\" frameborder=\"0\" allow=\"accelerometer; autoplay; clipboard-write; encrypted-media; gyroscope; picture-in-picture\" allowfullscreen><\/iframe><\/div>\n<\/div><\/figure>\n\n\n\n<p>\u00a1Y la m\u00fasica en vivo no lo es todo! Tambi\u00e9n tuvimos la oportunidad de conocer m\u00e1s a fondo a estos artistas con conversaciones muy entretenidas\u00a0 junto a Mar\u00eda Jimena Pereyra; C\u00f3mo se formaron las bandas, qu\u00e9 los inspira, a qu\u00e9 se dedican y su opini\u00f3n con respecto a la industria musical en nuestro pa\u00eds. Puedes pasar a revisar todos los cap\u00edtulos en el <a href=\"https:\/\/bit.ly\/2XsG0xl\">canal de Youtube de Virgin Mobile<\/a>.\u00a0<\/p>\n","protected":false},"excerpt":{"rendered":"<p>Despu\u00e9s de una segunda temporada desde casa, Naci\u00f3n Virgin Unplugged volvi\u00f3 con todo en el escenario del famoso Club Amanda para su tercera versi\u00f3n, que lamentablemente ya lleg\u00f3 a su fin. Once bandas chilenas de los m\u00e1s variados estilos pasaron por el micr\u00f3fono y el sill\u00f3n de Mar\u00eda Jimena Pereyra, la gran conductora de este [&hellip;]<\/p>\n","protected":false},"author":2,"featured_media":5683,"comment_status":"closed","ping_status":"closed","sticky":false,"template":"","format":"standard","meta":{"footnotes":""},"categories":[271],"tags":[371,654,1195],"class_list":["post-5681","post","type-post","status-publish","format-standard","has-post-thumbnail","hentry","category-nacion-virgin-unplugged","tag-maria-jimena-pereyra","tag-nacion-virgin-unplugged","tag-tercera-temporada"],"yoast_head":"<!-- This site is optimized with the Yoast SEO plugin v27.2 - https:\/\/yoast.com\/product\/yoast-seo-wordpress\/ -->\n<title>Naci\u00f3n Virgin Unplugged: Revisa lo mejor de la tercera temporada<\/title>\n<meta name=\"description\" content=\"\u00a1Todo sobre la tercera temporada de Naci\u00f3n Virgin Unplugged ya est\u00e1 aqu\u00ed! Once bandas chilenas bajo la animaci\u00f3n de la gran Jime Pereyra.\" \/>\n<meta name=\"robots\" content=\"index, follow, max-snippet:-1, max-image-preview:large, max-video-preview:-1\" \/>\n<link rel=\"canonical\" href=\"https:\/\/www.virginmobile.cl\/blog\/nacion-virgin-unplugged\/nacion-virgin-unplugged-revisa-lo-mejor-de-la-tercera-temporada\/\" \/>\n<meta property=\"og:locale\" content=\"es_ES\" \/>\n<meta property=\"og:type\" content=\"article\" \/>\n<meta property=\"og:title\" content=\"Naci\u00f3n Virgin Unplugged: Revisa lo mejor de la tercera temporada\" \/>\n<meta property=\"og:description\" content=\"\u00a1Todo sobre la tercera temporada de Naci\u00f3n Virgin Unplugged ya est\u00e1 aqu\u00ed! Once bandas chilenas bajo la animaci\u00f3n de la gran Jime Pereyra.\" \/>\n<meta property=\"og:url\" content=\"https:\/\/www.virginmobile.cl\/blog\/nacion-virgin-unplugged\/nacion-virgin-unplugged-revisa-lo-mejor-de-la-tercera-temporada\/\" \/>\n<meta property=\"og:site_name\" content=\"Naci\u00f3n Virgin - Virgin Mobile Chile\" \/>\n<meta property=\"article:publisher\" content=\"https:\/\/www.facebook.com\/VirginMobileChile\/\" \/>\n<meta property=\"article:published_time\" content=\"2021-08-19T16:10:35+00:00\" \/>\n<meta property=\"article:modified_time\" content=\"2022-02-24T18:26:57+00:00\" \/>\n<meta property=\"og:image\" content=\"https:\/\/www.virginmobile.cl\/blog\/wp-content\/uploads\/2021\/08\/vblog_layout-Recuperado-Recuperado-Recuperado-14.jpg\" \/>\n\t<meta property=\"og:image:width\" content=\"1200\" \/>\n\t<meta property=\"og:image:height\" content=\"800\" \/>\n\t<meta property=\"og:image:type\" content=\"image\/jpeg\" \/>\n<meta name=\"author\" content=\"Jorge Herrera\" \/>\n<meta name=\"twitter:card\" content=\"summary_large_image\" \/>\n<meta name=\"twitter:creator\" content=\"@virginmobile_cl\" \/>\n<meta name=\"twitter:site\" content=\"@virginmobile_cl\" \/>\n<meta name=\"twitter:label1\" content=\"Escrito por\" \/>\n\t<meta name=\"twitter:data1\" content=\"Jorge Herrera\" \/>\n\t<meta name=\"twitter:label2\" content=\"Tiempo estimado de lectura\" \/>\n\t<meta name=\"twitter:data2\" content=\"2 minutos\" \/>\n<script type=\"application\/ld+json\" class=\"yoast-schema-graph\">{\"@context\":\"https:\/\/schema.org\",\"@graph\":[{\"@type\":\"Article\",\"@id\":\"https:\/\/www.virginmobile.cl\/blog\/nacion-virgin-unplugged\/nacion-virgin-unplugged-revisa-lo-mejor-de-la-tercera-temporada\/#article\",\"isPartOf\":{\"@id\":\"https:\/\/www.virginmobile.cl\/blog\/nacion-virgin-unplugged\/nacion-virgin-unplugged-revisa-lo-mejor-de-la-tercera-temporada\/\"},\"author\":{\"name\":\"Jorge Herrera\",\"@id\":\"https:\/\/vmcl.space\/blog\/#\/schema\/person\/7dd3fe8aa95409efbc0c2651edad922c\"},\"headline\":\"Naci\u00f3n Virgin Unplugged: Revisa lo mejor de la tercera temporada\",\"datePublished\":\"2021-08-19T16:10:35+00:00\",\"dateModified\":\"2022-02-24T18:26:57+00:00\",\"mainEntityOfPage\":{\"@id\":\"https:\/\/www.virginmobile.cl\/blog\/nacion-virgin-unplugged\/nacion-virgin-unplugged-revisa-lo-mejor-de-la-tercera-temporada\/\"},\"wordCount\":438,\"publisher\":{\"@id\":\"https:\/\/vmcl.space\/blog\/#organization\"},\"image\":{\"@id\":\"https:\/\/www.virginmobile.cl\/blog\/nacion-virgin-unplugged\/nacion-virgin-unplugged-revisa-lo-mejor-de-la-tercera-temporada\/#primaryimage\"},\"thumbnailUrl\":\"https:\/\/www.virginmobile.cl\/blog\/wp-content\/uploads\/2021\/08\/vblog_layout-Recuperado-Recuperado-Recuperado-14.jpg\",\"keywords\":[\"mar\u00eda jimena pereyra\",\"Naci\u00f3n Virgin Unplugged\",\"tercera temporada\"],\"articleSection\":[\"Naci\u00f3n Virgin Unplugged\"],\"inLanguage\":\"es-CL\"},{\"@type\":\"WebPage\",\"@id\":\"https:\/\/www.virginmobile.cl\/blog\/nacion-virgin-unplugged\/nacion-virgin-unplugged-revisa-lo-mejor-de-la-tercera-temporada\/\",\"url\":\"https:\/\/www.virginmobile.cl\/blog\/nacion-virgin-unplugged\/nacion-virgin-unplugged-revisa-lo-mejor-de-la-tercera-temporada\/\",\"name\":\"Naci\u00f3n Virgin Unplugged: Revisa lo mejor de la tercera temporada\",\"isPartOf\":{\"@id\":\"https:\/\/vmcl.space\/blog\/#website\"},\"primaryImageOfPage\":{\"@id\":\"https:\/\/www.virginmobile.cl\/blog\/nacion-virgin-unplugged\/nacion-virgin-unplugged-revisa-lo-mejor-de-la-tercera-temporada\/#primaryimage\"},\"image\":{\"@id\":\"https:\/\/www.virginmobile.cl\/blog\/nacion-virgin-unplugged\/nacion-virgin-unplugged-revisa-lo-mejor-de-la-tercera-temporada\/#primaryimage\"},\"thumbnailUrl\":\"https:\/\/www.virginmobile.cl\/blog\/wp-content\/uploads\/2021\/08\/vblog_layout-Recuperado-Recuperado-Recuperado-14.jpg\",\"datePublished\":\"2021-08-19T16:10:35+00:00\",\"dateModified\":\"2022-02-24T18:26:57+00:00\",\"description\":\"\u00a1Todo sobre la tercera temporada de Naci\u00f3n Virgin Unplugged ya est\u00e1 aqu\u00ed! Once bandas chilenas bajo la animaci\u00f3n de la gran Jime Pereyra.\",\"breadcrumb\":{\"@id\":\"https:\/\/www.virginmobile.cl\/blog\/nacion-virgin-unplugged\/nacion-virgin-unplugged-revisa-lo-mejor-de-la-tercera-temporada\/#breadcrumb\"},\"inLanguage\":\"es-CL\",\"potentialAction\":[{\"@type\":\"ReadAction\",\"target\":[\"https:\/\/www.virginmobile.cl\/blog\/nacion-virgin-unplugged\/nacion-virgin-unplugged-revisa-lo-mejor-de-la-tercera-temporada\/\"]}]},{\"@type\":\"ImageObject\",\"inLanguage\":\"es-CL\",\"@id\":\"https:\/\/www.virginmobile.cl\/blog\/nacion-virgin-unplugged\/nacion-virgin-unplugged-revisa-lo-mejor-de-la-tercera-temporada\/#primaryimage\",\"url\":\"https:\/\/www.virginmobile.cl\/blog\/wp-content\/uploads\/2021\/08\/vblog_layout-Recuperado-Recuperado-Recuperado-14.jpg\",\"contentUrl\":\"https:\/\/www.virginmobile.cl\/blog\/wp-content\/uploads\/2021\/08\/vblog_layout-Recuperado-Recuperado-Recuperado-14.jpg\",\"width\":1200,\"height\":800,\"caption\":\"Naci\u00f3n Virgin Unplugged: Revisa lo mejor de la tercera temporada\"},{\"@type\":\"BreadcrumbList\",\"@id\":\"https:\/\/www.virginmobile.cl\/blog\/nacion-virgin-unplugged\/nacion-virgin-unplugged-revisa-lo-mejor-de-la-tercera-temporada\/#breadcrumb\",\"itemListElement\":[{\"@type\":\"ListItem\",\"position\":1,\"name\":\"Portada\",\"item\":\"https:\/\/vmcl.space\/blog\/\"},{\"@type\":\"ListItem\",\"position\":2,\"name\":\"Naci\u00f3n Virgin Unplugged: Revisa lo mejor de la tercera temporada\"}]},{\"@type\":\"WebSite\",\"@id\":\"https:\/\/vmcl.space\/blog\/#website\",\"url\":\"https:\/\/vmcl.space\/blog\/\",\"name\":\"Naci\u00f3n Virgin - Virgin Mobile Chile\",\"description\":\"Lo que pasa ah\u00ed lo sabes aqu\u00ed\",\"publisher\":{\"@id\":\"https:\/\/vmcl.space\/blog\/#organization\"},\"potentialAction\":[{\"@type\":\"SearchAction\",\"target\":{\"@type\":\"EntryPoint\",\"urlTemplate\":\"https:\/\/vmcl.space\/blog\/?s={search_term_string}\"},\"query-input\":{\"@type\":\"PropertyValueSpecification\",\"valueRequired\":true,\"valueName\":\"search_term_string\"}}],\"inLanguage\":\"es-CL\"},{\"@type\":\"Organization\",\"@id\":\"https:\/\/vmcl.space\/blog\/#organization\",\"name\":\"Virgin Mobile\",\"url\":\"https:\/\/vmcl.space\/blog\/\",\"logo\":{\"@type\":\"ImageObject\",\"inLanguage\":\"es-CL\",\"@id\":\"https:\/\/vmcl.space\/blog\/#\/schema\/logo\/image\/\",\"url\":\"https:\/\/blog.virginmobile.cl\/wp-content\/uploads\/2018\/06\/logo_blog_v4.png\",\"contentUrl\":\"https:\/\/blog.virginmobile.cl\/wp-content\/uploads\/2018\/06\/logo_blog_v4.png\",\"width\":400,\"height\":400,\"caption\":\"Virgin Mobile\"},\"image\":{\"@id\":\"https:\/\/vmcl.space\/blog\/#\/schema\/logo\/image\/\"},\"sameAs\":[\"https:\/\/www.facebook.com\/VirginMobileChile\/\",\"https:\/\/x.com\/virginmobile_cl\",\"https:\/\/www.instagram.com\/virginmobile_cl\/\",\"https:\/\/www.linkedin.com\/company\/10255048\/admin\/\",\"https:\/\/www.youtube.com\/user\/VirginMobileChile\"]},{\"@type\":\"Person\",\"@id\":\"https:\/\/vmcl.space\/blog\/#\/schema\/person\/7dd3fe8aa95409efbc0c2651edad922c\",\"name\":\"Jorge Herrera\",\"image\":{\"@type\":\"ImageObject\",\"inLanguage\":\"es-CL\",\"@id\":\"https:\/\/secure.gravatar.com\/avatar\/08a675eb2009d32bc8481153d36d8296c68fcc62939ab075bfa2d959ff9025c2?s=96&d=mm&r=g\",\"url\":\"https:\/\/secure.gravatar.com\/avatar\/08a675eb2009d32bc8481153d36d8296c68fcc62939ab075bfa2d959ff9025c2?s=96&d=mm&r=g\",\"contentUrl\":\"https:\/\/secure.gravatar.com\/avatar\/08a675eb2009d32bc8481153d36d8296c68fcc62939ab075bfa2d959ff9025c2?s=96&d=mm&r=g\",\"caption\":\"Jorge Herrera\"},\"url\":\"https:\/\/www.virginmobile.cl\/blog\/author\/jorge-herrera\/\"}]}<\/script>\n<!-- \/ Yoast SEO plugin. -->","yoast_head_json":{"title":"Naci\u00f3n Virgin Unplugged: Revisa lo mejor de la tercera temporada","description":"\u00a1Todo sobre la tercera temporada de Naci\u00f3n Virgin Unplugged ya est\u00e1 aqu\u00ed! Once bandas chilenas bajo la animaci\u00f3n de la gran Jime Pereyra.","robots":{"index":"index","follow":"follow","max-snippet":"max-snippet:-1","max-image-preview":"max-image-preview:large","max-video-preview":"max-video-preview:-1"},"canonical":"https:\/\/www.virginmobile.cl\/blog\/nacion-virgin-unplugged\/nacion-virgin-unplugged-revisa-lo-mejor-de-la-tercera-temporada\/","og_locale":"es_ES","og_type":"article","og_title":"Naci\u00f3n Virgin Unplugged: Revisa lo mejor de la tercera temporada","og_description":"\u00a1Todo sobre la tercera temporada de Naci\u00f3n Virgin Unplugged ya est\u00e1 aqu\u00ed! Once bandas chilenas bajo la animaci\u00f3n de la gran Jime Pereyra.","og_url":"https:\/\/www.virginmobile.cl\/blog\/nacion-virgin-unplugged\/nacion-virgin-unplugged-revisa-lo-mejor-de-la-tercera-temporada\/","og_site_name":"Naci\u00f3n Virgin - Virgin Mobile Chile","article_publisher":"https:\/\/www.facebook.com\/VirginMobileChile\/","article_published_time":"2021-08-19T16:10:35+00:00","article_modified_time":"2022-02-24T18:26:57+00:00","og_image":[{"width":1200,"height":800,"url":"https:\/\/www.virginmobile.cl\/blog\/wp-content\/uploads\/2021\/08\/vblog_layout-Recuperado-Recuperado-Recuperado-14.jpg","type":"image\/jpeg"}],"author":"Jorge Herrera","twitter_card":"summary_large_image","twitter_creator":"@virginmobile_cl","twitter_site":"@virginmobile_cl","twitter_misc":{"Escrito por":"Jorge Herrera","Tiempo estimado de lectura":"2 minutos"},"schema":{"@context":"https:\/\/schema.org","@graph":[{"@type":"Article","@id":"https:\/\/www.virginmobile.cl\/blog\/nacion-virgin-unplugged\/nacion-virgin-unplugged-revisa-lo-mejor-de-la-tercera-temporada\/#article","isPartOf":{"@id":"https:\/\/www.virginmobile.cl\/blog\/nacion-virgin-unplugged\/nacion-virgin-unplugged-revisa-lo-mejor-de-la-tercera-temporada\/"},"author":{"name":"Jorge Herrera","@id":"https:\/\/vmcl.space\/blog\/#\/schema\/person\/7dd3fe8aa95409efbc0c2651edad922c"},"headline":"Naci\u00f3n Virgin Unplugged: Revisa lo mejor de la tercera temporada","datePublished":"2021-08-19T16:10:35+00:00","dateModified":"2022-02-24T18:26:57+00:00","mainEntityOfPage":{"@id":"https:\/\/www.virginmobile.cl\/blog\/nacion-virgin-unplugged\/nacion-virgin-unplugged-revisa-lo-mejor-de-la-tercera-temporada\/"},"wordCount":438,"publisher":{"@id":"https:\/\/vmcl.space\/blog\/#organization"},"image":{"@id":"https:\/\/www.virginmobile.cl\/blog\/nacion-virgin-unplugged\/nacion-virgin-unplugged-revisa-lo-mejor-de-la-tercera-temporada\/#primaryimage"},"thumbnailUrl":"https:\/\/www.virginmobile.cl\/blog\/wp-content\/uploads\/2021\/08\/vblog_layout-Recuperado-Recuperado-Recuperado-14.jpg","keywords":["mar\u00eda jimena pereyra","Naci\u00f3n Virgin Unplugged","tercera temporada"],"articleSection":["Naci\u00f3n Virgin Unplugged"],"inLanguage":"es-CL"},{"@type":"WebPage","@id":"https:\/\/www.virginmobile.cl\/blog\/nacion-virgin-unplugged\/nacion-virgin-unplugged-revisa-lo-mejor-de-la-tercera-temporada\/","url":"https:\/\/www.virginmobile.cl\/blog\/nacion-virgin-unplugged\/nacion-virgin-unplugged-revisa-lo-mejor-de-la-tercera-temporada\/","name":"Naci\u00f3n Virgin Unplugged: Revisa lo mejor de la tercera temporada","isPartOf":{"@id":"https:\/\/vmcl.space\/blog\/#website"},"primaryImageOfPage":{"@id":"https:\/\/www.virginmobile.cl\/blog\/nacion-virgin-unplugged\/nacion-virgin-unplugged-revisa-lo-mejor-de-la-tercera-temporada\/#primaryimage"},"image":{"@id":"https:\/\/www.virginmobile.cl\/blog\/nacion-virgin-unplugged\/nacion-virgin-unplugged-revisa-lo-mejor-de-la-tercera-temporada\/#primaryimage"},"thumbnailUrl":"https:\/\/www.virginmobile.cl\/blog\/wp-content\/uploads\/2021\/08\/vblog_layout-Recuperado-Recuperado-Recuperado-14.jpg","datePublished":"2021-08-19T16:10:35+00:00","dateModified":"2022-02-24T18:26:57+00:00","description":"\u00a1Todo sobre la tercera temporada de Naci\u00f3n Virgin Unplugged ya est\u00e1 aqu\u00ed! Once bandas chilenas bajo la animaci\u00f3n de la gran Jime Pereyra.","breadcrumb":{"@id":"https:\/\/www.virginmobile.cl\/blog\/nacion-virgin-unplugged\/nacion-virgin-unplugged-revisa-lo-mejor-de-la-tercera-temporada\/#breadcrumb"},"inLanguage":"es-CL","potentialAction":[{"@type":"ReadAction","target":["https:\/\/www.virginmobile.cl\/blog\/nacion-virgin-unplugged\/nacion-virgin-unplugged-revisa-lo-mejor-de-la-tercera-temporada\/"]}]},{"@type":"ImageObject","inLanguage":"es-CL","@id":"https:\/\/www.virginmobile.cl\/blog\/nacion-virgin-unplugged\/nacion-virgin-unplugged-revisa-lo-mejor-de-la-tercera-temporada\/#primaryimage","url":"https:\/\/www.virginmobile.cl\/blog\/wp-content\/uploads\/2021\/08\/vblog_layout-Recuperado-Recuperado-Recuperado-14.jpg","contentUrl":"https:\/\/www.virginmobile.cl\/blog\/wp-content\/uploads\/2021\/08\/vblog_layout-Recuperado-Recuperado-Recuperado-14.jpg","width":1200,"height":800,"caption":"Naci\u00f3n Virgin Unplugged: Revisa lo mejor de la tercera temporada"},{"@type":"BreadcrumbList","@id":"https:\/\/www.virginmobile.cl\/blog\/nacion-virgin-unplugged\/nacion-virgin-unplugged-revisa-lo-mejor-de-la-tercera-temporada\/#breadcrumb","itemListElement":[{"@type":"ListItem","position":1,"name":"Portada","item":"https:\/\/vmcl.space\/blog\/"},{"@type":"ListItem","position":2,"name":"Naci\u00f3n Virgin Unplugged: Revisa lo mejor de la tercera temporada"}]},{"@type":"WebSite","@id":"https:\/\/vmcl.space\/blog\/#website","url":"https:\/\/vmcl.space\/blog\/","name":"Naci\u00f3n Virgin - Virgin Mobile Chile","description":"Lo que pasa ah\u00ed lo sabes aqu\u00ed","publisher":{"@id":"https:\/\/vmcl.space\/blog\/#organization"},"potentialAction":[{"@type":"SearchAction","target":{"@type":"EntryPoint","urlTemplate":"https:\/\/vmcl.space\/blog\/?s={search_term_string}"},"query-input":{"@type":"PropertyValueSpecification","valueRequired":true,"valueName":"search_term_string"}}],"inLanguage":"es-CL"},{"@type":"Organization","@id":"https:\/\/vmcl.space\/blog\/#organization","name":"Virgin Mobile","url":"https:\/\/vmcl.space\/blog\/","logo":{"@type":"ImageObject","inLanguage":"es-CL","@id":"https:\/\/vmcl.space\/blog\/#\/schema\/logo\/image\/","url":"https:\/\/blog.virginmobile.cl\/wp-content\/uploads\/2018\/06\/logo_blog_v4.png","contentUrl":"https:\/\/blog.virginmobile.cl\/wp-content\/uploads\/2018\/06\/logo_blog_v4.png","width":400,"height":400,"caption":"Virgin Mobile"},"image":{"@id":"https:\/\/vmcl.space\/blog\/#\/schema\/logo\/image\/"},"sameAs":["https:\/\/www.facebook.com\/VirginMobileChile\/","https:\/\/x.com\/virginmobile_cl","https:\/\/www.instagram.com\/virginmobile_cl\/","https:\/\/www.linkedin.com\/company\/10255048\/admin\/","https:\/\/www.youtube.com\/user\/VirginMobileChile"]},{"@type":"Person","@id":"https:\/\/vmcl.space\/blog\/#\/schema\/person\/7dd3fe8aa95409efbc0c2651edad922c","name":"Jorge Herrera","image":{"@type":"ImageObject","inLanguage":"es-CL","@id":"https:\/\/secure.gravatar.com\/avatar\/08a675eb2009d32bc8481153d36d8296c68fcc62939ab075bfa2d959ff9025c2?s=96&d=mm&r=g","url":"https:\/\/secure.gravatar.com\/avatar\/08a675eb2009d32bc8481153d36d8296c68fcc62939ab075bfa2d959ff9025c2?s=96&d=mm&r=g","contentUrl":"https:\/\/secure.gravatar.com\/avatar\/08a675eb2009d32bc8481153d36d8296c68fcc62939ab075bfa2d959ff9025c2?s=96&d=mm&r=g","caption":"Jorge Herrera"},"url":"https:\/\/www.virginmobile.cl\/blog\/author\/jorge-herrera\/"}]}},"_links":{"self":[{"href":"https:\/\/www.virginmobile.cl\/blog\/wp-json\/wp\/v2\/posts\/5681","targetHints":{"allow":["GET"]}}],"collection":[{"href":"https:\/\/www.virginmobile.cl\/blog\/wp-json\/wp\/v2\/posts"}],"about":[{"href":"https:\/\/www.virginmobile.cl\/blog\/wp-json\/wp\/v2\/types\/post"}],"author":[{"embeddable":true,"href":"https:\/\/www.virginmobile.cl\/blog\/wp-json\/wp\/v2\/users\/2"}],"replies":[{"embeddable":true,"href":"https:\/\/www.virginmobile.cl\/blog\/wp-json\/wp\/v2\/comments?post=5681"}],"version-history":[{"count":1,"href":"https:\/\/www.virginmobile.cl\/blog\/wp-json\/wp\/v2\/posts\/5681\/revisions"}],"predecessor-version":[{"id":5682,"href":"https:\/\/www.virginmobile.cl\/blog\/wp-json\/wp\/v2\/posts\/5681\/revisions\/5682"}],"wp:featuredmedia":[{"embeddable":true,"href":"https:\/\/www.virginmobile.cl\/blog\/wp-json\/wp\/v2\/media\/5683"}],"wp:attachment":[{"href":"https:\/\/www.virginmobile.cl\/blog\/wp-json\/wp\/v2\/media?parent=5681"}],"wp:term":[{"taxonomy":"category","embeddable":true,"href":"https:\/\/www.virginmobile.cl\/blog\/wp-json\/wp\/v2\/categories?post=5681"},{"taxonomy":"post_tag","embeddable":true,"href":"https:\/\/www.virginmobile.cl\/blog\/wp-json\/wp\/v2\/tags?post=5681"}],"curies":[{"name":"wp","href":"https:\/\/api.w.org\/{rel}","templated":true}]}}