{"id":5639,"date":"2021-08-06T09:00:00","date_gmt":"2021-08-06T13:00:00","guid":{"rendered":"https:\/\/blog.virginmobile.cl\/?p=5639"},"modified":"2022-02-24T14:26:55","modified_gmt":"2022-02-24T18:26:55","slug":"amazon-prime-chile-la-nueva-serie-de-el-senor-de-los-anillos-ya-tiene-fecha-de-estreno","status":"publish","type":"post","link":"https:\/\/www.virginmobile.cl\/blog\/series\/amazon-prime-chile\/amazon-prime-chile-la-nueva-serie-de-el-senor-de-los-anillos-ya-tiene-fecha-de-estreno\/","title":{"rendered":"Amazon Prime Chile: La nueva serie de El Se\u00f1or de los Anillos ya tiene fecha de estreno"},"content":{"rendered":"\n<p>Todos o al menos los fan\u00e1ticos de El Se\u00f1or de los Anillos, sab\u00edamos que Amazon Studios, Tolkien Estate and Trust, HarperCollins y New Line Cinema se tra\u00edan algo entre manos. El proyecto no es nada m\u00e1s ni nada menos que una serie del mundo de Tolkien y la podr\u00e1s ver en las pantallas de <a href=\"https:\/\/blog.virginmobile.cl\/series\/amazon-prime-chile\/amazon-prime-video-chile-revisa-los-estrenos-para-julio-2021\">Amazon Prime Chile<\/a>.<\/p>\n\n\n\n<p>Esta nueva serie no solo promete ser solo la siguiente gran producci\u00f3n de Amazon, sino que la serie de televisi\u00f3n m\u00e1s grande y jam\u00e1s realizada. No por nada se gast\u00f3 m\u00e1s de<strong> 465 millones<\/strong> de d\u00f3lares solo en la primera temporada, superando con creces a <strong>\u201cJuego de Tronos\u201d<\/strong> o <strong>\u201cThe Mandalorian\u201d<\/strong>.<\/p>\n\n\n\n<figure class=\"wp-block-image size-large\"><img loading=\"lazy\" decoding=\"async\" width=\"700\" height=\"392\" src=\"https:\/\/blog.virginmobile.cl\/wp-content\/uploads\/2021\/08\/foto1-1.jpg\" alt=\"Amazon Prime Chile: La nueva serie de El Se\u00f1or de los Anillos ya tiene fecha de estreno\" class=\"wp-image-5643\" srcset=\"https:\/\/www.virginmobile.cl\/blog\/wp-content\/uploads\/2021\/08\/foto1-1.jpg 700w, https:\/\/www.virginmobile.cl\/blog\/wp-content\/uploads\/2021\/08\/foto1-1-300x168.jpg 300w\" sizes=\"auto, (max-width: 700px) 100vw, 700px\" \/><\/figure>\n\n\n\n<h2 class=\"wp-block-heading\"><strong>La nueva serie de Tolkien en Amazon Prime Chile<\/strong><\/h2>\n\n\n\n<p>Seg\u00fan la informaci\u00f3n entregada, la historia se va a centrar en la <a href=\"https:\/\/www.espinof.com\/otros\/senor-anillos-que-segunda-edad-que-historias-puede-contar-serie-amazon\">Segunda Edad del Sol<\/a>, es decir, muuuucho antes de los eventos ocurridos en las pel\u00edculas de El Se\u00f1or de los Anillos y El Hobbit. Pero los lugares ser\u00e1n los mismos: <strong>Monta\u00f1as Brumosas<\/strong>, la capital <strong>Alfa Lindon<\/strong> o incluso el reino insular<strong> N\u00famenor<\/strong>. Ac\u00e1 seremos testigos de una era en la que se forjaron grandes poderes y reinos, tiempos en que los reinos alcanzaron la gloria y cayeron en las ruinas.<\/p>\n\n\n\n<p>\u00bfY a qui\u00e9nes veremos en acci\u00f3n? Puede que lleguemos a ver a la elfa <strong>Galadriel<\/strong>, que bien sabemos es uno de los personajes m\u00e1s antiguos de la trilog\u00eda. En diciembre de 2019 se confirm\u00f3 que <strong>Morfydd Clark<\/strong> ser\u00eda la elegida para este papel, reemplazando as\u00ed a la querida Cate Blanchett. Adem\u00e1s, veremos al villano m\u00e1s grande que jam\u00e1s haya surgido de la pluma de Tolkien, que amenazar\u00e1 con cubrir el mundo de oscuridad.<\/p>\n\n\n\n<p>En el reparto de esta nueva serie de El Se\u00f1or de los Anillos de Amazon Prime Chile, tendremos las actuaciones de <strong>Robert Armayo, Owain Arthur, Nazanin Boniadi, Tom Budge, Morfydd Clark, Ismael Cruz C\u00f3rdova, Ema Horvath, Markella Kavenagh, Joseph Mawle, Tyroe Muhafidin, Sophia Nomvete, Megan Richards, Dylan Smith, Charlie Vickers y Daniel Weyman<\/strong>.<\/p>\n\n\n\n<h3 class=\"wp-block-heading\"><strong>Fecha de estreno<\/strong><\/h3>\n\n\n\n<p>Sabemos lo emocionante que es tener m\u00e1s informaci\u00f3n y fechas de estreno, pero anda bajando las revoluciones porque a\u00fan queda mucho para que la serie llegue a las pantallas de Amazon Prime Chile. La fecha de estreno para la producci\u00f3n de El Se\u00f1or de los Anillos se confirm\u00f3 para el <strong>2 de septiembre de 2022<\/strong>. Queda m\u00e1s de un a\u00f1o, pero pucha que valdr\u00e1 la pena.&nbsp;<\/p>\n","protected":false},"excerpt":{"rendered":"<p>Todos o al menos los fan\u00e1ticos de El Se\u00f1or de los Anillos, sab\u00edamos que Amazon Studios, Tolkien Estate and Trust, HarperCollins y New Line Cinema se tra\u00edan algo entre manos. El proyecto no es nada m\u00e1s ni nada menos que una serie del mundo de Tolkien y la podr\u00e1s ver en las pantallas de Amazon [&hellip;]<\/p>\n","protected":false},"author":2,"featured_media":5642,"comment_status":"closed","ping_status":"closed","sticky":false,"template":"","format":"standard","meta":{"footnotes":""},"categories":[1021],"tags":[1037,1184,758],"class_list":["post-5639","post","type-post","status-publish","format-standard","has-post-thumbnail","hentry","category-amazon-prime-chile","tag-amazon-prime-chile","tag-el-senor-de-los-anillos","tag-serie"],"yoast_head":"<!-- This site is optimized with the Yoast SEO plugin v27.2 - https:\/\/yoast.com\/product\/yoast-seo-wordpress\/ -->\n<title>Amazon Prime Chile: Serie de El Se\u00f1or de los Anillos ya tiene fecha<\/title>\n<meta name=\"description\" content=\"Todos los fan\u00e1ticos de El Se\u00f1or de los Anillos, sab\u00edamos que Amazon Prime Chile estaba planeando algo hace tiempo... \u00a1Ahora hay fecha! :O\" \/>\n<meta name=\"robots\" content=\"index, follow, max-snippet:-1, max-image-preview:large, max-video-preview:-1\" \/>\n<link rel=\"canonical\" href=\"https:\/\/www.virginmobile.cl\/blog\/series\/amazon-prime-chile\/amazon-prime-chile-la-nueva-serie-de-el-senor-de-los-anillos-ya-tiene-fecha-de-estreno\/\" \/>\n<meta property=\"og:locale\" content=\"es_ES\" \/>\n<meta property=\"og:type\" content=\"article\" \/>\n<meta property=\"og:title\" content=\"Amazon Prime Chile: Serie de El Se\u00f1or de los Anillos ya tiene fecha\" \/>\n<meta property=\"og:description\" content=\"Todos los fan\u00e1ticos de El Se\u00f1or de los Anillos, sab\u00edamos que Amazon Prime Chile estaba planeando algo hace tiempo... \u00a1Ahora hay fecha! :O\" \/>\n<meta property=\"og:url\" content=\"https:\/\/www.virginmobile.cl\/blog\/series\/amazon-prime-chile\/amazon-prime-chile-la-nueva-serie-de-el-senor-de-los-anillos-ya-tiene-fecha-de-estreno\/\" \/>\n<meta property=\"og:site_name\" content=\"Naci\u00f3n Virgin - Virgin Mobile Chile\" \/>\n<meta property=\"article:publisher\" content=\"https:\/\/www.facebook.com\/VirginMobileChile\/\" \/>\n<meta property=\"article:published_time\" content=\"2021-08-06T13:00:00+00:00\" \/>\n<meta property=\"article:modified_time\" content=\"2022-02-24T18:26:55+00:00\" \/>\n<meta property=\"og:image\" content=\"https:\/\/www.virginmobile.cl\/blog\/wp-content\/uploads\/2021\/08\/vblog_layout-Recuperado-Recuperado-Recuperado-5.jpg\" \/>\n\t<meta property=\"og:image:width\" content=\"1200\" \/>\n\t<meta property=\"og:image:height\" content=\"800\" \/>\n\t<meta property=\"og:image:type\" content=\"image\/jpeg\" \/>\n<meta name=\"author\" content=\"Jorge Herrera\" \/>\n<meta name=\"twitter:card\" content=\"summary_large_image\" \/>\n<meta name=\"twitter:creator\" content=\"@virginmobile_cl\" \/>\n<meta name=\"twitter:site\" content=\"@virginmobile_cl\" \/>\n<meta name=\"twitter:label1\" content=\"Escrito por\" \/>\n\t<meta name=\"twitter:data1\" content=\"Jorge Herrera\" \/>\n\t<meta name=\"twitter:label2\" content=\"Tiempo estimado de lectura\" \/>\n\t<meta name=\"twitter:data2\" content=\"2 minutos\" \/>\n<script type=\"application\/ld+json\" class=\"yoast-schema-graph\">{\"@context\":\"https:\/\/schema.org\",\"@graph\":[{\"@type\":\"Article\",\"@id\":\"https:\/\/www.virginmobile.cl\/blog\/series\/amazon-prime-chile\/amazon-prime-chile-la-nueva-serie-de-el-senor-de-los-anillos-ya-tiene-fecha-de-estreno\/#article\",\"isPartOf\":{\"@id\":\"https:\/\/www.virginmobile.cl\/blog\/series\/amazon-prime-chile\/amazon-prime-chile-la-nueva-serie-de-el-senor-de-los-anillos-ya-tiene-fecha-de-estreno\/\"},\"author\":{\"name\":\"Jorge Herrera\",\"@id\":\"https:\/\/vmcl.space\/blog\/#\/schema\/person\/7dd3fe8aa95409efbc0c2651edad922c\"},\"headline\":\"Amazon Prime Chile: La nueva serie de El Se\u00f1or de los Anillos ya tiene fecha de estreno\",\"datePublished\":\"2021-08-06T13:00:00+00:00\",\"dateModified\":\"2022-02-24T18:26:55+00:00\",\"mainEntityOfPage\":{\"@id\":\"https:\/\/www.virginmobile.cl\/blog\/series\/amazon-prime-chile\/amazon-prime-chile-la-nueva-serie-de-el-senor-de-los-anillos-ya-tiene-fecha-de-estreno\/\"},\"wordCount\":445,\"publisher\":{\"@id\":\"https:\/\/vmcl.space\/blog\/#organization\"},\"image\":{\"@id\":\"https:\/\/www.virginmobile.cl\/blog\/series\/amazon-prime-chile\/amazon-prime-chile-la-nueva-serie-de-el-senor-de-los-anillos-ya-tiene-fecha-de-estreno\/#primaryimage\"},\"thumbnailUrl\":\"https:\/\/www.virginmobile.cl\/blog\/wp-content\/uploads\/2021\/08\/vblog_layout-Recuperado-Recuperado-Recuperado-5.jpg\",\"keywords\":[\"Amazon Prime Chile\",\"El Se\u00f1or de los Anillos\",\"serie\"],\"articleSection\":[\"Amazon Prime Chile\"],\"inLanguage\":\"es-CL\"},{\"@type\":\"WebPage\",\"@id\":\"https:\/\/www.virginmobile.cl\/blog\/series\/amazon-prime-chile\/amazon-prime-chile-la-nueva-serie-de-el-senor-de-los-anillos-ya-tiene-fecha-de-estreno\/\",\"url\":\"https:\/\/www.virginmobile.cl\/blog\/series\/amazon-prime-chile\/amazon-prime-chile-la-nueva-serie-de-el-senor-de-los-anillos-ya-tiene-fecha-de-estreno\/\",\"name\":\"Amazon Prime Chile: Serie de El Se\u00f1or de los Anillos ya tiene fecha\",\"isPartOf\":{\"@id\":\"https:\/\/vmcl.space\/blog\/#website\"},\"primaryImageOfPage\":{\"@id\":\"https:\/\/www.virginmobile.cl\/blog\/series\/amazon-prime-chile\/amazon-prime-chile-la-nueva-serie-de-el-senor-de-los-anillos-ya-tiene-fecha-de-estreno\/#primaryimage\"},\"image\":{\"@id\":\"https:\/\/www.virginmobile.cl\/blog\/series\/amazon-prime-chile\/amazon-prime-chile-la-nueva-serie-de-el-senor-de-los-anillos-ya-tiene-fecha-de-estreno\/#primaryimage\"},\"thumbnailUrl\":\"https:\/\/www.virginmobile.cl\/blog\/wp-content\/uploads\/2021\/08\/vblog_layout-Recuperado-Recuperado-Recuperado-5.jpg\",\"datePublished\":\"2021-08-06T13:00:00+00:00\",\"dateModified\":\"2022-02-24T18:26:55+00:00\",\"description\":\"Todos los fan\u00e1ticos de El Se\u00f1or de los Anillos, sab\u00edamos que Amazon Prime Chile estaba planeando algo hace tiempo... \u00a1Ahora hay fecha! :O\",\"breadcrumb\":{\"@id\":\"https:\/\/www.virginmobile.cl\/blog\/series\/amazon-prime-chile\/amazon-prime-chile-la-nueva-serie-de-el-senor-de-los-anillos-ya-tiene-fecha-de-estreno\/#breadcrumb\"},\"inLanguage\":\"es-CL\",\"potentialAction\":[{\"@type\":\"ReadAction\",\"target\":[\"https:\/\/www.virginmobile.cl\/blog\/series\/amazon-prime-chile\/amazon-prime-chile-la-nueva-serie-de-el-senor-de-los-anillos-ya-tiene-fecha-de-estreno\/\"]}]},{\"@type\":\"ImageObject\",\"inLanguage\":\"es-CL\",\"@id\":\"https:\/\/www.virginmobile.cl\/blog\/series\/amazon-prime-chile\/amazon-prime-chile-la-nueva-serie-de-el-senor-de-los-anillos-ya-tiene-fecha-de-estreno\/#primaryimage\",\"url\":\"https:\/\/www.virginmobile.cl\/blog\/wp-content\/uploads\/2021\/08\/vblog_layout-Recuperado-Recuperado-Recuperado-5.jpg\",\"contentUrl\":\"https:\/\/www.virginmobile.cl\/blog\/wp-content\/uploads\/2021\/08\/vblog_layout-Recuperado-Recuperado-Recuperado-5.jpg\",\"width\":1200,\"height\":800,\"caption\":\"Amazon Prime Chile: La nueva serie de El Se\u00f1or de los Anillos ya tiene fecha de estreno\"},{\"@type\":\"BreadcrumbList\",\"@id\":\"https:\/\/www.virginmobile.cl\/blog\/series\/amazon-prime-chile\/amazon-prime-chile-la-nueva-serie-de-el-senor-de-los-anillos-ya-tiene-fecha-de-estreno\/#breadcrumb\",\"itemListElement\":[{\"@type\":\"ListItem\",\"position\":1,\"name\":\"Portada\",\"item\":\"https:\/\/vmcl.space\/blog\/\"},{\"@type\":\"ListItem\",\"position\":2,\"name\":\"Amazon Prime Chile: La nueva serie de El Se\u00f1or de los Anillos ya tiene fecha de estreno\"}]},{\"@type\":\"WebSite\",\"@id\":\"https:\/\/vmcl.space\/blog\/#website\",\"url\":\"https:\/\/vmcl.space\/blog\/\",\"name\":\"Naci\u00f3n Virgin - Virgin Mobile Chile\",\"description\":\"Lo que pasa ah\u00ed lo sabes aqu\u00ed\",\"publisher\":{\"@id\":\"https:\/\/vmcl.space\/blog\/#organization\"},\"potentialAction\":[{\"@type\":\"SearchAction\",\"target\":{\"@type\":\"EntryPoint\",\"urlTemplate\":\"https:\/\/vmcl.space\/blog\/?s={search_term_string}\"},\"query-input\":{\"@type\":\"PropertyValueSpecification\",\"valueRequired\":true,\"valueName\":\"search_term_string\"}}],\"inLanguage\":\"es-CL\"},{\"@type\":\"Organization\",\"@id\":\"https:\/\/vmcl.space\/blog\/#organization\",\"name\":\"Virgin Mobile\",\"url\":\"https:\/\/vmcl.space\/blog\/\",\"logo\":{\"@type\":\"ImageObject\",\"inLanguage\":\"es-CL\",\"@id\":\"https:\/\/vmcl.space\/blog\/#\/schema\/logo\/image\/\",\"url\":\"https:\/\/blog.virginmobile.cl\/wp-content\/uploads\/2018\/06\/logo_blog_v4.png\",\"contentUrl\":\"https:\/\/blog.virginmobile.cl\/wp-content\/uploads\/2018\/06\/logo_blog_v4.png\",\"width\":400,\"height\":400,\"caption\":\"Virgin Mobile\"},\"image\":{\"@id\":\"https:\/\/vmcl.space\/blog\/#\/schema\/logo\/image\/\"},\"sameAs\":[\"https:\/\/www.facebook.com\/VirginMobileChile\/\",\"https:\/\/x.com\/virginmobile_cl\",\"https:\/\/www.instagram.com\/virginmobile_cl\/\",\"https:\/\/www.linkedin.com\/company\/10255048\/admin\/\",\"https:\/\/www.youtube.com\/user\/VirginMobileChile\"]},{\"@type\":\"Person\",\"@id\":\"https:\/\/vmcl.space\/blog\/#\/schema\/person\/7dd3fe8aa95409efbc0c2651edad922c\",\"name\":\"Jorge Herrera\",\"image\":{\"@type\":\"ImageObject\",\"inLanguage\":\"es-CL\",\"@id\":\"https:\/\/secure.gravatar.com\/avatar\/08a675eb2009d32bc8481153d36d8296c68fcc62939ab075bfa2d959ff9025c2?s=96&d=mm&r=g\",\"url\":\"https:\/\/secure.gravatar.com\/avatar\/08a675eb2009d32bc8481153d36d8296c68fcc62939ab075bfa2d959ff9025c2?s=96&d=mm&r=g\",\"contentUrl\":\"https:\/\/secure.gravatar.com\/avatar\/08a675eb2009d32bc8481153d36d8296c68fcc62939ab075bfa2d959ff9025c2?s=96&d=mm&r=g\",\"caption\":\"Jorge Herrera\"},\"url\":\"https:\/\/www.virginmobile.cl\/blog\/author\/jorge-herrera\/\"}]}<\/script>\n<!-- \/ Yoast SEO plugin. -->","yoast_head_json":{"title":"Amazon Prime Chile: Serie de El Se\u00f1or de los Anillos ya tiene fecha","description":"Todos los fan\u00e1ticos de El Se\u00f1or de los Anillos, sab\u00edamos que Amazon Prime Chile estaba planeando algo hace tiempo... \u00a1Ahora hay fecha! :O","robots":{"index":"index","follow":"follow","max-snippet":"max-snippet:-1","max-image-preview":"max-image-preview:large","max-video-preview":"max-video-preview:-1"},"canonical":"https:\/\/www.virginmobile.cl\/blog\/series\/amazon-prime-chile\/amazon-prime-chile-la-nueva-serie-de-el-senor-de-los-anillos-ya-tiene-fecha-de-estreno\/","og_locale":"es_ES","og_type":"article","og_title":"Amazon Prime Chile: Serie de El Se\u00f1or de los Anillos ya tiene fecha","og_description":"Todos los fan\u00e1ticos de El Se\u00f1or de los Anillos, sab\u00edamos que Amazon Prime Chile estaba planeando algo hace tiempo... \u00a1Ahora hay fecha! :O","og_url":"https:\/\/www.virginmobile.cl\/blog\/series\/amazon-prime-chile\/amazon-prime-chile-la-nueva-serie-de-el-senor-de-los-anillos-ya-tiene-fecha-de-estreno\/","og_site_name":"Naci\u00f3n Virgin - Virgin Mobile Chile","article_publisher":"https:\/\/www.facebook.com\/VirginMobileChile\/","article_published_time":"2021-08-06T13:00:00+00:00","article_modified_time":"2022-02-24T18:26:55+00:00","og_image":[{"width":1200,"height":800,"url":"https:\/\/www.virginmobile.cl\/blog\/wp-content\/uploads\/2021\/08\/vblog_layout-Recuperado-Recuperado-Recuperado-5.jpg","type":"image\/jpeg"}],"author":"Jorge Herrera","twitter_card":"summary_large_image","twitter_creator":"@virginmobile_cl","twitter_site":"@virginmobile_cl","twitter_misc":{"Escrito por":"Jorge Herrera","Tiempo estimado de lectura":"2 minutos"},"schema":{"@context":"https:\/\/schema.org","@graph":[{"@type":"Article","@id":"https:\/\/www.virginmobile.cl\/blog\/series\/amazon-prime-chile\/amazon-prime-chile-la-nueva-serie-de-el-senor-de-los-anillos-ya-tiene-fecha-de-estreno\/#article","isPartOf":{"@id":"https:\/\/www.virginmobile.cl\/blog\/series\/amazon-prime-chile\/amazon-prime-chile-la-nueva-serie-de-el-senor-de-los-anillos-ya-tiene-fecha-de-estreno\/"},"author":{"name":"Jorge Herrera","@id":"https:\/\/vmcl.space\/blog\/#\/schema\/person\/7dd3fe8aa95409efbc0c2651edad922c"},"headline":"Amazon Prime Chile: La nueva serie de El Se\u00f1or de los Anillos ya tiene fecha de estreno","datePublished":"2021-08-06T13:00:00+00:00","dateModified":"2022-02-24T18:26:55+00:00","mainEntityOfPage":{"@id":"https:\/\/www.virginmobile.cl\/blog\/series\/amazon-prime-chile\/amazon-prime-chile-la-nueva-serie-de-el-senor-de-los-anillos-ya-tiene-fecha-de-estreno\/"},"wordCount":445,"publisher":{"@id":"https:\/\/vmcl.space\/blog\/#organization"},"image":{"@id":"https:\/\/www.virginmobile.cl\/blog\/series\/amazon-prime-chile\/amazon-prime-chile-la-nueva-serie-de-el-senor-de-los-anillos-ya-tiene-fecha-de-estreno\/#primaryimage"},"thumbnailUrl":"https:\/\/www.virginmobile.cl\/blog\/wp-content\/uploads\/2021\/08\/vblog_layout-Recuperado-Recuperado-Recuperado-5.jpg","keywords":["Amazon Prime Chile","El Se\u00f1or de los Anillos","serie"],"articleSection":["Amazon Prime Chile"],"inLanguage":"es-CL"},{"@type":"WebPage","@id":"https:\/\/www.virginmobile.cl\/blog\/series\/amazon-prime-chile\/amazon-prime-chile-la-nueva-serie-de-el-senor-de-los-anillos-ya-tiene-fecha-de-estreno\/","url":"https:\/\/www.virginmobile.cl\/blog\/series\/amazon-prime-chile\/amazon-prime-chile-la-nueva-serie-de-el-senor-de-los-anillos-ya-tiene-fecha-de-estreno\/","name":"Amazon Prime Chile: Serie de El Se\u00f1or de los Anillos ya tiene fecha","isPartOf":{"@id":"https:\/\/vmcl.space\/blog\/#website"},"primaryImageOfPage":{"@id":"https:\/\/www.virginmobile.cl\/blog\/series\/amazon-prime-chile\/amazon-prime-chile-la-nueva-serie-de-el-senor-de-los-anillos-ya-tiene-fecha-de-estreno\/#primaryimage"},"image":{"@id":"https:\/\/www.virginmobile.cl\/blog\/series\/amazon-prime-chile\/amazon-prime-chile-la-nueva-serie-de-el-senor-de-los-anillos-ya-tiene-fecha-de-estreno\/#primaryimage"},"thumbnailUrl":"https:\/\/www.virginmobile.cl\/blog\/wp-content\/uploads\/2021\/08\/vblog_layout-Recuperado-Recuperado-Recuperado-5.jpg","datePublished":"2021-08-06T13:00:00+00:00","dateModified":"2022-02-24T18:26:55+00:00","description":"Todos los fan\u00e1ticos de El Se\u00f1or de los Anillos, sab\u00edamos que Amazon Prime Chile estaba planeando algo hace tiempo... \u00a1Ahora hay fecha! :O","breadcrumb":{"@id":"https:\/\/www.virginmobile.cl\/blog\/series\/amazon-prime-chile\/amazon-prime-chile-la-nueva-serie-de-el-senor-de-los-anillos-ya-tiene-fecha-de-estreno\/#breadcrumb"},"inLanguage":"es-CL","potentialAction":[{"@type":"ReadAction","target":["https:\/\/www.virginmobile.cl\/blog\/series\/amazon-prime-chile\/amazon-prime-chile-la-nueva-serie-de-el-senor-de-los-anillos-ya-tiene-fecha-de-estreno\/"]}]},{"@type":"ImageObject","inLanguage":"es-CL","@id":"https:\/\/www.virginmobile.cl\/blog\/series\/amazon-prime-chile\/amazon-prime-chile-la-nueva-serie-de-el-senor-de-los-anillos-ya-tiene-fecha-de-estreno\/#primaryimage","url":"https:\/\/www.virginmobile.cl\/blog\/wp-content\/uploads\/2021\/08\/vblog_layout-Recuperado-Recuperado-Recuperado-5.jpg","contentUrl":"https:\/\/www.virginmobile.cl\/blog\/wp-content\/uploads\/2021\/08\/vblog_layout-Recuperado-Recuperado-Recuperado-5.jpg","width":1200,"height":800,"caption":"Amazon Prime Chile: La nueva serie de El Se\u00f1or de los Anillos ya tiene fecha de estreno"},{"@type":"BreadcrumbList","@id":"https:\/\/www.virginmobile.cl\/blog\/series\/amazon-prime-chile\/amazon-prime-chile-la-nueva-serie-de-el-senor-de-los-anillos-ya-tiene-fecha-de-estreno\/#breadcrumb","itemListElement":[{"@type":"ListItem","position":1,"name":"Portada","item":"https:\/\/vmcl.space\/blog\/"},{"@type":"ListItem","position":2,"name":"Amazon Prime Chile: La nueva serie de El Se\u00f1or de los Anillos ya tiene fecha de estreno"}]},{"@type":"WebSite","@id":"https:\/\/vmcl.space\/blog\/#website","url":"https:\/\/vmcl.space\/blog\/","name":"Naci\u00f3n Virgin - Virgin Mobile Chile","description":"Lo que pasa ah\u00ed lo sabes aqu\u00ed","publisher":{"@id":"https:\/\/vmcl.space\/blog\/#organization"},"potentialAction":[{"@type":"SearchAction","target":{"@type":"EntryPoint","urlTemplate":"https:\/\/vmcl.space\/blog\/?s={search_term_string}"},"query-input":{"@type":"PropertyValueSpecification","valueRequired":true,"valueName":"search_term_string"}}],"inLanguage":"es-CL"},{"@type":"Organization","@id":"https:\/\/vmcl.space\/blog\/#organization","name":"Virgin Mobile","url":"https:\/\/vmcl.space\/blog\/","logo":{"@type":"ImageObject","inLanguage":"es-CL","@id":"https:\/\/vmcl.space\/blog\/#\/schema\/logo\/image\/","url":"https:\/\/blog.virginmobile.cl\/wp-content\/uploads\/2018\/06\/logo_blog_v4.png","contentUrl":"https:\/\/blog.virginmobile.cl\/wp-content\/uploads\/2018\/06\/logo_blog_v4.png","width":400,"height":400,"caption":"Virgin Mobile"},"image":{"@id":"https:\/\/vmcl.space\/blog\/#\/schema\/logo\/image\/"},"sameAs":["https:\/\/www.facebook.com\/VirginMobileChile\/","https:\/\/x.com\/virginmobile_cl","https:\/\/www.instagram.com\/virginmobile_cl\/","https:\/\/www.linkedin.com\/company\/10255048\/admin\/","https:\/\/www.youtube.com\/user\/VirginMobileChile"]},{"@type":"Person","@id":"https:\/\/vmcl.space\/blog\/#\/schema\/person\/7dd3fe8aa95409efbc0c2651edad922c","name":"Jorge Herrera","image":{"@type":"ImageObject","inLanguage":"es-CL","@id":"https:\/\/secure.gravatar.com\/avatar\/08a675eb2009d32bc8481153d36d8296c68fcc62939ab075bfa2d959ff9025c2?s=96&d=mm&r=g","url":"https:\/\/secure.gravatar.com\/avatar\/08a675eb2009d32bc8481153d36d8296c68fcc62939ab075bfa2d959ff9025c2?s=96&d=mm&r=g","contentUrl":"https:\/\/secure.gravatar.com\/avatar\/08a675eb2009d32bc8481153d36d8296c68fcc62939ab075bfa2d959ff9025c2?s=96&d=mm&r=g","caption":"Jorge Herrera"},"url":"https:\/\/www.virginmobile.cl\/blog\/author\/jorge-herrera\/"}]}},"_links":{"self":[{"href":"https:\/\/www.virginmobile.cl\/blog\/wp-json\/wp\/v2\/posts\/5639","targetHints":{"allow":["GET"]}}],"collection":[{"href":"https:\/\/www.virginmobile.cl\/blog\/wp-json\/wp\/v2\/posts"}],"about":[{"href":"https:\/\/www.virginmobile.cl\/blog\/wp-json\/wp\/v2\/types\/post"}],"author":[{"embeddable":true,"href":"https:\/\/www.virginmobile.cl\/blog\/wp-json\/wp\/v2\/users\/2"}],"replies":[{"embeddable":true,"href":"https:\/\/www.virginmobile.cl\/blog\/wp-json\/wp\/v2\/comments?post=5639"}],"version-history":[{"count":3,"href":"https:\/\/www.virginmobile.cl\/blog\/wp-json\/wp\/v2\/posts\/5639\/revisions"}],"predecessor-version":[{"id":5644,"href":"https:\/\/www.virginmobile.cl\/blog\/wp-json\/wp\/v2\/posts\/5639\/revisions\/5644"}],"wp:featuredmedia":[{"embeddable":true,"href":"https:\/\/www.virginmobile.cl\/blog\/wp-json\/wp\/v2\/media\/5642"}],"wp:attachment":[{"href":"https:\/\/www.virginmobile.cl\/blog\/wp-json\/wp\/v2\/media?parent=5639"}],"wp:term":[{"taxonomy":"category","embeddable":true,"href":"https:\/\/www.virginmobile.cl\/blog\/wp-json\/wp\/v2\/categories?post=5639"},{"taxonomy":"post_tag","embeddable":true,"href":"https:\/\/www.virginmobile.cl\/blog\/wp-json\/wp\/v2\/tags?post=5639"}],"curies":[{"name":"wp","href":"https:\/\/api.w.org\/{rel}","templated":true}]}}