{"id":5514,"date":"2021-07-15T14:42:08","date_gmt":"2021-07-15T18:42:08","guid":{"rendered":"https:\/\/blog.virginmobile.cl\/?p=5514"},"modified":"2022-02-24T14:26:48","modified_gmt":"2022-02-24T18:26:48","slug":"disney-plus-chile-todo-lo-que-sabemos-de-la-segunda-temporada-de-loki","status":"publish","type":"post","link":"https:\/\/www.virginmobile.cl\/blog\/series\/disney-plus-chile\/disney-plus-chile-todo-lo-que-sabemos-de-la-segunda-temporada-de-loki\/","title":{"rendered":"Disney Plus Chile: Todo lo que sabemos de la segunda temporada de Loki"},"content":{"rendered":"\n<p>Han pasado 6 semanas desde que se estren\u00f3 en <a href=\"https:\/\/blog.virginmobile.cl\/series\/disney-plus-chile\/disney-plus-chile-revisa-los-estrenos-de-mayo-2021\">Disney Plus Chile<\/a> la serie \u201cLoki\u201d, tiempo suficiente para haber dejado una gran marea de fan\u00e1ticos que han tildado a la serie como <strong>\u201cel mejor estreno de Disney\u201d<\/strong>. Lamentablemente todo lleg\u00f3 a su fin el pasado mi\u00e9rcoles 14 de junio. Pero tranqui, porque est\u00e1 confirmada una segunda temporada.&nbsp;<\/p>\n\n\n\n<p>La producci\u00f3n de Marvel protagonizada por Tom Hiddleston, nos dej\u00f3 con un mont\u00f3n de sorpresas, dando paso a nuevas realidades y obvio, nuevos villanos. Adem\u00e1s, vimos la entrada de un nuevo personaje que sin duda lo cambiar\u00e1 todo.<\/p>\n\n\n\n<h2 class=\"wp-block-heading\"><strong>Segunda temporada de de Loki en Disney Plus Chile<\/strong><\/h2>\n\n\n\n<p>\u00a1La historia no termina aqu\u00ed se\u00f1ores! Muy pronto tendremos una segunda parte en Disney Plus Chile, ya que en la muy conocida <strong>escena post-cr\u00e9dito <\/strong>de Marvel, todo apunt\u00f3 a que <strong>\u201cLoki tendr\u00e1 una segunda temporada\u201d<\/strong>.<\/p>\n\n\n\n<p>Aunque esto no es ninguna sorpresa. El pasado enero de este a\u00f1o, <strong>Deadline <\/strong>inform\u00f3 que la segunda temporada de Loki estaba en proceso, y que el escritor principal,<strong> Michael Waldron<\/strong>, volver\u00e1 a escribir el segundo cap\u00edtulo de esta bella saga.&nbsp;<\/p>\n\n\n\n<p>Por ahora no tenemos fechas exactas del estreno de los nuevos cap\u00edtulos, pero s\u00ed sabemos que podr\u00edan comenzar a <strong>filmar en enero de 2022<\/strong>. En cuanto al reparto, solo est\u00e1 claro que Tom Hiddleston regresar\u00e1 al papel principal, pero obvio, ahora ya no es el \u00fanico Loki existente, \u00bfno?.&nbsp;<\/p>\n\n\n\n<h3 class=\"wp-block-heading\"><strong>Una teor\u00eda interesante para la segunda temporada<\/strong><\/h3>\n\n\n\n<p><em><strong>*Alerta de spoiler. Huye y anda a leer otro art\u00edculo de <\/strong><\/em><a href=\"https:\/\/blog.virginmobile.cl\/\"><strong><em>Naci\u00f3n Virgin<\/em><\/strong><\/a><em><strong>.\u00a0<\/strong><\/em><\/p>\n\n\n\n<p>El sexto y \u00faltimo cap\u00edtulo de la serie de Disney Plus Chile nos dej\u00f3 satisfechos. A todos nos entregaron lo que est\u00e1bamos esperando desde hace mucho tiempo en Marvel: la presentaci\u00f3n de <a href=\"https:\/\/pulpfictioncine.com\/contenido\/17052\/quien-es-jonathan-majors-el-villano-que-interpreta-a-he-who-remains-la-variante-\"><strong>Jonathan Majors <\/strong>como Kang el Conquistador<\/a>. Al parecer este no fue exactamente el malo despiadado de los c\u00f3mics, sino un ser algo m\u00e1s l\u00f3gico y razonable. Si bien domin\u00f3 a la TVA para sus beneficios, vemos que se esfuerza por evitar el estallido de una guerra multiversal catacl\u00edsmica. &nbsp;<\/p>\n\n\n\n<p>Luego de que Sylvie mata a Kang, pronuncia un<strong><em>\u201cnos vemos pronto\u201d<\/em><\/strong><em>, <\/em>mientras la L\u00ednea de Tiempo Sagrada se ramifica en un mont\u00f3n de realidades alternas. Lo m\u00e1s seguro es que en una de ellas contendr\u00e1 la versi\u00f3n mal\u00e9vola que conocemos del villano. Aunque hasta ahora, no sabemos si la segunda temporada contar\u00e1 con este villano.<\/p>\n\n\n\n<p><\/p>\n","protected":false},"excerpt":{"rendered":"<p>Han pasado 6 semanas desde que se estren\u00f3 en Disney Plus Chile la serie \u201cLoki\u201d, tiempo suficiente para haber dejado una gran marea de fan\u00e1ticos que han tildado a la serie como \u201cel mejor estreno de Disney\u201d. Lamentablemente todo lleg\u00f3 a su fin el pasado mi\u00e9rcoles 14 de junio. Pero tranqui, porque est\u00e1 confirmada una [&hellip;]<\/p>\n","protected":false},"author":2,"featured_media":5533,"comment_status":"closed","ping_status":"closed","sticky":false,"template":"","format":"standard","meta":{"footnotes":""},"categories":[1025],"tags":[1018,512,890],"class_list":["post-5514","post","type-post","status-publish","format-standard","has-post-thumbnail","hentry","category-disney-plus-chile","tag-disney-plus-chile","tag-loki","tag-segunda-temporada"],"yoast_head":"<!-- This site is optimized with the Yoast SEO plugin v27.2 - https:\/\/yoast.com\/product\/yoast-seo-wordpress\/ -->\n<title>Disney Plus Chile: Todo lo que sabemos de la segunda temporada de Loki<\/title>\n<meta name=\"description\" content=\"\u00bfQuedaste tan impactado como nosotros con el final de Loki en Disney Plus Chile? Entonces, esta nota de Naci\u00f3n Virgin es para ti.\" \/>\n<meta name=\"robots\" content=\"index, follow, max-snippet:-1, max-image-preview:large, max-video-preview:-1\" \/>\n<link rel=\"canonical\" href=\"https:\/\/www.virginmobile.cl\/blog\/series\/disney-plus-chile\/disney-plus-chile-todo-lo-que-sabemos-de-la-segunda-temporada-de-loki\/\" \/>\n<meta property=\"og:locale\" content=\"es_ES\" \/>\n<meta property=\"og:type\" content=\"article\" \/>\n<meta property=\"og:title\" content=\"Disney Plus Chile: Todo lo que sabemos de la segunda temporada de Loki\" \/>\n<meta property=\"og:description\" content=\"\u00bfQuedaste tan impactado como nosotros con el final de Loki en Disney Plus Chile? Entonces, esta nota de Naci\u00f3n Virgin es para ti.\" \/>\n<meta property=\"og:url\" content=\"https:\/\/www.virginmobile.cl\/blog\/series\/disney-plus-chile\/disney-plus-chile-todo-lo-que-sabemos-de-la-segunda-temporada-de-loki\/\" \/>\n<meta property=\"og:site_name\" content=\"Naci\u00f3n Virgin - Virgin Mobile Chile\" \/>\n<meta property=\"article:publisher\" content=\"https:\/\/www.facebook.com\/VirginMobileChile\/\" \/>\n<meta property=\"article:published_time\" content=\"2021-07-15T18:42:08+00:00\" \/>\n<meta property=\"article:modified_time\" content=\"2022-02-24T18:26:48+00:00\" \/>\n<meta property=\"og:image\" content=\"https:\/\/www.virginmobile.cl\/blog\/wp-content\/uploads\/2021\/07\/vblog_layout-Recuperado-Recuperado-Recuperado-11.jpg\" \/>\n\t<meta property=\"og:image:width\" content=\"1200\" \/>\n\t<meta property=\"og:image:height\" content=\"800\" \/>\n\t<meta property=\"og:image:type\" content=\"image\/jpeg\" \/>\n<meta name=\"author\" content=\"Jorge Herrera\" \/>\n<meta name=\"twitter:card\" content=\"summary_large_image\" \/>\n<meta name=\"twitter:creator\" content=\"@virginmobile_cl\" \/>\n<meta name=\"twitter:site\" content=\"@virginmobile_cl\" \/>\n<meta name=\"twitter:label1\" content=\"Escrito por\" \/>\n\t<meta name=\"twitter:data1\" content=\"Jorge Herrera\" \/>\n\t<meta name=\"twitter:label2\" content=\"Tiempo estimado de lectura\" \/>\n\t<meta name=\"twitter:data2\" content=\"2 minutos\" \/>\n<script type=\"application\/ld+json\" class=\"yoast-schema-graph\">{\"@context\":\"https:\/\/schema.org\",\"@graph\":[{\"@type\":\"Article\",\"@id\":\"https:\/\/www.virginmobile.cl\/blog\/series\/disney-plus-chile\/disney-plus-chile-todo-lo-que-sabemos-de-la-segunda-temporada-de-loki\/#article\",\"isPartOf\":{\"@id\":\"https:\/\/www.virginmobile.cl\/blog\/series\/disney-plus-chile\/disney-plus-chile-todo-lo-que-sabemos-de-la-segunda-temporada-de-loki\/\"},\"author\":{\"name\":\"Jorge Herrera\",\"@id\":\"https:\/\/vmcl.space\/blog\/#\/schema\/person\/7dd3fe8aa95409efbc0c2651edad922c\"},\"headline\":\"Disney Plus Chile: Todo lo que sabemos de la segunda temporada de Loki\",\"datePublished\":\"2021-07-15T18:42:08+00:00\",\"dateModified\":\"2022-02-24T18:26:48+00:00\",\"mainEntityOfPage\":{\"@id\":\"https:\/\/www.virginmobile.cl\/blog\/series\/disney-plus-chile\/disney-plus-chile-todo-lo-que-sabemos-de-la-segunda-temporada-de-loki\/\"},\"wordCount\":424,\"publisher\":{\"@id\":\"https:\/\/vmcl.space\/blog\/#organization\"},\"image\":{\"@id\":\"https:\/\/www.virginmobile.cl\/blog\/series\/disney-plus-chile\/disney-plus-chile-todo-lo-que-sabemos-de-la-segunda-temporada-de-loki\/#primaryimage\"},\"thumbnailUrl\":\"https:\/\/www.virginmobile.cl\/blog\/wp-content\/uploads\/2021\/07\/vblog_layout-Recuperado-Recuperado-Recuperado-11.jpg\",\"keywords\":[\"Disney Plus Chile\",\"Loki\",\"segunda temporada\"],\"articleSection\":[\"Disney Plus Chile\"],\"inLanguage\":\"es-CL\"},{\"@type\":\"WebPage\",\"@id\":\"https:\/\/www.virginmobile.cl\/blog\/series\/disney-plus-chile\/disney-plus-chile-todo-lo-que-sabemos-de-la-segunda-temporada-de-loki\/\",\"url\":\"https:\/\/www.virginmobile.cl\/blog\/series\/disney-plus-chile\/disney-plus-chile-todo-lo-que-sabemos-de-la-segunda-temporada-de-loki\/\",\"name\":\"Disney Plus Chile: Todo lo que sabemos de la segunda temporada de Loki\",\"isPartOf\":{\"@id\":\"https:\/\/vmcl.space\/blog\/#website\"},\"primaryImageOfPage\":{\"@id\":\"https:\/\/www.virginmobile.cl\/blog\/series\/disney-plus-chile\/disney-plus-chile-todo-lo-que-sabemos-de-la-segunda-temporada-de-loki\/#primaryimage\"},\"image\":{\"@id\":\"https:\/\/www.virginmobile.cl\/blog\/series\/disney-plus-chile\/disney-plus-chile-todo-lo-que-sabemos-de-la-segunda-temporada-de-loki\/#primaryimage\"},\"thumbnailUrl\":\"https:\/\/www.virginmobile.cl\/blog\/wp-content\/uploads\/2021\/07\/vblog_layout-Recuperado-Recuperado-Recuperado-11.jpg\",\"datePublished\":\"2021-07-15T18:42:08+00:00\",\"dateModified\":\"2022-02-24T18:26:48+00:00\",\"description\":\"\u00bfQuedaste tan impactado como nosotros con el final de Loki en Disney Plus Chile? Entonces, esta nota de Naci\u00f3n Virgin es para ti.\",\"breadcrumb\":{\"@id\":\"https:\/\/www.virginmobile.cl\/blog\/series\/disney-plus-chile\/disney-plus-chile-todo-lo-que-sabemos-de-la-segunda-temporada-de-loki\/#breadcrumb\"},\"inLanguage\":\"es-CL\",\"potentialAction\":[{\"@type\":\"ReadAction\",\"target\":[\"https:\/\/www.virginmobile.cl\/blog\/series\/disney-plus-chile\/disney-plus-chile-todo-lo-que-sabemos-de-la-segunda-temporada-de-loki\/\"]}]},{\"@type\":\"ImageObject\",\"inLanguage\":\"es-CL\",\"@id\":\"https:\/\/www.virginmobile.cl\/blog\/series\/disney-plus-chile\/disney-plus-chile-todo-lo-que-sabemos-de-la-segunda-temporada-de-loki\/#primaryimage\",\"url\":\"https:\/\/www.virginmobile.cl\/blog\/wp-content\/uploads\/2021\/07\/vblog_layout-Recuperado-Recuperado-Recuperado-11.jpg\",\"contentUrl\":\"https:\/\/www.virginmobile.cl\/blog\/wp-content\/uploads\/2021\/07\/vblog_layout-Recuperado-Recuperado-Recuperado-11.jpg\",\"width\":1200,\"height\":800,\"caption\":\"Disney Plus Chile: Todo lo que sabemos de la segunda temporada de Loki\"},{\"@type\":\"BreadcrumbList\",\"@id\":\"https:\/\/www.virginmobile.cl\/blog\/series\/disney-plus-chile\/disney-plus-chile-todo-lo-que-sabemos-de-la-segunda-temporada-de-loki\/#breadcrumb\",\"itemListElement\":[{\"@type\":\"ListItem\",\"position\":1,\"name\":\"Portada\",\"item\":\"https:\/\/vmcl.space\/blog\/\"},{\"@type\":\"ListItem\",\"position\":2,\"name\":\"Disney Plus Chile: Todo lo que sabemos de la segunda temporada de Loki\"}]},{\"@type\":\"WebSite\",\"@id\":\"https:\/\/vmcl.space\/blog\/#website\",\"url\":\"https:\/\/vmcl.space\/blog\/\",\"name\":\"Naci\u00f3n Virgin - Virgin Mobile Chile\",\"description\":\"Lo que pasa ah\u00ed lo sabes aqu\u00ed\",\"publisher\":{\"@id\":\"https:\/\/vmcl.space\/blog\/#organization\"},\"potentialAction\":[{\"@type\":\"SearchAction\",\"target\":{\"@type\":\"EntryPoint\",\"urlTemplate\":\"https:\/\/vmcl.space\/blog\/?s={search_term_string}\"},\"query-input\":{\"@type\":\"PropertyValueSpecification\",\"valueRequired\":true,\"valueName\":\"search_term_string\"}}],\"inLanguage\":\"es-CL\"},{\"@type\":\"Organization\",\"@id\":\"https:\/\/vmcl.space\/blog\/#organization\",\"name\":\"Virgin Mobile\",\"url\":\"https:\/\/vmcl.space\/blog\/\",\"logo\":{\"@type\":\"ImageObject\",\"inLanguage\":\"es-CL\",\"@id\":\"https:\/\/vmcl.space\/blog\/#\/schema\/logo\/image\/\",\"url\":\"https:\/\/blog.virginmobile.cl\/wp-content\/uploads\/2018\/06\/logo_blog_v4.png\",\"contentUrl\":\"https:\/\/blog.virginmobile.cl\/wp-content\/uploads\/2018\/06\/logo_blog_v4.png\",\"width\":400,\"height\":400,\"caption\":\"Virgin Mobile\"},\"image\":{\"@id\":\"https:\/\/vmcl.space\/blog\/#\/schema\/logo\/image\/\"},\"sameAs\":[\"https:\/\/www.facebook.com\/VirginMobileChile\/\",\"https:\/\/x.com\/virginmobile_cl\",\"https:\/\/www.instagram.com\/virginmobile_cl\/\",\"https:\/\/www.linkedin.com\/company\/10255048\/admin\/\",\"https:\/\/www.youtube.com\/user\/VirginMobileChile\"]},{\"@type\":\"Person\",\"@id\":\"https:\/\/vmcl.space\/blog\/#\/schema\/person\/7dd3fe8aa95409efbc0c2651edad922c\",\"name\":\"Jorge Herrera\",\"image\":{\"@type\":\"ImageObject\",\"inLanguage\":\"es-CL\",\"@id\":\"https:\/\/secure.gravatar.com\/avatar\/08a675eb2009d32bc8481153d36d8296c68fcc62939ab075bfa2d959ff9025c2?s=96&d=mm&r=g\",\"url\":\"https:\/\/secure.gravatar.com\/avatar\/08a675eb2009d32bc8481153d36d8296c68fcc62939ab075bfa2d959ff9025c2?s=96&d=mm&r=g\",\"contentUrl\":\"https:\/\/secure.gravatar.com\/avatar\/08a675eb2009d32bc8481153d36d8296c68fcc62939ab075bfa2d959ff9025c2?s=96&d=mm&r=g\",\"caption\":\"Jorge Herrera\"},\"url\":\"https:\/\/www.virginmobile.cl\/blog\/author\/jorge-herrera\/\"}]}<\/script>\n<!-- \/ Yoast SEO plugin. -->","yoast_head_json":{"title":"Disney Plus Chile: Todo lo que sabemos de la segunda temporada de Loki","description":"\u00bfQuedaste tan impactado como nosotros con el final de Loki en Disney Plus Chile? Entonces, esta nota de Naci\u00f3n Virgin es para ti.","robots":{"index":"index","follow":"follow","max-snippet":"max-snippet:-1","max-image-preview":"max-image-preview:large","max-video-preview":"max-video-preview:-1"},"canonical":"https:\/\/www.virginmobile.cl\/blog\/series\/disney-plus-chile\/disney-plus-chile-todo-lo-que-sabemos-de-la-segunda-temporada-de-loki\/","og_locale":"es_ES","og_type":"article","og_title":"Disney Plus Chile: Todo lo que sabemos de la segunda temporada de Loki","og_description":"\u00bfQuedaste tan impactado como nosotros con el final de Loki en Disney Plus Chile? Entonces, esta nota de Naci\u00f3n Virgin es para ti.","og_url":"https:\/\/www.virginmobile.cl\/blog\/series\/disney-plus-chile\/disney-plus-chile-todo-lo-que-sabemos-de-la-segunda-temporada-de-loki\/","og_site_name":"Naci\u00f3n Virgin - Virgin Mobile Chile","article_publisher":"https:\/\/www.facebook.com\/VirginMobileChile\/","article_published_time":"2021-07-15T18:42:08+00:00","article_modified_time":"2022-02-24T18:26:48+00:00","og_image":[{"width":1200,"height":800,"url":"https:\/\/www.virginmobile.cl\/blog\/wp-content\/uploads\/2021\/07\/vblog_layout-Recuperado-Recuperado-Recuperado-11.jpg","type":"image\/jpeg"}],"author":"Jorge Herrera","twitter_card":"summary_large_image","twitter_creator":"@virginmobile_cl","twitter_site":"@virginmobile_cl","twitter_misc":{"Escrito por":"Jorge Herrera","Tiempo estimado de lectura":"2 minutos"},"schema":{"@context":"https:\/\/schema.org","@graph":[{"@type":"Article","@id":"https:\/\/www.virginmobile.cl\/blog\/series\/disney-plus-chile\/disney-plus-chile-todo-lo-que-sabemos-de-la-segunda-temporada-de-loki\/#article","isPartOf":{"@id":"https:\/\/www.virginmobile.cl\/blog\/series\/disney-plus-chile\/disney-plus-chile-todo-lo-que-sabemos-de-la-segunda-temporada-de-loki\/"},"author":{"name":"Jorge Herrera","@id":"https:\/\/vmcl.space\/blog\/#\/schema\/person\/7dd3fe8aa95409efbc0c2651edad922c"},"headline":"Disney Plus Chile: Todo lo que sabemos de la segunda temporada de Loki","datePublished":"2021-07-15T18:42:08+00:00","dateModified":"2022-02-24T18:26:48+00:00","mainEntityOfPage":{"@id":"https:\/\/www.virginmobile.cl\/blog\/series\/disney-plus-chile\/disney-plus-chile-todo-lo-que-sabemos-de-la-segunda-temporada-de-loki\/"},"wordCount":424,"publisher":{"@id":"https:\/\/vmcl.space\/blog\/#organization"},"image":{"@id":"https:\/\/www.virginmobile.cl\/blog\/series\/disney-plus-chile\/disney-plus-chile-todo-lo-que-sabemos-de-la-segunda-temporada-de-loki\/#primaryimage"},"thumbnailUrl":"https:\/\/www.virginmobile.cl\/blog\/wp-content\/uploads\/2021\/07\/vblog_layout-Recuperado-Recuperado-Recuperado-11.jpg","keywords":["Disney Plus Chile","Loki","segunda temporada"],"articleSection":["Disney Plus Chile"],"inLanguage":"es-CL"},{"@type":"WebPage","@id":"https:\/\/www.virginmobile.cl\/blog\/series\/disney-plus-chile\/disney-plus-chile-todo-lo-que-sabemos-de-la-segunda-temporada-de-loki\/","url":"https:\/\/www.virginmobile.cl\/blog\/series\/disney-plus-chile\/disney-plus-chile-todo-lo-que-sabemos-de-la-segunda-temporada-de-loki\/","name":"Disney Plus Chile: Todo lo que sabemos de la segunda temporada de Loki","isPartOf":{"@id":"https:\/\/vmcl.space\/blog\/#website"},"primaryImageOfPage":{"@id":"https:\/\/www.virginmobile.cl\/blog\/series\/disney-plus-chile\/disney-plus-chile-todo-lo-que-sabemos-de-la-segunda-temporada-de-loki\/#primaryimage"},"image":{"@id":"https:\/\/www.virginmobile.cl\/blog\/series\/disney-plus-chile\/disney-plus-chile-todo-lo-que-sabemos-de-la-segunda-temporada-de-loki\/#primaryimage"},"thumbnailUrl":"https:\/\/www.virginmobile.cl\/blog\/wp-content\/uploads\/2021\/07\/vblog_layout-Recuperado-Recuperado-Recuperado-11.jpg","datePublished":"2021-07-15T18:42:08+00:00","dateModified":"2022-02-24T18:26:48+00:00","description":"\u00bfQuedaste tan impactado como nosotros con el final de Loki en Disney Plus Chile? Entonces, esta nota de Naci\u00f3n Virgin es para ti.","breadcrumb":{"@id":"https:\/\/www.virginmobile.cl\/blog\/series\/disney-plus-chile\/disney-plus-chile-todo-lo-que-sabemos-de-la-segunda-temporada-de-loki\/#breadcrumb"},"inLanguage":"es-CL","potentialAction":[{"@type":"ReadAction","target":["https:\/\/www.virginmobile.cl\/blog\/series\/disney-plus-chile\/disney-plus-chile-todo-lo-que-sabemos-de-la-segunda-temporada-de-loki\/"]}]},{"@type":"ImageObject","inLanguage":"es-CL","@id":"https:\/\/www.virginmobile.cl\/blog\/series\/disney-plus-chile\/disney-plus-chile-todo-lo-que-sabemos-de-la-segunda-temporada-de-loki\/#primaryimage","url":"https:\/\/www.virginmobile.cl\/blog\/wp-content\/uploads\/2021\/07\/vblog_layout-Recuperado-Recuperado-Recuperado-11.jpg","contentUrl":"https:\/\/www.virginmobile.cl\/blog\/wp-content\/uploads\/2021\/07\/vblog_layout-Recuperado-Recuperado-Recuperado-11.jpg","width":1200,"height":800,"caption":"Disney Plus Chile: Todo lo que sabemos de la segunda temporada de Loki"},{"@type":"BreadcrumbList","@id":"https:\/\/www.virginmobile.cl\/blog\/series\/disney-plus-chile\/disney-plus-chile-todo-lo-que-sabemos-de-la-segunda-temporada-de-loki\/#breadcrumb","itemListElement":[{"@type":"ListItem","position":1,"name":"Portada","item":"https:\/\/vmcl.space\/blog\/"},{"@type":"ListItem","position":2,"name":"Disney Plus Chile: Todo lo que sabemos de la segunda temporada de Loki"}]},{"@type":"WebSite","@id":"https:\/\/vmcl.space\/blog\/#website","url":"https:\/\/vmcl.space\/blog\/","name":"Naci\u00f3n Virgin - Virgin Mobile Chile","description":"Lo que pasa ah\u00ed lo sabes aqu\u00ed","publisher":{"@id":"https:\/\/vmcl.space\/blog\/#organization"},"potentialAction":[{"@type":"SearchAction","target":{"@type":"EntryPoint","urlTemplate":"https:\/\/vmcl.space\/blog\/?s={search_term_string}"},"query-input":{"@type":"PropertyValueSpecification","valueRequired":true,"valueName":"search_term_string"}}],"inLanguage":"es-CL"},{"@type":"Organization","@id":"https:\/\/vmcl.space\/blog\/#organization","name":"Virgin Mobile","url":"https:\/\/vmcl.space\/blog\/","logo":{"@type":"ImageObject","inLanguage":"es-CL","@id":"https:\/\/vmcl.space\/blog\/#\/schema\/logo\/image\/","url":"https:\/\/blog.virginmobile.cl\/wp-content\/uploads\/2018\/06\/logo_blog_v4.png","contentUrl":"https:\/\/blog.virginmobile.cl\/wp-content\/uploads\/2018\/06\/logo_blog_v4.png","width":400,"height":400,"caption":"Virgin Mobile"},"image":{"@id":"https:\/\/vmcl.space\/blog\/#\/schema\/logo\/image\/"},"sameAs":["https:\/\/www.facebook.com\/VirginMobileChile\/","https:\/\/x.com\/virginmobile_cl","https:\/\/www.instagram.com\/virginmobile_cl\/","https:\/\/www.linkedin.com\/company\/10255048\/admin\/","https:\/\/www.youtube.com\/user\/VirginMobileChile"]},{"@type":"Person","@id":"https:\/\/vmcl.space\/blog\/#\/schema\/person\/7dd3fe8aa95409efbc0c2651edad922c","name":"Jorge Herrera","image":{"@type":"ImageObject","inLanguage":"es-CL","@id":"https:\/\/secure.gravatar.com\/avatar\/08a675eb2009d32bc8481153d36d8296c68fcc62939ab075bfa2d959ff9025c2?s=96&d=mm&r=g","url":"https:\/\/secure.gravatar.com\/avatar\/08a675eb2009d32bc8481153d36d8296c68fcc62939ab075bfa2d959ff9025c2?s=96&d=mm&r=g","contentUrl":"https:\/\/secure.gravatar.com\/avatar\/08a675eb2009d32bc8481153d36d8296c68fcc62939ab075bfa2d959ff9025c2?s=96&d=mm&r=g","caption":"Jorge Herrera"},"url":"https:\/\/www.virginmobile.cl\/blog\/author\/jorge-herrera\/"}]}},"_links":{"self":[{"href":"https:\/\/www.virginmobile.cl\/blog\/wp-json\/wp\/v2\/posts\/5514","targetHints":{"allow":["GET"]}}],"collection":[{"href":"https:\/\/www.virginmobile.cl\/blog\/wp-json\/wp\/v2\/posts"}],"about":[{"href":"https:\/\/www.virginmobile.cl\/blog\/wp-json\/wp\/v2\/types\/post"}],"author":[{"embeddable":true,"href":"https:\/\/www.virginmobile.cl\/blog\/wp-json\/wp\/v2\/users\/2"}],"replies":[{"embeddable":true,"href":"https:\/\/www.virginmobile.cl\/blog\/wp-json\/wp\/v2\/comments?post=5514"}],"version-history":[{"count":3,"href":"https:\/\/www.virginmobile.cl\/blog\/wp-json\/wp\/v2\/posts\/5514\/revisions"}],"predecessor-version":[{"id":5532,"href":"https:\/\/www.virginmobile.cl\/blog\/wp-json\/wp\/v2\/posts\/5514\/revisions\/5532"}],"wp:featuredmedia":[{"embeddable":true,"href":"https:\/\/www.virginmobile.cl\/blog\/wp-json\/wp\/v2\/media\/5533"}],"wp:attachment":[{"href":"https:\/\/www.virginmobile.cl\/blog\/wp-json\/wp\/v2\/media?parent=5514"}],"wp:term":[{"taxonomy":"category","embeddable":true,"href":"https:\/\/www.virginmobile.cl\/blog\/wp-json\/wp\/v2\/categories?post=5514"},{"taxonomy":"post_tag","embeddable":true,"href":"https:\/\/www.virginmobile.cl\/blog\/wp-json\/wp\/v2\/tags?post=5514"}],"curies":[{"name":"wp","href":"https:\/\/api.w.org\/{rel}","templated":true}]}}