{"id":5003,"date":"2021-04-13T11:54:22","date_gmt":"2021-04-13T15:54:22","guid":{"rendered":"https:\/\/blog.virginmobile.cl\/?p=5003"},"modified":"2022-02-24T14:26:05","modified_gmt":"2022-02-24T18:26:05","slug":"friends-the-reunion-los-detalles-del-capitulo-especial","status":"publish","type":"post","link":"https:\/\/www.virginmobile.cl\/blog\/series\/friends-the-reunion-los-detalles-del-capitulo-especial\/","title":{"rendered":"Friends The Reunion: Conoce los detalles del cap\u00edtulo que ya termin\u00f3 sus grabaciones"},"content":{"rendered":"\n<p>Han pasado 17 a\u00f1os desde que los mejores amigos de la tele cerraron sus puertas para siempre, dejando una gran huella en la cultura pop. Pero gracias a un cap\u00edtulo especial, Rachel, Ross, Monica, Chandler, Phoebe y Joe, vuelven por un rato en <a href=\"https:\/\/www.hobbyconsolas.com\/listas\/curiosidades-final-friends-no-sabian-ahora-431965\"><strong>Friends The Reunion<\/strong><\/a>. \u00bfEmocionado? Nosotros tambi\u00e9n.<\/p>\n\n\n\n<p>Algo que los fan\u00e1ticos han so\u00f1ado desde el 2004 es un reencuentro de los actores. Luego de que mucha agua pas\u00f3 bajo el puente, un 25\u00ba aniversario de la serie, un traslado de Netflix a <a href=\"https:\/\/blog.virginmobile.cl\/series\/hbo-max-chile\/hbo-max-chile-todo-lo-que-debes-saber\">HBO Max<\/a> y el ruido de los fans, \u201c<strong>The Hollywood Reporter\u201d <\/strong>por fin lo anunci\u00f3 en el 2019: el reencuentro podr\u00eda llegar a darse y ser\u00e1 <strong>HBO Max el encargado de transmitirlo<\/strong>. Pero pas\u00f3 el tiempo y nada se confirm\u00f3, hasta que lleg\u00f3 el 2020. La noticia del reencuentro ya era real, pero con el aterrizaje del COVID-19 todos los planes se postergaron.&nbsp;<\/p>\n\n\n\n<h2 class=\"wp-block-heading\"><strong>Lo que sabemos de Friends The Reunion&nbsp;<\/strong><\/h2>\n\n\n\n<p>Nunca olvidaremos noviembre de 2020. Nuestro querido Chandler public\u00f3 en Twitter que \u201cFriends The Reunion\u201d se postergar\u00eda para fines de marzo de 2021. Y as\u00ed se hizo. Sin m\u00e1s postergaciones el cap\u00edtulo especial termin\u00f3 de grabarse sin mayores problemas en abril. \u00a1Toma eso coronavirus!<\/p>\n\n\n\n<p>Los detalles del programa y la reuni\u00f3n siguen siendo top secret y un gran misterio. Lo que s\u00ed sabemos, es que<strong> la filmaci\u00f3n se llev\u00f3 a cabo en el set original de la serie<\/strong>: El escenario 24 de las instalaciones de Warner Bros, California.<\/p>\n\n\n\n<p>Friends siempre fue filmado con p\u00fablico real, risas y aplausos reales de sus fans. TMZ inform\u00f3 que esta vez no fue la excepci\u00f3n, pero la audiencia fue formada <em>\u201cen su mayor\u00eda extras del sindicato de actores, con pruebas COVID-19 hechas y contratados para el evento\u201d<\/em>, ya que la pandemia y las distancias sociales impidieron que los fans pudieran asistir esta vez. Tambi\u00e9n hubo filmaciones en el exterior, pero siempre siguiendo los protocolos sanitarios correspondientes. <strong>Aqu\u00ed incluimos la ic\u00f3nica fuente del opening<\/strong> con el sill\u00f3n y <em>\u201cI\u2019ll be there for you\u201d sonando <\/em>de fondo.\u00a0<\/p>\n\n\n\n<figure class=\"wp-block-image size-full\"><img loading=\"lazy\" decoding=\"async\" width=\"700\" height=\"681\" src=\"https:\/\/blog.virginmobile.cl\/wp-content\/uploads\/2021\/04\/foto1-3.jpg\" alt=\"\" class=\"wp-image-5006\" srcset=\"https:\/\/www.virginmobile.cl\/blog\/wp-content\/uploads\/2021\/04\/foto1-3.jpg 700w, https:\/\/www.virginmobile.cl\/blog\/wp-content\/uploads\/2021\/04\/foto1-3-300x292.jpg 300w\" sizes=\"auto, (max-width: 700px) 100vw, 700px\" \/><\/figure>\n\n\n\n<h3 class=\"wp-block-heading\"><strong>Ser\u00e1 un cap\u00edtulo sin gui\u00f3n<\/strong><\/h3>\n\n\n\n<p>Otra cosa que tambi\u00e9n sabemos es que este <strong>cap\u00edtulo podr\u00eda tratarse de uno sin gui\u00f3n. <\/strong>\u00bfTe estar\u00e1s preguntando c\u00f3mo? Bueno, todos tenemos la misma duda. Desde que HBO confirm\u00f3 el programa al p\u00fablico, los rumores han corrido de red social en red social, que hablan sobre hasta qu\u00e9 punto los actores retomar\u00e1n sus papeles. El mismo <strong>David Schwimmer<\/strong> dijo: <em>\u201c<\/em><strong><em>Ser\u00e9 yo mismo. Ser\u00e9 David<\/em><\/strong><em>. No estamos en el personaje, somos todos nosotros, la gente real\u201d<\/em>. Adem\u00e1s agreg\u00f3 r\u00e1pidamente que<em> \u201chay una parte, no quiero revelarlo&#8230;. donde todos leemos algo\u201d.<\/em><\/p>\n\n\n\n<p>Hasta <strong>Jennifer Aniston<\/strong> nos confundi\u00f3 m\u00e1s. En una entrevista con la revista Variety, Rachel dijo: <em>\u201cNo ser\u00e9 Rachel, aunque en cierto modo lo soy. Bueno, todos somos una especie de peque\u00f1os fragmentos de ellos. En realidad, no. Pero s\u00ed\u201d.&nbsp;<\/em><\/p>\n\n\n\n<h3 class=\"wp-block-heading\"><strong>\u00bfCu\u00e1ndo se estrena?<\/strong><\/h3>\n\n\n\n<p>Nuestras expectativas son alt\u00edsimas. \u00bfC\u00f3mo crees que ser\u00e1 este reencuentro? No nos queda m\u00e1s que esperar la fecha de estreno, que de seguro ser\u00e1 en los pr\u00f3ximos meses. Por mientras podemos adelantar la pega y <strong>suscribirnos a HBO Max<\/strong>, y as\u00ed ser los primeros en darle play a \u201cFriends The Reunion\u201d.<\/p>\n","protected":false},"excerpt":{"rendered":"<p>Han pasado 17 a\u00f1os desde que los mejores amigos de la tele cerraron sus puertas para siempre, dejando una gran huella en la cultura pop. Pero gracias a un cap\u00edtulo especial, Rachel, Ross, Monica, Chandler, Phoebe y Joe, vuelven por un rato en Friends The Reunion. \u00bfEmocionado? Nosotros tambi\u00e9n. Algo que los fan\u00e1ticos han so\u00f1ado [&hellip;]<\/p>\n","protected":false},"author":2,"featured_media":5005,"comment_status":"closed","ping_status":"closed","sticky":false,"template":"","format":"standard","meta":{"footnotes":""},"categories":[199,198],"tags":[1098,758],"class_list":["post-5003","post","type-post","status-publish","format-standard","has-post-thumbnail","hentry","category-noticias","category-series","tag-friends-the-reunion","tag-serie"],"yoast_head":"<!-- This site is optimized with the Yoast SEO plugin v27.2 - https:\/\/yoast.com\/product\/yoast-seo-wordpress\/ -->\n<title>Friends The Reunion: Los detalles del cap\u00edtulo especial<\/title>\n<meta name=\"description\" content=\"Han pasado 17 a\u00f1os desde que los mejores amigos cerraron sus puertas, pero gracias a un cap\u00edtulo especial vuelve: Friends The Reunion.\" \/>\n<meta name=\"robots\" content=\"index, follow, max-snippet:-1, max-image-preview:large, max-video-preview:-1\" \/>\n<link rel=\"canonical\" href=\"https:\/\/www.virginmobile.cl\/blog\/series\/friends-the-reunion-los-detalles-del-capitulo-especial\/\" \/>\n<meta property=\"og:locale\" content=\"es_ES\" \/>\n<meta property=\"og:type\" content=\"article\" \/>\n<meta property=\"og:title\" content=\"Friends The Reunion: Los detalles del cap\u00edtulo especial\" \/>\n<meta property=\"og:description\" content=\"Han pasado 17 a\u00f1os desde que los mejores amigos cerraron sus puertas, pero gracias a un cap\u00edtulo especial vuelve: Friends The Reunion.\" \/>\n<meta property=\"og:url\" content=\"https:\/\/www.virginmobile.cl\/blog\/series\/friends-the-reunion-los-detalles-del-capitulo-especial\/\" \/>\n<meta property=\"og:site_name\" content=\"Naci\u00f3n Virgin - Virgin Mobile Chile\" \/>\n<meta property=\"article:publisher\" content=\"https:\/\/www.facebook.com\/VirginMobileChile\/\" \/>\n<meta property=\"article:published_time\" content=\"2021-04-13T15:54:22+00:00\" \/>\n<meta property=\"article:modified_time\" content=\"2022-02-24T18:26:05+00:00\" \/>\n<meta property=\"og:image\" content=\"https:\/\/www.virginmobile.cl\/blog\/wp-content\/uploads\/2021\/04\/vblog_layout-Recuperado-Recuperado-9.jpg\" \/>\n\t<meta property=\"og:image:width\" content=\"1200\" \/>\n\t<meta property=\"og:image:height\" content=\"800\" \/>\n\t<meta property=\"og:image:type\" content=\"image\/jpeg\" \/>\n<meta name=\"author\" content=\"Jorge Herrera\" \/>\n<meta name=\"twitter:card\" content=\"summary_large_image\" \/>\n<meta name=\"twitter:creator\" content=\"@virginmobile_cl\" \/>\n<meta name=\"twitter:site\" content=\"@virginmobile_cl\" \/>\n<meta name=\"twitter:label1\" content=\"Escrito por\" \/>\n\t<meta name=\"twitter:data1\" content=\"Jorge Herrera\" \/>\n\t<meta name=\"twitter:label2\" content=\"Tiempo estimado de lectura\" \/>\n\t<meta name=\"twitter:data2\" content=\"3 minutos\" \/>\n<script type=\"application\/ld+json\" class=\"yoast-schema-graph\">{\"@context\":\"https:\/\/schema.org\",\"@graph\":[{\"@type\":\"Article\",\"@id\":\"https:\/\/www.virginmobile.cl\/blog\/series\/friends-the-reunion-los-detalles-del-capitulo-especial\/#article\",\"isPartOf\":{\"@id\":\"https:\/\/www.virginmobile.cl\/blog\/series\/friends-the-reunion-los-detalles-del-capitulo-especial\/\"},\"author\":{\"name\":\"Jorge Herrera\",\"@id\":\"https:\/\/vmcl.space\/blog\/#\/schema\/person\/7dd3fe8aa95409efbc0c2651edad922c\"},\"headline\":\"Friends The Reunion: Conoce los detalles del cap\u00edtulo que ya termin\u00f3 sus grabaciones\",\"datePublished\":\"2021-04-13T15:54:22+00:00\",\"dateModified\":\"2022-02-24T18:26:05+00:00\",\"mainEntityOfPage\":{\"@id\":\"https:\/\/www.virginmobile.cl\/blog\/series\/friends-the-reunion-los-detalles-del-capitulo-especial\/\"},\"wordCount\":568,\"publisher\":{\"@id\":\"https:\/\/vmcl.space\/blog\/#organization\"},\"image\":{\"@id\":\"https:\/\/www.virginmobile.cl\/blog\/series\/friends-the-reunion-los-detalles-del-capitulo-especial\/#primaryimage\"},\"thumbnailUrl\":\"https:\/\/www.virginmobile.cl\/blog\/wp-content\/uploads\/2021\/04\/vblog_layout-Recuperado-Recuperado-9.jpg\",\"keywords\":[\"Friends The Reunion\",\"serie\"],\"articleSection\":[\"Noticias\",\"Series\"],\"inLanguage\":\"es-CL\"},{\"@type\":\"WebPage\",\"@id\":\"https:\/\/www.virginmobile.cl\/blog\/series\/friends-the-reunion-los-detalles-del-capitulo-especial\/\",\"url\":\"https:\/\/www.virginmobile.cl\/blog\/series\/friends-the-reunion-los-detalles-del-capitulo-especial\/\",\"name\":\"Friends The Reunion: Los detalles del cap\u00edtulo especial\",\"isPartOf\":{\"@id\":\"https:\/\/vmcl.space\/blog\/#website\"},\"primaryImageOfPage\":{\"@id\":\"https:\/\/www.virginmobile.cl\/blog\/series\/friends-the-reunion-los-detalles-del-capitulo-especial\/#primaryimage\"},\"image\":{\"@id\":\"https:\/\/www.virginmobile.cl\/blog\/series\/friends-the-reunion-los-detalles-del-capitulo-especial\/#primaryimage\"},\"thumbnailUrl\":\"https:\/\/www.virginmobile.cl\/blog\/wp-content\/uploads\/2021\/04\/vblog_layout-Recuperado-Recuperado-9.jpg\",\"datePublished\":\"2021-04-13T15:54:22+00:00\",\"dateModified\":\"2022-02-24T18:26:05+00:00\",\"description\":\"Han pasado 17 a\u00f1os desde que los mejores amigos cerraron sus puertas, pero gracias a un cap\u00edtulo especial vuelve: Friends The Reunion.\",\"breadcrumb\":{\"@id\":\"https:\/\/www.virginmobile.cl\/blog\/series\/friends-the-reunion-los-detalles-del-capitulo-especial\/#breadcrumb\"},\"inLanguage\":\"es-CL\",\"potentialAction\":[{\"@type\":\"ReadAction\",\"target\":[\"https:\/\/www.virginmobile.cl\/blog\/series\/friends-the-reunion-los-detalles-del-capitulo-especial\/\"]}]},{\"@type\":\"ImageObject\",\"inLanguage\":\"es-CL\",\"@id\":\"https:\/\/www.virginmobile.cl\/blog\/series\/friends-the-reunion-los-detalles-del-capitulo-especial\/#primaryimage\",\"url\":\"https:\/\/www.virginmobile.cl\/blog\/wp-content\/uploads\/2021\/04\/vblog_layout-Recuperado-Recuperado-9.jpg\",\"contentUrl\":\"https:\/\/www.virginmobile.cl\/blog\/wp-content\/uploads\/2021\/04\/vblog_layout-Recuperado-Recuperado-9.jpg\",\"width\":1200,\"height\":800,\"caption\":\"Friends The Reunion: Conoce los detalles del cap\u00edtulo que ya termin\u00f3 sus grabaciones\"},{\"@type\":\"BreadcrumbList\",\"@id\":\"https:\/\/www.virginmobile.cl\/blog\/series\/friends-the-reunion-los-detalles-del-capitulo-especial\/#breadcrumb\",\"itemListElement\":[{\"@type\":\"ListItem\",\"position\":1,\"name\":\"Portada\",\"item\":\"https:\/\/vmcl.space\/blog\/\"},{\"@type\":\"ListItem\",\"position\":2,\"name\":\"Friends The Reunion: Conoce los detalles del cap\u00edtulo que ya termin\u00f3 sus grabaciones\"}]},{\"@type\":\"WebSite\",\"@id\":\"https:\/\/vmcl.space\/blog\/#website\",\"url\":\"https:\/\/vmcl.space\/blog\/\",\"name\":\"Naci\u00f3n Virgin - Virgin Mobile Chile\",\"description\":\"Lo que pasa ah\u00ed lo sabes aqu\u00ed\",\"publisher\":{\"@id\":\"https:\/\/vmcl.space\/blog\/#organization\"},\"potentialAction\":[{\"@type\":\"SearchAction\",\"target\":{\"@type\":\"EntryPoint\",\"urlTemplate\":\"https:\/\/vmcl.space\/blog\/?s={search_term_string}\"},\"query-input\":{\"@type\":\"PropertyValueSpecification\",\"valueRequired\":true,\"valueName\":\"search_term_string\"}}],\"inLanguage\":\"es-CL\"},{\"@type\":\"Organization\",\"@id\":\"https:\/\/vmcl.space\/blog\/#organization\",\"name\":\"Virgin Mobile\",\"url\":\"https:\/\/vmcl.space\/blog\/\",\"logo\":{\"@type\":\"ImageObject\",\"inLanguage\":\"es-CL\",\"@id\":\"https:\/\/vmcl.space\/blog\/#\/schema\/logo\/image\/\",\"url\":\"https:\/\/blog.virginmobile.cl\/wp-content\/uploads\/2018\/06\/logo_blog_v4.png\",\"contentUrl\":\"https:\/\/blog.virginmobile.cl\/wp-content\/uploads\/2018\/06\/logo_blog_v4.png\",\"width\":400,\"height\":400,\"caption\":\"Virgin Mobile\"},\"image\":{\"@id\":\"https:\/\/vmcl.space\/blog\/#\/schema\/logo\/image\/\"},\"sameAs\":[\"https:\/\/www.facebook.com\/VirginMobileChile\/\",\"https:\/\/x.com\/virginmobile_cl\",\"https:\/\/www.instagram.com\/virginmobile_cl\/\",\"https:\/\/www.linkedin.com\/company\/10255048\/admin\/\",\"https:\/\/www.youtube.com\/user\/VirginMobileChile\"]},{\"@type\":\"Person\",\"@id\":\"https:\/\/vmcl.space\/blog\/#\/schema\/person\/7dd3fe8aa95409efbc0c2651edad922c\",\"name\":\"Jorge Herrera\",\"image\":{\"@type\":\"ImageObject\",\"inLanguage\":\"es-CL\",\"@id\":\"https:\/\/secure.gravatar.com\/avatar\/08a675eb2009d32bc8481153d36d8296c68fcc62939ab075bfa2d959ff9025c2?s=96&d=mm&r=g\",\"url\":\"https:\/\/secure.gravatar.com\/avatar\/08a675eb2009d32bc8481153d36d8296c68fcc62939ab075bfa2d959ff9025c2?s=96&d=mm&r=g\",\"contentUrl\":\"https:\/\/secure.gravatar.com\/avatar\/08a675eb2009d32bc8481153d36d8296c68fcc62939ab075bfa2d959ff9025c2?s=96&d=mm&r=g\",\"caption\":\"Jorge Herrera\"},\"url\":\"https:\/\/www.virginmobile.cl\/blog\/author\/jorge-herrera\/\"}]}<\/script>\n<!-- \/ Yoast SEO plugin. -->","yoast_head_json":{"title":"Friends The Reunion: Los detalles del cap\u00edtulo especial","description":"Han pasado 17 a\u00f1os desde que los mejores amigos cerraron sus puertas, pero gracias a un cap\u00edtulo especial vuelve: Friends The Reunion.","robots":{"index":"index","follow":"follow","max-snippet":"max-snippet:-1","max-image-preview":"max-image-preview:large","max-video-preview":"max-video-preview:-1"},"canonical":"https:\/\/www.virginmobile.cl\/blog\/series\/friends-the-reunion-los-detalles-del-capitulo-especial\/","og_locale":"es_ES","og_type":"article","og_title":"Friends The Reunion: Los detalles del cap\u00edtulo especial","og_description":"Han pasado 17 a\u00f1os desde que los mejores amigos cerraron sus puertas, pero gracias a un cap\u00edtulo especial vuelve: Friends The Reunion.","og_url":"https:\/\/www.virginmobile.cl\/blog\/series\/friends-the-reunion-los-detalles-del-capitulo-especial\/","og_site_name":"Naci\u00f3n Virgin - Virgin Mobile Chile","article_publisher":"https:\/\/www.facebook.com\/VirginMobileChile\/","article_published_time":"2021-04-13T15:54:22+00:00","article_modified_time":"2022-02-24T18:26:05+00:00","og_image":[{"width":1200,"height":800,"url":"https:\/\/www.virginmobile.cl\/blog\/wp-content\/uploads\/2021\/04\/vblog_layout-Recuperado-Recuperado-9.jpg","type":"image\/jpeg"}],"author":"Jorge Herrera","twitter_card":"summary_large_image","twitter_creator":"@virginmobile_cl","twitter_site":"@virginmobile_cl","twitter_misc":{"Escrito por":"Jorge Herrera","Tiempo estimado de lectura":"3 minutos"},"schema":{"@context":"https:\/\/schema.org","@graph":[{"@type":"Article","@id":"https:\/\/www.virginmobile.cl\/blog\/series\/friends-the-reunion-los-detalles-del-capitulo-especial\/#article","isPartOf":{"@id":"https:\/\/www.virginmobile.cl\/blog\/series\/friends-the-reunion-los-detalles-del-capitulo-especial\/"},"author":{"name":"Jorge Herrera","@id":"https:\/\/vmcl.space\/blog\/#\/schema\/person\/7dd3fe8aa95409efbc0c2651edad922c"},"headline":"Friends The Reunion: Conoce los detalles del cap\u00edtulo que ya termin\u00f3 sus grabaciones","datePublished":"2021-04-13T15:54:22+00:00","dateModified":"2022-02-24T18:26:05+00:00","mainEntityOfPage":{"@id":"https:\/\/www.virginmobile.cl\/blog\/series\/friends-the-reunion-los-detalles-del-capitulo-especial\/"},"wordCount":568,"publisher":{"@id":"https:\/\/vmcl.space\/blog\/#organization"},"image":{"@id":"https:\/\/www.virginmobile.cl\/blog\/series\/friends-the-reunion-los-detalles-del-capitulo-especial\/#primaryimage"},"thumbnailUrl":"https:\/\/www.virginmobile.cl\/blog\/wp-content\/uploads\/2021\/04\/vblog_layout-Recuperado-Recuperado-9.jpg","keywords":["Friends The Reunion","serie"],"articleSection":["Noticias","Series"],"inLanguage":"es-CL"},{"@type":"WebPage","@id":"https:\/\/www.virginmobile.cl\/blog\/series\/friends-the-reunion-los-detalles-del-capitulo-especial\/","url":"https:\/\/www.virginmobile.cl\/blog\/series\/friends-the-reunion-los-detalles-del-capitulo-especial\/","name":"Friends The Reunion: Los detalles del cap\u00edtulo especial","isPartOf":{"@id":"https:\/\/vmcl.space\/blog\/#website"},"primaryImageOfPage":{"@id":"https:\/\/www.virginmobile.cl\/blog\/series\/friends-the-reunion-los-detalles-del-capitulo-especial\/#primaryimage"},"image":{"@id":"https:\/\/www.virginmobile.cl\/blog\/series\/friends-the-reunion-los-detalles-del-capitulo-especial\/#primaryimage"},"thumbnailUrl":"https:\/\/www.virginmobile.cl\/blog\/wp-content\/uploads\/2021\/04\/vblog_layout-Recuperado-Recuperado-9.jpg","datePublished":"2021-04-13T15:54:22+00:00","dateModified":"2022-02-24T18:26:05+00:00","description":"Han pasado 17 a\u00f1os desde que los mejores amigos cerraron sus puertas, pero gracias a un cap\u00edtulo especial vuelve: Friends The Reunion.","breadcrumb":{"@id":"https:\/\/www.virginmobile.cl\/blog\/series\/friends-the-reunion-los-detalles-del-capitulo-especial\/#breadcrumb"},"inLanguage":"es-CL","potentialAction":[{"@type":"ReadAction","target":["https:\/\/www.virginmobile.cl\/blog\/series\/friends-the-reunion-los-detalles-del-capitulo-especial\/"]}]},{"@type":"ImageObject","inLanguage":"es-CL","@id":"https:\/\/www.virginmobile.cl\/blog\/series\/friends-the-reunion-los-detalles-del-capitulo-especial\/#primaryimage","url":"https:\/\/www.virginmobile.cl\/blog\/wp-content\/uploads\/2021\/04\/vblog_layout-Recuperado-Recuperado-9.jpg","contentUrl":"https:\/\/www.virginmobile.cl\/blog\/wp-content\/uploads\/2021\/04\/vblog_layout-Recuperado-Recuperado-9.jpg","width":1200,"height":800,"caption":"Friends The Reunion: Conoce los detalles del cap\u00edtulo que ya termin\u00f3 sus grabaciones"},{"@type":"BreadcrumbList","@id":"https:\/\/www.virginmobile.cl\/blog\/series\/friends-the-reunion-los-detalles-del-capitulo-especial\/#breadcrumb","itemListElement":[{"@type":"ListItem","position":1,"name":"Portada","item":"https:\/\/vmcl.space\/blog\/"},{"@type":"ListItem","position":2,"name":"Friends The Reunion: Conoce los detalles del cap\u00edtulo que ya termin\u00f3 sus grabaciones"}]},{"@type":"WebSite","@id":"https:\/\/vmcl.space\/blog\/#website","url":"https:\/\/vmcl.space\/blog\/","name":"Naci\u00f3n Virgin - Virgin Mobile Chile","description":"Lo que pasa ah\u00ed lo sabes aqu\u00ed","publisher":{"@id":"https:\/\/vmcl.space\/blog\/#organization"},"potentialAction":[{"@type":"SearchAction","target":{"@type":"EntryPoint","urlTemplate":"https:\/\/vmcl.space\/blog\/?s={search_term_string}"},"query-input":{"@type":"PropertyValueSpecification","valueRequired":true,"valueName":"search_term_string"}}],"inLanguage":"es-CL"},{"@type":"Organization","@id":"https:\/\/vmcl.space\/blog\/#organization","name":"Virgin Mobile","url":"https:\/\/vmcl.space\/blog\/","logo":{"@type":"ImageObject","inLanguage":"es-CL","@id":"https:\/\/vmcl.space\/blog\/#\/schema\/logo\/image\/","url":"https:\/\/blog.virginmobile.cl\/wp-content\/uploads\/2018\/06\/logo_blog_v4.png","contentUrl":"https:\/\/blog.virginmobile.cl\/wp-content\/uploads\/2018\/06\/logo_blog_v4.png","width":400,"height":400,"caption":"Virgin Mobile"},"image":{"@id":"https:\/\/vmcl.space\/blog\/#\/schema\/logo\/image\/"},"sameAs":["https:\/\/www.facebook.com\/VirginMobileChile\/","https:\/\/x.com\/virginmobile_cl","https:\/\/www.instagram.com\/virginmobile_cl\/","https:\/\/www.linkedin.com\/company\/10255048\/admin\/","https:\/\/www.youtube.com\/user\/VirginMobileChile"]},{"@type":"Person","@id":"https:\/\/vmcl.space\/blog\/#\/schema\/person\/7dd3fe8aa95409efbc0c2651edad922c","name":"Jorge Herrera","image":{"@type":"ImageObject","inLanguage":"es-CL","@id":"https:\/\/secure.gravatar.com\/avatar\/08a675eb2009d32bc8481153d36d8296c68fcc62939ab075bfa2d959ff9025c2?s=96&d=mm&r=g","url":"https:\/\/secure.gravatar.com\/avatar\/08a675eb2009d32bc8481153d36d8296c68fcc62939ab075bfa2d959ff9025c2?s=96&d=mm&r=g","contentUrl":"https:\/\/secure.gravatar.com\/avatar\/08a675eb2009d32bc8481153d36d8296c68fcc62939ab075bfa2d959ff9025c2?s=96&d=mm&r=g","caption":"Jorge Herrera"},"url":"https:\/\/www.virginmobile.cl\/blog\/author\/jorge-herrera\/"}]}},"_links":{"self":[{"href":"https:\/\/www.virginmobile.cl\/blog\/wp-json\/wp\/v2\/posts\/5003","targetHints":{"allow":["GET"]}}],"collection":[{"href":"https:\/\/www.virginmobile.cl\/blog\/wp-json\/wp\/v2\/posts"}],"about":[{"href":"https:\/\/www.virginmobile.cl\/blog\/wp-json\/wp\/v2\/types\/post"}],"author":[{"embeddable":true,"href":"https:\/\/www.virginmobile.cl\/blog\/wp-json\/wp\/v2\/users\/2"}],"replies":[{"embeddable":true,"href":"https:\/\/www.virginmobile.cl\/blog\/wp-json\/wp\/v2\/comments?post=5003"}],"version-history":[{"count":3,"href":"https:\/\/www.virginmobile.cl\/blog\/wp-json\/wp\/v2\/posts\/5003\/revisions"}],"predecessor-version":[{"id":5008,"href":"https:\/\/www.virginmobile.cl\/blog\/wp-json\/wp\/v2\/posts\/5003\/revisions\/5008"}],"wp:featuredmedia":[{"embeddable":true,"href":"https:\/\/www.virginmobile.cl\/blog\/wp-json\/wp\/v2\/media\/5005"}],"wp:attachment":[{"href":"https:\/\/www.virginmobile.cl\/blog\/wp-json\/wp\/v2\/media?parent=5003"}],"wp:term":[{"taxonomy":"category","embeddable":true,"href":"https:\/\/www.virginmobile.cl\/blog\/wp-json\/wp\/v2\/categories?post=5003"},{"taxonomy":"post_tag","embeddable":true,"href":"https:\/\/www.virginmobile.cl\/blog\/wp-json\/wp\/v2\/tags?post=5003"}],"curies":[{"name":"wp","href":"https:\/\/api.w.org\/{rel}","templated":true}]}}