{"id":4725,"date":"2021-02-17T12:14:58","date_gmt":"2021-02-17T16:14:58","guid":{"rendered":"https:\/\/blog.virginmobile.cl\/?p=4725"},"modified":"2022-02-24T14:34:43","modified_gmt":"2022-02-24T18:34:43","slug":"amazon-prime-chile-se-abren-las-puertas-de-el-internado-las-cumbres","status":"publish","type":"post","link":"https:\/\/www.virginmobile.cl\/blog\/series\/amazon-prime-chile\/amazon-prime-chile-se-abren-las-puertas-de-el-internado-las-cumbres\/","title":{"rendered":"Amazon Prime Chile: Este fin de semana se abren las puertas de el internado \u201cLas Cumbres\u201d"},"content":{"rendered":"\n<p>El pol\u00e9mico internado de <strong>\u201cLas Cumbres\u201d<\/strong> abrir\u00e1 sus puertas durante este fin de semana en plena pandemia. Pese a que <a href=\"https:\/\/www.cnnchile.com\/pais\/comunas-posponer-clases-presenciales_20210216\/\">las clases comenzar\u00e1n el 1 de marzo<\/a> en nuestro pa\u00eds, este internado adelant\u00f3 su fecha para el <strong>19 de febrero<\/strong>. Si tienes <strong>Amazon Prime Chile<\/strong>, anda prepar\u00e1ndote para el terror.<\/p>\n\n\n\n<p>El establecimiento se encuentra ubicado al lado de un antiguo monasterio, al que es imposible llegar a pie debido a que est\u00e1 rodeado de monta\u00f1as. Pero, \u00bfpor qu\u00e9 se encuentra tan aislado del mundo? Es la estrategia perfecta para poder llevar a cabo sus<strong> pol\u00e9micas medidas para someter a sus estudiantes<\/strong>.<\/p>\n\n\n\n<h2 class=\"wp-block-heading\"><strong>\u00bfQu\u00e9 nos espera en la nueva serie de Amazon Prime Chile?<\/strong><\/h2>\n\n\n\n<p><a href=\"https:\/\/blog.virginmobile.cl\/series\/series-y-peliculas-que-llegaran-a-amazon-prime-video-chile-en-diciembre\">Amazon Prime Chile<\/a> nos sorprender\u00e1 una vez m\u00e1s con un thriller espa\u00f1ol que no puedes dejar de ver. Los estudiantes matriculados son<strong> j\u00f3venes rebeldes con conductas problem\u00e1ticas<\/strong>. Estos ser\u00e1n sometidos a <strong>tortuosas disciplinas<\/strong> impuestas por el centro educacional con el fin de integrarlos en la sociedad.\u00a0<\/p>\n\n\n\n<p>Las medidas para someter a sus estudiantes van desde <strong>pasar fr\u00edo y hambre<\/strong>, hasta <strong>ba\u00f1arlos con una manguera a presi\u00f3n de agua fr\u00eda<\/strong> bajo el helado y oscuro cielo de medianoche. Si los j\u00f3venes se portan mal, los mandan a <strong>dormir en calabozos<\/strong> que son com\u00fanmente llamados<strong> \u201cNeveras\u201d<\/strong>. Y a todo esto se le suma los malos tratos durante las clases y la violencia sicol\u00f3gica por parte de sus profesores.&nbsp;<\/p>\n\n\n\n<p>El reboot <strong>\u201cEl Internado: Las Cumbres\u201d<\/strong>, nos traer\u00e1 una historia nueva para algunos pero ya vista por otros, ya que la serie original fue transmitida en<strong> Antena 3 y Globomedia <\/strong>en el a\u00f1o 2007 y 2010. Este a\u00f1o, volver\u00e1 a la peque\u00f1a pantalla con<strong> 8 cap\u00edtulos<\/strong> llenos de suspenso en medio de una atm\u00f3sfera oscura y misteriosa \u00bfTe atreves a volver a las instalaciones?&nbsp;<\/p>\n\n\n\n<p>Las grabaciones se llevaron a cabo al norte de Espa\u00f1a en un antiguo monasterio de la segunda mitad del Siglo XI. Este lugar que sirvi\u00f3 en su momento de hospital de guerra, funcionar\u00e1 como escenario para nuestra nueva obsesi\u00f3n, la que adem\u00e1s nos ayudar\u00e1 a sumergirnos m\u00e1s en el ambiente l\u00fagubre, peligroso y lleno de terror.&nbsp;<\/p>\n\n\n\n<p>Si ya tienes Amazon Prime Chile y te gust\u00f3 mucho la serie <a href=\"https:\/\/www.marca.com\/tiramillas\/series\/2021\/02\/16\/602b5566ca4741cc488b459c.html\"><strong>\u201cElite\u201d<\/strong><\/a>, atento, porque a partir de este 19 de febrero podr\u00e1s ser testigo del pol\u00e9mico internado espa\u00f1ol con las actuaciones principales de <strong>Asia Ortega, Albert Salazar y Daniel Arias.\u00a0<\/strong><\/p>\n\n\n\n<figure class=\"wp-block-embed is-type-video is-provider-youtube wp-block-embed-youtube wp-embed-aspect-16-9 wp-has-aspect-ratio\"><div class=\"wp-block-embed__wrapper\">\n<div class=\"embed-vimeo\"><iframe loading=\"lazy\" title=\"El Internado: Las Cumbres -  19 de febrero | Amazon Prime Video\" width=\"1140\" height=\"641\" src=\"https:\/\/www.youtube.com\/embed\/MlBbUP0bcVU?feature=oembed\" frameborder=\"0\" allow=\"accelerometer; autoplay; clipboard-write; encrypted-media; gyroscope; picture-in-picture\" allowfullscreen><\/iframe><\/div>\n<\/div><\/figure>\n","protected":false},"excerpt":{"rendered":"<p>El pol\u00e9mico internado de \u201cLas Cumbres\u201d abrir\u00e1 sus puertas durante este fin de semana en plena pandemia. Pese a que las clases comenzar\u00e1n el 1 de marzo en nuestro pa\u00eds, este internado adelant\u00f3 su fecha para el 19 de febrero. Si tienes Amazon Prime Chile, anda prepar\u00e1ndote para el terror. El establecimiento se encuentra ubicado [&hellip;]<\/p>\n","protected":false},"author":2,"featured_media":4728,"comment_status":"closed","ping_status":"closed","sticky":false,"template":"","format":"standard","meta":{"footnotes":""},"categories":[1021,198],"tags":[1037,1038,758],"class_list":["post-4725","post","type-post","status-publish","format-standard","has-post-thumbnail","hentry","category-amazon-prime-chile","category-series","tag-amazon-prime-chile","tag-las-cumbres","tag-serie"],"yoast_head":"<!-- This site is optimized with the Yoast SEO plugin v27.2 - https:\/\/yoast.com\/product\/yoast-seo-wordpress\/ -->\n<title>Amazon Prime Chile: Se abren las puertas de el internado Las Cumbres<\/title>\n<meta name=\"description\" content=\"Si tienes Amazon Prime Chile, anda prepar\u00e1ndote para el terror con El Internado: Las Cumbres, la nueva serie que tienes que ver.\" \/>\n<meta name=\"robots\" content=\"index, follow, max-snippet:-1, max-image-preview:large, max-video-preview:-1\" \/>\n<link rel=\"canonical\" href=\"https:\/\/www.virginmobile.cl\/blog\/series\/amazon-prime-chile\/amazon-prime-chile-se-abren-las-puertas-de-el-internado-las-cumbres\/\" \/>\n<meta property=\"og:locale\" content=\"es_ES\" \/>\n<meta property=\"og:type\" content=\"article\" \/>\n<meta property=\"og:title\" content=\"Amazon Prime Chile: Se abren las puertas de el internado Las Cumbres\" \/>\n<meta property=\"og:description\" content=\"Si tienes Amazon Prime Chile, anda prepar\u00e1ndote para el terror con El Internado: Las Cumbres, la nueva serie que tienes que ver.\" \/>\n<meta property=\"og:url\" content=\"https:\/\/www.virginmobile.cl\/blog\/series\/amazon-prime-chile\/amazon-prime-chile-se-abren-las-puertas-de-el-internado-las-cumbres\/\" \/>\n<meta property=\"og:site_name\" content=\"Naci\u00f3n Virgin - Virgin Mobile Chile\" \/>\n<meta property=\"article:publisher\" content=\"https:\/\/www.facebook.com\/VirginMobileChile\/\" \/>\n<meta property=\"article:published_time\" content=\"2021-02-17T16:14:58+00:00\" \/>\n<meta property=\"article:modified_time\" content=\"2022-02-24T18:34:43+00:00\" \/>\n<meta property=\"og:image\" content=\"https:\/\/www.virginmobile.cl\/blog\/wp-content\/uploads\/2021\/02\/vblog_layout-Recuperado-Recuperado-1.jpg\" \/>\n\t<meta property=\"og:image:width\" content=\"1200\" \/>\n\t<meta property=\"og:image:height\" content=\"800\" \/>\n\t<meta property=\"og:image:type\" content=\"image\/jpeg\" \/>\n<meta name=\"author\" content=\"Jorge Herrera\" \/>\n<meta name=\"twitter:card\" content=\"summary_large_image\" \/>\n<meta name=\"twitter:creator\" content=\"@virginmobile_cl\" \/>\n<meta name=\"twitter:site\" content=\"@virginmobile_cl\" \/>\n<meta name=\"twitter:label1\" content=\"Escrito por\" \/>\n\t<meta name=\"twitter:data1\" content=\"Jorge Herrera\" \/>\n\t<meta name=\"twitter:label2\" content=\"Tiempo estimado de lectura\" \/>\n\t<meta name=\"twitter:data2\" content=\"2 minutos\" \/>\n<script type=\"application\/ld+json\" class=\"yoast-schema-graph\">{\"@context\":\"https:\/\/schema.org\",\"@graph\":[{\"@type\":\"Article\",\"@id\":\"https:\/\/www.virginmobile.cl\/blog\/series\/amazon-prime-chile\/amazon-prime-chile-se-abren-las-puertas-de-el-internado-las-cumbres\/#article\",\"isPartOf\":{\"@id\":\"https:\/\/www.virginmobile.cl\/blog\/series\/amazon-prime-chile\/amazon-prime-chile-se-abren-las-puertas-de-el-internado-las-cumbres\/\"},\"author\":{\"name\":\"Jorge Herrera\",\"@id\":\"https:\/\/vmcl.space\/blog\/#\/schema\/person\/7dd3fe8aa95409efbc0c2651edad922c\"},\"headline\":\"Amazon Prime Chile: Este fin de semana se abren las puertas de el internado \u201cLas Cumbres\u201d\",\"datePublished\":\"2021-02-17T16:14:58+00:00\",\"dateModified\":\"2022-02-24T18:34:43+00:00\",\"mainEntityOfPage\":{\"@id\":\"https:\/\/www.virginmobile.cl\/blog\/series\/amazon-prime-chile\/amazon-prime-chile-se-abren-las-puertas-de-el-internado-las-cumbres\/\"},\"wordCount\":444,\"publisher\":{\"@id\":\"https:\/\/vmcl.space\/blog\/#organization\"},\"image\":{\"@id\":\"https:\/\/www.virginmobile.cl\/blog\/series\/amazon-prime-chile\/amazon-prime-chile-se-abren-las-puertas-de-el-internado-las-cumbres\/#primaryimage\"},\"thumbnailUrl\":\"https:\/\/www.virginmobile.cl\/blog\/wp-content\/uploads\/2021\/02\/vblog_layout-Recuperado-Recuperado-1.jpg\",\"keywords\":[\"Amazon Prime Chile\",\"Las Cumbres\",\"serie\"],\"articleSection\":[\"Amazon Prime Chile\",\"Series\"],\"inLanguage\":\"es-CL\"},{\"@type\":\"WebPage\",\"@id\":\"https:\/\/www.virginmobile.cl\/blog\/series\/amazon-prime-chile\/amazon-prime-chile-se-abren-las-puertas-de-el-internado-las-cumbres\/\",\"url\":\"https:\/\/www.virginmobile.cl\/blog\/series\/amazon-prime-chile\/amazon-prime-chile-se-abren-las-puertas-de-el-internado-las-cumbres\/\",\"name\":\"Amazon Prime Chile: Se abren las puertas de el internado Las Cumbres\",\"isPartOf\":{\"@id\":\"https:\/\/vmcl.space\/blog\/#website\"},\"primaryImageOfPage\":{\"@id\":\"https:\/\/www.virginmobile.cl\/blog\/series\/amazon-prime-chile\/amazon-prime-chile-se-abren-las-puertas-de-el-internado-las-cumbres\/#primaryimage\"},\"image\":{\"@id\":\"https:\/\/www.virginmobile.cl\/blog\/series\/amazon-prime-chile\/amazon-prime-chile-se-abren-las-puertas-de-el-internado-las-cumbres\/#primaryimage\"},\"thumbnailUrl\":\"https:\/\/www.virginmobile.cl\/blog\/wp-content\/uploads\/2021\/02\/vblog_layout-Recuperado-Recuperado-1.jpg\",\"datePublished\":\"2021-02-17T16:14:58+00:00\",\"dateModified\":\"2022-02-24T18:34:43+00:00\",\"description\":\"Si tienes Amazon Prime Chile, anda prepar\u00e1ndote para el terror con El Internado: Las Cumbres, la nueva serie que tienes que ver.\",\"breadcrumb\":{\"@id\":\"https:\/\/www.virginmobile.cl\/blog\/series\/amazon-prime-chile\/amazon-prime-chile-se-abren-las-puertas-de-el-internado-las-cumbres\/#breadcrumb\"},\"inLanguage\":\"es-CL\",\"potentialAction\":[{\"@type\":\"ReadAction\",\"target\":[\"https:\/\/www.virginmobile.cl\/blog\/series\/amazon-prime-chile\/amazon-prime-chile-se-abren-las-puertas-de-el-internado-las-cumbres\/\"]}]},{\"@type\":\"ImageObject\",\"inLanguage\":\"es-CL\",\"@id\":\"https:\/\/www.virginmobile.cl\/blog\/series\/amazon-prime-chile\/amazon-prime-chile-se-abren-las-puertas-de-el-internado-las-cumbres\/#primaryimage\",\"url\":\"https:\/\/www.virginmobile.cl\/blog\/wp-content\/uploads\/2021\/02\/vblog_layout-Recuperado-Recuperado-1.jpg\",\"contentUrl\":\"https:\/\/www.virginmobile.cl\/blog\/wp-content\/uploads\/2021\/02\/vblog_layout-Recuperado-Recuperado-1.jpg\",\"width\":1200,\"height\":800,\"caption\":\"Amazon Prime Chile: Este fin de semana se abren las puertas de el internado \u201cLas Cumbres\u201d\"},{\"@type\":\"BreadcrumbList\",\"@id\":\"https:\/\/www.virginmobile.cl\/blog\/series\/amazon-prime-chile\/amazon-prime-chile-se-abren-las-puertas-de-el-internado-las-cumbres\/#breadcrumb\",\"itemListElement\":[{\"@type\":\"ListItem\",\"position\":1,\"name\":\"Portada\",\"item\":\"https:\/\/vmcl.space\/blog\/\"},{\"@type\":\"ListItem\",\"position\":2,\"name\":\"Amazon Prime Chile: Este fin de semana se abren las puertas de el internado \u201cLas Cumbres\u201d\"}]},{\"@type\":\"WebSite\",\"@id\":\"https:\/\/vmcl.space\/blog\/#website\",\"url\":\"https:\/\/vmcl.space\/blog\/\",\"name\":\"Naci\u00f3n Virgin - Virgin Mobile Chile\",\"description\":\"Lo que pasa ah\u00ed lo sabes aqu\u00ed\",\"publisher\":{\"@id\":\"https:\/\/vmcl.space\/blog\/#organization\"},\"potentialAction\":[{\"@type\":\"SearchAction\",\"target\":{\"@type\":\"EntryPoint\",\"urlTemplate\":\"https:\/\/vmcl.space\/blog\/?s={search_term_string}\"},\"query-input\":{\"@type\":\"PropertyValueSpecification\",\"valueRequired\":true,\"valueName\":\"search_term_string\"}}],\"inLanguage\":\"es-CL\"},{\"@type\":\"Organization\",\"@id\":\"https:\/\/vmcl.space\/blog\/#organization\",\"name\":\"Virgin Mobile\",\"url\":\"https:\/\/vmcl.space\/blog\/\",\"logo\":{\"@type\":\"ImageObject\",\"inLanguage\":\"es-CL\",\"@id\":\"https:\/\/vmcl.space\/blog\/#\/schema\/logo\/image\/\",\"url\":\"https:\/\/blog.virginmobile.cl\/wp-content\/uploads\/2018\/06\/logo_blog_v4.png\",\"contentUrl\":\"https:\/\/blog.virginmobile.cl\/wp-content\/uploads\/2018\/06\/logo_blog_v4.png\",\"width\":400,\"height\":400,\"caption\":\"Virgin Mobile\"},\"image\":{\"@id\":\"https:\/\/vmcl.space\/blog\/#\/schema\/logo\/image\/\"},\"sameAs\":[\"https:\/\/www.facebook.com\/VirginMobileChile\/\",\"https:\/\/x.com\/virginmobile_cl\",\"https:\/\/www.instagram.com\/virginmobile_cl\/\",\"https:\/\/www.linkedin.com\/company\/10255048\/admin\/\",\"https:\/\/www.youtube.com\/user\/VirginMobileChile\"]},{\"@type\":\"Person\",\"@id\":\"https:\/\/vmcl.space\/blog\/#\/schema\/person\/7dd3fe8aa95409efbc0c2651edad922c\",\"name\":\"Jorge Herrera\",\"image\":{\"@type\":\"ImageObject\",\"inLanguage\":\"es-CL\",\"@id\":\"https:\/\/secure.gravatar.com\/avatar\/08a675eb2009d32bc8481153d36d8296c68fcc62939ab075bfa2d959ff9025c2?s=96&d=mm&r=g\",\"url\":\"https:\/\/secure.gravatar.com\/avatar\/08a675eb2009d32bc8481153d36d8296c68fcc62939ab075bfa2d959ff9025c2?s=96&d=mm&r=g\",\"contentUrl\":\"https:\/\/secure.gravatar.com\/avatar\/08a675eb2009d32bc8481153d36d8296c68fcc62939ab075bfa2d959ff9025c2?s=96&d=mm&r=g\",\"caption\":\"Jorge Herrera\"},\"url\":\"https:\/\/www.virginmobile.cl\/blog\/author\/jorge-herrera\/\"}]}<\/script>\n<!-- \/ Yoast SEO plugin. -->","yoast_head_json":{"title":"Amazon Prime Chile: Se abren las puertas de el internado Las Cumbres","description":"Si tienes Amazon Prime Chile, anda prepar\u00e1ndote para el terror con El Internado: Las Cumbres, la nueva serie que tienes que ver.","robots":{"index":"index","follow":"follow","max-snippet":"max-snippet:-1","max-image-preview":"max-image-preview:large","max-video-preview":"max-video-preview:-1"},"canonical":"https:\/\/www.virginmobile.cl\/blog\/series\/amazon-prime-chile\/amazon-prime-chile-se-abren-las-puertas-de-el-internado-las-cumbres\/","og_locale":"es_ES","og_type":"article","og_title":"Amazon Prime Chile: Se abren las puertas de el internado Las Cumbres","og_description":"Si tienes Amazon Prime Chile, anda prepar\u00e1ndote para el terror con El Internado: Las Cumbres, la nueva serie que tienes que ver.","og_url":"https:\/\/www.virginmobile.cl\/blog\/series\/amazon-prime-chile\/amazon-prime-chile-se-abren-las-puertas-de-el-internado-las-cumbres\/","og_site_name":"Naci\u00f3n Virgin - Virgin Mobile Chile","article_publisher":"https:\/\/www.facebook.com\/VirginMobileChile\/","article_published_time":"2021-02-17T16:14:58+00:00","article_modified_time":"2022-02-24T18:34:43+00:00","og_image":[{"width":1200,"height":800,"url":"https:\/\/www.virginmobile.cl\/blog\/wp-content\/uploads\/2021\/02\/vblog_layout-Recuperado-Recuperado-1.jpg","type":"image\/jpeg"}],"author":"Jorge Herrera","twitter_card":"summary_large_image","twitter_creator":"@virginmobile_cl","twitter_site":"@virginmobile_cl","twitter_misc":{"Escrito por":"Jorge Herrera","Tiempo estimado de lectura":"2 minutos"},"schema":{"@context":"https:\/\/schema.org","@graph":[{"@type":"Article","@id":"https:\/\/www.virginmobile.cl\/blog\/series\/amazon-prime-chile\/amazon-prime-chile-se-abren-las-puertas-de-el-internado-las-cumbres\/#article","isPartOf":{"@id":"https:\/\/www.virginmobile.cl\/blog\/series\/amazon-prime-chile\/amazon-prime-chile-se-abren-las-puertas-de-el-internado-las-cumbres\/"},"author":{"name":"Jorge Herrera","@id":"https:\/\/vmcl.space\/blog\/#\/schema\/person\/7dd3fe8aa95409efbc0c2651edad922c"},"headline":"Amazon Prime Chile: Este fin de semana se abren las puertas de el internado \u201cLas Cumbres\u201d","datePublished":"2021-02-17T16:14:58+00:00","dateModified":"2022-02-24T18:34:43+00:00","mainEntityOfPage":{"@id":"https:\/\/www.virginmobile.cl\/blog\/series\/amazon-prime-chile\/amazon-prime-chile-se-abren-las-puertas-de-el-internado-las-cumbres\/"},"wordCount":444,"publisher":{"@id":"https:\/\/vmcl.space\/blog\/#organization"},"image":{"@id":"https:\/\/www.virginmobile.cl\/blog\/series\/amazon-prime-chile\/amazon-prime-chile-se-abren-las-puertas-de-el-internado-las-cumbres\/#primaryimage"},"thumbnailUrl":"https:\/\/www.virginmobile.cl\/blog\/wp-content\/uploads\/2021\/02\/vblog_layout-Recuperado-Recuperado-1.jpg","keywords":["Amazon Prime Chile","Las Cumbres","serie"],"articleSection":["Amazon Prime Chile","Series"],"inLanguage":"es-CL"},{"@type":"WebPage","@id":"https:\/\/www.virginmobile.cl\/blog\/series\/amazon-prime-chile\/amazon-prime-chile-se-abren-las-puertas-de-el-internado-las-cumbres\/","url":"https:\/\/www.virginmobile.cl\/blog\/series\/amazon-prime-chile\/amazon-prime-chile-se-abren-las-puertas-de-el-internado-las-cumbres\/","name":"Amazon Prime Chile: Se abren las puertas de el internado Las Cumbres","isPartOf":{"@id":"https:\/\/vmcl.space\/blog\/#website"},"primaryImageOfPage":{"@id":"https:\/\/www.virginmobile.cl\/blog\/series\/amazon-prime-chile\/amazon-prime-chile-se-abren-las-puertas-de-el-internado-las-cumbres\/#primaryimage"},"image":{"@id":"https:\/\/www.virginmobile.cl\/blog\/series\/amazon-prime-chile\/amazon-prime-chile-se-abren-las-puertas-de-el-internado-las-cumbres\/#primaryimage"},"thumbnailUrl":"https:\/\/www.virginmobile.cl\/blog\/wp-content\/uploads\/2021\/02\/vblog_layout-Recuperado-Recuperado-1.jpg","datePublished":"2021-02-17T16:14:58+00:00","dateModified":"2022-02-24T18:34:43+00:00","description":"Si tienes Amazon Prime Chile, anda prepar\u00e1ndote para el terror con El Internado: Las Cumbres, la nueva serie que tienes que ver.","breadcrumb":{"@id":"https:\/\/www.virginmobile.cl\/blog\/series\/amazon-prime-chile\/amazon-prime-chile-se-abren-las-puertas-de-el-internado-las-cumbres\/#breadcrumb"},"inLanguage":"es-CL","potentialAction":[{"@type":"ReadAction","target":["https:\/\/www.virginmobile.cl\/blog\/series\/amazon-prime-chile\/amazon-prime-chile-se-abren-las-puertas-de-el-internado-las-cumbres\/"]}]},{"@type":"ImageObject","inLanguage":"es-CL","@id":"https:\/\/www.virginmobile.cl\/blog\/series\/amazon-prime-chile\/amazon-prime-chile-se-abren-las-puertas-de-el-internado-las-cumbres\/#primaryimage","url":"https:\/\/www.virginmobile.cl\/blog\/wp-content\/uploads\/2021\/02\/vblog_layout-Recuperado-Recuperado-1.jpg","contentUrl":"https:\/\/www.virginmobile.cl\/blog\/wp-content\/uploads\/2021\/02\/vblog_layout-Recuperado-Recuperado-1.jpg","width":1200,"height":800,"caption":"Amazon Prime Chile: Este fin de semana se abren las puertas de el internado \u201cLas Cumbres\u201d"},{"@type":"BreadcrumbList","@id":"https:\/\/www.virginmobile.cl\/blog\/series\/amazon-prime-chile\/amazon-prime-chile-se-abren-las-puertas-de-el-internado-las-cumbres\/#breadcrumb","itemListElement":[{"@type":"ListItem","position":1,"name":"Portada","item":"https:\/\/vmcl.space\/blog\/"},{"@type":"ListItem","position":2,"name":"Amazon Prime Chile: Este fin de semana se abren las puertas de el internado \u201cLas Cumbres\u201d"}]},{"@type":"WebSite","@id":"https:\/\/vmcl.space\/blog\/#website","url":"https:\/\/vmcl.space\/blog\/","name":"Naci\u00f3n Virgin - Virgin Mobile Chile","description":"Lo que pasa ah\u00ed lo sabes aqu\u00ed","publisher":{"@id":"https:\/\/vmcl.space\/blog\/#organization"},"potentialAction":[{"@type":"SearchAction","target":{"@type":"EntryPoint","urlTemplate":"https:\/\/vmcl.space\/blog\/?s={search_term_string}"},"query-input":{"@type":"PropertyValueSpecification","valueRequired":true,"valueName":"search_term_string"}}],"inLanguage":"es-CL"},{"@type":"Organization","@id":"https:\/\/vmcl.space\/blog\/#organization","name":"Virgin Mobile","url":"https:\/\/vmcl.space\/blog\/","logo":{"@type":"ImageObject","inLanguage":"es-CL","@id":"https:\/\/vmcl.space\/blog\/#\/schema\/logo\/image\/","url":"https:\/\/blog.virginmobile.cl\/wp-content\/uploads\/2018\/06\/logo_blog_v4.png","contentUrl":"https:\/\/blog.virginmobile.cl\/wp-content\/uploads\/2018\/06\/logo_blog_v4.png","width":400,"height":400,"caption":"Virgin Mobile"},"image":{"@id":"https:\/\/vmcl.space\/blog\/#\/schema\/logo\/image\/"},"sameAs":["https:\/\/www.facebook.com\/VirginMobileChile\/","https:\/\/x.com\/virginmobile_cl","https:\/\/www.instagram.com\/virginmobile_cl\/","https:\/\/www.linkedin.com\/company\/10255048\/admin\/","https:\/\/www.youtube.com\/user\/VirginMobileChile"]},{"@type":"Person","@id":"https:\/\/vmcl.space\/blog\/#\/schema\/person\/7dd3fe8aa95409efbc0c2651edad922c","name":"Jorge Herrera","image":{"@type":"ImageObject","inLanguage":"es-CL","@id":"https:\/\/secure.gravatar.com\/avatar\/08a675eb2009d32bc8481153d36d8296c68fcc62939ab075bfa2d959ff9025c2?s=96&d=mm&r=g","url":"https:\/\/secure.gravatar.com\/avatar\/08a675eb2009d32bc8481153d36d8296c68fcc62939ab075bfa2d959ff9025c2?s=96&d=mm&r=g","contentUrl":"https:\/\/secure.gravatar.com\/avatar\/08a675eb2009d32bc8481153d36d8296c68fcc62939ab075bfa2d959ff9025c2?s=96&d=mm&r=g","caption":"Jorge Herrera"},"url":"https:\/\/www.virginmobile.cl\/blog\/author\/jorge-herrera\/"}]}},"_links":{"self":[{"href":"https:\/\/www.virginmobile.cl\/blog\/wp-json\/wp\/v2\/posts\/4725","targetHints":{"allow":["GET"]}}],"collection":[{"href":"https:\/\/www.virginmobile.cl\/blog\/wp-json\/wp\/v2\/posts"}],"about":[{"href":"https:\/\/www.virginmobile.cl\/blog\/wp-json\/wp\/v2\/types\/post"}],"author":[{"embeddable":true,"href":"https:\/\/www.virginmobile.cl\/blog\/wp-json\/wp\/v2\/users\/2"}],"replies":[{"embeddable":true,"href":"https:\/\/www.virginmobile.cl\/blog\/wp-json\/wp\/v2\/comments?post=4725"}],"version-history":[{"count":3,"href":"https:\/\/www.virginmobile.cl\/blog\/wp-json\/wp\/v2\/posts\/4725\/revisions"}],"predecessor-version":[{"id":4730,"href":"https:\/\/www.virginmobile.cl\/blog\/wp-json\/wp\/v2\/posts\/4725\/revisions\/4730"}],"wp:featuredmedia":[{"embeddable":true,"href":"https:\/\/www.virginmobile.cl\/blog\/wp-json\/wp\/v2\/media\/4728"}],"wp:attachment":[{"href":"https:\/\/www.virginmobile.cl\/blog\/wp-json\/wp\/v2\/media?parent=4725"}],"wp:term":[{"taxonomy":"category","embeddable":true,"href":"https:\/\/www.virginmobile.cl\/blog\/wp-json\/wp\/v2\/categories?post=4725"},{"taxonomy":"post_tag","embeddable":true,"href":"https:\/\/www.virginmobile.cl\/blog\/wp-json\/wp\/v2\/tags?post=4725"}],"curies":[{"name":"wp","href":"https:\/\/api.w.org\/{rel}","templated":true}]}}