{"id":4691,"date":"2021-02-09T10:07:09","date_gmt":"2021-02-09T14:07:09","guid":{"rendered":"https:\/\/blog.virginmobile.cl\/?p=4691"},"modified":"2022-02-24T14:26:31","modified_gmt":"2022-02-24T18:26:31","slug":"disney-plus-chile-como-ver-raya-y-el-ultimo-dragon-en-nuestro-pais","status":"publish","type":"post","link":"https:\/\/www.virginmobile.cl\/blog\/series\/disney-plus-chile\/disney-plus-chile-como-ver-raya-y-el-ultimo-dragon-en-nuestro-pais\/","title":{"rendered":"Disney Plus Chile: C\u00f3mo ver \u201cRaya y el \u00daltimo Drag\u00f3n\u201d en nuestro pa\u00eds"},"content":{"rendered":"\n<p>Hay una nueva producci\u00f3n animada asom\u00e1ndose en la compa\u00f1\u00eda del rat\u00f3n Mickey, y por lo que comunic\u00f3 la plataforma, se estrenar\u00e1 igual como lo hizo en su momento el live-action de \u201cMulan\u201d durante el 2020. Hablamos de la pel\u00edcula <strong>\u201cRaya y el \u00daltimo Drag\u00f3n\u201d <\/strong>y llegar\u00e1 a <a href=\"https:\/\/blog.virginmobile.cl\/series\/disney-plus-conoce-su-precio-promocional-en-chile-y-todo-lo-que-ofrece-la-plataforma\">Disney Plus Chile<\/a> durante marzo.&nbsp;<\/p>\n\n\n\n<p>Dirigida por <strong>Don Hall y Carlos L\u00f3pez Estrada<\/strong>, el largometraje estar\u00e1 disponible en la plataforma a partir del 5 de marzo, pero con un precio extra a la suscripci\u00f3n. Los usuarios de Disney Plus Chile tendr\u00e1n que <strong>cancelar $12.990 para poder ver la pel\u00edcula<\/strong> todas las veces que quiera desde cualquier dispositivo compatible. En pocas palabras, ser\u00e1 una especie de arriendo.<\/p>\n\n\n\n<h2 class=\"wp-block-heading\"><strong>\u00bfCu\u00e1l es el plazo para ver \u201cRaya y el \u00daltimo Drag\u00f3n\u201d?<\/strong><\/h2>\n\n\n\n<p>Algunos cines del mundo se resisten a cerrar por la pandemia y en ellos tambi\u00e9n se estrenar\u00e1 la pel\u00edcula animada. En Disney Plus Chile se estrenar\u00e1 el 5 de marzo y se extender\u00e1 el plazo<strong> hasta el viernes 19 de marzo<\/strong>.<\/p>\n\n\n\n<p>Si no te mueres por ver la pel\u00edcula en el d\u00eda de su estreno, no pasa nada, porque <a href=\"https:\/\/www.espinof.com\/trailers\/trailer-raya-ultimo-dragon-nueva-pelicula-animada-disney-llegara-a-cines-marzo-2021\">\u201cRaya y el \u00daltimo Drag\u00f3n\u201d <\/a>llegar\u00e1 al cat\u00e1logo del streaming y sin costo extra a partir del <strong>23 de abril<\/strong>.&nbsp;<\/p>\n\n\n\n<h3 class=\"wp-block-heading\"><strong>Sinopsis de la nueva pel\u00edcula<\/strong> de Disney Plus Chile<\/h3>\n\n\n\n<figure class=\"wp-block-embed is-type-video is-provider-youtube wp-block-embed-youtube wp-embed-aspect-16-9 wp-has-aspect-ratio\"><div class=\"wp-block-embed__wrapper\">\n<div class=\"embed-vimeo\"><iframe loading=\"lazy\" title=\"Raya y el \u00daltimo Drag\u00f3n | Tr\u00e1iler Oficial Doblado\" width=\"1140\" height=\"641\" src=\"https:\/\/www.youtube.com\/embed\/qHkHKfc-B0Q?feature=oembed\" frameborder=\"0\" allow=\"accelerometer; autoplay; clipboard-write; encrypted-media; gyroscope; picture-in-picture\" allowfullscreen><\/iframe><\/div>\n<\/div><\/figure>\n\n\n\n<p>Emoci\u00f3n y fantas\u00eda son las palabras que mejor describen la pr\u00f3xima pel\u00edcula de Disney Plus Chile. En <strong>\u201cKumandra\u201d <\/strong>los humanos y dragones viv\u00edan en paz y armon\u00eda, hasta que las fuerzas malignas atacaron y los dragones se sacrificaron por la humanidad. Luego de 500 a\u00f1os, esas fuerzas regresan y <strong>\u201cRaya\u201d,<\/strong> una guerrera solitaria, emprender\u00e1 una aventura para encontrar al \u00faltimo drag\u00f3n legendario y traer la paz a su pueblo.\u00a0<\/p>\n\n\n\n<p>Las actrices que le dar\u00e1n vida a los personajes son<strong> Kelly Marie Tran<\/strong>, como Raya, y <strong>Awkwafina <\/strong>como Sisu, la hermosa dragona.<\/p>\n\n\n\n<p>La pel\u00edcula en un comienzo iba a estrenarse en noviembre del 2020, pero tal como pas\u00f3 con otras producciones de Hollywood, \u201cRaya y el \u00daltimo Drag\u00f3n\u201d se fue retrasando hasta llegar a marzo de 2021. Si a\u00fan no te suscribes a Disney Plus Chile, a\u00fan est\u00e1s a tiempo de hacerlo. Por mientras podr\u00e1s disfrutar de otros t\u00edtulos emblem\u00e1ticos como <strong>\u201cSoul\u201d <\/strong>y famosas series como <strong>\u201cThe Mandalorian\u201d.&nbsp;<\/strong><\/p>\n","protected":false},"excerpt":{"rendered":"<p>Hay una nueva producci\u00f3n animada asom\u00e1ndose en la compa\u00f1\u00eda del rat\u00f3n Mickey, y por lo que comunic\u00f3 la plataforma, se estrenar\u00e1 igual como lo hizo en su momento el live-action de \u201cMulan\u201d durante el 2020. Hablamos de la pel\u00edcula \u201cRaya y el \u00daltimo Drag\u00f3n\u201d y llegar\u00e1 a Disney Plus Chile durante marzo.&nbsp; Dirigida por Don [&hellip;]<\/p>\n","protected":false},"author":2,"featured_media":4694,"comment_status":"closed","ping_status":"closed","sticky":false,"template":"","format":"standard","meta":{"footnotes":""},"categories":[1025],"tags":[1027,1018,989,1026],"class_list":["post-4691","post","type-post","status-publish","format-standard","has-post-thumbnail","hentry","category-disney-plus-chile","tag-animacion","tag-disney-plus-chile","tag-pelicula","tag-raya-y-el-ultimo-dragon"],"yoast_head":"<!-- This site is optimized with the Yoast SEO plugin v27.2 - https:\/\/yoast.com\/product\/yoast-seo-wordpress\/ -->\n<title>Disney Plus Chile: C\u00f3mo ver \u201cRaya y el \u00daltimo Drag\u00f3n\u201d en nuestro pa\u00eds<\/title>\n<meta name=\"description\" content=\"Se acerca una nueva producci\u00f3n animada en Disney Plus Chile, hablamos de la pel\u00edcula \u201cRaya y el \u00daltimo Drag\u00f3n\u201d y llegar\u00e1 a Chile en marzo.\" \/>\n<meta name=\"robots\" content=\"index, follow, max-snippet:-1, max-image-preview:large, max-video-preview:-1\" \/>\n<link rel=\"canonical\" href=\"https:\/\/www.virginmobile.cl\/blog\/series\/disney-plus-chile\/disney-plus-chile-como-ver-raya-y-el-ultimo-dragon-en-nuestro-pais\/\" \/>\n<meta property=\"og:locale\" content=\"es_ES\" \/>\n<meta property=\"og:type\" content=\"article\" \/>\n<meta property=\"og:title\" content=\"Disney Plus Chile: C\u00f3mo ver \u201cRaya y el \u00daltimo Drag\u00f3n\u201d en nuestro pa\u00eds\" \/>\n<meta property=\"og:description\" content=\"Se acerca una nueva producci\u00f3n animada en Disney Plus Chile, hablamos de la pel\u00edcula \u201cRaya y el \u00daltimo Drag\u00f3n\u201d y llegar\u00e1 a Chile en marzo.\" \/>\n<meta property=\"og:url\" content=\"https:\/\/www.virginmobile.cl\/blog\/series\/disney-plus-chile\/disney-plus-chile-como-ver-raya-y-el-ultimo-dragon-en-nuestro-pais\/\" \/>\n<meta property=\"og:site_name\" content=\"Naci\u00f3n Virgin - Virgin Mobile Chile\" \/>\n<meta property=\"article:publisher\" content=\"https:\/\/www.facebook.com\/VirginMobileChile\/\" \/>\n<meta property=\"article:published_time\" content=\"2021-02-09T14:07:09+00:00\" \/>\n<meta property=\"article:modified_time\" content=\"2022-02-24T18:26:31+00:00\" \/>\n<meta property=\"og:image\" content=\"https:\/\/www.virginmobile.cl\/blog\/wp-content\/uploads\/2021\/02\/vblog_layout-7.jpg\" \/>\n\t<meta property=\"og:image:width\" content=\"1200\" \/>\n\t<meta property=\"og:image:height\" content=\"800\" \/>\n\t<meta property=\"og:image:type\" content=\"image\/jpeg\" \/>\n<meta name=\"author\" content=\"Jorge Herrera\" \/>\n<meta name=\"twitter:card\" content=\"summary_large_image\" \/>\n<meta name=\"twitter:creator\" content=\"@virginmobile_cl\" \/>\n<meta name=\"twitter:site\" content=\"@virginmobile_cl\" \/>\n<meta name=\"twitter:label1\" content=\"Escrito por\" \/>\n\t<meta name=\"twitter:data1\" content=\"Jorge Herrera\" \/>\n\t<meta name=\"twitter:label2\" content=\"Tiempo estimado de lectura\" \/>\n\t<meta name=\"twitter:data2\" content=\"2 minutos\" \/>\n<script type=\"application\/ld+json\" class=\"yoast-schema-graph\">{\"@context\":\"https:\/\/schema.org\",\"@graph\":[{\"@type\":\"Article\",\"@id\":\"https:\/\/www.virginmobile.cl\/blog\/series\/disney-plus-chile\/disney-plus-chile-como-ver-raya-y-el-ultimo-dragon-en-nuestro-pais\/#article\",\"isPartOf\":{\"@id\":\"https:\/\/www.virginmobile.cl\/blog\/series\/disney-plus-chile\/disney-plus-chile-como-ver-raya-y-el-ultimo-dragon-en-nuestro-pais\/\"},\"author\":{\"name\":\"Jorge Herrera\",\"@id\":\"https:\/\/vmcl.space\/blog\/#\/schema\/person\/7dd3fe8aa95409efbc0c2651edad922c\"},\"headline\":\"Disney Plus Chile: C\u00f3mo ver \u201cRaya y el \u00daltimo Drag\u00f3n\u201d en nuestro pa\u00eds\",\"datePublished\":\"2021-02-09T14:07:09+00:00\",\"dateModified\":\"2022-02-24T18:26:31+00:00\",\"mainEntityOfPage\":{\"@id\":\"https:\/\/www.virginmobile.cl\/blog\/series\/disney-plus-chile\/disney-plus-chile-como-ver-raya-y-el-ultimo-dragon-en-nuestro-pais\/\"},\"wordCount\":423,\"publisher\":{\"@id\":\"https:\/\/vmcl.space\/blog\/#organization\"},\"image\":{\"@id\":\"https:\/\/www.virginmobile.cl\/blog\/series\/disney-plus-chile\/disney-plus-chile-como-ver-raya-y-el-ultimo-dragon-en-nuestro-pais\/#primaryimage\"},\"thumbnailUrl\":\"https:\/\/www.virginmobile.cl\/blog\/wp-content\/uploads\/2021\/02\/vblog_layout-7.jpg\",\"keywords\":[\"animaci\u00f3n\",\"Disney Plus Chile\",\"pel\u00edcula\",\"Raya y el \u00daltimo Drag\u00f3n\"],\"articleSection\":[\"Disney Plus Chile\"],\"inLanguage\":\"es-CL\"},{\"@type\":\"WebPage\",\"@id\":\"https:\/\/www.virginmobile.cl\/blog\/series\/disney-plus-chile\/disney-plus-chile-como-ver-raya-y-el-ultimo-dragon-en-nuestro-pais\/\",\"url\":\"https:\/\/www.virginmobile.cl\/blog\/series\/disney-plus-chile\/disney-plus-chile-como-ver-raya-y-el-ultimo-dragon-en-nuestro-pais\/\",\"name\":\"Disney Plus Chile: C\u00f3mo ver \u201cRaya y el \u00daltimo Drag\u00f3n\u201d en nuestro pa\u00eds\",\"isPartOf\":{\"@id\":\"https:\/\/vmcl.space\/blog\/#website\"},\"primaryImageOfPage\":{\"@id\":\"https:\/\/www.virginmobile.cl\/blog\/series\/disney-plus-chile\/disney-plus-chile-como-ver-raya-y-el-ultimo-dragon-en-nuestro-pais\/#primaryimage\"},\"image\":{\"@id\":\"https:\/\/www.virginmobile.cl\/blog\/series\/disney-plus-chile\/disney-plus-chile-como-ver-raya-y-el-ultimo-dragon-en-nuestro-pais\/#primaryimage\"},\"thumbnailUrl\":\"https:\/\/www.virginmobile.cl\/blog\/wp-content\/uploads\/2021\/02\/vblog_layout-7.jpg\",\"datePublished\":\"2021-02-09T14:07:09+00:00\",\"dateModified\":\"2022-02-24T18:26:31+00:00\",\"description\":\"Se acerca una nueva producci\u00f3n animada en Disney Plus Chile, hablamos de la pel\u00edcula \u201cRaya y el \u00daltimo Drag\u00f3n\u201d y llegar\u00e1 a Chile en marzo.\",\"breadcrumb\":{\"@id\":\"https:\/\/www.virginmobile.cl\/blog\/series\/disney-plus-chile\/disney-plus-chile-como-ver-raya-y-el-ultimo-dragon-en-nuestro-pais\/#breadcrumb\"},\"inLanguage\":\"es-CL\",\"potentialAction\":[{\"@type\":\"ReadAction\",\"target\":[\"https:\/\/www.virginmobile.cl\/blog\/series\/disney-plus-chile\/disney-plus-chile-como-ver-raya-y-el-ultimo-dragon-en-nuestro-pais\/\"]}]},{\"@type\":\"ImageObject\",\"inLanguage\":\"es-CL\",\"@id\":\"https:\/\/www.virginmobile.cl\/blog\/series\/disney-plus-chile\/disney-plus-chile-como-ver-raya-y-el-ultimo-dragon-en-nuestro-pais\/#primaryimage\",\"url\":\"https:\/\/www.virginmobile.cl\/blog\/wp-content\/uploads\/2021\/02\/vblog_layout-7.jpg\",\"contentUrl\":\"https:\/\/www.virginmobile.cl\/blog\/wp-content\/uploads\/2021\/02\/vblog_layout-7.jpg\",\"width\":1200,\"height\":800,\"caption\":\"Disney Plus Chile: C\u00f3mo ver \u201cRaya y el \u00daltimo Drag\u00f3n\u201d en nuestro pa\u00eds\"},{\"@type\":\"BreadcrumbList\",\"@id\":\"https:\/\/www.virginmobile.cl\/blog\/series\/disney-plus-chile\/disney-plus-chile-como-ver-raya-y-el-ultimo-dragon-en-nuestro-pais\/#breadcrumb\",\"itemListElement\":[{\"@type\":\"ListItem\",\"position\":1,\"name\":\"Portada\",\"item\":\"https:\/\/vmcl.space\/blog\/\"},{\"@type\":\"ListItem\",\"position\":2,\"name\":\"Disney Plus Chile: C\u00f3mo ver \u201cRaya y el \u00daltimo Drag\u00f3n\u201d en nuestro pa\u00eds\"}]},{\"@type\":\"WebSite\",\"@id\":\"https:\/\/vmcl.space\/blog\/#website\",\"url\":\"https:\/\/vmcl.space\/blog\/\",\"name\":\"Naci\u00f3n Virgin - Virgin Mobile Chile\",\"description\":\"Lo que pasa ah\u00ed lo sabes aqu\u00ed\",\"publisher\":{\"@id\":\"https:\/\/vmcl.space\/blog\/#organization\"},\"potentialAction\":[{\"@type\":\"SearchAction\",\"target\":{\"@type\":\"EntryPoint\",\"urlTemplate\":\"https:\/\/vmcl.space\/blog\/?s={search_term_string}\"},\"query-input\":{\"@type\":\"PropertyValueSpecification\",\"valueRequired\":true,\"valueName\":\"search_term_string\"}}],\"inLanguage\":\"es-CL\"},{\"@type\":\"Organization\",\"@id\":\"https:\/\/vmcl.space\/blog\/#organization\",\"name\":\"Virgin Mobile\",\"url\":\"https:\/\/vmcl.space\/blog\/\",\"logo\":{\"@type\":\"ImageObject\",\"inLanguage\":\"es-CL\",\"@id\":\"https:\/\/vmcl.space\/blog\/#\/schema\/logo\/image\/\",\"url\":\"https:\/\/blog.virginmobile.cl\/wp-content\/uploads\/2018\/06\/logo_blog_v4.png\",\"contentUrl\":\"https:\/\/blog.virginmobile.cl\/wp-content\/uploads\/2018\/06\/logo_blog_v4.png\",\"width\":400,\"height\":400,\"caption\":\"Virgin Mobile\"},\"image\":{\"@id\":\"https:\/\/vmcl.space\/blog\/#\/schema\/logo\/image\/\"},\"sameAs\":[\"https:\/\/www.facebook.com\/VirginMobileChile\/\",\"https:\/\/x.com\/virginmobile_cl\",\"https:\/\/www.instagram.com\/virginmobile_cl\/\",\"https:\/\/www.linkedin.com\/company\/10255048\/admin\/\",\"https:\/\/www.youtube.com\/user\/VirginMobileChile\"]},{\"@type\":\"Person\",\"@id\":\"https:\/\/vmcl.space\/blog\/#\/schema\/person\/7dd3fe8aa95409efbc0c2651edad922c\",\"name\":\"Jorge Herrera\",\"image\":{\"@type\":\"ImageObject\",\"inLanguage\":\"es-CL\",\"@id\":\"https:\/\/secure.gravatar.com\/avatar\/08a675eb2009d32bc8481153d36d8296c68fcc62939ab075bfa2d959ff9025c2?s=96&d=mm&r=g\",\"url\":\"https:\/\/secure.gravatar.com\/avatar\/08a675eb2009d32bc8481153d36d8296c68fcc62939ab075bfa2d959ff9025c2?s=96&d=mm&r=g\",\"contentUrl\":\"https:\/\/secure.gravatar.com\/avatar\/08a675eb2009d32bc8481153d36d8296c68fcc62939ab075bfa2d959ff9025c2?s=96&d=mm&r=g\",\"caption\":\"Jorge Herrera\"},\"url\":\"https:\/\/www.virginmobile.cl\/blog\/author\/jorge-herrera\/\"}]}<\/script>\n<!-- \/ Yoast SEO plugin. -->","yoast_head_json":{"title":"Disney Plus Chile: C\u00f3mo ver \u201cRaya y el \u00daltimo Drag\u00f3n\u201d en nuestro pa\u00eds","description":"Se acerca una nueva producci\u00f3n animada en Disney Plus Chile, hablamos de la pel\u00edcula \u201cRaya y el \u00daltimo Drag\u00f3n\u201d y llegar\u00e1 a Chile en marzo.","robots":{"index":"index","follow":"follow","max-snippet":"max-snippet:-1","max-image-preview":"max-image-preview:large","max-video-preview":"max-video-preview:-1"},"canonical":"https:\/\/www.virginmobile.cl\/blog\/series\/disney-plus-chile\/disney-plus-chile-como-ver-raya-y-el-ultimo-dragon-en-nuestro-pais\/","og_locale":"es_ES","og_type":"article","og_title":"Disney Plus Chile: C\u00f3mo ver \u201cRaya y el \u00daltimo Drag\u00f3n\u201d en nuestro pa\u00eds","og_description":"Se acerca una nueva producci\u00f3n animada en Disney Plus Chile, hablamos de la pel\u00edcula \u201cRaya y el \u00daltimo Drag\u00f3n\u201d y llegar\u00e1 a Chile en marzo.","og_url":"https:\/\/www.virginmobile.cl\/blog\/series\/disney-plus-chile\/disney-plus-chile-como-ver-raya-y-el-ultimo-dragon-en-nuestro-pais\/","og_site_name":"Naci\u00f3n Virgin - Virgin Mobile Chile","article_publisher":"https:\/\/www.facebook.com\/VirginMobileChile\/","article_published_time":"2021-02-09T14:07:09+00:00","article_modified_time":"2022-02-24T18:26:31+00:00","og_image":[{"width":1200,"height":800,"url":"https:\/\/www.virginmobile.cl\/blog\/wp-content\/uploads\/2021\/02\/vblog_layout-7.jpg","type":"image\/jpeg"}],"author":"Jorge Herrera","twitter_card":"summary_large_image","twitter_creator":"@virginmobile_cl","twitter_site":"@virginmobile_cl","twitter_misc":{"Escrito por":"Jorge Herrera","Tiempo estimado de lectura":"2 minutos"},"schema":{"@context":"https:\/\/schema.org","@graph":[{"@type":"Article","@id":"https:\/\/www.virginmobile.cl\/blog\/series\/disney-plus-chile\/disney-plus-chile-como-ver-raya-y-el-ultimo-dragon-en-nuestro-pais\/#article","isPartOf":{"@id":"https:\/\/www.virginmobile.cl\/blog\/series\/disney-plus-chile\/disney-plus-chile-como-ver-raya-y-el-ultimo-dragon-en-nuestro-pais\/"},"author":{"name":"Jorge Herrera","@id":"https:\/\/vmcl.space\/blog\/#\/schema\/person\/7dd3fe8aa95409efbc0c2651edad922c"},"headline":"Disney Plus Chile: C\u00f3mo ver \u201cRaya y el \u00daltimo Drag\u00f3n\u201d en nuestro pa\u00eds","datePublished":"2021-02-09T14:07:09+00:00","dateModified":"2022-02-24T18:26:31+00:00","mainEntityOfPage":{"@id":"https:\/\/www.virginmobile.cl\/blog\/series\/disney-plus-chile\/disney-plus-chile-como-ver-raya-y-el-ultimo-dragon-en-nuestro-pais\/"},"wordCount":423,"publisher":{"@id":"https:\/\/vmcl.space\/blog\/#organization"},"image":{"@id":"https:\/\/www.virginmobile.cl\/blog\/series\/disney-plus-chile\/disney-plus-chile-como-ver-raya-y-el-ultimo-dragon-en-nuestro-pais\/#primaryimage"},"thumbnailUrl":"https:\/\/www.virginmobile.cl\/blog\/wp-content\/uploads\/2021\/02\/vblog_layout-7.jpg","keywords":["animaci\u00f3n","Disney Plus Chile","pel\u00edcula","Raya y el \u00daltimo Drag\u00f3n"],"articleSection":["Disney Plus Chile"],"inLanguage":"es-CL"},{"@type":"WebPage","@id":"https:\/\/www.virginmobile.cl\/blog\/series\/disney-plus-chile\/disney-plus-chile-como-ver-raya-y-el-ultimo-dragon-en-nuestro-pais\/","url":"https:\/\/www.virginmobile.cl\/blog\/series\/disney-plus-chile\/disney-plus-chile-como-ver-raya-y-el-ultimo-dragon-en-nuestro-pais\/","name":"Disney Plus Chile: C\u00f3mo ver \u201cRaya y el \u00daltimo Drag\u00f3n\u201d en nuestro pa\u00eds","isPartOf":{"@id":"https:\/\/vmcl.space\/blog\/#website"},"primaryImageOfPage":{"@id":"https:\/\/www.virginmobile.cl\/blog\/series\/disney-plus-chile\/disney-plus-chile-como-ver-raya-y-el-ultimo-dragon-en-nuestro-pais\/#primaryimage"},"image":{"@id":"https:\/\/www.virginmobile.cl\/blog\/series\/disney-plus-chile\/disney-plus-chile-como-ver-raya-y-el-ultimo-dragon-en-nuestro-pais\/#primaryimage"},"thumbnailUrl":"https:\/\/www.virginmobile.cl\/blog\/wp-content\/uploads\/2021\/02\/vblog_layout-7.jpg","datePublished":"2021-02-09T14:07:09+00:00","dateModified":"2022-02-24T18:26:31+00:00","description":"Se acerca una nueva producci\u00f3n animada en Disney Plus Chile, hablamos de la pel\u00edcula \u201cRaya y el \u00daltimo Drag\u00f3n\u201d y llegar\u00e1 a Chile en marzo.","breadcrumb":{"@id":"https:\/\/www.virginmobile.cl\/blog\/series\/disney-plus-chile\/disney-plus-chile-como-ver-raya-y-el-ultimo-dragon-en-nuestro-pais\/#breadcrumb"},"inLanguage":"es-CL","potentialAction":[{"@type":"ReadAction","target":["https:\/\/www.virginmobile.cl\/blog\/series\/disney-plus-chile\/disney-plus-chile-como-ver-raya-y-el-ultimo-dragon-en-nuestro-pais\/"]}]},{"@type":"ImageObject","inLanguage":"es-CL","@id":"https:\/\/www.virginmobile.cl\/blog\/series\/disney-plus-chile\/disney-plus-chile-como-ver-raya-y-el-ultimo-dragon-en-nuestro-pais\/#primaryimage","url":"https:\/\/www.virginmobile.cl\/blog\/wp-content\/uploads\/2021\/02\/vblog_layout-7.jpg","contentUrl":"https:\/\/www.virginmobile.cl\/blog\/wp-content\/uploads\/2021\/02\/vblog_layout-7.jpg","width":1200,"height":800,"caption":"Disney Plus Chile: C\u00f3mo ver \u201cRaya y el \u00daltimo Drag\u00f3n\u201d en nuestro pa\u00eds"},{"@type":"BreadcrumbList","@id":"https:\/\/www.virginmobile.cl\/blog\/series\/disney-plus-chile\/disney-plus-chile-como-ver-raya-y-el-ultimo-dragon-en-nuestro-pais\/#breadcrumb","itemListElement":[{"@type":"ListItem","position":1,"name":"Portada","item":"https:\/\/vmcl.space\/blog\/"},{"@type":"ListItem","position":2,"name":"Disney Plus Chile: C\u00f3mo ver \u201cRaya y el \u00daltimo Drag\u00f3n\u201d en nuestro pa\u00eds"}]},{"@type":"WebSite","@id":"https:\/\/vmcl.space\/blog\/#website","url":"https:\/\/vmcl.space\/blog\/","name":"Naci\u00f3n Virgin - Virgin Mobile Chile","description":"Lo que pasa ah\u00ed lo sabes aqu\u00ed","publisher":{"@id":"https:\/\/vmcl.space\/blog\/#organization"},"potentialAction":[{"@type":"SearchAction","target":{"@type":"EntryPoint","urlTemplate":"https:\/\/vmcl.space\/blog\/?s={search_term_string}"},"query-input":{"@type":"PropertyValueSpecification","valueRequired":true,"valueName":"search_term_string"}}],"inLanguage":"es-CL"},{"@type":"Organization","@id":"https:\/\/vmcl.space\/blog\/#organization","name":"Virgin Mobile","url":"https:\/\/vmcl.space\/blog\/","logo":{"@type":"ImageObject","inLanguage":"es-CL","@id":"https:\/\/vmcl.space\/blog\/#\/schema\/logo\/image\/","url":"https:\/\/blog.virginmobile.cl\/wp-content\/uploads\/2018\/06\/logo_blog_v4.png","contentUrl":"https:\/\/blog.virginmobile.cl\/wp-content\/uploads\/2018\/06\/logo_blog_v4.png","width":400,"height":400,"caption":"Virgin Mobile"},"image":{"@id":"https:\/\/vmcl.space\/blog\/#\/schema\/logo\/image\/"},"sameAs":["https:\/\/www.facebook.com\/VirginMobileChile\/","https:\/\/x.com\/virginmobile_cl","https:\/\/www.instagram.com\/virginmobile_cl\/","https:\/\/www.linkedin.com\/company\/10255048\/admin\/","https:\/\/www.youtube.com\/user\/VirginMobileChile"]},{"@type":"Person","@id":"https:\/\/vmcl.space\/blog\/#\/schema\/person\/7dd3fe8aa95409efbc0c2651edad922c","name":"Jorge Herrera","image":{"@type":"ImageObject","inLanguage":"es-CL","@id":"https:\/\/secure.gravatar.com\/avatar\/08a675eb2009d32bc8481153d36d8296c68fcc62939ab075bfa2d959ff9025c2?s=96&d=mm&r=g","url":"https:\/\/secure.gravatar.com\/avatar\/08a675eb2009d32bc8481153d36d8296c68fcc62939ab075bfa2d959ff9025c2?s=96&d=mm&r=g","contentUrl":"https:\/\/secure.gravatar.com\/avatar\/08a675eb2009d32bc8481153d36d8296c68fcc62939ab075bfa2d959ff9025c2?s=96&d=mm&r=g","caption":"Jorge Herrera"},"url":"https:\/\/www.virginmobile.cl\/blog\/author\/jorge-herrera\/"}]}},"_links":{"self":[{"href":"https:\/\/www.virginmobile.cl\/blog\/wp-json\/wp\/v2\/posts\/4691","targetHints":{"allow":["GET"]}}],"collection":[{"href":"https:\/\/www.virginmobile.cl\/blog\/wp-json\/wp\/v2\/posts"}],"about":[{"href":"https:\/\/www.virginmobile.cl\/blog\/wp-json\/wp\/v2\/types\/post"}],"author":[{"embeddable":true,"href":"https:\/\/www.virginmobile.cl\/blog\/wp-json\/wp\/v2\/users\/2"}],"replies":[{"embeddable":true,"href":"https:\/\/www.virginmobile.cl\/blog\/wp-json\/wp\/v2\/comments?post=4691"}],"version-history":[{"count":2,"href":"https:\/\/www.virginmobile.cl\/blog\/wp-json\/wp\/v2\/posts\/4691\/revisions"}],"predecessor-version":[{"id":4695,"href":"https:\/\/www.virginmobile.cl\/blog\/wp-json\/wp\/v2\/posts\/4691\/revisions\/4695"}],"wp:featuredmedia":[{"embeddable":true,"href":"https:\/\/www.virginmobile.cl\/blog\/wp-json\/wp\/v2\/media\/4694"}],"wp:attachment":[{"href":"https:\/\/www.virginmobile.cl\/blog\/wp-json\/wp\/v2\/media?parent=4691"}],"wp:term":[{"taxonomy":"category","embeddable":true,"href":"https:\/\/www.virginmobile.cl\/blog\/wp-json\/wp\/v2\/categories?post=4691"},{"taxonomy":"post_tag","embeddable":true,"href":"https:\/\/www.virginmobile.cl\/blog\/wp-json\/wp\/v2\/tags?post=4691"}],"curies":[{"name":"wp","href":"https:\/\/api.w.org\/{rel}","templated":true}]}}