{"id":4545,"date":"2021-01-19T14:22:29","date_gmt":"2021-01-19T18:22:29","guid":{"rendered":"https:\/\/blog.virginmobile.cl\/?p=4545"},"modified":"2022-02-24T14:26:14","modified_gmt":"2022-02-24T18:26:14","slug":"peaky-blinders-anuncio-que-terminara-con-su-sexta-temporada","status":"publish","type":"post","link":"https:\/\/www.virginmobile.cl\/blog\/series\/netflix-chile\/peaky-blinders-anuncio-que-terminara-con-su-sexta-temporada\/","title":{"rendered":"Peaky Blinders anunci\u00f3 que terminar\u00e1 con su sexta temporada"},"content":{"rendered":"\n<p>Luego del impactante final y retrasos por coronavirus, <strong>Peaky blinders anunci\u00f3 que terminar\u00e1 con su sexta temporada<\/strong>. La historia de nuestros criminales favoritos de Netflix llegar\u00e1 a su fin antes de tiempo, pero la buena noticia es que s\u00ed tendremos una temporada nueva dentro de poco.\u00a0<\/p>\n\n\n\n<p>Si bien <strong>Steve Knight<\/strong>, creador y guionista de Peaky Blinders, hab\u00eda dicho que la serie seguir\u00eda al menos hasta una s\u00e9ptima temporada, tuvo que retractarse y concluir todo en la sexta. \u00bfPor qu\u00e9? El coronavirus. La pandemia y las cuarentenas establecieron un nuevo plazo para el t\u00e9rmino de la serie y ese ser\u00eda el estreno de la pr\u00f3xima temporada.&nbsp;<\/p>\n\n\n\n<p><em>\u201cPeaky (Blinders) est\u00e1 de vuelta y con una explosi\u00f3n. Despu\u00e9s del retraso de producci\u00f3n forzado debido a la pandemia de Covid, encontramos a la familia en peligro extremo y lo que est\u00e1 en juego nunca ha sido tan grande\u201d, <\/em>se\u00f1al\u00f3 Knight para <a href=\"https:\/\/variety.com\/2021\/tv\/global\/peaky-blinders-final-season-6-1234887398\/\"><strong>Variety<\/strong>.<\/a> Pero eso no es todo, porque tambi\u00e9n asegur\u00f3 que, si bien la serie de televisi\u00f3n llegar\u00e1 a su fin, <strong>la historia continuar\u00e1 de otra forma<\/strong>. \u00bfSer\u00e1 una pel\u00edcula?, \u00bfun spin-off?. No sabemos cu\u00e1l de todas nos emociona m\u00e1s.<\/p>\n\n\n\n<h2 class=\"wp-block-heading\"><strong>Lo que se viene en la sexta temporada de Peaky Blinders<\/strong><\/h2>\n\n\n\n<p>\u00a1C\u00f3mo olvidar el final de la quinta temporada! Todo concluy\u00f3 con <strong>Tommy Shelby<\/strong> (Cillian Murphy) al borde del suicidio, pero todos dudamos que haya llegado realmente a hacerlo. Adem\u00e1s tenemos por otro lado al muy desanimado <strong>Arthur<\/strong> y la renuncia oficial de<strong> Polly <\/strong>en los negocios. Fueron muchos tragos amargos, pero en esta nueva tanda de episodios, todo se solucionar\u00e1. O eso esperamos.&nbsp;<\/p>\n\n\n\n<p>En esta sexta temporada <strong>conoceremos a la familia de Gina<\/strong>, la mujer de Michael, que ahora resultar\u00e1 a\u00fan m\u00e1s interesante para algunos espectadores, ya que es la misma actriz que interpret\u00f3 a la protagonista de \u201c<a href=\"https:\/\/blog.virginmobile.cl\/series\/netflix\/the-queens-gambit-la-minierie-sensacion-de-netflix\">Gambito de Dama<\/a>\u201d. Por fin conoceremos cu\u00e1l es su plan B para conseguir su objetivo y tal vez tengamos la suerte de ver a <strong>Julia Roberts <\/strong>como su madre. \u00a1As\u00ed es Steven Knight! <a href=\"https:\/\/vader.news\/series\/Peaky-Blinders-Estas-grandes-estrellas-se-rumorean-para-unirse-a-la-sexta-temporada-20201020-0013.html\">Todos vimos esas filtraciones<\/a>.\u00a0<\/p>\n\n\n\n<p>Otras sorpresas que nos deparar\u00eda la sexta temporada de Peaky Blinder o que esperamos ver, es una Polly vengativa, la aparici\u00f3n de Hitler, una posible muerte de Arthur o tal vez la del mismo Tommy, una \u00faltima traici\u00f3n de Alfie, y por supuesto, la ca\u00edda final de nuestra banda criminal.&nbsp;<\/p>\n\n\n\n<h3 class=\"wp-block-heading\"><strong>\u00bfCu\u00e1ndo se estrenar\u00e1 la sexta temporada?<\/strong><\/h3>\n\n\n\n<p>Ac\u00e1 es donde las cosas nos vuelven a desanimar. Tendremos que armarnos de paciencia ya que Peaky Blinder reci\u00e9n este lunes pudo retomar sus filmaciones en el Reino Unido, as\u00ed que te imaginar\u00e1s que la sexta temporada se estrenar\u00e1 a<strong> finales de 2021 o principios de 2022. <\/strong>\u00a1Pero vamos que el a\u00f1o pasa volando!&nbsp;<\/p>\n","protected":false},"excerpt":{"rendered":"<p>Luego del impactante final y retrasos por coronavirus, Peaky blinders anunci\u00f3 que terminar\u00e1 con su sexta temporada. La historia de nuestros criminales favoritos de Netflix llegar\u00e1 a su fin antes de tiempo, pero la buena noticia es que s\u00ed tendremos una temporada nueva dentro de poco.\u00a0 Si bien Steve Knight, creador y guionista de Peaky [&hellip;]<\/p>\n","protected":false},"author":2,"featured_media":4547,"comment_status":"closed","ping_status":"closed","sticky":false,"template":"","format":"standard","meta":{"footnotes":""},"categories":[718],"tags":[255,999,1000],"class_list":["post-4545","post","type-post","status-publish","format-standard","has-post-thumbnail","hentry","category-netflix-chile","tag-netflix","tag-peaky-blinders","tag-sexta-temporada"],"yoast_head":"<!-- This site is optimized with the Yoast SEO plugin v27.2 - https:\/\/yoast.com\/product\/yoast-seo-wordpress\/ -->\n<title>Peaky Blinders anunci\u00f3 que terminar\u00e1 con su sexta temporada<\/title>\n<meta name=\"description\" content=\"Luego del impactante final y retrasos por coronavirus, Peaky blinders anunci\u00f3 su sexta temporada. \u00a1Todo aqu\u00ed en Naci\u00f3n Virgin!\" \/>\n<meta name=\"robots\" content=\"index, follow, max-snippet:-1, max-image-preview:large, max-video-preview:-1\" \/>\n<link rel=\"canonical\" href=\"https:\/\/www.virginmobile.cl\/blog\/series\/netflix-chile\/peaky-blinders-anuncio-que-terminara-con-su-sexta-temporada\/\" \/>\n<meta property=\"og:locale\" content=\"es_ES\" \/>\n<meta property=\"og:type\" content=\"article\" \/>\n<meta property=\"og:title\" content=\"Peaky Blinders anunci\u00f3 que terminar\u00e1 con su sexta temporada\" \/>\n<meta property=\"og:description\" content=\"Luego del impactante final y retrasos por coronavirus, Peaky blinders anunci\u00f3 su sexta temporada. \u00a1Todo aqu\u00ed en Naci\u00f3n Virgin!\" \/>\n<meta property=\"og:url\" content=\"https:\/\/www.virginmobile.cl\/blog\/series\/netflix-chile\/peaky-blinders-anuncio-que-terminara-con-su-sexta-temporada\/\" \/>\n<meta property=\"og:site_name\" content=\"Naci\u00f3n Virgin - Virgin Mobile Chile\" \/>\n<meta property=\"article:publisher\" content=\"https:\/\/www.facebook.com\/VirginMobileChile\/\" \/>\n<meta property=\"article:published_time\" content=\"2021-01-19T18:22:29+00:00\" \/>\n<meta property=\"article:modified_time\" content=\"2022-02-24T18:26:14+00:00\" \/>\n<meta property=\"og:image\" content=\"https:\/\/www.virginmobile.cl\/blog\/wp-content\/uploads\/2021\/01\/vblog_layout-10.jpg\" \/>\n\t<meta property=\"og:image:width\" content=\"1200\" \/>\n\t<meta property=\"og:image:height\" content=\"800\" \/>\n\t<meta property=\"og:image:type\" content=\"image\/jpeg\" \/>\n<meta name=\"author\" content=\"Jorge Herrera\" \/>\n<meta name=\"twitter:card\" content=\"summary_large_image\" \/>\n<meta name=\"twitter:creator\" content=\"@virginmobile_cl\" \/>\n<meta name=\"twitter:site\" content=\"@virginmobile_cl\" \/>\n<meta name=\"twitter:label1\" content=\"Escrito por\" \/>\n\t<meta name=\"twitter:data1\" content=\"Jorge Herrera\" \/>\n\t<meta name=\"twitter:label2\" content=\"Tiempo estimado de lectura\" \/>\n\t<meta name=\"twitter:data2\" content=\"2 minutos\" \/>\n<script type=\"application\/ld+json\" class=\"yoast-schema-graph\">{\"@context\":\"https:\/\/schema.org\",\"@graph\":[{\"@type\":\"Article\",\"@id\":\"https:\/\/www.virginmobile.cl\/blog\/series\/netflix-chile\/peaky-blinders-anuncio-que-terminara-con-su-sexta-temporada\/#article\",\"isPartOf\":{\"@id\":\"https:\/\/www.virginmobile.cl\/blog\/series\/netflix-chile\/peaky-blinders-anuncio-que-terminara-con-su-sexta-temporada\/\"},\"author\":{\"name\":\"Jorge Herrera\",\"@id\":\"https:\/\/vmcl.space\/blog\/#\/schema\/person\/7dd3fe8aa95409efbc0c2651edad922c\"},\"headline\":\"Peaky Blinders anunci\u00f3 que terminar\u00e1 con su sexta temporada\",\"datePublished\":\"2021-01-19T18:22:29+00:00\",\"dateModified\":\"2022-02-24T18:26:14+00:00\",\"mainEntityOfPage\":{\"@id\":\"https:\/\/www.virginmobile.cl\/blog\/series\/netflix-chile\/peaky-blinders-anuncio-que-terminara-con-su-sexta-temporada\/\"},\"wordCount\":481,\"publisher\":{\"@id\":\"https:\/\/vmcl.space\/blog\/#organization\"},\"image\":{\"@id\":\"https:\/\/www.virginmobile.cl\/blog\/series\/netflix-chile\/peaky-blinders-anuncio-que-terminara-con-su-sexta-temporada\/#primaryimage\"},\"thumbnailUrl\":\"https:\/\/www.virginmobile.cl\/blog\/wp-content\/uploads\/2021\/01\/vblog_layout-10.jpg\",\"keywords\":[\"netflix\",\"Peaky Blinders\",\"sexta temporada\"],\"articleSection\":[\"Netflix Chile\"],\"inLanguage\":\"es-CL\"},{\"@type\":\"WebPage\",\"@id\":\"https:\/\/www.virginmobile.cl\/blog\/series\/netflix-chile\/peaky-blinders-anuncio-que-terminara-con-su-sexta-temporada\/\",\"url\":\"https:\/\/www.virginmobile.cl\/blog\/series\/netflix-chile\/peaky-blinders-anuncio-que-terminara-con-su-sexta-temporada\/\",\"name\":\"Peaky Blinders anunci\u00f3 que terminar\u00e1 con su sexta temporada\",\"isPartOf\":{\"@id\":\"https:\/\/vmcl.space\/blog\/#website\"},\"primaryImageOfPage\":{\"@id\":\"https:\/\/www.virginmobile.cl\/blog\/series\/netflix-chile\/peaky-blinders-anuncio-que-terminara-con-su-sexta-temporada\/#primaryimage\"},\"image\":{\"@id\":\"https:\/\/www.virginmobile.cl\/blog\/series\/netflix-chile\/peaky-blinders-anuncio-que-terminara-con-su-sexta-temporada\/#primaryimage\"},\"thumbnailUrl\":\"https:\/\/www.virginmobile.cl\/blog\/wp-content\/uploads\/2021\/01\/vblog_layout-10.jpg\",\"datePublished\":\"2021-01-19T18:22:29+00:00\",\"dateModified\":\"2022-02-24T18:26:14+00:00\",\"description\":\"Luego del impactante final y retrasos por coronavirus, Peaky blinders anunci\u00f3 su sexta temporada. \u00a1Todo aqu\u00ed en Naci\u00f3n Virgin!\",\"breadcrumb\":{\"@id\":\"https:\/\/www.virginmobile.cl\/blog\/series\/netflix-chile\/peaky-blinders-anuncio-que-terminara-con-su-sexta-temporada\/#breadcrumb\"},\"inLanguage\":\"es-CL\",\"potentialAction\":[{\"@type\":\"ReadAction\",\"target\":[\"https:\/\/www.virginmobile.cl\/blog\/series\/netflix-chile\/peaky-blinders-anuncio-que-terminara-con-su-sexta-temporada\/\"]}]},{\"@type\":\"ImageObject\",\"inLanguage\":\"es-CL\",\"@id\":\"https:\/\/www.virginmobile.cl\/blog\/series\/netflix-chile\/peaky-blinders-anuncio-que-terminara-con-su-sexta-temporada\/#primaryimage\",\"url\":\"https:\/\/www.virginmobile.cl\/blog\/wp-content\/uploads\/2021\/01\/vblog_layout-10.jpg\",\"contentUrl\":\"https:\/\/www.virginmobile.cl\/blog\/wp-content\/uploads\/2021\/01\/vblog_layout-10.jpg\",\"width\":1200,\"height\":800,\"caption\":\"Peaky Blinders anunci\u00f3 que terminar\u00e1 con su sexta temporada\"},{\"@type\":\"BreadcrumbList\",\"@id\":\"https:\/\/www.virginmobile.cl\/blog\/series\/netflix-chile\/peaky-blinders-anuncio-que-terminara-con-su-sexta-temporada\/#breadcrumb\",\"itemListElement\":[{\"@type\":\"ListItem\",\"position\":1,\"name\":\"Portada\",\"item\":\"https:\/\/vmcl.space\/blog\/\"},{\"@type\":\"ListItem\",\"position\":2,\"name\":\"Peaky Blinders anunci\u00f3 que terminar\u00e1 con su sexta temporada\"}]},{\"@type\":\"WebSite\",\"@id\":\"https:\/\/vmcl.space\/blog\/#website\",\"url\":\"https:\/\/vmcl.space\/blog\/\",\"name\":\"Naci\u00f3n Virgin - Virgin Mobile Chile\",\"description\":\"Lo que pasa ah\u00ed lo sabes aqu\u00ed\",\"publisher\":{\"@id\":\"https:\/\/vmcl.space\/blog\/#organization\"},\"potentialAction\":[{\"@type\":\"SearchAction\",\"target\":{\"@type\":\"EntryPoint\",\"urlTemplate\":\"https:\/\/vmcl.space\/blog\/?s={search_term_string}\"},\"query-input\":{\"@type\":\"PropertyValueSpecification\",\"valueRequired\":true,\"valueName\":\"search_term_string\"}}],\"inLanguage\":\"es-CL\"},{\"@type\":\"Organization\",\"@id\":\"https:\/\/vmcl.space\/blog\/#organization\",\"name\":\"Virgin Mobile\",\"url\":\"https:\/\/vmcl.space\/blog\/\",\"logo\":{\"@type\":\"ImageObject\",\"inLanguage\":\"es-CL\",\"@id\":\"https:\/\/vmcl.space\/blog\/#\/schema\/logo\/image\/\",\"url\":\"https:\/\/blog.virginmobile.cl\/wp-content\/uploads\/2018\/06\/logo_blog_v4.png\",\"contentUrl\":\"https:\/\/blog.virginmobile.cl\/wp-content\/uploads\/2018\/06\/logo_blog_v4.png\",\"width\":400,\"height\":400,\"caption\":\"Virgin Mobile\"},\"image\":{\"@id\":\"https:\/\/vmcl.space\/blog\/#\/schema\/logo\/image\/\"},\"sameAs\":[\"https:\/\/www.facebook.com\/VirginMobileChile\/\",\"https:\/\/x.com\/virginmobile_cl\",\"https:\/\/www.instagram.com\/virginmobile_cl\/\",\"https:\/\/www.linkedin.com\/company\/10255048\/admin\/\",\"https:\/\/www.youtube.com\/user\/VirginMobileChile\"]},{\"@type\":\"Person\",\"@id\":\"https:\/\/vmcl.space\/blog\/#\/schema\/person\/7dd3fe8aa95409efbc0c2651edad922c\",\"name\":\"Jorge Herrera\",\"image\":{\"@type\":\"ImageObject\",\"inLanguage\":\"es-CL\",\"@id\":\"https:\/\/secure.gravatar.com\/avatar\/08a675eb2009d32bc8481153d36d8296c68fcc62939ab075bfa2d959ff9025c2?s=96&d=mm&r=g\",\"url\":\"https:\/\/secure.gravatar.com\/avatar\/08a675eb2009d32bc8481153d36d8296c68fcc62939ab075bfa2d959ff9025c2?s=96&d=mm&r=g\",\"contentUrl\":\"https:\/\/secure.gravatar.com\/avatar\/08a675eb2009d32bc8481153d36d8296c68fcc62939ab075bfa2d959ff9025c2?s=96&d=mm&r=g\",\"caption\":\"Jorge Herrera\"},\"url\":\"https:\/\/www.virginmobile.cl\/blog\/author\/jorge-herrera\/\"}]}<\/script>\n<!-- \/ Yoast SEO plugin. -->","yoast_head_json":{"title":"Peaky Blinders anunci\u00f3 que terminar\u00e1 con su sexta temporada","description":"Luego del impactante final y retrasos por coronavirus, Peaky blinders anunci\u00f3 su sexta temporada. \u00a1Todo aqu\u00ed en Naci\u00f3n Virgin!","robots":{"index":"index","follow":"follow","max-snippet":"max-snippet:-1","max-image-preview":"max-image-preview:large","max-video-preview":"max-video-preview:-1"},"canonical":"https:\/\/www.virginmobile.cl\/blog\/series\/netflix-chile\/peaky-blinders-anuncio-que-terminara-con-su-sexta-temporada\/","og_locale":"es_ES","og_type":"article","og_title":"Peaky Blinders anunci\u00f3 que terminar\u00e1 con su sexta temporada","og_description":"Luego del impactante final y retrasos por coronavirus, Peaky blinders anunci\u00f3 su sexta temporada. \u00a1Todo aqu\u00ed en Naci\u00f3n Virgin!","og_url":"https:\/\/www.virginmobile.cl\/blog\/series\/netflix-chile\/peaky-blinders-anuncio-que-terminara-con-su-sexta-temporada\/","og_site_name":"Naci\u00f3n Virgin - Virgin Mobile Chile","article_publisher":"https:\/\/www.facebook.com\/VirginMobileChile\/","article_published_time":"2021-01-19T18:22:29+00:00","article_modified_time":"2022-02-24T18:26:14+00:00","og_image":[{"width":1200,"height":800,"url":"https:\/\/www.virginmobile.cl\/blog\/wp-content\/uploads\/2021\/01\/vblog_layout-10.jpg","type":"image\/jpeg"}],"author":"Jorge Herrera","twitter_card":"summary_large_image","twitter_creator":"@virginmobile_cl","twitter_site":"@virginmobile_cl","twitter_misc":{"Escrito por":"Jorge Herrera","Tiempo estimado de lectura":"2 minutos"},"schema":{"@context":"https:\/\/schema.org","@graph":[{"@type":"Article","@id":"https:\/\/www.virginmobile.cl\/blog\/series\/netflix-chile\/peaky-blinders-anuncio-que-terminara-con-su-sexta-temporada\/#article","isPartOf":{"@id":"https:\/\/www.virginmobile.cl\/blog\/series\/netflix-chile\/peaky-blinders-anuncio-que-terminara-con-su-sexta-temporada\/"},"author":{"name":"Jorge Herrera","@id":"https:\/\/vmcl.space\/blog\/#\/schema\/person\/7dd3fe8aa95409efbc0c2651edad922c"},"headline":"Peaky Blinders anunci\u00f3 que terminar\u00e1 con su sexta temporada","datePublished":"2021-01-19T18:22:29+00:00","dateModified":"2022-02-24T18:26:14+00:00","mainEntityOfPage":{"@id":"https:\/\/www.virginmobile.cl\/blog\/series\/netflix-chile\/peaky-blinders-anuncio-que-terminara-con-su-sexta-temporada\/"},"wordCount":481,"publisher":{"@id":"https:\/\/vmcl.space\/blog\/#organization"},"image":{"@id":"https:\/\/www.virginmobile.cl\/blog\/series\/netflix-chile\/peaky-blinders-anuncio-que-terminara-con-su-sexta-temporada\/#primaryimage"},"thumbnailUrl":"https:\/\/www.virginmobile.cl\/blog\/wp-content\/uploads\/2021\/01\/vblog_layout-10.jpg","keywords":["netflix","Peaky Blinders","sexta temporada"],"articleSection":["Netflix Chile"],"inLanguage":"es-CL"},{"@type":"WebPage","@id":"https:\/\/www.virginmobile.cl\/blog\/series\/netflix-chile\/peaky-blinders-anuncio-que-terminara-con-su-sexta-temporada\/","url":"https:\/\/www.virginmobile.cl\/blog\/series\/netflix-chile\/peaky-blinders-anuncio-que-terminara-con-su-sexta-temporada\/","name":"Peaky Blinders anunci\u00f3 que terminar\u00e1 con su sexta temporada","isPartOf":{"@id":"https:\/\/vmcl.space\/blog\/#website"},"primaryImageOfPage":{"@id":"https:\/\/www.virginmobile.cl\/blog\/series\/netflix-chile\/peaky-blinders-anuncio-que-terminara-con-su-sexta-temporada\/#primaryimage"},"image":{"@id":"https:\/\/www.virginmobile.cl\/blog\/series\/netflix-chile\/peaky-blinders-anuncio-que-terminara-con-su-sexta-temporada\/#primaryimage"},"thumbnailUrl":"https:\/\/www.virginmobile.cl\/blog\/wp-content\/uploads\/2021\/01\/vblog_layout-10.jpg","datePublished":"2021-01-19T18:22:29+00:00","dateModified":"2022-02-24T18:26:14+00:00","description":"Luego del impactante final y retrasos por coronavirus, Peaky blinders anunci\u00f3 su sexta temporada. \u00a1Todo aqu\u00ed en Naci\u00f3n Virgin!","breadcrumb":{"@id":"https:\/\/www.virginmobile.cl\/blog\/series\/netflix-chile\/peaky-blinders-anuncio-que-terminara-con-su-sexta-temporada\/#breadcrumb"},"inLanguage":"es-CL","potentialAction":[{"@type":"ReadAction","target":["https:\/\/www.virginmobile.cl\/blog\/series\/netflix-chile\/peaky-blinders-anuncio-que-terminara-con-su-sexta-temporada\/"]}]},{"@type":"ImageObject","inLanguage":"es-CL","@id":"https:\/\/www.virginmobile.cl\/blog\/series\/netflix-chile\/peaky-blinders-anuncio-que-terminara-con-su-sexta-temporada\/#primaryimage","url":"https:\/\/www.virginmobile.cl\/blog\/wp-content\/uploads\/2021\/01\/vblog_layout-10.jpg","contentUrl":"https:\/\/www.virginmobile.cl\/blog\/wp-content\/uploads\/2021\/01\/vblog_layout-10.jpg","width":1200,"height":800,"caption":"Peaky Blinders anunci\u00f3 que terminar\u00e1 con su sexta temporada"},{"@type":"BreadcrumbList","@id":"https:\/\/www.virginmobile.cl\/blog\/series\/netflix-chile\/peaky-blinders-anuncio-que-terminara-con-su-sexta-temporada\/#breadcrumb","itemListElement":[{"@type":"ListItem","position":1,"name":"Portada","item":"https:\/\/vmcl.space\/blog\/"},{"@type":"ListItem","position":2,"name":"Peaky Blinders anunci\u00f3 que terminar\u00e1 con su sexta temporada"}]},{"@type":"WebSite","@id":"https:\/\/vmcl.space\/blog\/#website","url":"https:\/\/vmcl.space\/blog\/","name":"Naci\u00f3n Virgin - Virgin Mobile Chile","description":"Lo que pasa ah\u00ed lo sabes aqu\u00ed","publisher":{"@id":"https:\/\/vmcl.space\/blog\/#organization"},"potentialAction":[{"@type":"SearchAction","target":{"@type":"EntryPoint","urlTemplate":"https:\/\/vmcl.space\/blog\/?s={search_term_string}"},"query-input":{"@type":"PropertyValueSpecification","valueRequired":true,"valueName":"search_term_string"}}],"inLanguage":"es-CL"},{"@type":"Organization","@id":"https:\/\/vmcl.space\/blog\/#organization","name":"Virgin Mobile","url":"https:\/\/vmcl.space\/blog\/","logo":{"@type":"ImageObject","inLanguage":"es-CL","@id":"https:\/\/vmcl.space\/blog\/#\/schema\/logo\/image\/","url":"https:\/\/blog.virginmobile.cl\/wp-content\/uploads\/2018\/06\/logo_blog_v4.png","contentUrl":"https:\/\/blog.virginmobile.cl\/wp-content\/uploads\/2018\/06\/logo_blog_v4.png","width":400,"height":400,"caption":"Virgin Mobile"},"image":{"@id":"https:\/\/vmcl.space\/blog\/#\/schema\/logo\/image\/"},"sameAs":["https:\/\/www.facebook.com\/VirginMobileChile\/","https:\/\/x.com\/virginmobile_cl","https:\/\/www.instagram.com\/virginmobile_cl\/","https:\/\/www.linkedin.com\/company\/10255048\/admin\/","https:\/\/www.youtube.com\/user\/VirginMobileChile"]},{"@type":"Person","@id":"https:\/\/vmcl.space\/blog\/#\/schema\/person\/7dd3fe8aa95409efbc0c2651edad922c","name":"Jorge Herrera","image":{"@type":"ImageObject","inLanguage":"es-CL","@id":"https:\/\/secure.gravatar.com\/avatar\/08a675eb2009d32bc8481153d36d8296c68fcc62939ab075bfa2d959ff9025c2?s=96&d=mm&r=g","url":"https:\/\/secure.gravatar.com\/avatar\/08a675eb2009d32bc8481153d36d8296c68fcc62939ab075bfa2d959ff9025c2?s=96&d=mm&r=g","contentUrl":"https:\/\/secure.gravatar.com\/avatar\/08a675eb2009d32bc8481153d36d8296c68fcc62939ab075bfa2d959ff9025c2?s=96&d=mm&r=g","caption":"Jorge Herrera"},"url":"https:\/\/www.virginmobile.cl\/blog\/author\/jorge-herrera\/"}]}},"_links":{"self":[{"href":"https:\/\/www.virginmobile.cl\/blog\/wp-json\/wp\/v2\/posts\/4545","targetHints":{"allow":["GET"]}}],"collection":[{"href":"https:\/\/www.virginmobile.cl\/blog\/wp-json\/wp\/v2\/posts"}],"about":[{"href":"https:\/\/www.virginmobile.cl\/blog\/wp-json\/wp\/v2\/types\/post"}],"author":[{"embeddable":true,"href":"https:\/\/www.virginmobile.cl\/blog\/wp-json\/wp\/v2\/users\/2"}],"replies":[{"embeddable":true,"href":"https:\/\/www.virginmobile.cl\/blog\/wp-json\/wp\/v2\/comments?post=4545"}],"version-history":[{"count":2,"href":"https:\/\/www.virginmobile.cl\/blog\/wp-json\/wp\/v2\/posts\/4545\/revisions"}],"predecessor-version":[{"id":4548,"href":"https:\/\/www.virginmobile.cl\/blog\/wp-json\/wp\/v2\/posts\/4545\/revisions\/4548"}],"wp:featuredmedia":[{"embeddable":true,"href":"https:\/\/www.virginmobile.cl\/blog\/wp-json\/wp\/v2\/media\/4547"}],"wp:attachment":[{"href":"https:\/\/www.virginmobile.cl\/blog\/wp-json\/wp\/v2\/media?parent=4545"}],"wp:term":[{"taxonomy":"category","embeddable":true,"href":"https:\/\/www.virginmobile.cl\/blog\/wp-json\/wp\/v2\/categories?post=4545"},{"taxonomy":"post_tag","embeddable":true,"href":"https:\/\/www.virginmobile.cl\/blog\/wp-json\/wp\/v2\/tags?post=4545"}],"curies":[{"name":"wp","href":"https:\/\/api.w.org\/{rel}","templated":true}]}}