{"id":4448,"date":"2021-01-05T11:01:43","date_gmt":"2021-01-05T15:01:43","guid":{"rendered":"https:\/\/blog.virginmobile.cl\/?p=4448"},"modified":"2022-02-24T14:24:04","modified_gmt":"2022-02-24T18:24:04","slug":"muerte-al-2020-el-falso-documental-del-creador-de-black-mirror","status":"publish","type":"post","link":"https:\/\/www.virginmobile.cl\/blog\/noticias\/muerte-al-2020-el-falso-documental-del-creador-de-black-mirror\/","title":{"rendered":"Muerte al 2020: El falso documental del creador de Black Mirror"},"content":{"rendered":"\n<p>\u00bfYa lo viste? Entre parodia y realidad, <strong>Charlie Brooker y Annabel Jones<\/strong> nos sorprendieron con un falso documental de Muerte al 2020 que recopil\u00f3 hechos que van desde las <strong>elecciones presidenciales de USA hasta el maldito coronavirus<\/strong>. Falsos expertos, reporteros y gente com\u00fan, se apoderan de las c\u00e1maras para dar su opini\u00f3n sobre el peor a\u00f1o de nuestra historia.\u00a0<\/p>\n\n\n\n<p>Tal vez no quieras volver a mirar atr\u00e1s, pero con este falso documental, vale la pena darle un segundo vistazo al 2020.<\/p>\n\n\n\n<h3 class=\"wp-block-heading\"><strong>Entre la realidad y falsos expertos<\/strong> de Muerte al 2020<\/h3>\n\n\n\n<p>Si bien el hilo conductor del documental es 100% real, el humor y los expertos son obra de las mentes creadoras de Black Mirror. Podemos ver a un <strong>Samuel Jackson<\/strong> como \u201cDash Bracket\u201d, un reportero del New Yorkerly quien da comienzo a la historia. Un <strong>Hugh Grant <\/strong>como el historiador \u201cTennyson Foss\u201d, quien tiende a confundir la realidad con <em>Game of Thrones y Star Wars<\/em>. Y a una <strong>Lisa Kudrow<\/strong> como la vocera \u201cno\u201d oficial del gobierno gringo que opta por creer que Ucrania no existe.&nbsp;<\/p>\n\n\n\n<p>La lista suma y sigue con pol\u00edticos, cient\u00edficos, gente influyente y hasta la mism\u00edsima reina Isabel ll, quienes dan rid\u00edculas opiniones que, en algunos momentos, se pueden confundir con la realidad.&nbsp;<\/p>\n\n\n\n<h3 class=\"wp-block-heading\"><strong>Desde los incendios de Australia hasta las elecciones presidenciales<\/strong><\/h3>\n\n\n\n<p>Todo comienza con las<strong> llamas de Australia y los discursos de Greta Thunberg <\/strong>sobre el cambio clim\u00e1tico, lo que alteran a Bark Multiverse (<strong>Kumail Nanjiani<\/strong>), el magnate de la tecnolog\u00eda que termin\u00f3 derrumbando un monte de Nueva Zelanda para construir un b\u00fanker.<\/p>\n\n\n\n<p>Luego damos paso a <strong>Donald Trump<\/strong>, quien est\u00e1 enfrentando una nueva crisis, mientras que al otro lado del mundo se vive el <strong>Brexit <\/strong>y el conflicto de <strong>Harry y Meghan, <\/strong>que tienen enojad\u00edsima a la monarca. De forma paralela nos vamos a Wuhan, donde el virus est\u00e1 comenzando a brotar y el cient\u00edfico Pyrex Flask (<strong>Samson Kayo<\/strong>) nos ayuda a entenderlo todo.<\/p>\n\n\n\n<p>El documental tambi\u00e9n se refiri\u00f3 a <a href=\"https:\/\/blog.virginmobile.cl\/series\/netflix\/the-queens-gambit-la-minierie-sensacion-de-netflix\">Netflix como el mejor apa\u00f1ador<\/a> para enfrentar la cuarentena, mostrando programas muy populares como el de concursos, <strong>\u201cEl piso es lava\u201d. <\/strong>Incluso la reina se dio el tiempo de recomendar <strong>\u201cThe Crown\u201d<\/strong>, una serie que muestra \u201cconflictos de gente normal\u201d.<\/p>\n\n\n\n<p>Si a\u00fan no lo ves, te lo recomendamos. No hay mejor manera que sellar para siempre un mal a\u00f1o que re\u00edr cada 5 minutos con un falso documental del 2020.<\/p>\n\n\n\n<figure class=\"wp-block-embed-youtube wp-block-embed is-type-video is-provider-youtube wp-embed-aspect-16-9 wp-has-aspect-ratio\"><div class=\"wp-block-embed__wrapper\">\n<div class=\"embed-vimeo\"><iframe loading=\"lazy\" title=\"Muerte al 2020 | Tr\u00e1iler oficial | Netflix\" width=\"1140\" height=\"641\" src=\"https:\/\/www.youtube.com\/embed\/boaDCf4lcbE?feature=oembed\" frameborder=\"0\" allow=\"accelerometer; autoplay; clipboard-write; encrypted-media; gyroscope; picture-in-picture\" allowfullscreen><\/iframe><\/div>\n<\/div><\/figure>\n\n\n\n<h2 class=\"wp-block-heading\"><strong>\u00bfCharlie Brooker haciendo comedia?<\/strong><\/h2>\n\n\n\n<p>Algunos se sorprendieron al ver una pel\u00edcula c\u00f3mica dirigida por Charlie, ya que la mayor\u00eda lo conocen por el thriller y la no muy lejana distop\u00eda, pero a trav\u00e9s de una entrevista con <a href=\"https:\/\/ew.com\/tv\/black-mirror-death-to-2020-netflix-trailer\/\">Entertainment Weekly<\/a>, nos dio una respuesta para aquella sensaci\u00f3n y callarnos la boca:<\/p>\n\n\n\n<blockquote class=\"wp-block-quote is-layout-flow wp-block-quote-is-layout-flow\"><p><em>\u201cAquellos que solo me conocen a trav\u00e9s de <\/em><strong><em>\u2018Black Mirror<\/em><\/strong><em>\u2019 pueden no darse cuenta de que cuando no escribo ciencia ficci\u00f3n especulativa sobre personas que fruncen el ce\u00f1o ante los tel\u00e9fonos inteligentes; <\/em><strong><em>he pasado a\u00f1os haciendo programas de comedia en el Reino Unido\u201d.\u00a0<\/em><\/strong><\/p><\/blockquote>\n\n\n\n<p><\/p>\n","protected":false},"excerpt":{"rendered":"<p>\u00bfYa lo viste? Entre parodia y realidad, Charlie Brooker y Annabel Jones nos sorprendieron con un falso documental de Muerte al 2020 que recopil\u00f3 hechos que van desde las elecciones presidenciales de USA hasta el maldito coronavirus. Falsos expertos, reporteros y gente com\u00fan, se apoderan de las c\u00e1maras para dar su opini\u00f3n sobre el peor [&hellip;]<\/p>\n","protected":false},"author":2,"featured_media":4452,"comment_status":"closed","ping_status":"closed","sticky":false,"template":"","format":"standard","meta":{"footnotes":""},"categories":[199,198],"tags":[658,943,982],"class_list":["post-4448","post","type-post","status-publish","format-standard","has-post-thumbnail","hentry","category-noticias","category-series","tag-black-mirror","tag-documental","tag-muerte-al-2020"],"yoast_head":"<!-- This site is optimized with the Yoast SEO plugin v27.2 - https:\/\/yoast.com\/product\/yoast-seo-wordpress\/ -->\n<title>Muerte al 2020: El falso documental del creador de Black Mirror<\/title>\n<meta name=\"description\" content=\"\u00bfYa viste el falso documental de Muerte al 2020? Todo de la mano del mismo creador de Black Mirror. \u00a1Ent\u00e9rate de todo aqu\u00ed en Naci\u00f3n Virgin!\" \/>\n<meta name=\"robots\" content=\"index, follow, max-snippet:-1, max-image-preview:large, max-video-preview:-1\" \/>\n<link rel=\"canonical\" href=\"https:\/\/www.virginmobile.cl\/blog\/noticias\/muerte-al-2020-el-falso-documental-del-creador-de-black-mirror\/\" \/>\n<meta property=\"og:locale\" content=\"es_ES\" \/>\n<meta property=\"og:type\" content=\"article\" \/>\n<meta property=\"og:title\" content=\"Muerte al 2020: El falso documental del creador de Black Mirror\" \/>\n<meta property=\"og:description\" content=\"\u00bfYa viste el falso documental de Muerte al 2020? Todo de la mano del mismo creador de Black Mirror. \u00a1Ent\u00e9rate de todo aqu\u00ed en Naci\u00f3n Virgin!\" \/>\n<meta property=\"og:url\" content=\"https:\/\/www.virginmobile.cl\/blog\/noticias\/muerte-al-2020-el-falso-documental-del-creador-de-black-mirror\/\" \/>\n<meta property=\"og:site_name\" content=\"Naci\u00f3n Virgin - Virgin Mobile Chile\" \/>\n<meta property=\"article:publisher\" content=\"https:\/\/www.facebook.com\/VirginMobileChile\/\" \/>\n<meta property=\"article:published_time\" content=\"2021-01-05T15:01:43+00:00\" \/>\n<meta property=\"article:modified_time\" content=\"2022-02-24T18:24:04+00:00\" \/>\n<meta property=\"og:image\" content=\"https:\/\/www.virginmobile.cl\/blog\/wp-content\/uploads\/2021\/01\/vblog_layout.jpg\" \/>\n\t<meta property=\"og:image:width\" content=\"1200\" \/>\n\t<meta property=\"og:image:height\" content=\"800\" \/>\n\t<meta property=\"og:image:type\" content=\"image\/jpeg\" \/>\n<meta name=\"author\" content=\"Jorge Herrera\" \/>\n<meta name=\"twitter:card\" content=\"summary_large_image\" \/>\n<meta name=\"twitter:creator\" content=\"@virginmobile_cl\" \/>\n<meta name=\"twitter:site\" content=\"@virginmobile_cl\" \/>\n<meta name=\"twitter:label1\" content=\"Escrito por\" \/>\n\t<meta name=\"twitter:data1\" content=\"Jorge Herrera\" \/>\n\t<meta name=\"twitter:label2\" content=\"Tiempo estimado de lectura\" \/>\n\t<meta name=\"twitter:data2\" content=\"3 minutos\" \/>\n<script type=\"application\/ld+json\" class=\"yoast-schema-graph\">{\"@context\":\"https:\/\/schema.org\",\"@graph\":[{\"@type\":\"Article\",\"@id\":\"https:\/\/www.virginmobile.cl\/blog\/noticias\/muerte-al-2020-el-falso-documental-del-creador-de-black-mirror\/#article\",\"isPartOf\":{\"@id\":\"https:\/\/www.virginmobile.cl\/blog\/noticias\/muerte-al-2020-el-falso-documental-del-creador-de-black-mirror\/\"},\"author\":{\"name\":\"Jorge Herrera\",\"@id\":\"https:\/\/vmcl.space\/blog\/#\/schema\/person\/7dd3fe8aa95409efbc0c2651edad922c\"},\"headline\":\"Muerte al 2020: El falso documental del creador de Black Mirror\",\"datePublished\":\"2021-01-05T15:01:43+00:00\",\"dateModified\":\"2022-02-24T18:24:04+00:00\",\"mainEntityOfPage\":{\"@id\":\"https:\/\/www.virginmobile.cl\/blog\/noticias\/muerte-al-2020-el-falso-documental-del-creador-de-black-mirror\/\"},\"wordCount\":538,\"publisher\":{\"@id\":\"https:\/\/vmcl.space\/blog\/#organization\"},\"image\":{\"@id\":\"https:\/\/www.virginmobile.cl\/blog\/noticias\/muerte-al-2020-el-falso-documental-del-creador-de-black-mirror\/#primaryimage\"},\"thumbnailUrl\":\"https:\/\/www.virginmobile.cl\/blog\/wp-content\/uploads\/2021\/01\/vblog_layout.jpg\",\"keywords\":[\"Black Mirror\",\"documental\",\"Muerte al 2020\"],\"articleSection\":[\"Noticias\",\"Series\"],\"inLanguage\":\"es-CL\"},{\"@type\":\"WebPage\",\"@id\":\"https:\/\/www.virginmobile.cl\/blog\/noticias\/muerte-al-2020-el-falso-documental-del-creador-de-black-mirror\/\",\"url\":\"https:\/\/www.virginmobile.cl\/blog\/noticias\/muerte-al-2020-el-falso-documental-del-creador-de-black-mirror\/\",\"name\":\"Muerte al 2020: El falso documental del creador de Black Mirror\",\"isPartOf\":{\"@id\":\"https:\/\/vmcl.space\/blog\/#website\"},\"primaryImageOfPage\":{\"@id\":\"https:\/\/www.virginmobile.cl\/blog\/noticias\/muerte-al-2020-el-falso-documental-del-creador-de-black-mirror\/#primaryimage\"},\"image\":{\"@id\":\"https:\/\/www.virginmobile.cl\/blog\/noticias\/muerte-al-2020-el-falso-documental-del-creador-de-black-mirror\/#primaryimage\"},\"thumbnailUrl\":\"https:\/\/www.virginmobile.cl\/blog\/wp-content\/uploads\/2021\/01\/vblog_layout.jpg\",\"datePublished\":\"2021-01-05T15:01:43+00:00\",\"dateModified\":\"2022-02-24T18:24:04+00:00\",\"description\":\"\u00bfYa viste el falso documental de Muerte al 2020? Todo de la mano del mismo creador de Black Mirror. \u00a1Ent\u00e9rate de todo aqu\u00ed en Naci\u00f3n Virgin!\",\"breadcrumb\":{\"@id\":\"https:\/\/www.virginmobile.cl\/blog\/noticias\/muerte-al-2020-el-falso-documental-del-creador-de-black-mirror\/#breadcrumb\"},\"inLanguage\":\"es-CL\",\"potentialAction\":[{\"@type\":\"ReadAction\",\"target\":[\"https:\/\/www.virginmobile.cl\/blog\/noticias\/muerte-al-2020-el-falso-documental-del-creador-de-black-mirror\/\"]}]},{\"@type\":\"ImageObject\",\"inLanguage\":\"es-CL\",\"@id\":\"https:\/\/www.virginmobile.cl\/blog\/noticias\/muerte-al-2020-el-falso-documental-del-creador-de-black-mirror\/#primaryimage\",\"url\":\"https:\/\/www.virginmobile.cl\/blog\/wp-content\/uploads\/2021\/01\/vblog_layout.jpg\",\"contentUrl\":\"https:\/\/www.virginmobile.cl\/blog\/wp-content\/uploads\/2021\/01\/vblog_layout.jpg\",\"width\":1200,\"height\":800,\"caption\":\"Muerte al 2020: El falso documental del creador de Black Mirror\"},{\"@type\":\"BreadcrumbList\",\"@id\":\"https:\/\/www.virginmobile.cl\/blog\/noticias\/muerte-al-2020-el-falso-documental-del-creador-de-black-mirror\/#breadcrumb\",\"itemListElement\":[{\"@type\":\"ListItem\",\"position\":1,\"name\":\"Portada\",\"item\":\"https:\/\/vmcl.space\/blog\/\"},{\"@type\":\"ListItem\",\"position\":2,\"name\":\"Muerte al 2020: El falso documental del creador de Black Mirror\"}]},{\"@type\":\"WebSite\",\"@id\":\"https:\/\/vmcl.space\/blog\/#website\",\"url\":\"https:\/\/vmcl.space\/blog\/\",\"name\":\"Naci\u00f3n Virgin - Virgin Mobile Chile\",\"description\":\"Lo que pasa ah\u00ed lo sabes aqu\u00ed\",\"publisher\":{\"@id\":\"https:\/\/vmcl.space\/blog\/#organization\"},\"potentialAction\":[{\"@type\":\"SearchAction\",\"target\":{\"@type\":\"EntryPoint\",\"urlTemplate\":\"https:\/\/vmcl.space\/blog\/?s={search_term_string}\"},\"query-input\":{\"@type\":\"PropertyValueSpecification\",\"valueRequired\":true,\"valueName\":\"search_term_string\"}}],\"inLanguage\":\"es-CL\"},{\"@type\":\"Organization\",\"@id\":\"https:\/\/vmcl.space\/blog\/#organization\",\"name\":\"Virgin Mobile\",\"url\":\"https:\/\/vmcl.space\/blog\/\",\"logo\":{\"@type\":\"ImageObject\",\"inLanguage\":\"es-CL\",\"@id\":\"https:\/\/vmcl.space\/blog\/#\/schema\/logo\/image\/\",\"url\":\"https:\/\/blog.virginmobile.cl\/wp-content\/uploads\/2018\/06\/logo_blog_v4.png\",\"contentUrl\":\"https:\/\/blog.virginmobile.cl\/wp-content\/uploads\/2018\/06\/logo_blog_v4.png\",\"width\":400,\"height\":400,\"caption\":\"Virgin Mobile\"},\"image\":{\"@id\":\"https:\/\/vmcl.space\/blog\/#\/schema\/logo\/image\/\"},\"sameAs\":[\"https:\/\/www.facebook.com\/VirginMobileChile\/\",\"https:\/\/x.com\/virginmobile_cl\",\"https:\/\/www.instagram.com\/virginmobile_cl\/\",\"https:\/\/www.linkedin.com\/company\/10255048\/admin\/\",\"https:\/\/www.youtube.com\/user\/VirginMobileChile\"]},{\"@type\":\"Person\",\"@id\":\"https:\/\/vmcl.space\/blog\/#\/schema\/person\/7dd3fe8aa95409efbc0c2651edad922c\",\"name\":\"Jorge Herrera\",\"image\":{\"@type\":\"ImageObject\",\"inLanguage\":\"es-CL\",\"@id\":\"https:\/\/secure.gravatar.com\/avatar\/08a675eb2009d32bc8481153d36d8296c68fcc62939ab075bfa2d959ff9025c2?s=96&d=mm&r=g\",\"url\":\"https:\/\/secure.gravatar.com\/avatar\/08a675eb2009d32bc8481153d36d8296c68fcc62939ab075bfa2d959ff9025c2?s=96&d=mm&r=g\",\"contentUrl\":\"https:\/\/secure.gravatar.com\/avatar\/08a675eb2009d32bc8481153d36d8296c68fcc62939ab075bfa2d959ff9025c2?s=96&d=mm&r=g\",\"caption\":\"Jorge Herrera\"},\"url\":\"https:\/\/www.virginmobile.cl\/blog\/author\/jorge-herrera\/\"}]}<\/script>\n<!-- \/ Yoast SEO plugin. -->","yoast_head_json":{"title":"Muerte al 2020: El falso documental del creador de Black Mirror","description":"\u00bfYa viste el falso documental de Muerte al 2020? Todo de la mano del mismo creador de Black Mirror. \u00a1Ent\u00e9rate de todo aqu\u00ed en Naci\u00f3n Virgin!","robots":{"index":"index","follow":"follow","max-snippet":"max-snippet:-1","max-image-preview":"max-image-preview:large","max-video-preview":"max-video-preview:-1"},"canonical":"https:\/\/www.virginmobile.cl\/blog\/noticias\/muerte-al-2020-el-falso-documental-del-creador-de-black-mirror\/","og_locale":"es_ES","og_type":"article","og_title":"Muerte al 2020: El falso documental del creador de Black Mirror","og_description":"\u00bfYa viste el falso documental de Muerte al 2020? Todo de la mano del mismo creador de Black Mirror. \u00a1Ent\u00e9rate de todo aqu\u00ed en Naci\u00f3n Virgin!","og_url":"https:\/\/www.virginmobile.cl\/blog\/noticias\/muerte-al-2020-el-falso-documental-del-creador-de-black-mirror\/","og_site_name":"Naci\u00f3n Virgin - Virgin Mobile Chile","article_publisher":"https:\/\/www.facebook.com\/VirginMobileChile\/","article_published_time":"2021-01-05T15:01:43+00:00","article_modified_time":"2022-02-24T18:24:04+00:00","og_image":[{"width":1200,"height":800,"url":"https:\/\/www.virginmobile.cl\/blog\/wp-content\/uploads\/2021\/01\/vblog_layout.jpg","type":"image\/jpeg"}],"author":"Jorge Herrera","twitter_card":"summary_large_image","twitter_creator":"@virginmobile_cl","twitter_site":"@virginmobile_cl","twitter_misc":{"Escrito por":"Jorge Herrera","Tiempo estimado de lectura":"3 minutos"},"schema":{"@context":"https:\/\/schema.org","@graph":[{"@type":"Article","@id":"https:\/\/www.virginmobile.cl\/blog\/noticias\/muerte-al-2020-el-falso-documental-del-creador-de-black-mirror\/#article","isPartOf":{"@id":"https:\/\/www.virginmobile.cl\/blog\/noticias\/muerte-al-2020-el-falso-documental-del-creador-de-black-mirror\/"},"author":{"name":"Jorge Herrera","@id":"https:\/\/vmcl.space\/blog\/#\/schema\/person\/7dd3fe8aa95409efbc0c2651edad922c"},"headline":"Muerte al 2020: El falso documental del creador de Black Mirror","datePublished":"2021-01-05T15:01:43+00:00","dateModified":"2022-02-24T18:24:04+00:00","mainEntityOfPage":{"@id":"https:\/\/www.virginmobile.cl\/blog\/noticias\/muerte-al-2020-el-falso-documental-del-creador-de-black-mirror\/"},"wordCount":538,"publisher":{"@id":"https:\/\/vmcl.space\/blog\/#organization"},"image":{"@id":"https:\/\/www.virginmobile.cl\/blog\/noticias\/muerte-al-2020-el-falso-documental-del-creador-de-black-mirror\/#primaryimage"},"thumbnailUrl":"https:\/\/www.virginmobile.cl\/blog\/wp-content\/uploads\/2021\/01\/vblog_layout.jpg","keywords":["Black Mirror","documental","Muerte al 2020"],"articleSection":["Noticias","Series"],"inLanguage":"es-CL"},{"@type":"WebPage","@id":"https:\/\/www.virginmobile.cl\/blog\/noticias\/muerte-al-2020-el-falso-documental-del-creador-de-black-mirror\/","url":"https:\/\/www.virginmobile.cl\/blog\/noticias\/muerte-al-2020-el-falso-documental-del-creador-de-black-mirror\/","name":"Muerte al 2020: El falso documental del creador de Black Mirror","isPartOf":{"@id":"https:\/\/vmcl.space\/blog\/#website"},"primaryImageOfPage":{"@id":"https:\/\/www.virginmobile.cl\/blog\/noticias\/muerte-al-2020-el-falso-documental-del-creador-de-black-mirror\/#primaryimage"},"image":{"@id":"https:\/\/www.virginmobile.cl\/blog\/noticias\/muerte-al-2020-el-falso-documental-del-creador-de-black-mirror\/#primaryimage"},"thumbnailUrl":"https:\/\/www.virginmobile.cl\/blog\/wp-content\/uploads\/2021\/01\/vblog_layout.jpg","datePublished":"2021-01-05T15:01:43+00:00","dateModified":"2022-02-24T18:24:04+00:00","description":"\u00bfYa viste el falso documental de Muerte al 2020? Todo de la mano del mismo creador de Black Mirror. \u00a1Ent\u00e9rate de todo aqu\u00ed en Naci\u00f3n Virgin!","breadcrumb":{"@id":"https:\/\/www.virginmobile.cl\/blog\/noticias\/muerte-al-2020-el-falso-documental-del-creador-de-black-mirror\/#breadcrumb"},"inLanguage":"es-CL","potentialAction":[{"@type":"ReadAction","target":["https:\/\/www.virginmobile.cl\/blog\/noticias\/muerte-al-2020-el-falso-documental-del-creador-de-black-mirror\/"]}]},{"@type":"ImageObject","inLanguage":"es-CL","@id":"https:\/\/www.virginmobile.cl\/blog\/noticias\/muerte-al-2020-el-falso-documental-del-creador-de-black-mirror\/#primaryimage","url":"https:\/\/www.virginmobile.cl\/blog\/wp-content\/uploads\/2021\/01\/vblog_layout.jpg","contentUrl":"https:\/\/www.virginmobile.cl\/blog\/wp-content\/uploads\/2021\/01\/vblog_layout.jpg","width":1200,"height":800,"caption":"Muerte al 2020: El falso documental del creador de Black Mirror"},{"@type":"BreadcrumbList","@id":"https:\/\/www.virginmobile.cl\/blog\/noticias\/muerte-al-2020-el-falso-documental-del-creador-de-black-mirror\/#breadcrumb","itemListElement":[{"@type":"ListItem","position":1,"name":"Portada","item":"https:\/\/vmcl.space\/blog\/"},{"@type":"ListItem","position":2,"name":"Muerte al 2020: El falso documental del creador de Black Mirror"}]},{"@type":"WebSite","@id":"https:\/\/vmcl.space\/blog\/#website","url":"https:\/\/vmcl.space\/blog\/","name":"Naci\u00f3n Virgin - Virgin Mobile Chile","description":"Lo que pasa ah\u00ed lo sabes aqu\u00ed","publisher":{"@id":"https:\/\/vmcl.space\/blog\/#organization"},"potentialAction":[{"@type":"SearchAction","target":{"@type":"EntryPoint","urlTemplate":"https:\/\/vmcl.space\/blog\/?s={search_term_string}"},"query-input":{"@type":"PropertyValueSpecification","valueRequired":true,"valueName":"search_term_string"}}],"inLanguage":"es-CL"},{"@type":"Organization","@id":"https:\/\/vmcl.space\/blog\/#organization","name":"Virgin Mobile","url":"https:\/\/vmcl.space\/blog\/","logo":{"@type":"ImageObject","inLanguage":"es-CL","@id":"https:\/\/vmcl.space\/blog\/#\/schema\/logo\/image\/","url":"https:\/\/blog.virginmobile.cl\/wp-content\/uploads\/2018\/06\/logo_blog_v4.png","contentUrl":"https:\/\/blog.virginmobile.cl\/wp-content\/uploads\/2018\/06\/logo_blog_v4.png","width":400,"height":400,"caption":"Virgin Mobile"},"image":{"@id":"https:\/\/vmcl.space\/blog\/#\/schema\/logo\/image\/"},"sameAs":["https:\/\/www.facebook.com\/VirginMobileChile\/","https:\/\/x.com\/virginmobile_cl","https:\/\/www.instagram.com\/virginmobile_cl\/","https:\/\/www.linkedin.com\/company\/10255048\/admin\/","https:\/\/www.youtube.com\/user\/VirginMobileChile"]},{"@type":"Person","@id":"https:\/\/vmcl.space\/blog\/#\/schema\/person\/7dd3fe8aa95409efbc0c2651edad922c","name":"Jorge Herrera","image":{"@type":"ImageObject","inLanguage":"es-CL","@id":"https:\/\/secure.gravatar.com\/avatar\/08a675eb2009d32bc8481153d36d8296c68fcc62939ab075bfa2d959ff9025c2?s=96&d=mm&r=g","url":"https:\/\/secure.gravatar.com\/avatar\/08a675eb2009d32bc8481153d36d8296c68fcc62939ab075bfa2d959ff9025c2?s=96&d=mm&r=g","contentUrl":"https:\/\/secure.gravatar.com\/avatar\/08a675eb2009d32bc8481153d36d8296c68fcc62939ab075bfa2d959ff9025c2?s=96&d=mm&r=g","caption":"Jorge Herrera"},"url":"https:\/\/www.virginmobile.cl\/blog\/author\/jorge-herrera\/"}]}},"_links":{"self":[{"href":"https:\/\/www.virginmobile.cl\/blog\/wp-json\/wp\/v2\/posts\/4448","targetHints":{"allow":["GET"]}}],"collection":[{"href":"https:\/\/www.virginmobile.cl\/blog\/wp-json\/wp\/v2\/posts"}],"about":[{"href":"https:\/\/www.virginmobile.cl\/blog\/wp-json\/wp\/v2\/types\/post"}],"author":[{"embeddable":true,"href":"https:\/\/www.virginmobile.cl\/blog\/wp-json\/wp\/v2\/users\/2"}],"replies":[{"embeddable":true,"href":"https:\/\/www.virginmobile.cl\/blog\/wp-json\/wp\/v2\/comments?post=4448"}],"version-history":[{"count":4,"href":"https:\/\/www.virginmobile.cl\/blog\/wp-json\/wp\/v2\/posts\/4448\/revisions"}],"predecessor-version":[{"id":4454,"href":"https:\/\/www.virginmobile.cl\/blog\/wp-json\/wp\/v2\/posts\/4448\/revisions\/4454"}],"wp:featuredmedia":[{"embeddable":true,"href":"https:\/\/www.virginmobile.cl\/blog\/wp-json\/wp\/v2\/media\/4452"}],"wp:attachment":[{"href":"https:\/\/www.virginmobile.cl\/blog\/wp-json\/wp\/v2\/media?parent=4448"}],"wp:term":[{"taxonomy":"category","embeddable":true,"href":"https:\/\/www.virginmobile.cl\/blog\/wp-json\/wp\/v2\/categories?post=4448"},{"taxonomy":"post_tag","embeddable":true,"href":"https:\/\/www.virginmobile.cl\/blog\/wp-json\/wp\/v2\/tags?post=4448"}],"curies":[{"name":"wp","href":"https:\/\/api.w.org\/{rel}","templated":true}]}}