{"id":4269,"date":"2020-12-03T10:55:07","date_gmt":"2020-12-03T14:55:07","guid":{"rendered":"https:\/\/blog.virginmobile.cl\/?p=4269"},"modified":"2022-02-24T14:23:27","modified_gmt":"2022-02-24T18:23:27","slug":"naturaleza-el-ultimo-sencillo-de-maria-jimena-pereyra","status":"publish","type":"post","link":"https:\/\/www.virginmobile.cl\/blog\/musica\/naturaleza-el-ultimo-sencillo-de-maria-jimena-pereyra\/","title":{"rendered":"Naturaleza: el \u00faltimo sencillo de Mar\u00eda Jimena Pereyra"},"content":{"rendered":"\n<p>Mar\u00eda Jimena Pereyra no es alguien que pase inadvertida en nuestro pa\u00eds. Su nombre nos hace recordar con nostalgia las tardes en que ve\u00edamos a Rafa Araneda<em> (gritando) <\/em>en el primer<strong> \u201cRojo Fama Contra Fama\u201d<\/strong> por all\u00e1 en el 2003, programa que tambi\u00e9n trajo a nuestros o\u00eddos a \u201cMon Laferte\u201d. Ahora, la cantante argentina-chilena nos sorprende con su \u00faltimo sencillo que marca un nuevo paso en su camino musical.\u00a0<\/p>\n\n\n\n<p>Mar\u00eda Jimena Pereyra, la <strong>\u201cJime\u201d <\/strong>para los amigos, ha ido reinventando su estilo con el paso del tiempo en b\u00fasqueda de su propia voz y sonidos que la identifiquen. El resultado fue maravilloso y nos entreg\u00f3 hace no mucho su \u00faltimo sencillo titulado <strong>\u201cNaturaleza\u201d<\/strong>. Esta canci\u00f3n forma parte de su nueva producci\u00f3n que pasar\u00e1 desde las <strong>baladas hasta ritmos electr\u00f3nicos europeos <\/strong>que nos har\u00e1n soltar el cuerpo.<\/p>\n\n\n\n<blockquote class=\"wp-block-quote is-layout-flow wp-block-quote-is-layout-flow\"><p>&#8220;<em>Naturaleza para mi es todo, es lo que soy. Siempre he sido muy sincera conmigo y con el resto y justamente de eso trata la canci\u00f3n, de ser sinceros con nosotros mismos en cuanto a sentir, a la piel, a c\u00f3mo nos mostramos frente a los dem\u00e1s<\/em>.&#8221;<\/p><cite>Comenta Mar\u00eda Jimena Pereyra.<\/cite><\/blockquote>\n\n\n\n<figure class=\"wp-block-embed-youtube wp-block-embed is-type-video is-provider-youtube wp-embed-aspect-16-9 wp-has-aspect-ratio\"><div class=\"wp-block-embed__wrapper\">\n<div class=\"embed-vimeo\"><iframe loading=\"lazy\" title=\"Jime Pereyra - Naturaleza (Video lyrics)\" width=\"1140\" height=\"641\" src=\"https:\/\/www.youtube.com\/embed\/ikX4pmZG2C0?feature=oembed\" frameborder=\"0\" allow=\"accelerometer; autoplay; clipboard-write; encrypted-media; gyroscope; picture-in-picture\" allowfullscreen><\/iframe><\/div>\n<\/div><\/figure>\n\n\n\n<p>El talento sonoro de esta \u00faltima producci\u00f3n nos mostrar\u00e1 el gran crecimiento musical que ha tenido la cantante, quien alguna vez nos tuvo cantando a todo pulm\u00f3n <strong>\u201cSi me vas a abandonar\u201d. <\/strong>No, no lo niegues. Nosotros tambi\u00e9n la tuvimos muy pegada. Si a\u00fan no escuchas el \u00faltimo sencillo de Mar\u00eda Jimena Pereyra, anda ahora mismo a darle <a href=\"https:\/\/open.spotify.com\/track\/0LQEOS2wBZxF4MX3C6um0X?si=LazaS7ujQ4unoAR_qYwo9g\">play a Spotify <\/a>y agregarla a tu playlist favorita.\u00a0<\/p>\n\n\n\n<h2 class=\"wp-block-heading\"><strong>Mar\u00eda Jimena Pereyra y los nuevos espacios para la m\u00fasica emergente<\/strong><\/h2>\n\n\n\n<p>Como amante apasionada de la m\u00fasica, la Jime conduce<strong> \u201c<a href=\"http:\/\/sonando.cl\/nacion-virgin-unplugged-un-espacio-musical-necesario-conducido-por-maria-jimena-pereyra\/\">Naci\u00f3n Virgin Unplugged<\/a>\u201d<\/strong>, un espacio para bandas emergentes que se transmite aqu\u00ed mismo, en el Rockcenter.\u00a0<\/p>\n\n\n\n<p>Por el escenario han pasado bandas de distintos estilos, donde destacamos a algunas como <em>\u201cFrank\u2019s White Canvas\u201d, \u201cAsteroides\u201d, \u201cOctophant\u201d, \u201cResilience\u201d y \u201cCasandra Paz\u201d. <\/em>A trav\u00e9s de nuestras redes sociales ya puedes revisar la <a href=\"https:\/\/blog.virginmobile.cl\/nacion-virgin-unplugged\/segunda-temporada-vuelve-nacion-virgin-unplugged-junto-a-maria-jimena-pareyra\">segunda temporada de Naci\u00f3n Virgin Unplugged<\/a>, donde <strong>Mar\u00eda Jimena Pereyra<\/strong> comparte v\u00eda streaming con los artistas y nos hace pasar un buen rato descubriendo nuevos sonidos de la m\u00fasica chilena.\u00a0<\/p>\n","protected":false},"excerpt":{"rendered":"<p>Mar\u00eda Jimena Pereyra no es alguien que pase inadvertida en nuestro pa\u00eds. Su nombre nos hace recordar con nostalgia las tardes en que ve\u00edamos a Rafa Araneda (gritando) en el primer \u201cRojo Fama Contra Fama\u201d por all\u00e1 en el 2003, programa que tambi\u00e9n trajo a nuestros o\u00eddos a \u201cMon Laferte\u201d. Ahora, la cantante argentina-chilena nos [&hellip;]<\/p>\n","protected":false},"author":2,"featured_media":4270,"comment_status":"closed","ping_status":"closed","sticky":false,"template":"","format":"standard","meta":{"footnotes":""},"categories":[12],"tags":[314,371,941],"class_list":["post-4269","post","type-post","status-publish","format-standard","has-post-thumbnail","hentry","category-musica","tag-lanzamiento","tag-maria-jimena-pereyra","tag-naturaleza"],"yoast_head":"<!-- This site is optimized with the Yoast SEO plugin v27.2 - https:\/\/yoast.com\/product\/yoast-seo-wordpress\/ -->\n<title>Naturaleza: el \u00faltimo sencillo de Mar\u00eda Jimena Pereyra<\/title>\n<meta name=\"description\" content=\"Mar\u00eda Jimena Pereyra nos sorprende con su \u00faltimo sencillo que marca un nuevo paso en su camino musical. \u00a1Ent\u00e9rate de todo en Naci\u00f3n Virgin!\" \/>\n<meta name=\"robots\" content=\"index, follow, max-snippet:-1, max-image-preview:large, max-video-preview:-1\" \/>\n<link rel=\"canonical\" href=\"https:\/\/www.virginmobile.cl\/blog\/musica\/naturaleza-el-ultimo-sencillo-de-maria-jimena-pereyra\/\" \/>\n<meta property=\"og:locale\" content=\"es_ES\" \/>\n<meta property=\"og:type\" content=\"article\" \/>\n<meta property=\"og:title\" content=\"Naturaleza: el \u00faltimo sencillo de Mar\u00eda Jimena Pereyra\" \/>\n<meta property=\"og:description\" content=\"Mar\u00eda Jimena Pereyra nos sorprende con su \u00faltimo sencillo que marca un nuevo paso en su camino musical. \u00a1Ent\u00e9rate de todo en Naci\u00f3n Virgin!\" \/>\n<meta property=\"og:url\" content=\"https:\/\/www.virginmobile.cl\/blog\/musica\/naturaleza-el-ultimo-sencillo-de-maria-jimena-pereyra\/\" \/>\n<meta property=\"og:site_name\" content=\"Naci\u00f3n Virgin - Virgin Mobile Chile\" \/>\n<meta property=\"article:publisher\" content=\"https:\/\/www.facebook.com\/VirginMobileChile\/\" \/>\n<meta property=\"article:published_time\" content=\"2020-12-03T14:55:07+00:00\" \/>\n<meta property=\"article:modified_time\" content=\"2022-02-24T18:23:27+00:00\" \/>\n<meta property=\"og:image\" content=\"https:\/\/www.virginmobile.cl\/blog\/wp-content\/uploads\/2020\/12\/vblog_layout-2.jpg\" \/>\n\t<meta property=\"og:image:width\" content=\"1200\" \/>\n\t<meta property=\"og:image:height\" content=\"800\" \/>\n\t<meta property=\"og:image:type\" content=\"image\/jpeg\" \/>\n<meta name=\"author\" content=\"Jorge Herrera\" \/>\n<meta name=\"twitter:card\" content=\"summary_large_image\" \/>\n<meta name=\"twitter:creator\" content=\"@virginmobile_cl\" \/>\n<meta name=\"twitter:site\" content=\"@virginmobile_cl\" \/>\n<meta name=\"twitter:label1\" content=\"Escrito por\" \/>\n\t<meta name=\"twitter:data1\" content=\"Jorge Herrera\" \/>\n\t<meta name=\"twitter:label2\" content=\"Tiempo estimado de lectura\" \/>\n\t<meta name=\"twitter:data2\" content=\"2 minutos\" \/>\n<script type=\"application\/ld+json\" class=\"yoast-schema-graph\">{\"@context\":\"https:\/\/schema.org\",\"@graph\":[{\"@type\":\"Article\",\"@id\":\"https:\/\/www.virginmobile.cl\/blog\/musica\/naturaleza-el-ultimo-sencillo-de-maria-jimena-pereyra\/#article\",\"isPartOf\":{\"@id\":\"https:\/\/www.virginmobile.cl\/blog\/musica\/naturaleza-el-ultimo-sencillo-de-maria-jimena-pereyra\/\"},\"author\":{\"name\":\"Jorge Herrera\",\"@id\":\"https:\/\/vmcl.space\/blog\/#\/schema\/person\/7dd3fe8aa95409efbc0c2651edad922c\"},\"headline\":\"Naturaleza: el \u00faltimo sencillo de Mar\u00eda Jimena Pereyra\",\"datePublished\":\"2020-12-03T14:55:07+00:00\",\"dateModified\":\"2022-02-24T18:23:27+00:00\",\"mainEntityOfPage\":{\"@id\":\"https:\/\/www.virginmobile.cl\/blog\/musica\/naturaleza-el-ultimo-sencillo-de-maria-jimena-pereyra\/\"},\"wordCount\":400,\"publisher\":{\"@id\":\"https:\/\/vmcl.space\/blog\/#organization\"},\"image\":{\"@id\":\"https:\/\/www.virginmobile.cl\/blog\/musica\/naturaleza-el-ultimo-sencillo-de-maria-jimena-pereyra\/#primaryimage\"},\"thumbnailUrl\":\"https:\/\/www.virginmobile.cl\/blog\/wp-content\/uploads\/2020\/12\/vblog_layout-2.jpg\",\"keywords\":[\"lanzamiento\",\"mar\u00eda jimena pereyra\",\"Naturaleza\"],\"articleSection\":[\"M\u00fasica\"],\"inLanguage\":\"es-CL\"},{\"@type\":\"WebPage\",\"@id\":\"https:\/\/www.virginmobile.cl\/blog\/musica\/naturaleza-el-ultimo-sencillo-de-maria-jimena-pereyra\/\",\"url\":\"https:\/\/www.virginmobile.cl\/blog\/musica\/naturaleza-el-ultimo-sencillo-de-maria-jimena-pereyra\/\",\"name\":\"Naturaleza: el \u00faltimo sencillo de Mar\u00eda Jimena Pereyra\",\"isPartOf\":{\"@id\":\"https:\/\/vmcl.space\/blog\/#website\"},\"primaryImageOfPage\":{\"@id\":\"https:\/\/www.virginmobile.cl\/blog\/musica\/naturaleza-el-ultimo-sencillo-de-maria-jimena-pereyra\/#primaryimage\"},\"image\":{\"@id\":\"https:\/\/www.virginmobile.cl\/blog\/musica\/naturaleza-el-ultimo-sencillo-de-maria-jimena-pereyra\/#primaryimage\"},\"thumbnailUrl\":\"https:\/\/www.virginmobile.cl\/blog\/wp-content\/uploads\/2020\/12\/vblog_layout-2.jpg\",\"datePublished\":\"2020-12-03T14:55:07+00:00\",\"dateModified\":\"2022-02-24T18:23:27+00:00\",\"description\":\"Mar\u00eda Jimena Pereyra nos sorprende con su \u00faltimo sencillo que marca un nuevo paso en su camino musical. \u00a1Ent\u00e9rate de todo en Naci\u00f3n Virgin!\",\"breadcrumb\":{\"@id\":\"https:\/\/www.virginmobile.cl\/blog\/musica\/naturaleza-el-ultimo-sencillo-de-maria-jimena-pereyra\/#breadcrumb\"},\"inLanguage\":\"es-CL\",\"potentialAction\":[{\"@type\":\"ReadAction\",\"target\":[\"https:\/\/www.virginmobile.cl\/blog\/musica\/naturaleza-el-ultimo-sencillo-de-maria-jimena-pereyra\/\"]}]},{\"@type\":\"ImageObject\",\"inLanguage\":\"es-CL\",\"@id\":\"https:\/\/www.virginmobile.cl\/blog\/musica\/naturaleza-el-ultimo-sencillo-de-maria-jimena-pereyra\/#primaryimage\",\"url\":\"https:\/\/www.virginmobile.cl\/blog\/wp-content\/uploads\/2020\/12\/vblog_layout-2.jpg\",\"contentUrl\":\"https:\/\/www.virginmobile.cl\/blog\/wp-content\/uploads\/2020\/12\/vblog_layout-2.jpg\",\"width\":1200,\"height\":800,\"caption\":\"Naturaleza: el \u00faltimo sencillo de Mar\u00eda Jimena Pereyra\"},{\"@type\":\"BreadcrumbList\",\"@id\":\"https:\/\/www.virginmobile.cl\/blog\/musica\/naturaleza-el-ultimo-sencillo-de-maria-jimena-pereyra\/#breadcrumb\",\"itemListElement\":[{\"@type\":\"ListItem\",\"position\":1,\"name\":\"Portada\",\"item\":\"https:\/\/vmcl.space\/blog\/\"},{\"@type\":\"ListItem\",\"position\":2,\"name\":\"Naturaleza: el \u00faltimo sencillo de Mar\u00eda Jimena Pereyra\"}]},{\"@type\":\"WebSite\",\"@id\":\"https:\/\/vmcl.space\/blog\/#website\",\"url\":\"https:\/\/vmcl.space\/blog\/\",\"name\":\"Naci\u00f3n Virgin - Virgin Mobile Chile\",\"description\":\"Lo que pasa ah\u00ed lo sabes aqu\u00ed\",\"publisher\":{\"@id\":\"https:\/\/vmcl.space\/blog\/#organization\"},\"potentialAction\":[{\"@type\":\"SearchAction\",\"target\":{\"@type\":\"EntryPoint\",\"urlTemplate\":\"https:\/\/vmcl.space\/blog\/?s={search_term_string}\"},\"query-input\":{\"@type\":\"PropertyValueSpecification\",\"valueRequired\":true,\"valueName\":\"search_term_string\"}}],\"inLanguage\":\"es-CL\"},{\"@type\":\"Organization\",\"@id\":\"https:\/\/vmcl.space\/blog\/#organization\",\"name\":\"Virgin Mobile\",\"url\":\"https:\/\/vmcl.space\/blog\/\",\"logo\":{\"@type\":\"ImageObject\",\"inLanguage\":\"es-CL\",\"@id\":\"https:\/\/vmcl.space\/blog\/#\/schema\/logo\/image\/\",\"url\":\"https:\/\/blog.virginmobile.cl\/wp-content\/uploads\/2018\/06\/logo_blog_v4.png\",\"contentUrl\":\"https:\/\/blog.virginmobile.cl\/wp-content\/uploads\/2018\/06\/logo_blog_v4.png\",\"width\":400,\"height\":400,\"caption\":\"Virgin Mobile\"},\"image\":{\"@id\":\"https:\/\/vmcl.space\/blog\/#\/schema\/logo\/image\/\"},\"sameAs\":[\"https:\/\/www.facebook.com\/VirginMobileChile\/\",\"https:\/\/x.com\/virginmobile_cl\",\"https:\/\/www.instagram.com\/virginmobile_cl\/\",\"https:\/\/www.linkedin.com\/company\/10255048\/admin\/\",\"https:\/\/www.youtube.com\/user\/VirginMobileChile\"]},{\"@type\":\"Person\",\"@id\":\"https:\/\/vmcl.space\/blog\/#\/schema\/person\/7dd3fe8aa95409efbc0c2651edad922c\",\"name\":\"Jorge Herrera\",\"image\":{\"@type\":\"ImageObject\",\"inLanguage\":\"es-CL\",\"@id\":\"https:\/\/secure.gravatar.com\/avatar\/08a675eb2009d32bc8481153d36d8296c68fcc62939ab075bfa2d959ff9025c2?s=96&d=mm&r=g\",\"url\":\"https:\/\/secure.gravatar.com\/avatar\/08a675eb2009d32bc8481153d36d8296c68fcc62939ab075bfa2d959ff9025c2?s=96&d=mm&r=g\",\"contentUrl\":\"https:\/\/secure.gravatar.com\/avatar\/08a675eb2009d32bc8481153d36d8296c68fcc62939ab075bfa2d959ff9025c2?s=96&d=mm&r=g\",\"caption\":\"Jorge Herrera\"},\"url\":\"https:\/\/www.virginmobile.cl\/blog\/author\/jorge-herrera\/\"}]}<\/script>\n<!-- \/ Yoast SEO plugin. -->","yoast_head_json":{"title":"Naturaleza: el \u00faltimo sencillo de Mar\u00eda Jimena Pereyra","description":"Mar\u00eda Jimena Pereyra nos sorprende con su \u00faltimo sencillo que marca un nuevo paso en su camino musical. \u00a1Ent\u00e9rate de todo en Naci\u00f3n Virgin!","robots":{"index":"index","follow":"follow","max-snippet":"max-snippet:-1","max-image-preview":"max-image-preview:large","max-video-preview":"max-video-preview:-1"},"canonical":"https:\/\/www.virginmobile.cl\/blog\/musica\/naturaleza-el-ultimo-sencillo-de-maria-jimena-pereyra\/","og_locale":"es_ES","og_type":"article","og_title":"Naturaleza: el \u00faltimo sencillo de Mar\u00eda Jimena Pereyra","og_description":"Mar\u00eda Jimena Pereyra nos sorprende con su \u00faltimo sencillo que marca un nuevo paso en su camino musical. \u00a1Ent\u00e9rate de todo en Naci\u00f3n Virgin!","og_url":"https:\/\/www.virginmobile.cl\/blog\/musica\/naturaleza-el-ultimo-sencillo-de-maria-jimena-pereyra\/","og_site_name":"Naci\u00f3n Virgin - Virgin Mobile Chile","article_publisher":"https:\/\/www.facebook.com\/VirginMobileChile\/","article_published_time":"2020-12-03T14:55:07+00:00","article_modified_time":"2022-02-24T18:23:27+00:00","og_image":[{"width":1200,"height":800,"url":"https:\/\/www.virginmobile.cl\/blog\/wp-content\/uploads\/2020\/12\/vblog_layout-2.jpg","type":"image\/jpeg"}],"author":"Jorge Herrera","twitter_card":"summary_large_image","twitter_creator":"@virginmobile_cl","twitter_site":"@virginmobile_cl","twitter_misc":{"Escrito por":"Jorge Herrera","Tiempo estimado de lectura":"2 minutos"},"schema":{"@context":"https:\/\/schema.org","@graph":[{"@type":"Article","@id":"https:\/\/www.virginmobile.cl\/blog\/musica\/naturaleza-el-ultimo-sencillo-de-maria-jimena-pereyra\/#article","isPartOf":{"@id":"https:\/\/www.virginmobile.cl\/blog\/musica\/naturaleza-el-ultimo-sencillo-de-maria-jimena-pereyra\/"},"author":{"name":"Jorge Herrera","@id":"https:\/\/vmcl.space\/blog\/#\/schema\/person\/7dd3fe8aa95409efbc0c2651edad922c"},"headline":"Naturaleza: el \u00faltimo sencillo de Mar\u00eda Jimena Pereyra","datePublished":"2020-12-03T14:55:07+00:00","dateModified":"2022-02-24T18:23:27+00:00","mainEntityOfPage":{"@id":"https:\/\/www.virginmobile.cl\/blog\/musica\/naturaleza-el-ultimo-sencillo-de-maria-jimena-pereyra\/"},"wordCount":400,"publisher":{"@id":"https:\/\/vmcl.space\/blog\/#organization"},"image":{"@id":"https:\/\/www.virginmobile.cl\/blog\/musica\/naturaleza-el-ultimo-sencillo-de-maria-jimena-pereyra\/#primaryimage"},"thumbnailUrl":"https:\/\/www.virginmobile.cl\/blog\/wp-content\/uploads\/2020\/12\/vblog_layout-2.jpg","keywords":["lanzamiento","mar\u00eda jimena pereyra","Naturaleza"],"articleSection":["M\u00fasica"],"inLanguage":"es-CL"},{"@type":"WebPage","@id":"https:\/\/www.virginmobile.cl\/blog\/musica\/naturaleza-el-ultimo-sencillo-de-maria-jimena-pereyra\/","url":"https:\/\/www.virginmobile.cl\/blog\/musica\/naturaleza-el-ultimo-sencillo-de-maria-jimena-pereyra\/","name":"Naturaleza: el \u00faltimo sencillo de Mar\u00eda Jimena Pereyra","isPartOf":{"@id":"https:\/\/vmcl.space\/blog\/#website"},"primaryImageOfPage":{"@id":"https:\/\/www.virginmobile.cl\/blog\/musica\/naturaleza-el-ultimo-sencillo-de-maria-jimena-pereyra\/#primaryimage"},"image":{"@id":"https:\/\/www.virginmobile.cl\/blog\/musica\/naturaleza-el-ultimo-sencillo-de-maria-jimena-pereyra\/#primaryimage"},"thumbnailUrl":"https:\/\/www.virginmobile.cl\/blog\/wp-content\/uploads\/2020\/12\/vblog_layout-2.jpg","datePublished":"2020-12-03T14:55:07+00:00","dateModified":"2022-02-24T18:23:27+00:00","description":"Mar\u00eda Jimena Pereyra nos sorprende con su \u00faltimo sencillo que marca un nuevo paso en su camino musical. \u00a1Ent\u00e9rate de todo en Naci\u00f3n Virgin!","breadcrumb":{"@id":"https:\/\/www.virginmobile.cl\/blog\/musica\/naturaleza-el-ultimo-sencillo-de-maria-jimena-pereyra\/#breadcrumb"},"inLanguage":"es-CL","potentialAction":[{"@type":"ReadAction","target":["https:\/\/www.virginmobile.cl\/blog\/musica\/naturaleza-el-ultimo-sencillo-de-maria-jimena-pereyra\/"]}]},{"@type":"ImageObject","inLanguage":"es-CL","@id":"https:\/\/www.virginmobile.cl\/blog\/musica\/naturaleza-el-ultimo-sencillo-de-maria-jimena-pereyra\/#primaryimage","url":"https:\/\/www.virginmobile.cl\/blog\/wp-content\/uploads\/2020\/12\/vblog_layout-2.jpg","contentUrl":"https:\/\/www.virginmobile.cl\/blog\/wp-content\/uploads\/2020\/12\/vblog_layout-2.jpg","width":1200,"height":800,"caption":"Naturaleza: el \u00faltimo sencillo de Mar\u00eda Jimena Pereyra"},{"@type":"BreadcrumbList","@id":"https:\/\/www.virginmobile.cl\/blog\/musica\/naturaleza-el-ultimo-sencillo-de-maria-jimena-pereyra\/#breadcrumb","itemListElement":[{"@type":"ListItem","position":1,"name":"Portada","item":"https:\/\/vmcl.space\/blog\/"},{"@type":"ListItem","position":2,"name":"Naturaleza: el \u00faltimo sencillo de Mar\u00eda Jimena Pereyra"}]},{"@type":"WebSite","@id":"https:\/\/vmcl.space\/blog\/#website","url":"https:\/\/vmcl.space\/blog\/","name":"Naci\u00f3n Virgin - Virgin Mobile Chile","description":"Lo que pasa ah\u00ed lo sabes aqu\u00ed","publisher":{"@id":"https:\/\/vmcl.space\/blog\/#organization"},"potentialAction":[{"@type":"SearchAction","target":{"@type":"EntryPoint","urlTemplate":"https:\/\/vmcl.space\/blog\/?s={search_term_string}"},"query-input":{"@type":"PropertyValueSpecification","valueRequired":true,"valueName":"search_term_string"}}],"inLanguage":"es-CL"},{"@type":"Organization","@id":"https:\/\/vmcl.space\/blog\/#organization","name":"Virgin Mobile","url":"https:\/\/vmcl.space\/blog\/","logo":{"@type":"ImageObject","inLanguage":"es-CL","@id":"https:\/\/vmcl.space\/blog\/#\/schema\/logo\/image\/","url":"https:\/\/blog.virginmobile.cl\/wp-content\/uploads\/2018\/06\/logo_blog_v4.png","contentUrl":"https:\/\/blog.virginmobile.cl\/wp-content\/uploads\/2018\/06\/logo_blog_v4.png","width":400,"height":400,"caption":"Virgin Mobile"},"image":{"@id":"https:\/\/vmcl.space\/blog\/#\/schema\/logo\/image\/"},"sameAs":["https:\/\/www.facebook.com\/VirginMobileChile\/","https:\/\/x.com\/virginmobile_cl","https:\/\/www.instagram.com\/virginmobile_cl\/","https:\/\/www.linkedin.com\/company\/10255048\/admin\/","https:\/\/www.youtube.com\/user\/VirginMobileChile"]},{"@type":"Person","@id":"https:\/\/vmcl.space\/blog\/#\/schema\/person\/7dd3fe8aa95409efbc0c2651edad922c","name":"Jorge Herrera","image":{"@type":"ImageObject","inLanguage":"es-CL","@id":"https:\/\/secure.gravatar.com\/avatar\/08a675eb2009d32bc8481153d36d8296c68fcc62939ab075bfa2d959ff9025c2?s=96&d=mm&r=g","url":"https:\/\/secure.gravatar.com\/avatar\/08a675eb2009d32bc8481153d36d8296c68fcc62939ab075bfa2d959ff9025c2?s=96&d=mm&r=g","contentUrl":"https:\/\/secure.gravatar.com\/avatar\/08a675eb2009d32bc8481153d36d8296c68fcc62939ab075bfa2d959ff9025c2?s=96&d=mm&r=g","caption":"Jorge Herrera"},"url":"https:\/\/www.virginmobile.cl\/blog\/author\/jorge-herrera\/"}]}},"_links":{"self":[{"href":"https:\/\/www.virginmobile.cl\/blog\/wp-json\/wp\/v2\/posts\/4269","targetHints":{"allow":["GET"]}}],"collection":[{"href":"https:\/\/www.virginmobile.cl\/blog\/wp-json\/wp\/v2\/posts"}],"about":[{"href":"https:\/\/www.virginmobile.cl\/blog\/wp-json\/wp\/v2\/types\/post"}],"author":[{"embeddable":true,"href":"https:\/\/www.virginmobile.cl\/blog\/wp-json\/wp\/v2\/users\/2"}],"replies":[{"embeddable":true,"href":"https:\/\/www.virginmobile.cl\/blog\/wp-json\/wp\/v2\/comments?post=4269"}],"version-history":[{"count":2,"href":"https:\/\/www.virginmobile.cl\/blog\/wp-json\/wp\/v2\/posts\/4269\/revisions"}],"predecessor-version":[{"id":4273,"href":"https:\/\/www.virginmobile.cl\/blog\/wp-json\/wp\/v2\/posts\/4269\/revisions\/4273"}],"wp:featuredmedia":[{"embeddable":true,"href":"https:\/\/www.virginmobile.cl\/blog\/wp-json\/wp\/v2\/media\/4270"}],"wp:attachment":[{"href":"https:\/\/www.virginmobile.cl\/blog\/wp-json\/wp\/v2\/media?parent=4269"}],"wp:term":[{"taxonomy":"category","embeddable":true,"href":"https:\/\/www.virginmobile.cl\/blog\/wp-json\/wp\/v2\/categories?post=4269"},{"taxonomy":"post_tag","embeddable":true,"href":"https:\/\/www.virginmobile.cl\/blog\/wp-json\/wp\/v2\/tags?post=4269"}],"curies":[{"name":"wp","href":"https:\/\/api.w.org\/{rel}","templated":true}]}}