{"id":4134,"date":"2020-11-10T12:08:24","date_gmt":"2020-11-10T16:08:24","guid":{"rendered":"https:\/\/blog.virginmobile.cl\/?p=4134"},"modified":"2022-02-24T14:34:04","modified_gmt":"2022-02-24T18:34:04","slug":"suspenden-las-grabaciones-de-the-witcher-por-casos-de-coronavirus","status":"publish","type":"post","link":"https:\/\/www.virginmobile.cl\/blog\/series\/netflix-chile\/suspenden-las-grabaciones-de-the-witcher-por-casos-de-coronavirus\/","title":{"rendered":"Suspenden las grabaciones de la segunda temporada de The Witcher por casos de coronavirus"},"content":{"rendered":"\n<p>\u00a1No otra vez! <strong>Por segunda vez en el a\u00f1o <\/strong>se detienen las grabaciones de la nueva temporada de \u201cThe Witcher\u201d por casos positivos. Esta es una gran se\u00f1al para que comiencen a tomar en serio las medidas de seguridad y <strong>nunca en la vida olviden su mascarilla y el distanciamiento social<\/strong>, porque el coronavirus sigue entre nosotros y est\u00e1 lejos de ser controlado.&nbsp;<\/p>\n\n\n\n<p>Seg\u00fan el medio <a href=\"https:\/\/deadline.com\/2020\/11\/netflix-witcher-stops-henry-cavill-positive-covid-coronavirus-test-results-1234611019\/\">Deadline<\/a>, fueron <strong>cuatro casos potitivos<\/strong> los que se dieron a conocer desde la producci\u00f3n. Los contagiados son parte del equipo interno de la serie, pero hasta el momento, <strong>no se registran contagios por parte del elenco principal.<\/strong> As\u00ed que tenemos a Henry Cavill en perfecto estado.<\/p>\n\n\n\n<p><a href=\"https:\/\/blog.virginmobile.cl\/series\/netflix\/revisa-la-lista-completa-de-estrenos-de-netflix-para-el-mes-de-noviembre\">Netflix<\/a> tom\u00f3 las riendas del asunto <strong>suspendiendo las grabaciones<\/strong> de la segunda temporada de The Witcher. Un dolor para todos, pero una medida muy necesaria para ellos. Adem\u00e1s,<strong> llevar\u00e1n una ronda adicional de pruebas aisladas<\/strong> para todos y todas quienes trabajen en la serie, con el fin de identificar positivos, hacer cuarentena y mantener el set seguro.<\/p>\n\n\n\n<h2 class=\"wp-block-heading\"><strong>\u00bfCu\u00e1ndo se reanudar\u00e1n las grabaciones de The Witcher?<\/strong><\/h2>\n\n\n\n<p><strong>Geralt <\/strong>est\u00e1 convencido de la muerte de<strong> Yennefer<\/strong> tras la gran batalla de Sodden, por lo que llevar\u00e1 a <strong>Ciri<\/strong> a Kaer Morhen, su hogar de la ni\u00f1ez. \u00bfLlegar\u00e1n o llegaremos a verlo alg\u00fan d\u00eda?<\/p>\n\n\n\n<p>Las fechas para retomar las grabaciones de la serie se ven algo borrosas y difusas. El estudio donde se filma The Witcher, <strong>Arborfield Studios<\/strong>, est\u00e1 ubicado en el Reino Unido y por esos lados del planeta el coronavirus est\u00e1 m\u00e1s fuerte que nunca, con una segunda ola de contagios que ha llegado hasta a los 8000 contagios diarios. Por lo tanto,<strong> las grabaciones volver\u00e1n cuando el equipo est\u00e9 100% convencido de que no hay infectados entre ellos.<\/strong><\/p>\n\n\n\n<p>Ahora solo nos queda revisar los adelantos de la <a href=\"https:\/\/www.vidaextra.com\/series\/serie-the-witcher-dedica-su-nuevo-trailer-a-feroces-bestias-nuevas-criaturas-sus-dos-primeras-temporadas\">nueva temporada<\/a> que han sido publicados en los \u00faltimos meses y que esperan ver la luz en alg\u00fan momento del 2021. \u00a1Tenemos fe en ti, 2021!<\/p>\n\n\n\n<figure class=\"wp-block-embed-youtube wp-block-embed is-type-video is-provider-youtube wp-embed-aspect-16-9 wp-has-aspect-ratio\"><div class=\"wp-block-embed__wrapper\">\n<div class=\"embed-vimeo\"><iframe loading=\"lazy\" title=\"The Witcher | Tr\u00e1iler principal | Netflix\" width=\"1140\" height=\"641\" src=\"https:\/\/www.youtube.com\/embed\/ETY44yszyNc?feature=oembed\" frameborder=\"0\" allow=\"accelerometer; autoplay; clipboard-write; encrypted-media; gyroscope; picture-in-picture\" allowfullscreen><\/iframe><\/div>\n<\/div><\/figure>\n\n\n\n<p><\/p>\n","protected":false},"excerpt":{"rendered":"<p>\u00a1No otra vez! Por segunda vez en el a\u00f1o se detienen las grabaciones de la nueva temporada de \u201cThe Witcher\u201d por casos positivos. Esta es una gran se\u00f1al para que comiencen a tomar en serio las medidas de seguridad y nunca en la vida olviden su mascarilla y el distanciamiento social, porque el coronavirus sigue [&hellip;]<\/p>\n","protected":false},"author":2,"featured_media":4137,"comment_status":"closed","ping_status":"closed","sticky":false,"template":"","format":"standard","meta":{"footnotes":""},"categories":[718],"tags":[255,890,907],"class_list":["post-4134","post","type-post","status-publish","format-standard","has-post-thumbnail","hentry","category-netflix-chile","tag-netflix","tag-segunda-temporada","tag-the-witcher"],"yoast_head":"<!-- This site is optimized with the Yoast SEO plugin v27.2 - https:\/\/yoast.com\/product\/yoast-seo-wordpress\/ -->\n<title>Suspenden las grabaciones de The Witcher por casos de coronavirus<\/title>\n<meta name=\"description\" content=\"Por segunda vez en el a\u00f1o, se detienen las grabaciones de la nueva temporada de \u201cThe Witcher\u201d por Coronavirus. \u00a1Todo aqu\u00ed en Naci\u00f3n Virgin!\" \/>\n<meta name=\"robots\" content=\"index, follow, max-snippet:-1, max-image-preview:large, max-video-preview:-1\" \/>\n<link rel=\"canonical\" href=\"https:\/\/www.virginmobile.cl\/blog\/series\/netflix-chile\/suspenden-las-grabaciones-de-the-witcher-por-casos-de-coronavirus\/\" \/>\n<meta property=\"og:locale\" content=\"es_ES\" \/>\n<meta property=\"og:type\" content=\"article\" \/>\n<meta property=\"og:title\" content=\"Suspenden las grabaciones de The Witcher por casos de coronavirus\" \/>\n<meta property=\"og:description\" content=\"Por segunda vez en el a\u00f1o, se detienen las grabaciones de la nueva temporada de \u201cThe Witcher\u201d por Coronavirus. \u00a1Todo aqu\u00ed en Naci\u00f3n Virgin!\" \/>\n<meta property=\"og:url\" content=\"https:\/\/www.virginmobile.cl\/blog\/series\/netflix-chile\/suspenden-las-grabaciones-de-the-witcher-por-casos-de-coronavirus\/\" \/>\n<meta property=\"og:site_name\" content=\"Naci\u00f3n Virgin - Virgin Mobile Chile\" \/>\n<meta property=\"article:publisher\" content=\"https:\/\/www.facebook.com\/VirginMobileChile\/\" \/>\n<meta property=\"article:published_time\" content=\"2020-11-10T16:08:24+00:00\" \/>\n<meta property=\"article:modified_time\" content=\"2022-02-24T18:34:04+00:00\" \/>\n<meta property=\"og:image\" content=\"https:\/\/www.virginmobile.cl\/blog\/wp-content\/uploads\/2020\/11\/vblog_layout-7.jpg\" \/>\n\t<meta property=\"og:image:width\" content=\"1200\" \/>\n\t<meta property=\"og:image:height\" content=\"800\" \/>\n\t<meta property=\"og:image:type\" content=\"image\/jpeg\" \/>\n<meta name=\"author\" content=\"Jorge Herrera\" \/>\n<meta name=\"twitter:card\" content=\"summary_large_image\" \/>\n<meta name=\"twitter:creator\" content=\"@virginmobile_cl\" \/>\n<meta name=\"twitter:site\" content=\"@virginmobile_cl\" \/>\n<meta name=\"twitter:label1\" content=\"Escrito por\" \/>\n\t<meta name=\"twitter:data1\" content=\"Jorge Herrera\" \/>\n\t<meta name=\"twitter:label2\" content=\"Tiempo estimado de lectura\" \/>\n\t<meta name=\"twitter:data2\" content=\"2 minutos\" \/>\n<script type=\"application\/ld+json\" class=\"yoast-schema-graph\">{\"@context\":\"https:\/\/schema.org\",\"@graph\":[{\"@type\":\"Article\",\"@id\":\"https:\/\/www.virginmobile.cl\/blog\/series\/netflix-chile\/suspenden-las-grabaciones-de-the-witcher-por-casos-de-coronavirus\/#article\",\"isPartOf\":{\"@id\":\"https:\/\/www.virginmobile.cl\/blog\/series\/netflix-chile\/suspenden-las-grabaciones-de-the-witcher-por-casos-de-coronavirus\/\"},\"author\":{\"name\":\"Jorge Herrera\",\"@id\":\"https:\/\/vmcl.space\/blog\/#\/schema\/person\/7dd3fe8aa95409efbc0c2651edad922c\"},\"headline\":\"Suspenden las grabaciones de la segunda temporada de The Witcher por casos de coronavirus\",\"datePublished\":\"2020-11-10T16:08:24+00:00\",\"dateModified\":\"2022-02-24T18:34:04+00:00\",\"mainEntityOfPage\":{\"@id\":\"https:\/\/www.virginmobile.cl\/blog\/series\/netflix-chile\/suspenden-las-grabaciones-de-the-witcher-por-casos-de-coronavirus\/\"},\"wordCount\":369,\"publisher\":{\"@id\":\"https:\/\/vmcl.space\/blog\/#organization\"},\"image\":{\"@id\":\"https:\/\/www.virginmobile.cl\/blog\/series\/netflix-chile\/suspenden-las-grabaciones-de-the-witcher-por-casos-de-coronavirus\/#primaryimage\"},\"thumbnailUrl\":\"https:\/\/www.virginmobile.cl\/blog\/wp-content\/uploads\/2020\/11\/vblog_layout-7.jpg\",\"keywords\":[\"netflix\",\"segunda temporada\",\"The Witcher\"],\"articleSection\":[\"Netflix Chile\"],\"inLanguage\":\"es-CL\"},{\"@type\":\"WebPage\",\"@id\":\"https:\/\/www.virginmobile.cl\/blog\/series\/netflix-chile\/suspenden-las-grabaciones-de-the-witcher-por-casos-de-coronavirus\/\",\"url\":\"https:\/\/www.virginmobile.cl\/blog\/series\/netflix-chile\/suspenden-las-grabaciones-de-the-witcher-por-casos-de-coronavirus\/\",\"name\":\"Suspenden las grabaciones de The Witcher por casos de coronavirus\",\"isPartOf\":{\"@id\":\"https:\/\/vmcl.space\/blog\/#website\"},\"primaryImageOfPage\":{\"@id\":\"https:\/\/www.virginmobile.cl\/blog\/series\/netflix-chile\/suspenden-las-grabaciones-de-the-witcher-por-casos-de-coronavirus\/#primaryimage\"},\"image\":{\"@id\":\"https:\/\/www.virginmobile.cl\/blog\/series\/netflix-chile\/suspenden-las-grabaciones-de-the-witcher-por-casos-de-coronavirus\/#primaryimage\"},\"thumbnailUrl\":\"https:\/\/www.virginmobile.cl\/blog\/wp-content\/uploads\/2020\/11\/vblog_layout-7.jpg\",\"datePublished\":\"2020-11-10T16:08:24+00:00\",\"dateModified\":\"2022-02-24T18:34:04+00:00\",\"description\":\"Por segunda vez en el a\u00f1o, se detienen las grabaciones de la nueva temporada de \u201cThe Witcher\u201d por Coronavirus. \u00a1Todo aqu\u00ed en Naci\u00f3n Virgin!\",\"breadcrumb\":{\"@id\":\"https:\/\/www.virginmobile.cl\/blog\/series\/netflix-chile\/suspenden-las-grabaciones-de-the-witcher-por-casos-de-coronavirus\/#breadcrumb\"},\"inLanguage\":\"es-CL\",\"potentialAction\":[{\"@type\":\"ReadAction\",\"target\":[\"https:\/\/www.virginmobile.cl\/blog\/series\/netflix-chile\/suspenden-las-grabaciones-de-the-witcher-por-casos-de-coronavirus\/\"]}]},{\"@type\":\"ImageObject\",\"inLanguage\":\"es-CL\",\"@id\":\"https:\/\/www.virginmobile.cl\/blog\/series\/netflix-chile\/suspenden-las-grabaciones-de-the-witcher-por-casos-de-coronavirus\/#primaryimage\",\"url\":\"https:\/\/www.virginmobile.cl\/blog\/wp-content\/uploads\/2020\/11\/vblog_layout-7.jpg\",\"contentUrl\":\"https:\/\/www.virginmobile.cl\/blog\/wp-content\/uploads\/2020\/11\/vblog_layout-7.jpg\",\"width\":1200,\"height\":800},{\"@type\":\"BreadcrumbList\",\"@id\":\"https:\/\/www.virginmobile.cl\/blog\/series\/netflix-chile\/suspenden-las-grabaciones-de-the-witcher-por-casos-de-coronavirus\/#breadcrumb\",\"itemListElement\":[{\"@type\":\"ListItem\",\"position\":1,\"name\":\"Portada\",\"item\":\"https:\/\/vmcl.space\/blog\/\"},{\"@type\":\"ListItem\",\"position\":2,\"name\":\"Suspenden las grabaciones de la segunda temporada de The Witcher por casos de coronavirus\"}]},{\"@type\":\"WebSite\",\"@id\":\"https:\/\/vmcl.space\/blog\/#website\",\"url\":\"https:\/\/vmcl.space\/blog\/\",\"name\":\"Naci\u00f3n Virgin - Virgin Mobile Chile\",\"description\":\"Lo que pasa ah\u00ed lo sabes aqu\u00ed\",\"publisher\":{\"@id\":\"https:\/\/vmcl.space\/blog\/#organization\"},\"potentialAction\":[{\"@type\":\"SearchAction\",\"target\":{\"@type\":\"EntryPoint\",\"urlTemplate\":\"https:\/\/vmcl.space\/blog\/?s={search_term_string}\"},\"query-input\":{\"@type\":\"PropertyValueSpecification\",\"valueRequired\":true,\"valueName\":\"search_term_string\"}}],\"inLanguage\":\"es-CL\"},{\"@type\":\"Organization\",\"@id\":\"https:\/\/vmcl.space\/blog\/#organization\",\"name\":\"Virgin Mobile\",\"url\":\"https:\/\/vmcl.space\/blog\/\",\"logo\":{\"@type\":\"ImageObject\",\"inLanguage\":\"es-CL\",\"@id\":\"https:\/\/vmcl.space\/blog\/#\/schema\/logo\/image\/\",\"url\":\"https:\/\/blog.virginmobile.cl\/wp-content\/uploads\/2018\/06\/logo_blog_v4.png\",\"contentUrl\":\"https:\/\/blog.virginmobile.cl\/wp-content\/uploads\/2018\/06\/logo_blog_v4.png\",\"width\":400,\"height\":400,\"caption\":\"Virgin Mobile\"},\"image\":{\"@id\":\"https:\/\/vmcl.space\/blog\/#\/schema\/logo\/image\/\"},\"sameAs\":[\"https:\/\/www.facebook.com\/VirginMobileChile\/\",\"https:\/\/x.com\/virginmobile_cl\",\"https:\/\/www.instagram.com\/virginmobile_cl\/\",\"https:\/\/www.linkedin.com\/company\/10255048\/admin\/\",\"https:\/\/www.youtube.com\/user\/VirginMobileChile\"]},{\"@type\":\"Person\",\"@id\":\"https:\/\/vmcl.space\/blog\/#\/schema\/person\/7dd3fe8aa95409efbc0c2651edad922c\",\"name\":\"Jorge Herrera\",\"image\":{\"@type\":\"ImageObject\",\"inLanguage\":\"es-CL\",\"@id\":\"https:\/\/secure.gravatar.com\/avatar\/08a675eb2009d32bc8481153d36d8296c68fcc62939ab075bfa2d959ff9025c2?s=96&d=mm&r=g\",\"url\":\"https:\/\/secure.gravatar.com\/avatar\/08a675eb2009d32bc8481153d36d8296c68fcc62939ab075bfa2d959ff9025c2?s=96&d=mm&r=g\",\"contentUrl\":\"https:\/\/secure.gravatar.com\/avatar\/08a675eb2009d32bc8481153d36d8296c68fcc62939ab075bfa2d959ff9025c2?s=96&d=mm&r=g\",\"caption\":\"Jorge Herrera\"},\"url\":\"https:\/\/www.virginmobile.cl\/blog\/author\/jorge-herrera\/\"}]}<\/script>\n<!-- \/ Yoast SEO plugin. -->","yoast_head_json":{"title":"Suspenden las grabaciones de The Witcher por casos de coronavirus","description":"Por segunda vez en el a\u00f1o, se detienen las grabaciones de la nueva temporada de \u201cThe Witcher\u201d por Coronavirus. \u00a1Todo aqu\u00ed en Naci\u00f3n Virgin!","robots":{"index":"index","follow":"follow","max-snippet":"max-snippet:-1","max-image-preview":"max-image-preview:large","max-video-preview":"max-video-preview:-1"},"canonical":"https:\/\/www.virginmobile.cl\/blog\/series\/netflix-chile\/suspenden-las-grabaciones-de-the-witcher-por-casos-de-coronavirus\/","og_locale":"es_ES","og_type":"article","og_title":"Suspenden las grabaciones de The Witcher por casos de coronavirus","og_description":"Por segunda vez en el a\u00f1o, se detienen las grabaciones de la nueva temporada de \u201cThe Witcher\u201d por Coronavirus. \u00a1Todo aqu\u00ed en Naci\u00f3n Virgin!","og_url":"https:\/\/www.virginmobile.cl\/blog\/series\/netflix-chile\/suspenden-las-grabaciones-de-the-witcher-por-casos-de-coronavirus\/","og_site_name":"Naci\u00f3n Virgin - Virgin Mobile Chile","article_publisher":"https:\/\/www.facebook.com\/VirginMobileChile\/","article_published_time":"2020-11-10T16:08:24+00:00","article_modified_time":"2022-02-24T18:34:04+00:00","og_image":[{"width":1200,"height":800,"url":"https:\/\/www.virginmobile.cl\/blog\/wp-content\/uploads\/2020\/11\/vblog_layout-7.jpg","type":"image\/jpeg"}],"author":"Jorge Herrera","twitter_card":"summary_large_image","twitter_creator":"@virginmobile_cl","twitter_site":"@virginmobile_cl","twitter_misc":{"Escrito por":"Jorge Herrera","Tiempo estimado de lectura":"2 minutos"},"schema":{"@context":"https:\/\/schema.org","@graph":[{"@type":"Article","@id":"https:\/\/www.virginmobile.cl\/blog\/series\/netflix-chile\/suspenden-las-grabaciones-de-the-witcher-por-casos-de-coronavirus\/#article","isPartOf":{"@id":"https:\/\/www.virginmobile.cl\/blog\/series\/netflix-chile\/suspenden-las-grabaciones-de-the-witcher-por-casos-de-coronavirus\/"},"author":{"name":"Jorge Herrera","@id":"https:\/\/vmcl.space\/blog\/#\/schema\/person\/7dd3fe8aa95409efbc0c2651edad922c"},"headline":"Suspenden las grabaciones de la segunda temporada de The Witcher por casos de coronavirus","datePublished":"2020-11-10T16:08:24+00:00","dateModified":"2022-02-24T18:34:04+00:00","mainEntityOfPage":{"@id":"https:\/\/www.virginmobile.cl\/blog\/series\/netflix-chile\/suspenden-las-grabaciones-de-the-witcher-por-casos-de-coronavirus\/"},"wordCount":369,"publisher":{"@id":"https:\/\/vmcl.space\/blog\/#organization"},"image":{"@id":"https:\/\/www.virginmobile.cl\/blog\/series\/netflix-chile\/suspenden-las-grabaciones-de-the-witcher-por-casos-de-coronavirus\/#primaryimage"},"thumbnailUrl":"https:\/\/www.virginmobile.cl\/blog\/wp-content\/uploads\/2020\/11\/vblog_layout-7.jpg","keywords":["netflix","segunda temporada","The Witcher"],"articleSection":["Netflix Chile"],"inLanguage":"es-CL"},{"@type":"WebPage","@id":"https:\/\/www.virginmobile.cl\/blog\/series\/netflix-chile\/suspenden-las-grabaciones-de-the-witcher-por-casos-de-coronavirus\/","url":"https:\/\/www.virginmobile.cl\/blog\/series\/netflix-chile\/suspenden-las-grabaciones-de-the-witcher-por-casos-de-coronavirus\/","name":"Suspenden las grabaciones de The Witcher por casos de coronavirus","isPartOf":{"@id":"https:\/\/vmcl.space\/blog\/#website"},"primaryImageOfPage":{"@id":"https:\/\/www.virginmobile.cl\/blog\/series\/netflix-chile\/suspenden-las-grabaciones-de-the-witcher-por-casos-de-coronavirus\/#primaryimage"},"image":{"@id":"https:\/\/www.virginmobile.cl\/blog\/series\/netflix-chile\/suspenden-las-grabaciones-de-the-witcher-por-casos-de-coronavirus\/#primaryimage"},"thumbnailUrl":"https:\/\/www.virginmobile.cl\/blog\/wp-content\/uploads\/2020\/11\/vblog_layout-7.jpg","datePublished":"2020-11-10T16:08:24+00:00","dateModified":"2022-02-24T18:34:04+00:00","description":"Por segunda vez en el a\u00f1o, se detienen las grabaciones de la nueva temporada de \u201cThe Witcher\u201d por Coronavirus. \u00a1Todo aqu\u00ed en Naci\u00f3n Virgin!","breadcrumb":{"@id":"https:\/\/www.virginmobile.cl\/blog\/series\/netflix-chile\/suspenden-las-grabaciones-de-the-witcher-por-casos-de-coronavirus\/#breadcrumb"},"inLanguage":"es-CL","potentialAction":[{"@type":"ReadAction","target":["https:\/\/www.virginmobile.cl\/blog\/series\/netflix-chile\/suspenden-las-grabaciones-de-the-witcher-por-casos-de-coronavirus\/"]}]},{"@type":"ImageObject","inLanguage":"es-CL","@id":"https:\/\/www.virginmobile.cl\/blog\/series\/netflix-chile\/suspenden-las-grabaciones-de-the-witcher-por-casos-de-coronavirus\/#primaryimage","url":"https:\/\/www.virginmobile.cl\/blog\/wp-content\/uploads\/2020\/11\/vblog_layout-7.jpg","contentUrl":"https:\/\/www.virginmobile.cl\/blog\/wp-content\/uploads\/2020\/11\/vblog_layout-7.jpg","width":1200,"height":800},{"@type":"BreadcrumbList","@id":"https:\/\/www.virginmobile.cl\/blog\/series\/netflix-chile\/suspenden-las-grabaciones-de-the-witcher-por-casos-de-coronavirus\/#breadcrumb","itemListElement":[{"@type":"ListItem","position":1,"name":"Portada","item":"https:\/\/vmcl.space\/blog\/"},{"@type":"ListItem","position":2,"name":"Suspenden las grabaciones de la segunda temporada de The Witcher por casos de coronavirus"}]},{"@type":"WebSite","@id":"https:\/\/vmcl.space\/blog\/#website","url":"https:\/\/vmcl.space\/blog\/","name":"Naci\u00f3n Virgin - Virgin Mobile Chile","description":"Lo que pasa ah\u00ed lo sabes aqu\u00ed","publisher":{"@id":"https:\/\/vmcl.space\/blog\/#organization"},"potentialAction":[{"@type":"SearchAction","target":{"@type":"EntryPoint","urlTemplate":"https:\/\/vmcl.space\/blog\/?s={search_term_string}"},"query-input":{"@type":"PropertyValueSpecification","valueRequired":true,"valueName":"search_term_string"}}],"inLanguage":"es-CL"},{"@type":"Organization","@id":"https:\/\/vmcl.space\/blog\/#organization","name":"Virgin Mobile","url":"https:\/\/vmcl.space\/blog\/","logo":{"@type":"ImageObject","inLanguage":"es-CL","@id":"https:\/\/vmcl.space\/blog\/#\/schema\/logo\/image\/","url":"https:\/\/blog.virginmobile.cl\/wp-content\/uploads\/2018\/06\/logo_blog_v4.png","contentUrl":"https:\/\/blog.virginmobile.cl\/wp-content\/uploads\/2018\/06\/logo_blog_v4.png","width":400,"height":400,"caption":"Virgin Mobile"},"image":{"@id":"https:\/\/vmcl.space\/blog\/#\/schema\/logo\/image\/"},"sameAs":["https:\/\/www.facebook.com\/VirginMobileChile\/","https:\/\/x.com\/virginmobile_cl","https:\/\/www.instagram.com\/virginmobile_cl\/","https:\/\/www.linkedin.com\/company\/10255048\/admin\/","https:\/\/www.youtube.com\/user\/VirginMobileChile"]},{"@type":"Person","@id":"https:\/\/vmcl.space\/blog\/#\/schema\/person\/7dd3fe8aa95409efbc0c2651edad922c","name":"Jorge Herrera","image":{"@type":"ImageObject","inLanguage":"es-CL","@id":"https:\/\/secure.gravatar.com\/avatar\/08a675eb2009d32bc8481153d36d8296c68fcc62939ab075bfa2d959ff9025c2?s=96&d=mm&r=g","url":"https:\/\/secure.gravatar.com\/avatar\/08a675eb2009d32bc8481153d36d8296c68fcc62939ab075bfa2d959ff9025c2?s=96&d=mm&r=g","contentUrl":"https:\/\/secure.gravatar.com\/avatar\/08a675eb2009d32bc8481153d36d8296c68fcc62939ab075bfa2d959ff9025c2?s=96&d=mm&r=g","caption":"Jorge Herrera"},"url":"https:\/\/www.virginmobile.cl\/blog\/author\/jorge-herrera\/"}]}},"_links":{"self":[{"href":"https:\/\/www.virginmobile.cl\/blog\/wp-json\/wp\/v2\/posts\/4134","targetHints":{"allow":["GET"]}}],"collection":[{"href":"https:\/\/www.virginmobile.cl\/blog\/wp-json\/wp\/v2\/posts"}],"about":[{"href":"https:\/\/www.virginmobile.cl\/blog\/wp-json\/wp\/v2\/types\/post"}],"author":[{"embeddable":true,"href":"https:\/\/www.virginmobile.cl\/blog\/wp-json\/wp\/v2\/users\/2"}],"replies":[{"embeddable":true,"href":"https:\/\/www.virginmobile.cl\/blog\/wp-json\/wp\/v2\/comments?post=4134"}],"version-history":[{"count":2,"href":"https:\/\/www.virginmobile.cl\/blog\/wp-json\/wp\/v2\/posts\/4134\/revisions"}],"predecessor-version":[{"id":4138,"href":"https:\/\/www.virginmobile.cl\/blog\/wp-json\/wp\/v2\/posts\/4134\/revisions\/4138"}],"wp:featuredmedia":[{"embeddable":true,"href":"https:\/\/www.virginmobile.cl\/blog\/wp-json\/wp\/v2\/media\/4137"}],"wp:attachment":[{"href":"https:\/\/www.virginmobile.cl\/blog\/wp-json\/wp\/v2\/media?parent=4134"}],"wp:term":[{"taxonomy":"category","embeddable":true,"href":"https:\/\/www.virginmobile.cl\/blog\/wp-json\/wp\/v2\/categories?post=4134"},{"taxonomy":"post_tag","embeddable":true,"href":"https:\/\/www.virginmobile.cl\/blog\/wp-json\/wp\/v2\/tags?post=4134"}],"curies":[{"name":"wp","href":"https:\/\/api.w.org\/{rel}","templated":true}]}}