{"id":4045,"date":"2020-10-26T14:43:02","date_gmt":"2020-10-26T18:43:02","guid":{"rendered":"https:\/\/blog.virginmobile.cl\/?p=4045"},"modified":"2022-02-24T14:14:14","modified_gmt":"2022-02-24T18:14:14","slug":"la-jauria-confirma-fecha-de-estreno-en-las-pantallas-de-tvn-y-segunda-temporada","status":"publish","type":"post","link":"https:\/\/www.virginmobile.cl\/blog\/series\/la-jauria-confirma-fecha-de-estreno-en-las-pantallas-de-tvn-y-segunda-temporada\/","title":{"rendered":"La Jaur\u00eda confirma fecha de estreno en las pantallas de TVN y segunda temporada"},"content":{"rendered":"\n<p>Las series chilenas de la plataforma Amazon Prime Video han despertado el inter\u00e9s de todo el p\u00fablico, mostrando una realidad de nuestro pa\u00eds que vale la pena conocer. Una de las m\u00e1s comentadas fue <strong>\u201cLa Jaur\u00eda\u201d<\/strong>, una serie policial con tem\u00e1tica de violencia de g\u00e9nero que ahora podr\u00e1s disfrutar por la televisi\u00f3n abierta.&nbsp;<\/p>\n\n\n\n<p>Creada por Amazon Prime Video y la producci\u00f3n F\u00e1bula, <strong>La Jaur\u00eda ser\u00e1 emitida en horario prime por el canal TVN<\/strong>. El director de programaci\u00f3n y producci\u00f3n del canal, Jos\u00e9 Antonio Edwards, se\u00f1al\u00f3 que tienen un rol p\u00fablico de visibilizar los temas que son relevantes para el pa\u00eds. \u00a1Y eso no es todo! El canal tambi\u00e9n nos asegur\u00f3 que contar\u00e1n con el <strong>estreno de la segunda temporada<\/strong>, donde nuevamente veremos a <strong>Zegers y Vega<\/strong> en acci\u00f3n:<\/p>\n\n\n\n<blockquote class=\"wp-block-quote is-layout-flow wp-block-quote-is-layout-flow\"><p><em>\u201cNos enorgullece ser parte de este proyecto y emitir esta serie de indiscutible calidad por televisi\u00f3n abierta y en nuestro sitio web, adem\u00e1s de confirmar que tambi\u00e9n exhibiremos la segunda temporada\u201d.<\/em><\/p><\/blockquote>\n\n\n\n<h2 class=\"wp-block-heading\"><strong>La Jaur\u00eda en las pantallas de TVN<\/strong><\/h2>\n\n\n\n<p>El canal nacional se subi\u00f3 al carro del streaming, compartiendo en su pantalla producciones chilenas con llegada internacional que antes solo pod\u00edamos ver a trav\u00e9s de Amazon Prime Video. El primer canal en hacerla fue <strong>Mega<\/strong>, <strong>quienes transmitir\u00e1n desde el viernes 13 de noviembre la serie \u201c<a href=\"https:\/\/blog.virginmobile.cl\/series\/amazon-prime-video-revisa-el-trailer-de-la-nueva-serie-inspirada-en-colonia-dignidad\">Dignidad<\/a>\u201d<\/strong>. \u00bfPodremos ver pronto la serie de Sergio Jadue en pantalla abierta? Ser\u00e1 cuesti\u00f3n de tiempo.\u00a0<\/p>\n\n\n\n<p>\u00a1Pero volvamos a lo nuestro!&nbsp;<strong> \u201cLa Jaur\u00eda\u201d se emitir\u00e1 en las pantallas de TVN de lunes a mi\u00e9rcoles a contar del pr\u00f3ximo 2 de noviembre a las 22:40 horas. <\/strong>Por lo que tendremos 2 semanas y media de historia para pasar el rato, y por qu\u00e9 no, cuestionarnos sobre hechos que afectan la actualidad de nuestro pa\u00eds.&nbsp;<\/p>\n\n\n\n<h3 class=\"wp-block-heading\"><strong>\u00bfA\u00fan no conoces la trama de la serie?<\/strong><\/h3>\n\n\n\n<figure class=\"wp-block-embed-youtube wp-block-embed is-type-video is-provider-youtube wp-embed-aspect-16-9 wp-has-aspect-ratio\"><div class=\"wp-block-embed__wrapper\">\n<div class=\"embed-vimeo\"><iframe loading=\"lazy\" title=\"La Jaur\u00eda - Tr\u00e1iler oficial | Amazon Prime Video\" width=\"1140\" height=\"641\" src=\"https:\/\/www.youtube.com\/embed\/MD1VDJVvpfM?feature=oembed\" frameborder=\"0\" allow=\"accelerometer; autoplay; clipboard-write; encrypted-media; gyroscope; picture-in-picture\" allowfullscreen><\/iframe><\/div>\n<\/div><\/figure>\n\n\n\n<p>La serie dirigida por Luc\u00eda Puenzo, nos trae a las detectives <strong>Olivia Fern\u00e1ndez (Antonia Zegers), Carla Far\u00edas (Mar\u00eda Gaacia Omegna) y Elisa Musillo (Daniela Vega)<\/strong> quienes comienzan a investigar la desaparici\u00f3n de una alumna de un prestigioso colegio cat\u00f3lico. Todo esto apunta estar en manos de un grupo de hombres llamado \u201cLa Jaur\u00eda\u201d, quienes se dedican a abusar de adolescentes.\u00a0<\/p>\n\n\n\n<p>Con un ritmo \u00e1gil, la historia se basa en el tr\u00e1gico hecho de \u201c<a href=\"https:\/\/www.bbc.com\/mundo\/noticias-internacional-43907559\">La Manada<\/a>\u201d, ocurrido en Espa\u00f1a en el a\u00f1o 2016.\u00a0<\/p>\n","protected":false},"excerpt":{"rendered":"<p>Las series chilenas de la plataforma Amazon Prime Video han despertado el inter\u00e9s de todo el p\u00fablico, mostrando una realidad de nuestro pa\u00eds que vale la pena conocer. Una de las m\u00e1s comentadas fue \u201cLa Jaur\u00eda\u201d, una serie policial con tem\u00e1tica de violencia de g\u00e9nero que ahora podr\u00e1s disfrutar por la televisi\u00f3n abierta.&nbsp; Creada por [&hellip;]<\/p>\n","protected":false},"author":2,"featured_media":4046,"comment_status":"closed","ping_status":"closed","sticky":false,"template":"","format":"standard","meta":{"footnotes":""},"categories":[198],"tags":[719,734,890],"class_list":["post-4045","post","type-post","status-publish","format-standard","has-post-thumbnail","hentry","category-series","tag-amazon-prime-video","tag-la-jauria","tag-segunda-temporada"],"yoast_head":"<!-- This site is optimized with the Yoast SEO plugin v27.2 - https:\/\/yoast.com\/product\/yoast-seo-wordpress\/ -->\n<title>La Jaur\u00eda confirma fecha de estreno en TVN y segunda temporada<\/title>\n<meta name=\"description\" content=\"La serie La Jaur\u00eda de Amazon Prime Video ha despertado el inter\u00e9s de todo el p\u00fablico, y se acerca su estreno en TV abierta.\" \/>\n<meta name=\"robots\" content=\"index, follow, max-snippet:-1, max-image-preview:large, max-video-preview:-1\" \/>\n<link rel=\"canonical\" href=\"https:\/\/www.virginmobile.cl\/blog\/series\/la-jauria-confirma-fecha-de-estreno-en-las-pantallas-de-tvn-y-segunda-temporada\/\" \/>\n<meta property=\"og:locale\" content=\"es_ES\" \/>\n<meta property=\"og:type\" content=\"article\" \/>\n<meta property=\"og:title\" content=\"La Jaur\u00eda confirma fecha de estreno en TVN y segunda temporada\" \/>\n<meta property=\"og:description\" content=\"La serie La Jaur\u00eda de Amazon Prime Video ha despertado el inter\u00e9s de todo el p\u00fablico, y se acerca su estreno en TV abierta.\" \/>\n<meta property=\"og:url\" content=\"https:\/\/www.virginmobile.cl\/blog\/series\/la-jauria-confirma-fecha-de-estreno-en-las-pantallas-de-tvn-y-segunda-temporada\/\" \/>\n<meta property=\"og:site_name\" content=\"Naci\u00f3n Virgin - Virgin Mobile Chile\" \/>\n<meta property=\"article:publisher\" content=\"https:\/\/www.facebook.com\/VirginMobileChile\/\" \/>\n<meta property=\"article:published_time\" content=\"2020-10-26T18:43:02+00:00\" \/>\n<meta property=\"article:modified_time\" content=\"2022-02-24T18:14:14+00:00\" \/>\n<meta property=\"og:image\" content=\"https:\/\/www.virginmobile.cl\/blog\/wp-content\/uploads\/2020\/10\/vblog_layout-17.jpg\" \/>\n\t<meta property=\"og:image:width\" content=\"1200\" \/>\n\t<meta property=\"og:image:height\" content=\"800\" \/>\n\t<meta property=\"og:image:type\" content=\"image\/jpeg\" \/>\n<meta name=\"author\" content=\"Jorge Herrera\" \/>\n<meta name=\"twitter:card\" content=\"summary_large_image\" \/>\n<meta name=\"twitter:creator\" content=\"@virginmobile_cl\" \/>\n<meta name=\"twitter:site\" content=\"@virginmobile_cl\" \/>\n<meta name=\"twitter:label1\" content=\"Escrito por\" \/>\n\t<meta name=\"twitter:data1\" content=\"Jorge Herrera\" \/>\n\t<meta name=\"twitter:label2\" content=\"Tiempo estimado de lectura\" \/>\n\t<meta name=\"twitter:data2\" content=\"2 minutos\" \/>\n<script type=\"application\/ld+json\" class=\"yoast-schema-graph\">{\"@context\":\"https:\/\/schema.org\",\"@graph\":[{\"@type\":\"Article\",\"@id\":\"https:\/\/www.virginmobile.cl\/blog\/series\/la-jauria-confirma-fecha-de-estreno-en-las-pantallas-de-tvn-y-segunda-temporada\/#article\",\"isPartOf\":{\"@id\":\"https:\/\/www.virginmobile.cl\/blog\/series\/la-jauria-confirma-fecha-de-estreno-en-las-pantallas-de-tvn-y-segunda-temporada\/\"},\"author\":{\"name\":\"Jorge Herrera\",\"@id\":\"https:\/\/vmcl.space\/blog\/#\/schema\/person\/7dd3fe8aa95409efbc0c2651edad922c\"},\"headline\":\"La Jaur\u00eda confirma fecha de estreno en las pantallas de TVN y segunda temporada\",\"datePublished\":\"2020-10-26T18:43:02+00:00\",\"dateModified\":\"2022-02-24T18:14:14+00:00\",\"mainEntityOfPage\":{\"@id\":\"https:\/\/www.virginmobile.cl\/blog\/series\/la-jauria-confirma-fecha-de-estreno-en-las-pantallas-de-tvn-y-segunda-temporada\/\"},\"wordCount\":443,\"publisher\":{\"@id\":\"https:\/\/vmcl.space\/blog\/#organization\"},\"image\":{\"@id\":\"https:\/\/www.virginmobile.cl\/blog\/series\/la-jauria-confirma-fecha-de-estreno-en-las-pantallas-de-tvn-y-segunda-temporada\/#primaryimage\"},\"thumbnailUrl\":\"https:\/\/www.virginmobile.cl\/blog\/wp-content\/uploads\/2020\/10\/vblog_layout-17.jpg\",\"keywords\":[\"Amazon Prime Video\",\"La Jaur\u00eda\",\"segunda temporada\"],\"articleSection\":[\"Series\"],\"inLanguage\":\"es-CL\"},{\"@type\":\"WebPage\",\"@id\":\"https:\/\/www.virginmobile.cl\/blog\/series\/la-jauria-confirma-fecha-de-estreno-en-las-pantallas-de-tvn-y-segunda-temporada\/\",\"url\":\"https:\/\/www.virginmobile.cl\/blog\/series\/la-jauria-confirma-fecha-de-estreno-en-las-pantallas-de-tvn-y-segunda-temporada\/\",\"name\":\"La Jaur\u00eda confirma fecha de estreno en TVN y segunda temporada\",\"isPartOf\":{\"@id\":\"https:\/\/vmcl.space\/blog\/#website\"},\"primaryImageOfPage\":{\"@id\":\"https:\/\/www.virginmobile.cl\/blog\/series\/la-jauria-confirma-fecha-de-estreno-en-las-pantallas-de-tvn-y-segunda-temporada\/#primaryimage\"},\"image\":{\"@id\":\"https:\/\/www.virginmobile.cl\/blog\/series\/la-jauria-confirma-fecha-de-estreno-en-las-pantallas-de-tvn-y-segunda-temporada\/#primaryimage\"},\"thumbnailUrl\":\"https:\/\/www.virginmobile.cl\/blog\/wp-content\/uploads\/2020\/10\/vblog_layout-17.jpg\",\"datePublished\":\"2020-10-26T18:43:02+00:00\",\"dateModified\":\"2022-02-24T18:14:14+00:00\",\"description\":\"La serie La Jaur\u00eda de Amazon Prime Video ha despertado el inter\u00e9s de todo el p\u00fablico, y se acerca su estreno en TV abierta.\",\"breadcrumb\":{\"@id\":\"https:\/\/www.virginmobile.cl\/blog\/series\/la-jauria-confirma-fecha-de-estreno-en-las-pantallas-de-tvn-y-segunda-temporada\/#breadcrumb\"},\"inLanguage\":\"es-CL\",\"potentialAction\":[{\"@type\":\"ReadAction\",\"target\":[\"https:\/\/www.virginmobile.cl\/blog\/series\/la-jauria-confirma-fecha-de-estreno-en-las-pantallas-de-tvn-y-segunda-temporada\/\"]}]},{\"@type\":\"ImageObject\",\"inLanguage\":\"es-CL\",\"@id\":\"https:\/\/www.virginmobile.cl\/blog\/series\/la-jauria-confirma-fecha-de-estreno-en-las-pantallas-de-tvn-y-segunda-temporada\/#primaryimage\",\"url\":\"https:\/\/www.virginmobile.cl\/blog\/wp-content\/uploads\/2020\/10\/vblog_layout-17.jpg\",\"contentUrl\":\"https:\/\/www.virginmobile.cl\/blog\/wp-content\/uploads\/2020\/10\/vblog_layout-17.jpg\",\"width\":1200,\"height\":800,\"caption\":\"La Jaur\u00eda confirma fecha de estreno en TVN y segunda temporada\"},{\"@type\":\"BreadcrumbList\",\"@id\":\"https:\/\/www.virginmobile.cl\/blog\/series\/la-jauria-confirma-fecha-de-estreno-en-las-pantallas-de-tvn-y-segunda-temporada\/#breadcrumb\",\"itemListElement\":[{\"@type\":\"ListItem\",\"position\":1,\"name\":\"Portada\",\"item\":\"https:\/\/vmcl.space\/blog\/\"},{\"@type\":\"ListItem\",\"position\":2,\"name\":\"La Jaur\u00eda confirma fecha de estreno en las pantallas de TVN y segunda temporada\"}]},{\"@type\":\"WebSite\",\"@id\":\"https:\/\/vmcl.space\/blog\/#website\",\"url\":\"https:\/\/vmcl.space\/blog\/\",\"name\":\"Naci\u00f3n Virgin - Virgin Mobile Chile\",\"description\":\"Lo que pasa ah\u00ed lo sabes aqu\u00ed\",\"publisher\":{\"@id\":\"https:\/\/vmcl.space\/blog\/#organization\"},\"potentialAction\":[{\"@type\":\"SearchAction\",\"target\":{\"@type\":\"EntryPoint\",\"urlTemplate\":\"https:\/\/vmcl.space\/blog\/?s={search_term_string}\"},\"query-input\":{\"@type\":\"PropertyValueSpecification\",\"valueRequired\":true,\"valueName\":\"search_term_string\"}}],\"inLanguage\":\"es-CL\"},{\"@type\":\"Organization\",\"@id\":\"https:\/\/vmcl.space\/blog\/#organization\",\"name\":\"Virgin Mobile\",\"url\":\"https:\/\/vmcl.space\/blog\/\",\"logo\":{\"@type\":\"ImageObject\",\"inLanguage\":\"es-CL\",\"@id\":\"https:\/\/vmcl.space\/blog\/#\/schema\/logo\/image\/\",\"url\":\"https:\/\/blog.virginmobile.cl\/wp-content\/uploads\/2018\/06\/logo_blog_v4.png\",\"contentUrl\":\"https:\/\/blog.virginmobile.cl\/wp-content\/uploads\/2018\/06\/logo_blog_v4.png\",\"width\":400,\"height\":400,\"caption\":\"Virgin Mobile\"},\"image\":{\"@id\":\"https:\/\/vmcl.space\/blog\/#\/schema\/logo\/image\/\"},\"sameAs\":[\"https:\/\/www.facebook.com\/VirginMobileChile\/\",\"https:\/\/x.com\/virginmobile_cl\",\"https:\/\/www.instagram.com\/virginmobile_cl\/\",\"https:\/\/www.linkedin.com\/company\/10255048\/admin\/\",\"https:\/\/www.youtube.com\/user\/VirginMobileChile\"]},{\"@type\":\"Person\",\"@id\":\"https:\/\/vmcl.space\/blog\/#\/schema\/person\/7dd3fe8aa95409efbc0c2651edad922c\",\"name\":\"Jorge Herrera\",\"image\":{\"@type\":\"ImageObject\",\"inLanguage\":\"es-CL\",\"@id\":\"https:\/\/secure.gravatar.com\/avatar\/08a675eb2009d32bc8481153d36d8296c68fcc62939ab075bfa2d959ff9025c2?s=96&d=mm&r=g\",\"url\":\"https:\/\/secure.gravatar.com\/avatar\/08a675eb2009d32bc8481153d36d8296c68fcc62939ab075bfa2d959ff9025c2?s=96&d=mm&r=g\",\"contentUrl\":\"https:\/\/secure.gravatar.com\/avatar\/08a675eb2009d32bc8481153d36d8296c68fcc62939ab075bfa2d959ff9025c2?s=96&d=mm&r=g\",\"caption\":\"Jorge Herrera\"},\"url\":\"https:\/\/www.virginmobile.cl\/blog\/author\/jorge-herrera\/\"}]}<\/script>\n<!-- \/ Yoast SEO plugin. -->","yoast_head_json":{"title":"La Jaur\u00eda confirma fecha de estreno en TVN y segunda temporada","description":"La serie La Jaur\u00eda de Amazon Prime Video ha despertado el inter\u00e9s de todo el p\u00fablico, y se acerca su estreno en TV abierta.","robots":{"index":"index","follow":"follow","max-snippet":"max-snippet:-1","max-image-preview":"max-image-preview:large","max-video-preview":"max-video-preview:-1"},"canonical":"https:\/\/www.virginmobile.cl\/blog\/series\/la-jauria-confirma-fecha-de-estreno-en-las-pantallas-de-tvn-y-segunda-temporada\/","og_locale":"es_ES","og_type":"article","og_title":"La Jaur\u00eda confirma fecha de estreno en TVN y segunda temporada","og_description":"La serie La Jaur\u00eda de Amazon Prime Video ha despertado el inter\u00e9s de todo el p\u00fablico, y se acerca su estreno en TV abierta.","og_url":"https:\/\/www.virginmobile.cl\/blog\/series\/la-jauria-confirma-fecha-de-estreno-en-las-pantallas-de-tvn-y-segunda-temporada\/","og_site_name":"Naci\u00f3n Virgin - Virgin Mobile Chile","article_publisher":"https:\/\/www.facebook.com\/VirginMobileChile\/","article_published_time":"2020-10-26T18:43:02+00:00","article_modified_time":"2022-02-24T18:14:14+00:00","og_image":[{"width":1200,"height":800,"url":"https:\/\/www.virginmobile.cl\/blog\/wp-content\/uploads\/2020\/10\/vblog_layout-17.jpg","type":"image\/jpeg"}],"author":"Jorge Herrera","twitter_card":"summary_large_image","twitter_creator":"@virginmobile_cl","twitter_site":"@virginmobile_cl","twitter_misc":{"Escrito por":"Jorge Herrera","Tiempo estimado de lectura":"2 minutos"},"schema":{"@context":"https:\/\/schema.org","@graph":[{"@type":"Article","@id":"https:\/\/www.virginmobile.cl\/blog\/series\/la-jauria-confirma-fecha-de-estreno-en-las-pantallas-de-tvn-y-segunda-temporada\/#article","isPartOf":{"@id":"https:\/\/www.virginmobile.cl\/blog\/series\/la-jauria-confirma-fecha-de-estreno-en-las-pantallas-de-tvn-y-segunda-temporada\/"},"author":{"name":"Jorge Herrera","@id":"https:\/\/vmcl.space\/blog\/#\/schema\/person\/7dd3fe8aa95409efbc0c2651edad922c"},"headline":"La Jaur\u00eda confirma fecha de estreno en las pantallas de TVN y segunda temporada","datePublished":"2020-10-26T18:43:02+00:00","dateModified":"2022-02-24T18:14:14+00:00","mainEntityOfPage":{"@id":"https:\/\/www.virginmobile.cl\/blog\/series\/la-jauria-confirma-fecha-de-estreno-en-las-pantallas-de-tvn-y-segunda-temporada\/"},"wordCount":443,"publisher":{"@id":"https:\/\/vmcl.space\/blog\/#organization"},"image":{"@id":"https:\/\/www.virginmobile.cl\/blog\/series\/la-jauria-confirma-fecha-de-estreno-en-las-pantallas-de-tvn-y-segunda-temporada\/#primaryimage"},"thumbnailUrl":"https:\/\/www.virginmobile.cl\/blog\/wp-content\/uploads\/2020\/10\/vblog_layout-17.jpg","keywords":["Amazon Prime Video","La Jaur\u00eda","segunda temporada"],"articleSection":["Series"],"inLanguage":"es-CL"},{"@type":"WebPage","@id":"https:\/\/www.virginmobile.cl\/blog\/series\/la-jauria-confirma-fecha-de-estreno-en-las-pantallas-de-tvn-y-segunda-temporada\/","url":"https:\/\/www.virginmobile.cl\/blog\/series\/la-jauria-confirma-fecha-de-estreno-en-las-pantallas-de-tvn-y-segunda-temporada\/","name":"La Jaur\u00eda confirma fecha de estreno en TVN y segunda temporada","isPartOf":{"@id":"https:\/\/vmcl.space\/blog\/#website"},"primaryImageOfPage":{"@id":"https:\/\/www.virginmobile.cl\/blog\/series\/la-jauria-confirma-fecha-de-estreno-en-las-pantallas-de-tvn-y-segunda-temporada\/#primaryimage"},"image":{"@id":"https:\/\/www.virginmobile.cl\/blog\/series\/la-jauria-confirma-fecha-de-estreno-en-las-pantallas-de-tvn-y-segunda-temporada\/#primaryimage"},"thumbnailUrl":"https:\/\/www.virginmobile.cl\/blog\/wp-content\/uploads\/2020\/10\/vblog_layout-17.jpg","datePublished":"2020-10-26T18:43:02+00:00","dateModified":"2022-02-24T18:14:14+00:00","description":"La serie La Jaur\u00eda de Amazon Prime Video ha despertado el inter\u00e9s de todo el p\u00fablico, y se acerca su estreno en TV abierta.","breadcrumb":{"@id":"https:\/\/www.virginmobile.cl\/blog\/series\/la-jauria-confirma-fecha-de-estreno-en-las-pantallas-de-tvn-y-segunda-temporada\/#breadcrumb"},"inLanguage":"es-CL","potentialAction":[{"@type":"ReadAction","target":["https:\/\/www.virginmobile.cl\/blog\/series\/la-jauria-confirma-fecha-de-estreno-en-las-pantallas-de-tvn-y-segunda-temporada\/"]}]},{"@type":"ImageObject","inLanguage":"es-CL","@id":"https:\/\/www.virginmobile.cl\/blog\/series\/la-jauria-confirma-fecha-de-estreno-en-las-pantallas-de-tvn-y-segunda-temporada\/#primaryimage","url":"https:\/\/www.virginmobile.cl\/blog\/wp-content\/uploads\/2020\/10\/vblog_layout-17.jpg","contentUrl":"https:\/\/www.virginmobile.cl\/blog\/wp-content\/uploads\/2020\/10\/vblog_layout-17.jpg","width":1200,"height":800,"caption":"La Jaur\u00eda confirma fecha de estreno en TVN y segunda temporada"},{"@type":"BreadcrumbList","@id":"https:\/\/www.virginmobile.cl\/blog\/series\/la-jauria-confirma-fecha-de-estreno-en-las-pantallas-de-tvn-y-segunda-temporada\/#breadcrumb","itemListElement":[{"@type":"ListItem","position":1,"name":"Portada","item":"https:\/\/vmcl.space\/blog\/"},{"@type":"ListItem","position":2,"name":"La Jaur\u00eda confirma fecha de estreno en las pantallas de TVN y segunda temporada"}]},{"@type":"WebSite","@id":"https:\/\/vmcl.space\/blog\/#website","url":"https:\/\/vmcl.space\/blog\/","name":"Naci\u00f3n Virgin - Virgin Mobile Chile","description":"Lo que pasa ah\u00ed lo sabes aqu\u00ed","publisher":{"@id":"https:\/\/vmcl.space\/blog\/#organization"},"potentialAction":[{"@type":"SearchAction","target":{"@type":"EntryPoint","urlTemplate":"https:\/\/vmcl.space\/blog\/?s={search_term_string}"},"query-input":{"@type":"PropertyValueSpecification","valueRequired":true,"valueName":"search_term_string"}}],"inLanguage":"es-CL"},{"@type":"Organization","@id":"https:\/\/vmcl.space\/blog\/#organization","name":"Virgin Mobile","url":"https:\/\/vmcl.space\/blog\/","logo":{"@type":"ImageObject","inLanguage":"es-CL","@id":"https:\/\/vmcl.space\/blog\/#\/schema\/logo\/image\/","url":"https:\/\/blog.virginmobile.cl\/wp-content\/uploads\/2018\/06\/logo_blog_v4.png","contentUrl":"https:\/\/blog.virginmobile.cl\/wp-content\/uploads\/2018\/06\/logo_blog_v4.png","width":400,"height":400,"caption":"Virgin Mobile"},"image":{"@id":"https:\/\/vmcl.space\/blog\/#\/schema\/logo\/image\/"},"sameAs":["https:\/\/www.facebook.com\/VirginMobileChile\/","https:\/\/x.com\/virginmobile_cl","https:\/\/www.instagram.com\/virginmobile_cl\/","https:\/\/www.linkedin.com\/company\/10255048\/admin\/","https:\/\/www.youtube.com\/user\/VirginMobileChile"]},{"@type":"Person","@id":"https:\/\/vmcl.space\/blog\/#\/schema\/person\/7dd3fe8aa95409efbc0c2651edad922c","name":"Jorge Herrera","image":{"@type":"ImageObject","inLanguage":"es-CL","@id":"https:\/\/secure.gravatar.com\/avatar\/08a675eb2009d32bc8481153d36d8296c68fcc62939ab075bfa2d959ff9025c2?s=96&d=mm&r=g","url":"https:\/\/secure.gravatar.com\/avatar\/08a675eb2009d32bc8481153d36d8296c68fcc62939ab075bfa2d959ff9025c2?s=96&d=mm&r=g","contentUrl":"https:\/\/secure.gravatar.com\/avatar\/08a675eb2009d32bc8481153d36d8296c68fcc62939ab075bfa2d959ff9025c2?s=96&d=mm&r=g","caption":"Jorge Herrera"},"url":"https:\/\/www.virginmobile.cl\/blog\/author\/jorge-herrera\/"}]}},"_links":{"self":[{"href":"https:\/\/www.virginmobile.cl\/blog\/wp-json\/wp\/v2\/posts\/4045","targetHints":{"allow":["GET"]}}],"collection":[{"href":"https:\/\/www.virginmobile.cl\/blog\/wp-json\/wp\/v2\/posts"}],"about":[{"href":"https:\/\/www.virginmobile.cl\/blog\/wp-json\/wp\/v2\/types\/post"}],"author":[{"embeddable":true,"href":"https:\/\/www.virginmobile.cl\/blog\/wp-json\/wp\/v2\/users\/2"}],"replies":[{"embeddable":true,"href":"https:\/\/www.virginmobile.cl\/blog\/wp-json\/wp\/v2\/comments?post=4045"}],"version-history":[{"count":2,"href":"https:\/\/www.virginmobile.cl\/blog\/wp-json\/wp\/v2\/posts\/4045\/revisions"}],"predecessor-version":[{"id":4049,"href":"https:\/\/www.virginmobile.cl\/blog\/wp-json\/wp\/v2\/posts\/4045\/revisions\/4049"}],"wp:featuredmedia":[{"embeddable":true,"href":"https:\/\/www.virginmobile.cl\/blog\/wp-json\/wp\/v2\/media\/4046"}],"wp:attachment":[{"href":"https:\/\/www.virginmobile.cl\/blog\/wp-json\/wp\/v2\/media?parent=4045"}],"wp:term":[{"taxonomy":"category","embeddable":true,"href":"https:\/\/www.virginmobile.cl\/blog\/wp-json\/wp\/v2\/categories?post=4045"},{"taxonomy":"post_tag","embeddable":true,"href":"https:\/\/www.virginmobile.cl\/blog\/wp-json\/wp\/v2\/tags?post=4045"}],"curies":[{"name":"wp","href":"https:\/\/api.w.org\/{rel}","templated":true}]}}