{"id":3911,"date":"2020-10-06T12:07:19","date_gmt":"2020-10-06T16:07:19","guid":{"rendered":"https:\/\/blog.virginmobile.cl\/?p=3911"},"modified":"2022-02-24T14:24:04","modified_gmt":"2022-02-24T18:24:04","slug":"warner-bros-postergo-el-estreno-de-the-batman-y-otras-peliculas-de-dc","status":"publish","type":"post","link":"https:\/\/www.virginmobile.cl\/blog\/cine-peliculas-estrenos\/warner-bros-postergo-el-estreno-de-the-batman-y-otras-peliculas-de-dc\/","title":{"rendered":"Warner Bros posterg\u00f3 el estreno de \u201cThe Batman\u201d y otras pel\u00edculas de DC"},"content":{"rendered":"\n<p>El coronavirus nuevamente hizo su magia en los estrenos m\u00e1s esperados del cine. Primero suspende las grabaciones de \u201cThe Batman\u201d, despu\u00e9s <a href=\"https:\/\/blog.virginmobile.cl\/cine-peliculas-estrenos\/robert-pattinson-se-contagia-de-covid-19-y-the-batman-se-vuelve-a-suspender\">enferma a nuestro nuevo vigilante de Gotham<\/a> y ahora, <strong>posterga la fecha de estreno de un lejano 2021 a un s\u00fapermegalejanos a\u00f1o 2022.\u00a0<\/strong><\/p>\n\n\n\n<p>En el fondo de nuestros corazones, esta noticia ya la ve\u00edamos venir. Recordemos que el reciente debut de \u201c<strong>Tenet\u201d fue un completo desastre<\/strong>, lo que ahuyent\u00f3 a las superproductoras que terminaron moviendo sus fechas de estreno. La primera cinta de Warner Bros en ser postergada, fueron los gusanos de arena de \u201c<a href=\"https:\/\/www.latercera.com\/mouse\/adios-gusanos-de-arena-dune-ahora-fue-postergada-hasta-octubre-de-2021\/\">Dune<\/a>\u201d<strong>, quedando fijada para el 1 de octubre de 2021. <\/strong>Sab\u00edamos que esto ser\u00eda un problema para el caballero de la noche, ya que \u201cThe Batman\u201d estaba fijada para la misma fecha y ninguna compa\u00f1\u00eda pondr\u00eda a competir dos de sus costosas pel\u00edculas en cartelera.\u00a0<\/p>\n\n\n\n<p>Dicho y hecho. Luego de varios rumores, Variety dio a conocer que<strong> la nueva fecha de estreno de la pel\u00edcula dirigida por Matt Reeves, ser\u00e1 para el<\/strong> <strong>4 de marzo del 2022. <\/strong>Ahora tendremos todo un a\u00f1o para esperar a ver a este Batman m\u00e1s oscuro y vengativo. Si a\u00fan no lo haces, pasa a revisar el tr\u00e1iler para que te sientas un poco mejor. \u00a1Est\u00e1 buen\u00edsimo!<\/p>\n\n\n\n<figure class=\"wp-block-embed-youtube wp-block-embed is-type-video is-provider-youtube wp-embed-aspect-16-9 wp-has-aspect-ratio\"><div class=\"wp-block-embed__wrapper\">\n<div class=\"embed-vimeo\"><iframe loading=\"lazy\" title=\"BATMAN Tr\u00e1iler Espa\u00f1ol Latino SUBTITULADO (2021) Robert Pattinson\" width=\"1140\" height=\"641\" src=\"https:\/\/www.youtube.com\/embed\/YNl8yV8oPZM?feature=oembed\" frameborder=\"0\" allow=\"accelerometer; autoplay; clipboard-write; encrypted-media; gyroscope; picture-in-picture\" allowfullscreen><\/iframe><\/div>\n<\/div><\/figure>\n\n\n\n<h2 class=\"wp-block-heading\"><strong>Pel\u00edculas de DC que postergaron sus estrenos<\/strong> al igual que The Batman<\/h2>\n\n\n\n<p>\u201cThe Batman\u201d no es el \u00fanico t\u00edtulo de DC que sufri\u00f3 cambios en su fecha de estreno. Tambi\u00e9n tenemos otros superpersonajes de c\u00f3mics que tendr\u00e1n que esperar en la banca, desde Flash hasta el supervillano Black Adam.&nbsp;<\/p>\n\n\n\n<ul class=\"wp-block-list\"><li><strong>The Flash:<\/strong> Su estreno de junio de 2022 se movi\u00f3 a noviembre de 2022 m\u00e1s r\u00e1pido que Barry Allen.&nbsp;<\/li><\/ul>\n\n\n\n<ul class=\"wp-block-list\"><li><strong>Shazam 2<\/strong>: Con esta s\u00ed que vas a tener que esperar sentado, ya que el estreno de diciembre de 2022, se posterg\u00f3 para junio de 2023. Parece que ahora la furia no ser\u00e1 solo de los dioses.<\/li><\/ul>\n\n\n\n<ul class=\"wp-block-list\"><li><strong>Black Adam<\/strong>: El estreno de la cinta de este supervillano de DC estaba contemplado para diciembre de este a\u00f1o, pero ahora no cuenta con una nueva fecha de estreno. \u00bfSer\u00e1 hora de preocuparnos?<\/li><\/ul>\n\n\n\n<ul class=\"wp-block-list\"><li><strong>Minecraft<\/strong>: S\u00ed, por si no lo sab\u00edas hay una peli del famoso videojuego Minecraft y esperaba ver la luz en marzo de 2022 en la gran pantalla. \u00bfY ahora? No lo s\u00e9 Rick.&nbsp;<\/li><\/ul>\n\n\n\n<p>Pero tranqui que no todas son malas noticias. La Mujer Maravilla le hizo justicia a su nombre luego de ganarle a la pandemia, ya que <strong>\u201cWonder Woman 1984\u201d seguir\u00e1 corriendo con su estreno en las salas de cine para fines de este a\u00f1o<\/strong>. En cuanto a los fan\u00e1ticos de Keanu Reeves, les tenemos un notici\u00f3n. <strong>\u201c<a href=\"https:\/\/cooperativa.cl\/noticias\/entretencion\/cine\/matrix-4-adelanta-su-estreno-en-la-actualizacion-de-calendario-de-warner\/2020-10-06\/090218.html\">The Matrix 4<\/a>\u201d<\/strong> es la \u00fanica pel\u00edcula que adelant\u00f3 su estreno<strong>, pasando de abril de 2020 a la navidad de este 2021. <\/strong>\u00a1Qu\u00e9 mejor regalo!<\/p>\n","protected":false},"excerpt":{"rendered":"<p>El coronavirus nuevamente hizo su magia en los estrenos m\u00e1s esperados del cine. Primero suspende las grabaciones de \u201cThe Batman\u201d, despu\u00e9s enferma a nuestro nuevo vigilante de Gotham y ahora, posterga la fecha de estreno de un lejano 2021 a un s\u00fapermegalejanos a\u00f1o 2022.\u00a0 En el fondo de nuestros corazones, esta noticia ya la ve\u00edamos [&hellip;]<\/p>\n","protected":false},"author":2,"featured_media":3913,"comment_status":"closed","ping_status":"closed","sticky":false,"template":"","format":"standard","meta":{"footnotes":""},"categories":[21],"tags":[733,800,852],"class_list":["post-3911","post","type-post","status-publish","format-standard","has-post-thumbnail","hentry","category-cine-peliculas-estrenos","tag-estreno","tag-the-batman","tag-warner-bros"],"yoast_head":"<!-- This site is optimized with the Yoast SEO plugin v27.2 - https:\/\/yoast.com\/product\/yoast-seo-wordpress\/ -->\n<title>Warner Bros posterg\u00f3 el estreno de \u201cThe Batman\u201d y otras pel\u00edculas de DC<\/title>\n<meta name=\"description\" content=\"\u00a1El coronavirus nuevamente hizo su magia en los estrenos m\u00e1s esperados del cine! El estreno para \u201cThe Batman\u201d se suspende hasta el 2022.\" \/>\n<meta name=\"robots\" content=\"index, follow, max-snippet:-1, max-image-preview:large, max-video-preview:-1\" \/>\n<link rel=\"canonical\" href=\"https:\/\/www.virginmobile.cl\/blog\/cine-peliculas-estrenos\/warner-bros-postergo-el-estreno-de-the-batman-y-otras-peliculas-de-dc\/\" \/>\n<meta property=\"og:locale\" content=\"es_ES\" \/>\n<meta property=\"og:type\" content=\"article\" \/>\n<meta property=\"og:title\" content=\"Warner Bros posterg\u00f3 el estreno de \u201cThe Batman\u201d y otras pel\u00edculas de DC\" \/>\n<meta property=\"og:description\" content=\"\u00a1El coronavirus nuevamente hizo su magia en los estrenos m\u00e1s esperados del cine! El estreno para \u201cThe Batman\u201d se suspende hasta el 2022.\" \/>\n<meta property=\"og:url\" content=\"https:\/\/www.virginmobile.cl\/blog\/cine-peliculas-estrenos\/warner-bros-postergo-el-estreno-de-the-batman-y-otras-peliculas-de-dc\/\" \/>\n<meta property=\"og:site_name\" content=\"Naci\u00f3n Virgin - Virgin Mobile Chile\" \/>\n<meta property=\"article:publisher\" content=\"https:\/\/www.facebook.com\/VirginMobileChile\/\" \/>\n<meta property=\"article:published_time\" content=\"2020-10-06T16:07:19+00:00\" \/>\n<meta property=\"article:modified_time\" content=\"2022-02-24T18:24:04+00:00\" \/>\n<meta property=\"og:image\" content=\"https:\/\/www.virginmobile.cl\/blog\/wp-content\/uploads\/2020\/10\/vblog_layout-2.jpg\" \/>\n\t<meta property=\"og:image:width\" content=\"1200\" \/>\n\t<meta property=\"og:image:height\" content=\"800\" \/>\n\t<meta property=\"og:image:type\" content=\"image\/jpeg\" \/>\n<meta name=\"author\" content=\"Jorge Herrera\" \/>\n<meta name=\"twitter:card\" content=\"summary_large_image\" \/>\n<meta name=\"twitter:creator\" content=\"@virginmobile_cl\" \/>\n<meta name=\"twitter:site\" content=\"@virginmobile_cl\" \/>\n<meta name=\"twitter:label1\" content=\"Escrito por\" \/>\n\t<meta name=\"twitter:data1\" content=\"Jorge Herrera\" \/>\n\t<meta name=\"twitter:label2\" content=\"Tiempo estimado de lectura\" \/>\n\t<meta name=\"twitter:data2\" content=\"2 minutos\" \/>\n<script type=\"application\/ld+json\" class=\"yoast-schema-graph\">{\"@context\":\"https:\/\/schema.org\",\"@graph\":[{\"@type\":\"Article\",\"@id\":\"https:\/\/www.virginmobile.cl\/blog\/cine-peliculas-estrenos\/warner-bros-postergo-el-estreno-de-the-batman-y-otras-peliculas-de-dc\/#article\",\"isPartOf\":{\"@id\":\"https:\/\/www.virginmobile.cl\/blog\/cine-peliculas-estrenos\/warner-bros-postergo-el-estreno-de-the-batman-y-otras-peliculas-de-dc\/\"},\"author\":{\"name\":\"Jorge Herrera\",\"@id\":\"https:\/\/vmcl.space\/blog\/#\/schema\/person\/7dd3fe8aa95409efbc0c2651edad922c\"},\"headline\":\"Warner Bros posterg\u00f3 el estreno de \u201cThe Batman\u201d y otras pel\u00edculas de DC\",\"datePublished\":\"2020-10-06T16:07:19+00:00\",\"dateModified\":\"2022-02-24T18:24:04+00:00\",\"mainEntityOfPage\":{\"@id\":\"https:\/\/www.virginmobile.cl\/blog\/cine-peliculas-estrenos\/warner-bros-postergo-el-estreno-de-the-batman-y-otras-peliculas-de-dc\/\"},\"wordCount\":501,\"publisher\":{\"@id\":\"https:\/\/vmcl.space\/blog\/#organization\"},\"image\":{\"@id\":\"https:\/\/www.virginmobile.cl\/blog\/cine-peliculas-estrenos\/warner-bros-postergo-el-estreno-de-the-batman-y-otras-peliculas-de-dc\/#primaryimage\"},\"thumbnailUrl\":\"https:\/\/www.virginmobile.cl\/blog\/wp-content\/uploads\/2020\/10\/vblog_layout-2.jpg\",\"keywords\":[\"Estreno\",\"The Batman\",\"Warner Bros\"],\"articleSection\":[\"Cine\"],\"inLanguage\":\"es-CL\"},{\"@type\":\"WebPage\",\"@id\":\"https:\/\/www.virginmobile.cl\/blog\/cine-peliculas-estrenos\/warner-bros-postergo-el-estreno-de-the-batman-y-otras-peliculas-de-dc\/\",\"url\":\"https:\/\/www.virginmobile.cl\/blog\/cine-peliculas-estrenos\/warner-bros-postergo-el-estreno-de-the-batman-y-otras-peliculas-de-dc\/\",\"name\":\"Warner Bros posterg\u00f3 el estreno de \u201cThe Batman\u201d y otras pel\u00edculas de DC\",\"isPartOf\":{\"@id\":\"https:\/\/vmcl.space\/blog\/#website\"},\"primaryImageOfPage\":{\"@id\":\"https:\/\/www.virginmobile.cl\/blog\/cine-peliculas-estrenos\/warner-bros-postergo-el-estreno-de-the-batman-y-otras-peliculas-de-dc\/#primaryimage\"},\"image\":{\"@id\":\"https:\/\/www.virginmobile.cl\/blog\/cine-peliculas-estrenos\/warner-bros-postergo-el-estreno-de-the-batman-y-otras-peliculas-de-dc\/#primaryimage\"},\"thumbnailUrl\":\"https:\/\/www.virginmobile.cl\/blog\/wp-content\/uploads\/2020\/10\/vblog_layout-2.jpg\",\"datePublished\":\"2020-10-06T16:07:19+00:00\",\"dateModified\":\"2022-02-24T18:24:04+00:00\",\"description\":\"\u00a1El coronavirus nuevamente hizo su magia en los estrenos m\u00e1s esperados del cine! El estreno para \u201cThe Batman\u201d se suspende hasta el 2022.\",\"breadcrumb\":{\"@id\":\"https:\/\/www.virginmobile.cl\/blog\/cine-peliculas-estrenos\/warner-bros-postergo-el-estreno-de-the-batman-y-otras-peliculas-de-dc\/#breadcrumb\"},\"inLanguage\":\"es-CL\",\"potentialAction\":[{\"@type\":\"ReadAction\",\"target\":[\"https:\/\/www.virginmobile.cl\/blog\/cine-peliculas-estrenos\/warner-bros-postergo-el-estreno-de-the-batman-y-otras-peliculas-de-dc\/\"]}]},{\"@type\":\"ImageObject\",\"inLanguage\":\"es-CL\",\"@id\":\"https:\/\/www.virginmobile.cl\/blog\/cine-peliculas-estrenos\/warner-bros-postergo-el-estreno-de-the-batman-y-otras-peliculas-de-dc\/#primaryimage\",\"url\":\"https:\/\/www.virginmobile.cl\/blog\/wp-content\/uploads\/2020\/10\/vblog_layout-2.jpg\",\"contentUrl\":\"https:\/\/www.virginmobile.cl\/blog\/wp-content\/uploads\/2020\/10\/vblog_layout-2.jpg\",\"width\":1200,\"height\":800,\"caption\":\"Cines Abiertos: Ya puedes ver la nueva pel\u00edcula de Batman\"},{\"@type\":\"BreadcrumbList\",\"@id\":\"https:\/\/www.virginmobile.cl\/blog\/cine-peliculas-estrenos\/warner-bros-postergo-el-estreno-de-the-batman-y-otras-peliculas-de-dc\/#breadcrumb\",\"itemListElement\":[{\"@type\":\"ListItem\",\"position\":1,\"name\":\"Portada\",\"item\":\"https:\/\/vmcl.space\/blog\/\"},{\"@type\":\"ListItem\",\"position\":2,\"name\":\"Warner Bros posterg\u00f3 el estreno de \u201cThe Batman\u201d y otras pel\u00edculas de DC\"}]},{\"@type\":\"WebSite\",\"@id\":\"https:\/\/vmcl.space\/blog\/#website\",\"url\":\"https:\/\/vmcl.space\/blog\/\",\"name\":\"Naci\u00f3n Virgin - Virgin Mobile Chile\",\"description\":\"Lo que pasa ah\u00ed lo sabes aqu\u00ed\",\"publisher\":{\"@id\":\"https:\/\/vmcl.space\/blog\/#organization\"},\"potentialAction\":[{\"@type\":\"SearchAction\",\"target\":{\"@type\":\"EntryPoint\",\"urlTemplate\":\"https:\/\/vmcl.space\/blog\/?s={search_term_string}\"},\"query-input\":{\"@type\":\"PropertyValueSpecification\",\"valueRequired\":true,\"valueName\":\"search_term_string\"}}],\"inLanguage\":\"es-CL\"},{\"@type\":\"Organization\",\"@id\":\"https:\/\/vmcl.space\/blog\/#organization\",\"name\":\"Virgin Mobile\",\"url\":\"https:\/\/vmcl.space\/blog\/\",\"logo\":{\"@type\":\"ImageObject\",\"inLanguage\":\"es-CL\",\"@id\":\"https:\/\/vmcl.space\/blog\/#\/schema\/logo\/image\/\",\"url\":\"https:\/\/blog.virginmobile.cl\/wp-content\/uploads\/2018\/06\/logo_blog_v4.png\",\"contentUrl\":\"https:\/\/blog.virginmobile.cl\/wp-content\/uploads\/2018\/06\/logo_blog_v4.png\",\"width\":400,\"height\":400,\"caption\":\"Virgin Mobile\"},\"image\":{\"@id\":\"https:\/\/vmcl.space\/blog\/#\/schema\/logo\/image\/\"},\"sameAs\":[\"https:\/\/www.facebook.com\/VirginMobileChile\/\",\"https:\/\/x.com\/virginmobile_cl\",\"https:\/\/www.instagram.com\/virginmobile_cl\/\",\"https:\/\/www.linkedin.com\/company\/10255048\/admin\/\",\"https:\/\/www.youtube.com\/user\/VirginMobileChile\"]},{\"@type\":\"Person\",\"@id\":\"https:\/\/vmcl.space\/blog\/#\/schema\/person\/7dd3fe8aa95409efbc0c2651edad922c\",\"name\":\"Jorge Herrera\",\"image\":{\"@type\":\"ImageObject\",\"inLanguage\":\"es-CL\",\"@id\":\"https:\/\/secure.gravatar.com\/avatar\/08a675eb2009d32bc8481153d36d8296c68fcc62939ab075bfa2d959ff9025c2?s=96&d=mm&r=g\",\"url\":\"https:\/\/secure.gravatar.com\/avatar\/08a675eb2009d32bc8481153d36d8296c68fcc62939ab075bfa2d959ff9025c2?s=96&d=mm&r=g\",\"contentUrl\":\"https:\/\/secure.gravatar.com\/avatar\/08a675eb2009d32bc8481153d36d8296c68fcc62939ab075bfa2d959ff9025c2?s=96&d=mm&r=g\",\"caption\":\"Jorge Herrera\"},\"url\":\"https:\/\/www.virginmobile.cl\/blog\/author\/jorge-herrera\/\"}]}<\/script>\n<!-- \/ Yoast SEO plugin. -->","yoast_head_json":{"title":"Warner Bros posterg\u00f3 el estreno de \u201cThe Batman\u201d y otras pel\u00edculas de DC","description":"\u00a1El coronavirus nuevamente hizo su magia en los estrenos m\u00e1s esperados del cine! El estreno para \u201cThe Batman\u201d se suspende hasta el 2022.","robots":{"index":"index","follow":"follow","max-snippet":"max-snippet:-1","max-image-preview":"max-image-preview:large","max-video-preview":"max-video-preview:-1"},"canonical":"https:\/\/www.virginmobile.cl\/blog\/cine-peliculas-estrenos\/warner-bros-postergo-el-estreno-de-the-batman-y-otras-peliculas-de-dc\/","og_locale":"es_ES","og_type":"article","og_title":"Warner Bros posterg\u00f3 el estreno de \u201cThe Batman\u201d y otras pel\u00edculas de DC","og_description":"\u00a1El coronavirus nuevamente hizo su magia en los estrenos m\u00e1s esperados del cine! El estreno para \u201cThe Batman\u201d se suspende hasta el 2022.","og_url":"https:\/\/www.virginmobile.cl\/blog\/cine-peliculas-estrenos\/warner-bros-postergo-el-estreno-de-the-batman-y-otras-peliculas-de-dc\/","og_site_name":"Naci\u00f3n Virgin - Virgin Mobile Chile","article_publisher":"https:\/\/www.facebook.com\/VirginMobileChile\/","article_published_time":"2020-10-06T16:07:19+00:00","article_modified_time":"2022-02-24T18:24:04+00:00","og_image":[{"width":1200,"height":800,"url":"https:\/\/www.virginmobile.cl\/blog\/wp-content\/uploads\/2020\/10\/vblog_layout-2.jpg","type":"image\/jpeg"}],"author":"Jorge Herrera","twitter_card":"summary_large_image","twitter_creator":"@virginmobile_cl","twitter_site":"@virginmobile_cl","twitter_misc":{"Escrito por":"Jorge Herrera","Tiempo estimado de lectura":"2 minutos"},"schema":{"@context":"https:\/\/schema.org","@graph":[{"@type":"Article","@id":"https:\/\/www.virginmobile.cl\/blog\/cine-peliculas-estrenos\/warner-bros-postergo-el-estreno-de-the-batman-y-otras-peliculas-de-dc\/#article","isPartOf":{"@id":"https:\/\/www.virginmobile.cl\/blog\/cine-peliculas-estrenos\/warner-bros-postergo-el-estreno-de-the-batman-y-otras-peliculas-de-dc\/"},"author":{"name":"Jorge Herrera","@id":"https:\/\/vmcl.space\/blog\/#\/schema\/person\/7dd3fe8aa95409efbc0c2651edad922c"},"headline":"Warner Bros posterg\u00f3 el estreno de \u201cThe Batman\u201d y otras pel\u00edculas de DC","datePublished":"2020-10-06T16:07:19+00:00","dateModified":"2022-02-24T18:24:04+00:00","mainEntityOfPage":{"@id":"https:\/\/www.virginmobile.cl\/blog\/cine-peliculas-estrenos\/warner-bros-postergo-el-estreno-de-the-batman-y-otras-peliculas-de-dc\/"},"wordCount":501,"publisher":{"@id":"https:\/\/vmcl.space\/blog\/#organization"},"image":{"@id":"https:\/\/www.virginmobile.cl\/blog\/cine-peliculas-estrenos\/warner-bros-postergo-el-estreno-de-the-batman-y-otras-peliculas-de-dc\/#primaryimage"},"thumbnailUrl":"https:\/\/www.virginmobile.cl\/blog\/wp-content\/uploads\/2020\/10\/vblog_layout-2.jpg","keywords":["Estreno","The Batman","Warner Bros"],"articleSection":["Cine"],"inLanguage":"es-CL"},{"@type":"WebPage","@id":"https:\/\/www.virginmobile.cl\/blog\/cine-peliculas-estrenos\/warner-bros-postergo-el-estreno-de-the-batman-y-otras-peliculas-de-dc\/","url":"https:\/\/www.virginmobile.cl\/blog\/cine-peliculas-estrenos\/warner-bros-postergo-el-estreno-de-the-batman-y-otras-peliculas-de-dc\/","name":"Warner Bros posterg\u00f3 el estreno de \u201cThe Batman\u201d y otras pel\u00edculas de DC","isPartOf":{"@id":"https:\/\/vmcl.space\/blog\/#website"},"primaryImageOfPage":{"@id":"https:\/\/www.virginmobile.cl\/blog\/cine-peliculas-estrenos\/warner-bros-postergo-el-estreno-de-the-batman-y-otras-peliculas-de-dc\/#primaryimage"},"image":{"@id":"https:\/\/www.virginmobile.cl\/blog\/cine-peliculas-estrenos\/warner-bros-postergo-el-estreno-de-the-batman-y-otras-peliculas-de-dc\/#primaryimage"},"thumbnailUrl":"https:\/\/www.virginmobile.cl\/blog\/wp-content\/uploads\/2020\/10\/vblog_layout-2.jpg","datePublished":"2020-10-06T16:07:19+00:00","dateModified":"2022-02-24T18:24:04+00:00","description":"\u00a1El coronavirus nuevamente hizo su magia en los estrenos m\u00e1s esperados del cine! El estreno para \u201cThe Batman\u201d se suspende hasta el 2022.","breadcrumb":{"@id":"https:\/\/www.virginmobile.cl\/blog\/cine-peliculas-estrenos\/warner-bros-postergo-el-estreno-de-the-batman-y-otras-peliculas-de-dc\/#breadcrumb"},"inLanguage":"es-CL","potentialAction":[{"@type":"ReadAction","target":["https:\/\/www.virginmobile.cl\/blog\/cine-peliculas-estrenos\/warner-bros-postergo-el-estreno-de-the-batman-y-otras-peliculas-de-dc\/"]}]},{"@type":"ImageObject","inLanguage":"es-CL","@id":"https:\/\/www.virginmobile.cl\/blog\/cine-peliculas-estrenos\/warner-bros-postergo-el-estreno-de-the-batman-y-otras-peliculas-de-dc\/#primaryimage","url":"https:\/\/www.virginmobile.cl\/blog\/wp-content\/uploads\/2020\/10\/vblog_layout-2.jpg","contentUrl":"https:\/\/www.virginmobile.cl\/blog\/wp-content\/uploads\/2020\/10\/vblog_layout-2.jpg","width":1200,"height":800,"caption":"Cines Abiertos: Ya puedes ver la nueva pel\u00edcula de Batman"},{"@type":"BreadcrumbList","@id":"https:\/\/www.virginmobile.cl\/blog\/cine-peliculas-estrenos\/warner-bros-postergo-el-estreno-de-the-batman-y-otras-peliculas-de-dc\/#breadcrumb","itemListElement":[{"@type":"ListItem","position":1,"name":"Portada","item":"https:\/\/vmcl.space\/blog\/"},{"@type":"ListItem","position":2,"name":"Warner Bros posterg\u00f3 el estreno de \u201cThe Batman\u201d y otras pel\u00edculas de DC"}]},{"@type":"WebSite","@id":"https:\/\/vmcl.space\/blog\/#website","url":"https:\/\/vmcl.space\/blog\/","name":"Naci\u00f3n Virgin - Virgin Mobile Chile","description":"Lo que pasa ah\u00ed lo sabes aqu\u00ed","publisher":{"@id":"https:\/\/vmcl.space\/blog\/#organization"},"potentialAction":[{"@type":"SearchAction","target":{"@type":"EntryPoint","urlTemplate":"https:\/\/vmcl.space\/blog\/?s={search_term_string}"},"query-input":{"@type":"PropertyValueSpecification","valueRequired":true,"valueName":"search_term_string"}}],"inLanguage":"es-CL"},{"@type":"Organization","@id":"https:\/\/vmcl.space\/blog\/#organization","name":"Virgin Mobile","url":"https:\/\/vmcl.space\/blog\/","logo":{"@type":"ImageObject","inLanguage":"es-CL","@id":"https:\/\/vmcl.space\/blog\/#\/schema\/logo\/image\/","url":"https:\/\/blog.virginmobile.cl\/wp-content\/uploads\/2018\/06\/logo_blog_v4.png","contentUrl":"https:\/\/blog.virginmobile.cl\/wp-content\/uploads\/2018\/06\/logo_blog_v4.png","width":400,"height":400,"caption":"Virgin Mobile"},"image":{"@id":"https:\/\/vmcl.space\/blog\/#\/schema\/logo\/image\/"},"sameAs":["https:\/\/www.facebook.com\/VirginMobileChile\/","https:\/\/x.com\/virginmobile_cl","https:\/\/www.instagram.com\/virginmobile_cl\/","https:\/\/www.linkedin.com\/company\/10255048\/admin\/","https:\/\/www.youtube.com\/user\/VirginMobileChile"]},{"@type":"Person","@id":"https:\/\/vmcl.space\/blog\/#\/schema\/person\/7dd3fe8aa95409efbc0c2651edad922c","name":"Jorge Herrera","image":{"@type":"ImageObject","inLanguage":"es-CL","@id":"https:\/\/secure.gravatar.com\/avatar\/08a675eb2009d32bc8481153d36d8296c68fcc62939ab075bfa2d959ff9025c2?s=96&d=mm&r=g","url":"https:\/\/secure.gravatar.com\/avatar\/08a675eb2009d32bc8481153d36d8296c68fcc62939ab075bfa2d959ff9025c2?s=96&d=mm&r=g","contentUrl":"https:\/\/secure.gravatar.com\/avatar\/08a675eb2009d32bc8481153d36d8296c68fcc62939ab075bfa2d959ff9025c2?s=96&d=mm&r=g","caption":"Jorge Herrera"},"url":"https:\/\/www.virginmobile.cl\/blog\/author\/jorge-herrera\/"}]}},"_links":{"self":[{"href":"https:\/\/www.virginmobile.cl\/blog\/wp-json\/wp\/v2\/posts\/3911","targetHints":{"allow":["GET"]}}],"collection":[{"href":"https:\/\/www.virginmobile.cl\/blog\/wp-json\/wp\/v2\/posts"}],"about":[{"href":"https:\/\/www.virginmobile.cl\/blog\/wp-json\/wp\/v2\/types\/post"}],"author":[{"embeddable":true,"href":"https:\/\/www.virginmobile.cl\/blog\/wp-json\/wp\/v2\/users\/2"}],"replies":[{"embeddable":true,"href":"https:\/\/www.virginmobile.cl\/blog\/wp-json\/wp\/v2\/comments?post=3911"}],"version-history":[{"count":2,"href":"https:\/\/www.virginmobile.cl\/blog\/wp-json\/wp\/v2\/posts\/3911\/revisions"}],"predecessor-version":[{"id":3915,"href":"https:\/\/www.virginmobile.cl\/blog\/wp-json\/wp\/v2\/posts\/3911\/revisions\/3915"}],"wp:featuredmedia":[{"embeddable":true,"href":"https:\/\/www.virginmobile.cl\/blog\/wp-json\/wp\/v2\/media\/3913"}],"wp:attachment":[{"href":"https:\/\/www.virginmobile.cl\/blog\/wp-json\/wp\/v2\/media?parent=3911"}],"wp:term":[{"taxonomy":"category","embeddable":true,"href":"https:\/\/www.virginmobile.cl\/blog\/wp-json\/wp\/v2\/categories?post=3911"},{"taxonomy":"post_tag","embeddable":true,"href":"https:\/\/www.virginmobile.cl\/blog\/wp-json\/wp\/v2\/tags?post=3911"}],"curies":[{"name":"wp","href":"https:\/\/api.w.org\/{rel}","templated":true}]}}