{"id":3764,"date":"2020-09-16T10:56:46","date_gmt":"2020-09-16T14:56:46","guid":{"rendered":"https:\/\/blog.virginmobile.cl\/?p=3764"},"modified":"2022-02-24T14:33:55","modified_gmt":"2022-02-24T18:33:55","slug":"netflix-libero-el-primer-trailer-de-el-juicio-de-los-7-de-chicago","status":"publish","type":"post","link":"https:\/\/www.virginmobile.cl\/blog\/series\/netflix-chile\/netflix-libero-el-primer-trailer-de-el-juicio-de-los-7-de-chicago\/","title":{"rendered":"Netflix liber\u00f3 el primer tr\u00e1iler de \u201cEl Juicio de los 7 de Chicago\u201d"},"content":{"rendered":"\n<p>En el \u00faltimo tiempo, <a href=\"https:\/\/blog.virginmobile.cl\/series\/netflix\/conoce-los-estrenos-de-netflix-para-septiembre\">Netflix se ha lucido<\/a>. La plataforma de streaming nos est\u00e1 sorprendiendo cada vez m\u00e1s con pel\u00edculas de otro nivel, ganadoras de estatuillas e incluso con estrenos que han adquirido de manos de grandes productoras que, por el coronavirus, no han podido llegar a la gran pantalla. Este es el caso de <strong>\u201cEl Juicio de los 7 de Chicago\u201d y que ya cuenta con tr\u00e1iler y fecha oficial.\u00a0<\/strong><\/p>\n\n\n\n<p>Puro ingenio y el mejor guionista de la generaci\u00f3n. No es algo que debamos discutir, ya que los trabajos de<strong> <a href=\"https:\/\/www.tekcrispy.com\/2020\/08\/25\/the-west-wing-aaron-sorkin\/\">Aaron Sorkin<\/a> <\/strong>siempre est\u00e1n cargados de fuerza y guiones cautivadores. Cintas como <strong>\u201cLa Red Social\u201d<\/strong> y la serie de televisi\u00f3n <strong>\u201cEl Ala oeste de la Casa Blanca\u201d<\/strong> lo respaldan. Sus personajes sin duda tienen algo que decir, y nosotros, los escuchamos con gusto. Ahora es el turno de <strong>\u201cEl Juicio de los 7 de Chicago\u201d<\/strong>, una pel\u00edcula de drama judicial donde <strong>Sorkin se luce por segunda vez como director.<\/strong><\/p>\n\n\n\n<h2 class=\"wp-block-heading\"><strong>Sinopsis \u201cEl Juicio de los 7 de Chicago\u201d<\/strong><\/h2>\n\n\n\n<p><strong>\u00a1Todo el mundo est\u00e1 mirando! <\/strong>Esta es la consigna que se repite una y otra vez en el primer tr\u00e1iler oficial que liber\u00f3 Netflix.&nbsp;<\/p>\n\n\n\n<p>Basada en hechos reales, la pel\u00edcula nos trae un hecho hist\u00f3rico que nos remonta a la <strong>revolucionaria d\u00e9cada de los 60<\/strong>. Fue en Illinois, <strong>Chicago<\/strong>, donde una protesta pac\u00edfica en la Convenci\u00f3n Nacional del partido dem\u00f3crata, se desat\u00f3 y <strong>termin\u00f3 con siete personas arrestadas por \u201cconspirar contra la seguridad nacional\u201d<\/strong>. Obvio que despu\u00e9s del arresto, se dio pie a un mont\u00f3n de revueltas sociales que terminaron siendo claves para la historia norteamericana.\u00a0<\/p>\n\n\n\n<figure class=\"wp-block-embed-youtube wp-block-embed is-type-video is-provider-youtube wp-embed-aspect-16-9 wp-has-aspect-ratio\"><div class=\"wp-block-embed__wrapper\">\n<div class=\"embed-vimeo\"><iframe loading=\"lazy\" title=\"El juicio de los 7 de Chicago | Avance oficial | Pel\u00edcula de Netflix\" width=\"1140\" height=\"641\" src=\"https:\/\/www.youtube.com\/embed\/eehmCkI4a54?feature=oembed\" frameborder=\"0\" allow=\"accelerometer; autoplay; clipboard-write; encrypted-media; gyroscope; picture-in-picture\" allowfullscreen><\/iframe><\/div> \n<\/div><\/figure>\n\n\n\n<p>El elenco principal de la peli est\u00e1 compuesto por actores de categor\u00eda, como <strong>Eddie Redmayne, Joseph Gordon-Levitt, Mark Rylance, Sacha Baron Cohen, Alex Sharp, Jeremy Strong, John Carroll Lynch, Yahya Abdul-Mateen II,\u00a0 Frank Langella <\/strong>y<strong> Michael Keaton.\u00a0<\/strong><\/p>\n\n\n\n<h3 class=\"wp-block-heading\"><strong>Fecha de estreno en Netflix<\/strong><\/h3>\n\n\n\n<p>En un comienzo, la pel\u00edcula hist\u00f3rica ten\u00eda planes m\u00e1s grandes y esperaba estrenarse en las salas de cine, pero la pandemia, como todo en nuestras vidas, lo arruin\u00f3. \u00a1Lo sentimos Paramount!&nbsp;<\/p>\n\n\n\n<p>Netflix fue el salvador que termin\u00f3 comprando los derechos del largometraje y ahora <strong>se estrenar\u00e1 en la peque\u00f1a pantalla el 16 de octubre. <\/strong>\u00a1<a href=\"https:\/\/www.netflix.com\/search?q=el%20juicio%20de%20los%207&amp;jbv=81043755\">Activa la campanita<\/a> para que seas uno de los primeros en verla!\u00a0<\/p>\n\n\n\n<figure class=\"wp-block-image size-large\"><img loading=\"lazy\" decoding=\"async\" width=\"692\" height=\"1024\" src=\"https:\/\/blog.virginmobile.cl\/wp-content\/uploads\/2020\/09\/afiche-692x1024.jpg\" alt=\"\" class=\"wp-image-3767\" srcset=\"https:\/\/www.virginmobile.cl\/blog\/wp-content\/uploads\/2020\/09\/afiche-692x1024.jpg 692w, https:\/\/www.virginmobile.cl\/blog\/wp-content\/uploads\/2020\/09\/afiche-203x300.jpg 203w, https:\/\/www.virginmobile.cl\/blog\/wp-content\/uploads\/2020\/09\/afiche.jpg 700w\" sizes=\"auto, (max-width: 692px) 100vw, 692px\" \/><\/figure>\n\n\n\n<p><\/p>\n","protected":false},"excerpt":{"rendered":"<p>En el \u00faltimo tiempo, Netflix se ha lucido. La plataforma de streaming nos est\u00e1 sorprendiendo cada vez m\u00e1s con pel\u00edculas de otro nivel, ganadoras de estatuillas e incluso con estrenos que han adquirido de manos de grandes productoras que, por el coronavirus, no han podido llegar a la gran pantalla. Este es el caso de [&hellip;]<\/p>\n","protected":false},"author":2,"featured_media":3765,"comment_status":"closed","ping_status":"closed","sticky":false,"template":"","format":"standard","meta":{"footnotes":""},"categories":[21,718],"tags":[830,258,255],"class_list":["post-3764","post","type-post","status-publish","format-standard","has-post-thumbnail","hentry","category-cine-peliculas-estrenos","category-netflix-chile","tag-el-juicio-de-los-7-de-chicago","tag-estrenos","tag-netflix"],"yoast_head":"<!-- This site is optimized with the Yoast SEO plugin v27.2 - https:\/\/yoast.com\/product\/yoast-seo-wordpress\/ -->\n<title>Netflix liber\u00f3 el primer tr\u00e1iler de \u201cEl Juicio de los 7 de Chicago\u201d<\/title>\n<meta name=\"description\" content=\"La nueva pel\u00edcula de Netflix \u201cEl Juicio de los 7 de Chicago\u201d, ya cuenta con tr\u00e1iler y fecha oficial. \u00a1Ent\u00e9rate de todo aqu\u00ed en Naci\u00f3n Virgin!\" \/>\n<meta name=\"robots\" content=\"index, follow, max-snippet:-1, max-image-preview:large, max-video-preview:-1\" \/>\n<link rel=\"canonical\" href=\"https:\/\/www.virginmobile.cl\/blog\/series\/netflix-chile\/netflix-libero-el-primer-trailer-de-el-juicio-de-los-7-de-chicago\/\" \/>\n<meta property=\"og:locale\" content=\"es_ES\" \/>\n<meta property=\"og:type\" content=\"article\" \/>\n<meta property=\"og:title\" content=\"Netflix liber\u00f3 el primer tr\u00e1iler de \u201cEl Juicio de los 7 de Chicago\u201d\" \/>\n<meta property=\"og:description\" content=\"La nueva pel\u00edcula de Netflix \u201cEl Juicio de los 7 de Chicago\u201d, ya cuenta con tr\u00e1iler y fecha oficial. \u00a1Ent\u00e9rate de todo aqu\u00ed en Naci\u00f3n Virgin!\" \/>\n<meta property=\"og:url\" content=\"https:\/\/www.virginmobile.cl\/blog\/series\/netflix-chile\/netflix-libero-el-primer-trailer-de-el-juicio-de-los-7-de-chicago\/\" \/>\n<meta property=\"og:site_name\" content=\"Naci\u00f3n Virgin - Virgin Mobile Chile\" \/>\n<meta property=\"article:publisher\" content=\"https:\/\/www.facebook.com\/VirginMobileChile\/\" \/>\n<meta property=\"article:published_time\" content=\"2020-09-16T14:56:46+00:00\" \/>\n<meta property=\"article:modified_time\" content=\"2022-02-24T18:33:55+00:00\" \/>\n<meta property=\"og:image\" content=\"https:\/\/www.virginmobile.cl\/blog\/wp-content\/uploads\/2020\/09\/vblog_layout-10.jpg\" \/>\n\t<meta property=\"og:image:width\" content=\"1200\" \/>\n\t<meta property=\"og:image:height\" content=\"800\" \/>\n\t<meta property=\"og:image:type\" content=\"image\/jpeg\" \/>\n<meta name=\"author\" content=\"Jorge Herrera\" \/>\n<meta name=\"twitter:card\" content=\"summary_large_image\" \/>\n<meta name=\"twitter:creator\" content=\"@virginmobile_cl\" \/>\n<meta name=\"twitter:site\" content=\"@virginmobile_cl\" \/>\n<meta name=\"twitter:label1\" content=\"Escrito por\" \/>\n\t<meta name=\"twitter:data1\" content=\"Jorge Herrera\" \/>\n\t<meta name=\"twitter:label2\" content=\"Tiempo estimado de lectura\" \/>\n\t<meta name=\"twitter:data2\" content=\"2 minutos\" \/>\n<script type=\"application\/ld+json\" class=\"yoast-schema-graph\">{\"@context\":\"https:\/\/schema.org\",\"@graph\":[{\"@type\":\"Article\",\"@id\":\"https:\/\/www.virginmobile.cl\/blog\/series\/netflix-chile\/netflix-libero-el-primer-trailer-de-el-juicio-de-los-7-de-chicago\/#article\",\"isPartOf\":{\"@id\":\"https:\/\/www.virginmobile.cl\/blog\/series\/netflix-chile\/netflix-libero-el-primer-trailer-de-el-juicio-de-los-7-de-chicago\/\"},\"author\":{\"name\":\"Jorge Herrera\",\"@id\":\"https:\/\/vmcl.space\/blog\/#\/schema\/person\/7dd3fe8aa95409efbc0c2651edad922c\"},\"headline\":\"Netflix liber\u00f3 el primer tr\u00e1iler de \u201cEl Juicio de los 7 de Chicago\u201d\",\"datePublished\":\"2020-09-16T14:56:46+00:00\",\"dateModified\":\"2022-02-24T18:33:55+00:00\",\"mainEntityOfPage\":{\"@id\":\"https:\/\/www.virginmobile.cl\/blog\/series\/netflix-chile\/netflix-libero-el-primer-trailer-de-el-juicio-de-los-7-de-chicago\/\"},\"wordCount\":416,\"publisher\":{\"@id\":\"https:\/\/vmcl.space\/blog\/#organization\"},\"image\":{\"@id\":\"https:\/\/www.virginmobile.cl\/blog\/series\/netflix-chile\/netflix-libero-el-primer-trailer-de-el-juicio-de-los-7-de-chicago\/#primaryimage\"},\"thumbnailUrl\":\"https:\/\/www.virginmobile.cl\/blog\/wp-content\/uploads\/2020\/09\/vblog_layout-10.jpg\",\"keywords\":[\"El juicio de los 7 de Chicago\",\"estrenos\",\"netflix\"],\"articleSection\":[\"Cine\",\"Netflix Chile\"],\"inLanguage\":\"es-CL\"},{\"@type\":\"WebPage\",\"@id\":\"https:\/\/www.virginmobile.cl\/blog\/series\/netflix-chile\/netflix-libero-el-primer-trailer-de-el-juicio-de-los-7-de-chicago\/\",\"url\":\"https:\/\/www.virginmobile.cl\/blog\/series\/netflix-chile\/netflix-libero-el-primer-trailer-de-el-juicio-de-los-7-de-chicago\/\",\"name\":\"Netflix liber\u00f3 el primer tr\u00e1iler de \u201cEl Juicio de los 7 de Chicago\u201d\",\"isPartOf\":{\"@id\":\"https:\/\/vmcl.space\/blog\/#website\"},\"primaryImageOfPage\":{\"@id\":\"https:\/\/www.virginmobile.cl\/blog\/series\/netflix-chile\/netflix-libero-el-primer-trailer-de-el-juicio-de-los-7-de-chicago\/#primaryimage\"},\"image\":{\"@id\":\"https:\/\/www.virginmobile.cl\/blog\/series\/netflix-chile\/netflix-libero-el-primer-trailer-de-el-juicio-de-los-7-de-chicago\/#primaryimage\"},\"thumbnailUrl\":\"https:\/\/www.virginmobile.cl\/blog\/wp-content\/uploads\/2020\/09\/vblog_layout-10.jpg\",\"datePublished\":\"2020-09-16T14:56:46+00:00\",\"dateModified\":\"2022-02-24T18:33:55+00:00\",\"description\":\"La nueva pel\u00edcula de Netflix \u201cEl Juicio de los 7 de Chicago\u201d, ya cuenta con tr\u00e1iler y fecha oficial. \u00a1Ent\u00e9rate de todo aqu\u00ed en Naci\u00f3n Virgin!\",\"breadcrumb\":{\"@id\":\"https:\/\/www.virginmobile.cl\/blog\/series\/netflix-chile\/netflix-libero-el-primer-trailer-de-el-juicio-de-los-7-de-chicago\/#breadcrumb\"},\"inLanguage\":\"es-CL\",\"potentialAction\":[{\"@type\":\"ReadAction\",\"target\":[\"https:\/\/www.virginmobile.cl\/blog\/series\/netflix-chile\/netflix-libero-el-primer-trailer-de-el-juicio-de-los-7-de-chicago\/\"]}]},{\"@type\":\"ImageObject\",\"inLanguage\":\"es-CL\",\"@id\":\"https:\/\/www.virginmobile.cl\/blog\/series\/netflix-chile\/netflix-libero-el-primer-trailer-de-el-juicio-de-los-7-de-chicago\/#primaryimage\",\"url\":\"https:\/\/www.virginmobile.cl\/blog\/wp-content\/uploads\/2020\/09\/vblog_layout-10.jpg\",\"contentUrl\":\"https:\/\/www.virginmobile.cl\/blog\/wp-content\/uploads\/2020\/09\/vblog_layout-10.jpg\",\"width\":1200,\"height\":800,\"caption\":\"Netflix liber\u00f3 el primer tr\u00e1iler de \u201cEl Juicio de los 7 de Chicago\u201d\"},{\"@type\":\"BreadcrumbList\",\"@id\":\"https:\/\/www.virginmobile.cl\/blog\/series\/netflix-chile\/netflix-libero-el-primer-trailer-de-el-juicio-de-los-7-de-chicago\/#breadcrumb\",\"itemListElement\":[{\"@type\":\"ListItem\",\"position\":1,\"name\":\"Portada\",\"item\":\"https:\/\/vmcl.space\/blog\/\"},{\"@type\":\"ListItem\",\"position\":2,\"name\":\"Netflix liber\u00f3 el primer tr\u00e1iler de \u201cEl Juicio de los 7 de Chicago\u201d\"}]},{\"@type\":\"WebSite\",\"@id\":\"https:\/\/vmcl.space\/blog\/#website\",\"url\":\"https:\/\/vmcl.space\/blog\/\",\"name\":\"Naci\u00f3n Virgin - Virgin Mobile Chile\",\"description\":\"Lo que pasa ah\u00ed lo sabes aqu\u00ed\",\"publisher\":{\"@id\":\"https:\/\/vmcl.space\/blog\/#organization\"},\"potentialAction\":[{\"@type\":\"SearchAction\",\"target\":{\"@type\":\"EntryPoint\",\"urlTemplate\":\"https:\/\/vmcl.space\/blog\/?s={search_term_string}\"},\"query-input\":{\"@type\":\"PropertyValueSpecification\",\"valueRequired\":true,\"valueName\":\"search_term_string\"}}],\"inLanguage\":\"es-CL\"},{\"@type\":\"Organization\",\"@id\":\"https:\/\/vmcl.space\/blog\/#organization\",\"name\":\"Virgin Mobile\",\"url\":\"https:\/\/vmcl.space\/blog\/\",\"logo\":{\"@type\":\"ImageObject\",\"inLanguage\":\"es-CL\",\"@id\":\"https:\/\/vmcl.space\/blog\/#\/schema\/logo\/image\/\",\"url\":\"https:\/\/blog.virginmobile.cl\/wp-content\/uploads\/2018\/06\/logo_blog_v4.png\",\"contentUrl\":\"https:\/\/blog.virginmobile.cl\/wp-content\/uploads\/2018\/06\/logo_blog_v4.png\",\"width\":400,\"height\":400,\"caption\":\"Virgin Mobile\"},\"image\":{\"@id\":\"https:\/\/vmcl.space\/blog\/#\/schema\/logo\/image\/\"},\"sameAs\":[\"https:\/\/www.facebook.com\/VirginMobileChile\/\",\"https:\/\/x.com\/virginmobile_cl\",\"https:\/\/www.instagram.com\/virginmobile_cl\/\",\"https:\/\/www.linkedin.com\/company\/10255048\/admin\/\",\"https:\/\/www.youtube.com\/user\/VirginMobileChile\"]},{\"@type\":\"Person\",\"@id\":\"https:\/\/vmcl.space\/blog\/#\/schema\/person\/7dd3fe8aa95409efbc0c2651edad922c\",\"name\":\"Jorge Herrera\",\"image\":{\"@type\":\"ImageObject\",\"inLanguage\":\"es-CL\",\"@id\":\"https:\/\/secure.gravatar.com\/avatar\/08a675eb2009d32bc8481153d36d8296c68fcc62939ab075bfa2d959ff9025c2?s=96&d=mm&r=g\",\"url\":\"https:\/\/secure.gravatar.com\/avatar\/08a675eb2009d32bc8481153d36d8296c68fcc62939ab075bfa2d959ff9025c2?s=96&d=mm&r=g\",\"contentUrl\":\"https:\/\/secure.gravatar.com\/avatar\/08a675eb2009d32bc8481153d36d8296c68fcc62939ab075bfa2d959ff9025c2?s=96&d=mm&r=g\",\"caption\":\"Jorge Herrera\"},\"url\":\"https:\/\/www.virginmobile.cl\/blog\/author\/jorge-herrera\/\"}]}<\/script>\n<!-- \/ Yoast SEO plugin. -->","yoast_head_json":{"title":"Netflix liber\u00f3 el primer tr\u00e1iler de \u201cEl Juicio de los 7 de Chicago\u201d","description":"La nueva pel\u00edcula de Netflix \u201cEl Juicio de los 7 de Chicago\u201d, ya cuenta con tr\u00e1iler y fecha oficial. \u00a1Ent\u00e9rate de todo aqu\u00ed en Naci\u00f3n Virgin!","robots":{"index":"index","follow":"follow","max-snippet":"max-snippet:-1","max-image-preview":"max-image-preview:large","max-video-preview":"max-video-preview:-1"},"canonical":"https:\/\/www.virginmobile.cl\/blog\/series\/netflix-chile\/netflix-libero-el-primer-trailer-de-el-juicio-de-los-7-de-chicago\/","og_locale":"es_ES","og_type":"article","og_title":"Netflix liber\u00f3 el primer tr\u00e1iler de \u201cEl Juicio de los 7 de Chicago\u201d","og_description":"La nueva pel\u00edcula de Netflix \u201cEl Juicio de los 7 de Chicago\u201d, ya cuenta con tr\u00e1iler y fecha oficial. \u00a1Ent\u00e9rate de todo aqu\u00ed en Naci\u00f3n Virgin!","og_url":"https:\/\/www.virginmobile.cl\/blog\/series\/netflix-chile\/netflix-libero-el-primer-trailer-de-el-juicio-de-los-7-de-chicago\/","og_site_name":"Naci\u00f3n Virgin - Virgin Mobile Chile","article_publisher":"https:\/\/www.facebook.com\/VirginMobileChile\/","article_published_time":"2020-09-16T14:56:46+00:00","article_modified_time":"2022-02-24T18:33:55+00:00","og_image":[{"width":1200,"height":800,"url":"https:\/\/www.virginmobile.cl\/blog\/wp-content\/uploads\/2020\/09\/vblog_layout-10.jpg","type":"image\/jpeg"}],"author":"Jorge Herrera","twitter_card":"summary_large_image","twitter_creator":"@virginmobile_cl","twitter_site":"@virginmobile_cl","twitter_misc":{"Escrito por":"Jorge Herrera","Tiempo estimado de lectura":"2 minutos"},"schema":{"@context":"https:\/\/schema.org","@graph":[{"@type":"Article","@id":"https:\/\/www.virginmobile.cl\/blog\/series\/netflix-chile\/netflix-libero-el-primer-trailer-de-el-juicio-de-los-7-de-chicago\/#article","isPartOf":{"@id":"https:\/\/www.virginmobile.cl\/blog\/series\/netflix-chile\/netflix-libero-el-primer-trailer-de-el-juicio-de-los-7-de-chicago\/"},"author":{"name":"Jorge Herrera","@id":"https:\/\/vmcl.space\/blog\/#\/schema\/person\/7dd3fe8aa95409efbc0c2651edad922c"},"headline":"Netflix liber\u00f3 el primer tr\u00e1iler de \u201cEl Juicio de los 7 de Chicago\u201d","datePublished":"2020-09-16T14:56:46+00:00","dateModified":"2022-02-24T18:33:55+00:00","mainEntityOfPage":{"@id":"https:\/\/www.virginmobile.cl\/blog\/series\/netflix-chile\/netflix-libero-el-primer-trailer-de-el-juicio-de-los-7-de-chicago\/"},"wordCount":416,"publisher":{"@id":"https:\/\/vmcl.space\/blog\/#organization"},"image":{"@id":"https:\/\/www.virginmobile.cl\/blog\/series\/netflix-chile\/netflix-libero-el-primer-trailer-de-el-juicio-de-los-7-de-chicago\/#primaryimage"},"thumbnailUrl":"https:\/\/www.virginmobile.cl\/blog\/wp-content\/uploads\/2020\/09\/vblog_layout-10.jpg","keywords":["El juicio de los 7 de Chicago","estrenos","netflix"],"articleSection":["Cine","Netflix Chile"],"inLanguage":"es-CL"},{"@type":"WebPage","@id":"https:\/\/www.virginmobile.cl\/blog\/series\/netflix-chile\/netflix-libero-el-primer-trailer-de-el-juicio-de-los-7-de-chicago\/","url":"https:\/\/www.virginmobile.cl\/blog\/series\/netflix-chile\/netflix-libero-el-primer-trailer-de-el-juicio-de-los-7-de-chicago\/","name":"Netflix liber\u00f3 el primer tr\u00e1iler de \u201cEl Juicio de los 7 de Chicago\u201d","isPartOf":{"@id":"https:\/\/vmcl.space\/blog\/#website"},"primaryImageOfPage":{"@id":"https:\/\/www.virginmobile.cl\/blog\/series\/netflix-chile\/netflix-libero-el-primer-trailer-de-el-juicio-de-los-7-de-chicago\/#primaryimage"},"image":{"@id":"https:\/\/www.virginmobile.cl\/blog\/series\/netflix-chile\/netflix-libero-el-primer-trailer-de-el-juicio-de-los-7-de-chicago\/#primaryimage"},"thumbnailUrl":"https:\/\/www.virginmobile.cl\/blog\/wp-content\/uploads\/2020\/09\/vblog_layout-10.jpg","datePublished":"2020-09-16T14:56:46+00:00","dateModified":"2022-02-24T18:33:55+00:00","description":"La nueva pel\u00edcula de Netflix \u201cEl Juicio de los 7 de Chicago\u201d, ya cuenta con tr\u00e1iler y fecha oficial. \u00a1Ent\u00e9rate de todo aqu\u00ed en Naci\u00f3n Virgin!","breadcrumb":{"@id":"https:\/\/www.virginmobile.cl\/blog\/series\/netflix-chile\/netflix-libero-el-primer-trailer-de-el-juicio-de-los-7-de-chicago\/#breadcrumb"},"inLanguage":"es-CL","potentialAction":[{"@type":"ReadAction","target":["https:\/\/www.virginmobile.cl\/blog\/series\/netflix-chile\/netflix-libero-el-primer-trailer-de-el-juicio-de-los-7-de-chicago\/"]}]},{"@type":"ImageObject","inLanguage":"es-CL","@id":"https:\/\/www.virginmobile.cl\/blog\/series\/netflix-chile\/netflix-libero-el-primer-trailer-de-el-juicio-de-los-7-de-chicago\/#primaryimage","url":"https:\/\/www.virginmobile.cl\/blog\/wp-content\/uploads\/2020\/09\/vblog_layout-10.jpg","contentUrl":"https:\/\/www.virginmobile.cl\/blog\/wp-content\/uploads\/2020\/09\/vblog_layout-10.jpg","width":1200,"height":800,"caption":"Netflix liber\u00f3 el primer tr\u00e1iler de \u201cEl Juicio de los 7 de Chicago\u201d"},{"@type":"BreadcrumbList","@id":"https:\/\/www.virginmobile.cl\/blog\/series\/netflix-chile\/netflix-libero-el-primer-trailer-de-el-juicio-de-los-7-de-chicago\/#breadcrumb","itemListElement":[{"@type":"ListItem","position":1,"name":"Portada","item":"https:\/\/vmcl.space\/blog\/"},{"@type":"ListItem","position":2,"name":"Netflix liber\u00f3 el primer tr\u00e1iler de \u201cEl Juicio de los 7 de Chicago\u201d"}]},{"@type":"WebSite","@id":"https:\/\/vmcl.space\/blog\/#website","url":"https:\/\/vmcl.space\/blog\/","name":"Naci\u00f3n Virgin - Virgin Mobile Chile","description":"Lo que pasa ah\u00ed lo sabes aqu\u00ed","publisher":{"@id":"https:\/\/vmcl.space\/blog\/#organization"},"potentialAction":[{"@type":"SearchAction","target":{"@type":"EntryPoint","urlTemplate":"https:\/\/vmcl.space\/blog\/?s={search_term_string}"},"query-input":{"@type":"PropertyValueSpecification","valueRequired":true,"valueName":"search_term_string"}}],"inLanguage":"es-CL"},{"@type":"Organization","@id":"https:\/\/vmcl.space\/blog\/#organization","name":"Virgin Mobile","url":"https:\/\/vmcl.space\/blog\/","logo":{"@type":"ImageObject","inLanguage":"es-CL","@id":"https:\/\/vmcl.space\/blog\/#\/schema\/logo\/image\/","url":"https:\/\/blog.virginmobile.cl\/wp-content\/uploads\/2018\/06\/logo_blog_v4.png","contentUrl":"https:\/\/blog.virginmobile.cl\/wp-content\/uploads\/2018\/06\/logo_blog_v4.png","width":400,"height":400,"caption":"Virgin Mobile"},"image":{"@id":"https:\/\/vmcl.space\/blog\/#\/schema\/logo\/image\/"},"sameAs":["https:\/\/www.facebook.com\/VirginMobileChile\/","https:\/\/x.com\/virginmobile_cl","https:\/\/www.instagram.com\/virginmobile_cl\/","https:\/\/www.linkedin.com\/company\/10255048\/admin\/","https:\/\/www.youtube.com\/user\/VirginMobileChile"]},{"@type":"Person","@id":"https:\/\/vmcl.space\/blog\/#\/schema\/person\/7dd3fe8aa95409efbc0c2651edad922c","name":"Jorge Herrera","image":{"@type":"ImageObject","inLanguage":"es-CL","@id":"https:\/\/secure.gravatar.com\/avatar\/08a675eb2009d32bc8481153d36d8296c68fcc62939ab075bfa2d959ff9025c2?s=96&d=mm&r=g","url":"https:\/\/secure.gravatar.com\/avatar\/08a675eb2009d32bc8481153d36d8296c68fcc62939ab075bfa2d959ff9025c2?s=96&d=mm&r=g","contentUrl":"https:\/\/secure.gravatar.com\/avatar\/08a675eb2009d32bc8481153d36d8296c68fcc62939ab075bfa2d959ff9025c2?s=96&d=mm&r=g","caption":"Jorge Herrera"},"url":"https:\/\/www.virginmobile.cl\/blog\/author\/jorge-herrera\/"}]}},"_links":{"self":[{"href":"https:\/\/www.virginmobile.cl\/blog\/wp-json\/wp\/v2\/posts\/3764","targetHints":{"allow":["GET"]}}],"collection":[{"href":"https:\/\/www.virginmobile.cl\/blog\/wp-json\/wp\/v2\/posts"}],"about":[{"href":"https:\/\/www.virginmobile.cl\/blog\/wp-json\/wp\/v2\/types\/post"}],"author":[{"embeddable":true,"href":"https:\/\/www.virginmobile.cl\/blog\/wp-json\/wp\/v2\/users\/2"}],"replies":[{"embeddable":true,"href":"https:\/\/www.virginmobile.cl\/blog\/wp-json\/wp\/v2\/comments?post=3764"}],"version-history":[{"count":1,"href":"https:\/\/www.virginmobile.cl\/blog\/wp-json\/wp\/v2\/posts\/3764\/revisions"}],"predecessor-version":[{"id":3768,"href":"https:\/\/www.virginmobile.cl\/blog\/wp-json\/wp\/v2\/posts\/3764\/revisions\/3768"}],"wp:featuredmedia":[{"embeddable":true,"href":"https:\/\/www.virginmobile.cl\/blog\/wp-json\/wp\/v2\/media\/3765"}],"wp:attachment":[{"href":"https:\/\/www.virginmobile.cl\/blog\/wp-json\/wp\/v2\/media?parent=3764"}],"wp:term":[{"taxonomy":"category","embeddable":true,"href":"https:\/\/www.virginmobile.cl\/blog\/wp-json\/wp\/v2\/categories?post=3764"},{"taxonomy":"post_tag","embeddable":true,"href":"https:\/\/www.virginmobile.cl\/blog\/wp-json\/wp\/v2\/tags?post=3764"}],"curies":[{"name":"wp","href":"https:\/\/api.w.org\/{rel}","templated":true}]}}