{"id":3701,"date":"2020-09-04T12:40:44","date_gmt":"2020-09-04T16:40:44","guid":{"rendered":"https:\/\/blog.virginmobile.cl\/?p=3701"},"modified":"2022-02-24T14:34:19","modified_gmt":"2022-02-24T18:34:19","slug":"robert-pattinson-se-contagia-de-covid-19-y-the-batman-se-vuelve-a-suspender","status":"publish","type":"post","link":"https:\/\/www.virginmobile.cl\/blog\/cine-peliculas-estrenos\/robert-pattinson-se-contagia-de-covid-19-y-the-batman-se-vuelve-a-suspender\/","title":{"rendered":"Robert Pattinson se contagia de COVID-19 y \u201cThe Batman\u201d se vuelve a suspender"},"content":{"rendered":"\n<p>\u00a1No otra vez! A ra\u00edz de la pandemia y la cuarentena, la producci\u00f3n de \u2018The Batman\u2019 ya hab\u00eda sufrido un retraso en su filmaci\u00f3n durante marzo. Cuando pensamos que ya todo estaba en orden y luego de un tr\u00e1iler que termin\u00f3 aclarando nuestras dudas con respecto a Pattinson, la naci\u00f3n del coronavirus atac\u00f3 nuevamente, pero esta vez, <strong>a uno de sus protagonistas.<\/strong><\/p>\n\n\n\n<p>La triste noticia lleg\u00f3 a trav\u00e9s de un comunicado de un representante de la compa\u00f1\u00eda: <em>\u201cUn miembro de la producci\u00f3n de \u2018The Batman\u2019 ha dado positivo por COVID-19 y est\u00e1 en aislamiento conforme a los protocolos establecidos. El rodaje est\u00e1 pausado temporalmente\u201d.&nbsp; <\/em>\u00bfDe qui\u00e9n podr\u00eda tratarse?<\/p>\n\n\n\n<p><strong>Warner Bros no quiso profundizar m\u00e1s en el tema y no ha dado nuevas noticias al respecto<\/strong>, pero fue un descarado <a href=\"https:\/\/www.vanityfair.com\/hollywood\/2020\/09\/09\/robert-pattinson-the-batman-coronavirus\">Vanity Fair<\/a> qui\u00e9n comparti\u00f3 la noticia al mundo, confirmando que el miembro de la producci\u00f3n que dio positivo, no es nada m\u00e1s ni nada menos que el mism\u00edsimo caballero de la noche: <strong>Robert Pattinson.<\/strong><\/p>\n\n\n\n<figure class=\"wp-block-image size-large\"><img loading=\"lazy\" decoding=\"async\" width=\"600\" height=\"338\" src=\"https:\/\/blog.virginmobile.cl\/wp-content\/uploads\/2020\/09\/post.jpg\" alt=\"The Batman se suspende\" class=\"wp-image-3704\" srcset=\"https:\/\/www.virginmobile.cl\/blog\/wp-content\/uploads\/2020\/09\/post.jpg 600w, https:\/\/www.virginmobile.cl\/blog\/wp-content\/uploads\/2020\/09\/post-300x169.jpg 300w\" sizes=\"auto, (max-width: 600px) 100vw, 600px\" \/><\/figure>\n\n\n\n<p>Despu\u00e9s de un <a href=\"https:\/\/blog.virginmobile.cl\/cine-peliculas-estrenos\/revisa-el-primer-trailer-de-the-batman-con-robert-pattinson\">tr\u00e1iler de otro nivel<\/a>, la nueva pel\u00edcula de Matt Reeves que nos promete a un Batman m\u00e1s oscuro, m\u00e1s humano y que est\u00e1 dando sus primeros pasos como h\u00e9roe en Gotham, <strong>ser\u00e1 estrenada el 1 de octubre de 2021.<\/strong> Esperemos que no haya alteraciones en la fecha y que Robert Pattinson se mejore.\u00a0<\/p>\n\n\n\n<h2 class=\"wp-block-heading\"><strong>Producciones afectadas por el Covid-19<\/strong><\/h2>\n\n\n\n<p>\u2018The Batman\u2019 no es la \u00fanica pel\u00edcula que la ha visto fea en estos meses. Han sido pocos los \u00e9xitos de taquilla que han podido retomar las filmaciones en medio de la crisis. \u2018<strong><a href=\"https:\/\/www.espinof.com\/actores-y-actrices\/jurassic-world-dominion-jeff-goldblum-sam-neill-laura-dern-no-se-limitaran-a-hacer-cameos-estaran-toda-pelicula\">Jurassic World: Dominion<\/a>\u2019 <\/strong>es una de ellas, pero no fue f\u00e1cil. <strong>Universal Pictures debi\u00f3 tomar medidas costosas y extensas <\/strong>para garantizar un set libre de contagio para continuar con las grabaciones. Esto incluy\u00f3 controles de temperatura, alquilar hoteles para el equipo completo por 20 semanas y sellar completamente el set. \u00a1Como una burbuja!<\/p>\n\n\n\n<p>Tambi\u00e9n tenemos otras producciones que han tenido que suspender grabaciones o se han visto alteradas sus fechas de estreno en salas de cine, como es el caso de <strong>\u2018Wonder Woman 1984\u2019, \u2018Uncharted\u2019, \u2018Doctor Strange in the Multiverse of Madness\u2019<\/strong> o <strong>\u2018R\u00e1pidos y Furiosos 9\u2019<\/strong>. Aunque bueno, debemos admitir que podemos seguir viviendo sin m\u00e1s carreras callejeras en la pantalla grande. Lo siento Vin Diesel (esperemos que Paul Walker no se entere de esto).&nbsp;<\/p>\n","protected":false},"excerpt":{"rendered":"<p>\u00a1No otra vez! A ra\u00edz de la pandemia y la cuarentena, la producci\u00f3n de \u2018The Batman\u2019 ya hab\u00eda sufrido un retraso en su filmaci\u00f3n durante marzo. Cuando pensamos que ya todo estaba en orden y luego de un tr\u00e1iler que termin\u00f3 aclarando nuestras dudas con respecto a Pattinson, la naci\u00f3n del coronavirus atac\u00f3 nuevamente, pero [&hellip;]<\/p>\n","protected":false},"author":2,"featured_media":3703,"comment_status":"closed","ping_status":"closed","sticky":false,"template":"","format":"standard","meta":{"footnotes":""},"categories":[21],"tags":[479,594,800],"class_list":["post-3701","post","type-post","status-publish","format-standard","has-post-thumbnail","hentry","category-cine-peliculas-estrenos","tag-coronavirus","tag-covid-19","tag-the-batman"],"yoast_head":"<!-- This site is optimized with the Yoast SEO plugin v27.2 - https:\/\/yoast.com\/product\/yoast-seo-wordpress\/ -->\n<title>Robert Pattinson se contagia de COVID-19 y \u201cThe Batman\u201d se suspende<\/title>\n<meta name=\"description\" content=\"\u00a1No otra vez! El Covid-19 lo vuelve a hacer y The Batman suspende grabaciones porque uno de los protagonistas dio positivo :O\" \/>\n<meta name=\"robots\" content=\"index, follow, max-snippet:-1, max-image-preview:large, max-video-preview:-1\" \/>\n<link rel=\"canonical\" href=\"https:\/\/www.virginmobile.cl\/blog\/cine-peliculas-estrenos\/robert-pattinson-se-contagia-de-covid-19-y-the-batman-se-vuelve-a-suspender\/\" \/>\n<meta property=\"og:locale\" content=\"es_ES\" \/>\n<meta property=\"og:type\" content=\"article\" \/>\n<meta property=\"og:title\" content=\"Robert Pattinson se contagia de COVID-19 y \u201cThe Batman\u201d se suspende\" \/>\n<meta property=\"og:description\" content=\"\u00a1No otra vez! El Covid-19 lo vuelve a hacer y The Batman suspende grabaciones porque uno de los protagonistas dio positivo :O\" \/>\n<meta property=\"og:url\" content=\"https:\/\/www.virginmobile.cl\/blog\/cine-peliculas-estrenos\/robert-pattinson-se-contagia-de-covid-19-y-the-batman-se-vuelve-a-suspender\/\" \/>\n<meta property=\"og:site_name\" content=\"Naci\u00f3n Virgin - Virgin Mobile Chile\" \/>\n<meta property=\"article:publisher\" content=\"https:\/\/www.facebook.com\/VirginMobileChile\/\" \/>\n<meta property=\"article:published_time\" content=\"2020-09-04T16:40:44+00:00\" \/>\n<meta property=\"article:modified_time\" content=\"2022-02-24T18:34:19+00:00\" \/>\n<meta property=\"og:image\" content=\"https:\/\/www.virginmobile.cl\/blog\/wp-content\/uploads\/2020\/09\/vblog_layout-3.jpg\" \/>\n\t<meta property=\"og:image:width\" content=\"1200\" \/>\n\t<meta property=\"og:image:height\" content=\"800\" \/>\n\t<meta property=\"og:image:type\" content=\"image\/jpeg\" \/>\n<meta name=\"author\" content=\"Jorge Herrera\" \/>\n<meta name=\"twitter:card\" content=\"summary_large_image\" \/>\n<meta name=\"twitter:creator\" content=\"@virginmobile_cl\" \/>\n<meta name=\"twitter:site\" content=\"@virginmobile_cl\" \/>\n<meta name=\"twitter:label1\" content=\"Escrito por\" \/>\n\t<meta name=\"twitter:data1\" content=\"Jorge Herrera\" \/>\n\t<meta name=\"twitter:label2\" content=\"Tiempo estimado de lectura\" \/>\n\t<meta name=\"twitter:data2\" content=\"2 minutos\" \/>\n<script type=\"application\/ld+json\" class=\"yoast-schema-graph\">{\"@context\":\"https:\/\/schema.org\",\"@graph\":[{\"@type\":\"Article\",\"@id\":\"https:\/\/www.virginmobile.cl\/blog\/cine-peliculas-estrenos\/robert-pattinson-se-contagia-de-covid-19-y-the-batman-se-vuelve-a-suspender\/#article\",\"isPartOf\":{\"@id\":\"https:\/\/www.virginmobile.cl\/blog\/cine-peliculas-estrenos\/robert-pattinson-se-contagia-de-covid-19-y-the-batman-se-vuelve-a-suspender\/\"},\"author\":{\"name\":\"Jorge Herrera\",\"@id\":\"https:\/\/vmcl.space\/blog\/#\/schema\/person\/7dd3fe8aa95409efbc0c2651edad922c\"},\"headline\":\"Robert Pattinson se contagia de COVID-19 y \u201cThe Batman\u201d se vuelve a suspender\",\"datePublished\":\"2020-09-04T16:40:44+00:00\",\"dateModified\":\"2022-02-24T18:34:19+00:00\",\"mainEntityOfPage\":{\"@id\":\"https:\/\/www.virginmobile.cl\/blog\/cine-peliculas-estrenos\/robert-pattinson-se-contagia-de-covid-19-y-the-batman-se-vuelve-a-suspender\/\"},\"wordCount\":420,\"publisher\":{\"@id\":\"https:\/\/vmcl.space\/blog\/#organization\"},\"image\":{\"@id\":\"https:\/\/www.virginmobile.cl\/blog\/cine-peliculas-estrenos\/robert-pattinson-se-contagia-de-covid-19-y-the-batman-se-vuelve-a-suspender\/#primaryimage\"},\"thumbnailUrl\":\"https:\/\/www.virginmobile.cl\/blog\/wp-content\/uploads\/2020\/09\/vblog_layout-3.jpg\",\"keywords\":[\"coronavirus\",\"covid-19\",\"The Batman\"],\"articleSection\":[\"Cine\"],\"inLanguage\":\"es-CL\"},{\"@type\":\"WebPage\",\"@id\":\"https:\/\/www.virginmobile.cl\/blog\/cine-peliculas-estrenos\/robert-pattinson-se-contagia-de-covid-19-y-the-batman-se-vuelve-a-suspender\/\",\"url\":\"https:\/\/www.virginmobile.cl\/blog\/cine-peliculas-estrenos\/robert-pattinson-se-contagia-de-covid-19-y-the-batman-se-vuelve-a-suspender\/\",\"name\":\"Robert Pattinson se contagia de COVID-19 y \u201cThe Batman\u201d se suspende\",\"isPartOf\":{\"@id\":\"https:\/\/vmcl.space\/blog\/#website\"},\"primaryImageOfPage\":{\"@id\":\"https:\/\/www.virginmobile.cl\/blog\/cine-peliculas-estrenos\/robert-pattinson-se-contagia-de-covid-19-y-the-batman-se-vuelve-a-suspender\/#primaryimage\"},\"image\":{\"@id\":\"https:\/\/www.virginmobile.cl\/blog\/cine-peliculas-estrenos\/robert-pattinson-se-contagia-de-covid-19-y-the-batman-se-vuelve-a-suspender\/#primaryimage\"},\"thumbnailUrl\":\"https:\/\/www.virginmobile.cl\/blog\/wp-content\/uploads\/2020\/09\/vblog_layout-3.jpg\",\"datePublished\":\"2020-09-04T16:40:44+00:00\",\"dateModified\":\"2022-02-24T18:34:19+00:00\",\"description\":\"\u00a1No otra vez! El Covid-19 lo vuelve a hacer y The Batman suspende grabaciones porque uno de los protagonistas dio positivo :O\",\"breadcrumb\":{\"@id\":\"https:\/\/www.virginmobile.cl\/blog\/cine-peliculas-estrenos\/robert-pattinson-se-contagia-de-covid-19-y-the-batman-se-vuelve-a-suspender\/#breadcrumb\"},\"inLanguage\":\"es-CL\",\"potentialAction\":[{\"@type\":\"ReadAction\",\"target\":[\"https:\/\/www.virginmobile.cl\/blog\/cine-peliculas-estrenos\/robert-pattinson-se-contagia-de-covid-19-y-the-batman-se-vuelve-a-suspender\/\"]}]},{\"@type\":\"ImageObject\",\"inLanguage\":\"es-CL\",\"@id\":\"https:\/\/www.virginmobile.cl\/blog\/cine-peliculas-estrenos\/robert-pattinson-se-contagia-de-covid-19-y-the-batman-se-vuelve-a-suspender\/#primaryimage\",\"url\":\"https:\/\/www.virginmobile.cl\/blog\/wp-content\/uploads\/2020\/09\/vblog_layout-3.jpg\",\"contentUrl\":\"https:\/\/www.virginmobile.cl\/blog\/wp-content\/uploads\/2020\/09\/vblog_layout-3.jpg\",\"width\":1200,\"height\":800,\"caption\":\"The Batman se suspende\"},{\"@type\":\"BreadcrumbList\",\"@id\":\"https:\/\/www.virginmobile.cl\/blog\/cine-peliculas-estrenos\/robert-pattinson-se-contagia-de-covid-19-y-the-batman-se-vuelve-a-suspender\/#breadcrumb\",\"itemListElement\":[{\"@type\":\"ListItem\",\"position\":1,\"name\":\"Portada\",\"item\":\"https:\/\/vmcl.space\/blog\/\"},{\"@type\":\"ListItem\",\"position\":2,\"name\":\"Robert Pattinson se contagia de COVID-19 y \u201cThe Batman\u201d se vuelve a suspender\"}]},{\"@type\":\"WebSite\",\"@id\":\"https:\/\/vmcl.space\/blog\/#website\",\"url\":\"https:\/\/vmcl.space\/blog\/\",\"name\":\"Naci\u00f3n Virgin - Virgin Mobile Chile\",\"description\":\"Lo que pasa ah\u00ed lo sabes aqu\u00ed\",\"publisher\":{\"@id\":\"https:\/\/vmcl.space\/blog\/#organization\"},\"potentialAction\":[{\"@type\":\"SearchAction\",\"target\":{\"@type\":\"EntryPoint\",\"urlTemplate\":\"https:\/\/vmcl.space\/blog\/?s={search_term_string}\"},\"query-input\":{\"@type\":\"PropertyValueSpecification\",\"valueRequired\":true,\"valueName\":\"search_term_string\"}}],\"inLanguage\":\"es-CL\"},{\"@type\":\"Organization\",\"@id\":\"https:\/\/vmcl.space\/blog\/#organization\",\"name\":\"Virgin Mobile\",\"url\":\"https:\/\/vmcl.space\/blog\/\",\"logo\":{\"@type\":\"ImageObject\",\"inLanguage\":\"es-CL\",\"@id\":\"https:\/\/vmcl.space\/blog\/#\/schema\/logo\/image\/\",\"url\":\"https:\/\/blog.virginmobile.cl\/wp-content\/uploads\/2018\/06\/logo_blog_v4.png\",\"contentUrl\":\"https:\/\/blog.virginmobile.cl\/wp-content\/uploads\/2018\/06\/logo_blog_v4.png\",\"width\":400,\"height\":400,\"caption\":\"Virgin Mobile\"},\"image\":{\"@id\":\"https:\/\/vmcl.space\/blog\/#\/schema\/logo\/image\/\"},\"sameAs\":[\"https:\/\/www.facebook.com\/VirginMobileChile\/\",\"https:\/\/x.com\/virginmobile_cl\",\"https:\/\/www.instagram.com\/virginmobile_cl\/\",\"https:\/\/www.linkedin.com\/company\/10255048\/admin\/\",\"https:\/\/www.youtube.com\/user\/VirginMobileChile\"]},{\"@type\":\"Person\",\"@id\":\"https:\/\/vmcl.space\/blog\/#\/schema\/person\/7dd3fe8aa95409efbc0c2651edad922c\",\"name\":\"Jorge Herrera\",\"image\":{\"@type\":\"ImageObject\",\"inLanguage\":\"es-CL\",\"@id\":\"https:\/\/secure.gravatar.com\/avatar\/08a675eb2009d32bc8481153d36d8296c68fcc62939ab075bfa2d959ff9025c2?s=96&d=mm&r=g\",\"url\":\"https:\/\/secure.gravatar.com\/avatar\/08a675eb2009d32bc8481153d36d8296c68fcc62939ab075bfa2d959ff9025c2?s=96&d=mm&r=g\",\"contentUrl\":\"https:\/\/secure.gravatar.com\/avatar\/08a675eb2009d32bc8481153d36d8296c68fcc62939ab075bfa2d959ff9025c2?s=96&d=mm&r=g\",\"caption\":\"Jorge Herrera\"},\"url\":\"https:\/\/www.virginmobile.cl\/blog\/author\/jorge-herrera\/\"}]}<\/script>\n<!-- \/ Yoast SEO plugin. -->","yoast_head_json":{"title":"Robert Pattinson se contagia de COVID-19 y \u201cThe Batman\u201d se suspende","description":"\u00a1No otra vez! El Covid-19 lo vuelve a hacer y The Batman suspende grabaciones porque uno de los protagonistas dio positivo :O","robots":{"index":"index","follow":"follow","max-snippet":"max-snippet:-1","max-image-preview":"max-image-preview:large","max-video-preview":"max-video-preview:-1"},"canonical":"https:\/\/www.virginmobile.cl\/blog\/cine-peliculas-estrenos\/robert-pattinson-se-contagia-de-covid-19-y-the-batman-se-vuelve-a-suspender\/","og_locale":"es_ES","og_type":"article","og_title":"Robert Pattinson se contagia de COVID-19 y \u201cThe Batman\u201d se suspende","og_description":"\u00a1No otra vez! El Covid-19 lo vuelve a hacer y The Batman suspende grabaciones porque uno de los protagonistas dio positivo :O","og_url":"https:\/\/www.virginmobile.cl\/blog\/cine-peliculas-estrenos\/robert-pattinson-se-contagia-de-covid-19-y-the-batman-se-vuelve-a-suspender\/","og_site_name":"Naci\u00f3n Virgin - Virgin Mobile Chile","article_publisher":"https:\/\/www.facebook.com\/VirginMobileChile\/","article_published_time":"2020-09-04T16:40:44+00:00","article_modified_time":"2022-02-24T18:34:19+00:00","og_image":[{"width":1200,"height":800,"url":"https:\/\/www.virginmobile.cl\/blog\/wp-content\/uploads\/2020\/09\/vblog_layout-3.jpg","type":"image\/jpeg"}],"author":"Jorge Herrera","twitter_card":"summary_large_image","twitter_creator":"@virginmobile_cl","twitter_site":"@virginmobile_cl","twitter_misc":{"Escrito por":"Jorge Herrera","Tiempo estimado de lectura":"2 minutos"},"schema":{"@context":"https:\/\/schema.org","@graph":[{"@type":"Article","@id":"https:\/\/www.virginmobile.cl\/blog\/cine-peliculas-estrenos\/robert-pattinson-se-contagia-de-covid-19-y-the-batman-se-vuelve-a-suspender\/#article","isPartOf":{"@id":"https:\/\/www.virginmobile.cl\/blog\/cine-peliculas-estrenos\/robert-pattinson-se-contagia-de-covid-19-y-the-batman-se-vuelve-a-suspender\/"},"author":{"name":"Jorge Herrera","@id":"https:\/\/vmcl.space\/blog\/#\/schema\/person\/7dd3fe8aa95409efbc0c2651edad922c"},"headline":"Robert Pattinson se contagia de COVID-19 y \u201cThe Batman\u201d se vuelve a suspender","datePublished":"2020-09-04T16:40:44+00:00","dateModified":"2022-02-24T18:34:19+00:00","mainEntityOfPage":{"@id":"https:\/\/www.virginmobile.cl\/blog\/cine-peliculas-estrenos\/robert-pattinson-se-contagia-de-covid-19-y-the-batman-se-vuelve-a-suspender\/"},"wordCount":420,"publisher":{"@id":"https:\/\/vmcl.space\/blog\/#organization"},"image":{"@id":"https:\/\/www.virginmobile.cl\/blog\/cine-peliculas-estrenos\/robert-pattinson-se-contagia-de-covid-19-y-the-batman-se-vuelve-a-suspender\/#primaryimage"},"thumbnailUrl":"https:\/\/www.virginmobile.cl\/blog\/wp-content\/uploads\/2020\/09\/vblog_layout-3.jpg","keywords":["coronavirus","covid-19","The Batman"],"articleSection":["Cine"],"inLanguage":"es-CL"},{"@type":"WebPage","@id":"https:\/\/www.virginmobile.cl\/blog\/cine-peliculas-estrenos\/robert-pattinson-se-contagia-de-covid-19-y-the-batman-se-vuelve-a-suspender\/","url":"https:\/\/www.virginmobile.cl\/blog\/cine-peliculas-estrenos\/robert-pattinson-se-contagia-de-covid-19-y-the-batman-se-vuelve-a-suspender\/","name":"Robert Pattinson se contagia de COVID-19 y \u201cThe Batman\u201d se suspende","isPartOf":{"@id":"https:\/\/vmcl.space\/blog\/#website"},"primaryImageOfPage":{"@id":"https:\/\/www.virginmobile.cl\/blog\/cine-peliculas-estrenos\/robert-pattinson-se-contagia-de-covid-19-y-the-batman-se-vuelve-a-suspender\/#primaryimage"},"image":{"@id":"https:\/\/www.virginmobile.cl\/blog\/cine-peliculas-estrenos\/robert-pattinson-se-contagia-de-covid-19-y-the-batman-se-vuelve-a-suspender\/#primaryimage"},"thumbnailUrl":"https:\/\/www.virginmobile.cl\/blog\/wp-content\/uploads\/2020\/09\/vblog_layout-3.jpg","datePublished":"2020-09-04T16:40:44+00:00","dateModified":"2022-02-24T18:34:19+00:00","description":"\u00a1No otra vez! El Covid-19 lo vuelve a hacer y The Batman suspende grabaciones porque uno de los protagonistas dio positivo :O","breadcrumb":{"@id":"https:\/\/www.virginmobile.cl\/blog\/cine-peliculas-estrenos\/robert-pattinson-se-contagia-de-covid-19-y-the-batman-se-vuelve-a-suspender\/#breadcrumb"},"inLanguage":"es-CL","potentialAction":[{"@type":"ReadAction","target":["https:\/\/www.virginmobile.cl\/blog\/cine-peliculas-estrenos\/robert-pattinson-se-contagia-de-covid-19-y-the-batman-se-vuelve-a-suspender\/"]}]},{"@type":"ImageObject","inLanguage":"es-CL","@id":"https:\/\/www.virginmobile.cl\/blog\/cine-peliculas-estrenos\/robert-pattinson-se-contagia-de-covid-19-y-the-batman-se-vuelve-a-suspender\/#primaryimage","url":"https:\/\/www.virginmobile.cl\/blog\/wp-content\/uploads\/2020\/09\/vblog_layout-3.jpg","contentUrl":"https:\/\/www.virginmobile.cl\/blog\/wp-content\/uploads\/2020\/09\/vblog_layout-3.jpg","width":1200,"height":800,"caption":"The Batman se suspende"},{"@type":"BreadcrumbList","@id":"https:\/\/www.virginmobile.cl\/blog\/cine-peliculas-estrenos\/robert-pattinson-se-contagia-de-covid-19-y-the-batman-se-vuelve-a-suspender\/#breadcrumb","itemListElement":[{"@type":"ListItem","position":1,"name":"Portada","item":"https:\/\/vmcl.space\/blog\/"},{"@type":"ListItem","position":2,"name":"Robert Pattinson se contagia de COVID-19 y \u201cThe Batman\u201d se vuelve a suspender"}]},{"@type":"WebSite","@id":"https:\/\/vmcl.space\/blog\/#website","url":"https:\/\/vmcl.space\/blog\/","name":"Naci\u00f3n Virgin - Virgin Mobile Chile","description":"Lo que pasa ah\u00ed lo sabes aqu\u00ed","publisher":{"@id":"https:\/\/vmcl.space\/blog\/#organization"},"potentialAction":[{"@type":"SearchAction","target":{"@type":"EntryPoint","urlTemplate":"https:\/\/vmcl.space\/blog\/?s={search_term_string}"},"query-input":{"@type":"PropertyValueSpecification","valueRequired":true,"valueName":"search_term_string"}}],"inLanguage":"es-CL"},{"@type":"Organization","@id":"https:\/\/vmcl.space\/blog\/#organization","name":"Virgin Mobile","url":"https:\/\/vmcl.space\/blog\/","logo":{"@type":"ImageObject","inLanguage":"es-CL","@id":"https:\/\/vmcl.space\/blog\/#\/schema\/logo\/image\/","url":"https:\/\/blog.virginmobile.cl\/wp-content\/uploads\/2018\/06\/logo_blog_v4.png","contentUrl":"https:\/\/blog.virginmobile.cl\/wp-content\/uploads\/2018\/06\/logo_blog_v4.png","width":400,"height":400,"caption":"Virgin Mobile"},"image":{"@id":"https:\/\/vmcl.space\/blog\/#\/schema\/logo\/image\/"},"sameAs":["https:\/\/www.facebook.com\/VirginMobileChile\/","https:\/\/x.com\/virginmobile_cl","https:\/\/www.instagram.com\/virginmobile_cl\/","https:\/\/www.linkedin.com\/company\/10255048\/admin\/","https:\/\/www.youtube.com\/user\/VirginMobileChile"]},{"@type":"Person","@id":"https:\/\/vmcl.space\/blog\/#\/schema\/person\/7dd3fe8aa95409efbc0c2651edad922c","name":"Jorge Herrera","image":{"@type":"ImageObject","inLanguage":"es-CL","@id":"https:\/\/secure.gravatar.com\/avatar\/08a675eb2009d32bc8481153d36d8296c68fcc62939ab075bfa2d959ff9025c2?s=96&d=mm&r=g","url":"https:\/\/secure.gravatar.com\/avatar\/08a675eb2009d32bc8481153d36d8296c68fcc62939ab075bfa2d959ff9025c2?s=96&d=mm&r=g","contentUrl":"https:\/\/secure.gravatar.com\/avatar\/08a675eb2009d32bc8481153d36d8296c68fcc62939ab075bfa2d959ff9025c2?s=96&d=mm&r=g","caption":"Jorge Herrera"},"url":"https:\/\/www.virginmobile.cl\/blog\/author\/jorge-herrera\/"}]}},"_links":{"self":[{"href":"https:\/\/www.virginmobile.cl\/blog\/wp-json\/wp\/v2\/posts\/3701","targetHints":{"allow":["GET"]}}],"collection":[{"href":"https:\/\/www.virginmobile.cl\/blog\/wp-json\/wp\/v2\/posts"}],"about":[{"href":"https:\/\/www.virginmobile.cl\/blog\/wp-json\/wp\/v2\/types\/post"}],"author":[{"embeddable":true,"href":"https:\/\/www.virginmobile.cl\/blog\/wp-json\/wp\/v2\/users\/2"}],"replies":[{"embeddable":true,"href":"https:\/\/www.virginmobile.cl\/blog\/wp-json\/wp\/v2\/comments?post=3701"}],"version-history":[{"count":2,"href":"https:\/\/www.virginmobile.cl\/blog\/wp-json\/wp\/v2\/posts\/3701\/revisions"}],"predecessor-version":[{"id":3705,"href":"https:\/\/www.virginmobile.cl\/blog\/wp-json\/wp\/v2\/posts\/3701\/revisions\/3705"}],"wp:featuredmedia":[{"embeddable":true,"href":"https:\/\/www.virginmobile.cl\/blog\/wp-json\/wp\/v2\/media\/3703"}],"wp:attachment":[{"href":"https:\/\/www.virginmobile.cl\/blog\/wp-json\/wp\/v2\/media?parent=3701"}],"wp:term":[{"taxonomy":"category","embeddable":true,"href":"https:\/\/www.virginmobile.cl\/blog\/wp-json\/wp\/v2\/categories?post=3701"},{"taxonomy":"post_tag","embeddable":true,"href":"https:\/\/www.virginmobile.cl\/blog\/wp-json\/wp\/v2\/tags?post=3701"}],"curies":[{"name":"wp","href":"https:\/\/api.w.org\/{rel}","templated":true}]}}