{"id":3689,"date":"2020-09-02T13:12:47","date_gmt":"2020-09-02T17:12:47","guid":{"rendered":"https:\/\/blog.virginmobile.cl\/?p=3689"},"modified":"2022-02-24T14:34:19","modified_gmt":"2022-02-24T18:34:19","slug":"this-is-the-day-la-segunda-temporada-de-the-mandalorian-ya-tiene-fecha-de-estreno","status":"publish","type":"post","link":"https:\/\/www.virginmobile.cl\/blog\/series\/this-is-the-day-la-segunda-temporada-de-the-mandalorian-ya-tiene-fecha-de-estreno\/","title":{"rendered":"This is the day: la segunda temporada de \u201cThe Mandalorian\u201d ya tiene fecha de estreno"},"content":{"rendered":"\n<p>\u00a1Paren todo! Despu\u00e9s de tanto esperar, por fin tenemos noticias sobre la fecha de estreno de la nueva temporada de nuestro cazarrecompensas favorito, The Mandalorian. Ahora solo nos queda esperar a que Disney no vuelva a jugar con nuestros corazones mandalorianos y cumpla con su promesa.<\/p>\n\n\n\n<p>De forma inesperada, Disney Plus nos desayun\u00f3 con la fecha de estreno de \u201cThe Mandalorian\u201d. <strong>Ser\u00e1 el 30 de octubre el d\u00eda en que podremos volver a disfrutar de las aventuras de Mando y Yoda Beb\u00e9. <\/strong>Recuerda que la plataforma de streaming del rat\u00f3n llegar\u00e1 a Chile el 17 de noviembre, as\u00ed que anda prepar\u00e1ndote.\u00a0<\/p>\n\n\n\n<figure class=\"wp-block-image size-large\"><img loading=\"lazy\" decoding=\"async\" width=\"600\" height=\"439\" src=\"https:\/\/blog.virginmobile.cl\/wp-content\/uploads\/2020\/09\/tweet-nota.jpg\" alt=\"\" class=\"wp-image-3693\" srcset=\"https:\/\/www.virginmobile.cl\/blog\/wp-content\/uploads\/2020\/09\/tweet-nota.jpg 600w, https:\/\/www.virginmobile.cl\/blog\/wp-content\/uploads\/2020\/09\/tweet-nota-300x220.jpg 300w\" sizes=\"auto, (max-width: 600px) 100vw, 600px\" \/><figcaption>V\u00eda Twitter @Disneyplus<\/figcaption><\/figure>\n\n\n\n<p>La <a href=\"https:\/\/www.culturaocio.com\/tv\/noticia-donde-encaja-exactamente-the-mandalorian-cronologia-star-wars-20191118134357.html\">primera temporada<\/a> de <strong>\u201cThe Mandalorian\u201d <\/strong>se encarg\u00f3 de introducirnos a los personajes, presentarnos la historia y mostrarnos el contexto que nos hizo sacar m\u00e1s de una conclusi\u00f3n acerca de la cronolog\u00eda de la saga de Star Wars. Pero todo eso quedar\u00e1 aclarado en esta segunda tanda de episodios, <strong>donde adem\u00e1s de conocer las conexiones de la serie con el universo de George Lucas,<\/strong> por fin conoceremos m\u00e1s <strong>sobre el origen de \u201cThe Child\u201d<\/strong> (Yoda Beb\u00e9 para los amigos).\u00a0<\/p>\n\n\n\n<figure class=\"wp-block-embed-instagram wp-block-embed is-type-rich is-provider-instagram\"><div class=\"wp-block-embed__wrapper\">\nhttps:\/\/www.instagram.com\/p\/B_yY6NgjRwS\/?utm_source=ig_embed\n<\/div><figcaption>V\u00eda Instagram @Rodriguez<\/figcaption><\/figure>\n\n\n\n<h2 class=\"wp-block-heading\"><strong>\u00bfHay retrasos en Disney+ respecto a The Mandalorian?<\/strong><\/h2>\n\n\n\n<p>Hace dos semanas nos quedamos con las ganas. Disney+ nos prometi\u00f3 un tr\u00e1iler que nos dejar\u00eda <em>tikitaka<\/em> mientras esper\u00e1bamos la fecha de estreno de la segunda temporada, pero ese adelanto nunca lleg\u00f3. Podr\u00edamos culpar a la pandemia y la cuarentena por un posible retraso, pero a decir verdad, <strong>Disney rod\u00f3 la segunda parte de la serie junto a la primera<\/strong>. Lucasfilm le ten\u00eda mucha fe a este nuevo proyecto, as\u00ed que por ese lado, estar\u00eda todo pr\u00e1cticamente listo. Entonces, \u00bfpor qu\u00e9 el retraso? Sigue atento a <a href=\"https:\/\/blog.virginmobile.cl\/series\/netflix\/netflix-gratis-ahora-podras-disfrutar-de-series-y-peliculas-sin-suscripcion\">Naci\u00f3n Virgin<\/a> y te contaremos.<\/p>\n","protected":false},"excerpt":{"rendered":"<p>\u00a1Paren todo! Despu\u00e9s de tanto esperar, por fin tenemos noticias sobre la fecha de estreno de la nueva temporada de nuestro cazarrecompensas favorito, The Mandalorian. Ahora solo nos queda esperar a que Disney no vuelva a jugar con nuestros corazones mandalorianos y cumpla con su promesa. De forma inesperada, Disney Plus nos desayun\u00f3 con la [&hellip;]<\/p>\n","protected":false},"author":2,"featured_media":3692,"comment_status":"closed","ping_status":"closed","sticky":false,"template":"","format":"standard","meta":{"footnotes":""},"categories":[198],"tags":[778,819,817],"class_list":["post-3689","post","type-post","status-publish","format-standard","has-post-thumbnail","hentry","category-series","tag-disney","tag-nueva-temporada","tag-the-mandalorian"],"yoast_head":"<!-- This site is optimized with the Yoast SEO plugin v27.2 - https:\/\/yoast.com\/product\/yoast-seo-wordpress\/ -->\n<title>La segunda temporada de \u201cThe Mandalorian\u201d ya tiene fecha de estreno<\/title>\n<meta name=\"description\" content=\"\u00a1Paren todo! Ya hay fecha de estreno para la segunda temporada de &quot;The Mandalorian&quot;. \u00a1Ent\u00e9rate de todo aqu\u00ed en Naci\u00f3n Virgin!\" \/>\n<meta name=\"robots\" content=\"index, follow, max-snippet:-1, max-image-preview:large, max-video-preview:-1\" \/>\n<link rel=\"canonical\" href=\"https:\/\/www.virginmobile.cl\/blog\/series\/this-is-the-day-la-segunda-temporada-de-the-mandalorian-ya-tiene-fecha-de-estreno\/\" \/>\n<meta property=\"og:locale\" content=\"es_ES\" \/>\n<meta property=\"og:type\" content=\"article\" \/>\n<meta property=\"og:title\" content=\"La segunda temporada de \u201cThe Mandalorian\u201d ya tiene fecha de estreno\" \/>\n<meta property=\"og:description\" content=\"\u00a1Paren todo! Ya hay fecha de estreno para la segunda temporada de &quot;The Mandalorian&quot;. \u00a1Ent\u00e9rate de todo aqu\u00ed en Naci\u00f3n Virgin!\" \/>\n<meta property=\"og:url\" content=\"https:\/\/www.virginmobile.cl\/blog\/series\/this-is-the-day-la-segunda-temporada-de-the-mandalorian-ya-tiene-fecha-de-estreno\/\" \/>\n<meta property=\"og:site_name\" content=\"Naci\u00f3n Virgin - Virgin Mobile Chile\" \/>\n<meta property=\"article:publisher\" content=\"https:\/\/www.facebook.com\/VirginMobileChile\/\" \/>\n<meta property=\"article:published_time\" content=\"2020-09-02T17:12:47+00:00\" \/>\n<meta property=\"article:modified_time\" content=\"2022-02-24T18:34:19+00:00\" \/>\n<meta property=\"og:image\" content=\"https:\/\/www.virginmobile.cl\/blog\/wp-content\/uploads\/2020\/09\/vblog_layout-1.jpg\" \/>\n\t<meta property=\"og:image:width\" content=\"1200\" \/>\n\t<meta property=\"og:image:height\" content=\"800\" \/>\n\t<meta property=\"og:image:type\" content=\"image\/jpeg\" \/>\n<meta name=\"author\" content=\"Jorge Herrera\" \/>\n<meta name=\"twitter:card\" content=\"summary_large_image\" \/>\n<meta name=\"twitter:creator\" content=\"@virginmobile_cl\" \/>\n<meta name=\"twitter:site\" content=\"@virginmobile_cl\" \/>\n<meta name=\"twitter:label1\" content=\"Escrito por\" \/>\n\t<meta name=\"twitter:data1\" content=\"Jorge Herrera\" \/>\n\t<meta name=\"twitter:label2\" content=\"Tiempo estimado de lectura\" \/>\n\t<meta name=\"twitter:data2\" content=\"2 minutos\" \/>\n<script type=\"application\/ld+json\" class=\"yoast-schema-graph\">{\"@context\":\"https:\/\/schema.org\",\"@graph\":[{\"@type\":\"Article\",\"@id\":\"https:\/\/www.virginmobile.cl\/blog\/series\/this-is-the-day-la-segunda-temporada-de-the-mandalorian-ya-tiene-fecha-de-estreno\/#article\",\"isPartOf\":{\"@id\":\"https:\/\/www.virginmobile.cl\/blog\/series\/this-is-the-day-la-segunda-temporada-de-the-mandalorian-ya-tiene-fecha-de-estreno\/\"},\"author\":{\"name\":\"Jorge Herrera\",\"@id\":\"https:\/\/vmcl.space\/blog\/#\/schema\/person\/7dd3fe8aa95409efbc0c2651edad922c\"},\"headline\":\"This is the day: la segunda temporada de \u201cThe Mandalorian\u201d ya tiene fecha de estreno\",\"datePublished\":\"2020-09-02T17:12:47+00:00\",\"dateModified\":\"2022-02-24T18:34:19+00:00\",\"mainEntityOfPage\":{\"@id\":\"https:\/\/www.virginmobile.cl\/blog\/series\/this-is-the-day-la-segunda-temporada-de-the-mandalorian-ya-tiene-fecha-de-estreno\/\"},\"wordCount\":329,\"publisher\":{\"@id\":\"https:\/\/vmcl.space\/blog\/#organization\"},\"image\":{\"@id\":\"https:\/\/www.virginmobile.cl\/blog\/series\/this-is-the-day-la-segunda-temporada-de-the-mandalorian-ya-tiene-fecha-de-estreno\/#primaryimage\"},\"thumbnailUrl\":\"https:\/\/www.virginmobile.cl\/blog\/wp-content\/uploads\/2020\/09\/vblog_layout-1.jpg\",\"keywords\":[\"Disney +\",\"Nueva temporada\",\"The Mandalorian\"],\"articleSection\":[\"Series\"],\"inLanguage\":\"es-CL\"},{\"@type\":\"WebPage\",\"@id\":\"https:\/\/www.virginmobile.cl\/blog\/series\/this-is-the-day-la-segunda-temporada-de-the-mandalorian-ya-tiene-fecha-de-estreno\/\",\"url\":\"https:\/\/www.virginmobile.cl\/blog\/series\/this-is-the-day-la-segunda-temporada-de-the-mandalorian-ya-tiene-fecha-de-estreno\/\",\"name\":\"La segunda temporada de \u201cThe Mandalorian\u201d ya tiene fecha de estreno\",\"isPartOf\":{\"@id\":\"https:\/\/vmcl.space\/blog\/#website\"},\"primaryImageOfPage\":{\"@id\":\"https:\/\/www.virginmobile.cl\/blog\/series\/this-is-the-day-la-segunda-temporada-de-the-mandalorian-ya-tiene-fecha-de-estreno\/#primaryimage\"},\"image\":{\"@id\":\"https:\/\/www.virginmobile.cl\/blog\/series\/this-is-the-day-la-segunda-temporada-de-the-mandalorian-ya-tiene-fecha-de-estreno\/#primaryimage\"},\"thumbnailUrl\":\"https:\/\/www.virginmobile.cl\/blog\/wp-content\/uploads\/2020\/09\/vblog_layout-1.jpg\",\"datePublished\":\"2020-09-02T17:12:47+00:00\",\"dateModified\":\"2022-02-24T18:34:19+00:00\",\"description\":\"\u00a1Paren todo! Ya hay fecha de estreno para la segunda temporada de \\\"The Mandalorian\\\". \u00a1Ent\u00e9rate de todo aqu\u00ed en Naci\u00f3n Virgin!\",\"breadcrumb\":{\"@id\":\"https:\/\/www.virginmobile.cl\/blog\/series\/this-is-the-day-la-segunda-temporada-de-the-mandalorian-ya-tiene-fecha-de-estreno\/#breadcrumb\"},\"inLanguage\":\"es-CL\",\"potentialAction\":[{\"@type\":\"ReadAction\",\"target\":[\"https:\/\/www.virginmobile.cl\/blog\/series\/this-is-the-day-la-segunda-temporada-de-the-mandalorian-ya-tiene-fecha-de-estreno\/\"]}]},{\"@type\":\"ImageObject\",\"inLanguage\":\"es-CL\",\"@id\":\"https:\/\/www.virginmobile.cl\/blog\/series\/this-is-the-day-la-segunda-temporada-de-the-mandalorian-ya-tiene-fecha-de-estreno\/#primaryimage\",\"url\":\"https:\/\/www.virginmobile.cl\/blog\/wp-content\/uploads\/2020\/09\/vblog_layout-1.jpg\",\"contentUrl\":\"https:\/\/www.virginmobile.cl\/blog\/wp-content\/uploads\/2020\/09\/vblog_layout-1.jpg\",\"width\":1200,\"height\":800,\"caption\":\"La segunda temporada de \u201cThe Mandalorian\u201d ya tiene fecha de estreno\"},{\"@type\":\"BreadcrumbList\",\"@id\":\"https:\/\/www.virginmobile.cl\/blog\/series\/this-is-the-day-la-segunda-temporada-de-the-mandalorian-ya-tiene-fecha-de-estreno\/#breadcrumb\",\"itemListElement\":[{\"@type\":\"ListItem\",\"position\":1,\"name\":\"Portada\",\"item\":\"https:\/\/vmcl.space\/blog\/\"},{\"@type\":\"ListItem\",\"position\":2,\"name\":\"This is the day: la segunda temporada de \u201cThe Mandalorian\u201d ya tiene fecha de estreno\"}]},{\"@type\":\"WebSite\",\"@id\":\"https:\/\/vmcl.space\/blog\/#website\",\"url\":\"https:\/\/vmcl.space\/blog\/\",\"name\":\"Naci\u00f3n Virgin - Virgin Mobile Chile\",\"description\":\"Lo que pasa ah\u00ed lo sabes aqu\u00ed\",\"publisher\":{\"@id\":\"https:\/\/vmcl.space\/blog\/#organization\"},\"potentialAction\":[{\"@type\":\"SearchAction\",\"target\":{\"@type\":\"EntryPoint\",\"urlTemplate\":\"https:\/\/vmcl.space\/blog\/?s={search_term_string}\"},\"query-input\":{\"@type\":\"PropertyValueSpecification\",\"valueRequired\":true,\"valueName\":\"search_term_string\"}}],\"inLanguage\":\"es-CL\"},{\"@type\":\"Organization\",\"@id\":\"https:\/\/vmcl.space\/blog\/#organization\",\"name\":\"Virgin Mobile\",\"url\":\"https:\/\/vmcl.space\/blog\/\",\"logo\":{\"@type\":\"ImageObject\",\"inLanguage\":\"es-CL\",\"@id\":\"https:\/\/vmcl.space\/blog\/#\/schema\/logo\/image\/\",\"url\":\"https:\/\/blog.virginmobile.cl\/wp-content\/uploads\/2018\/06\/logo_blog_v4.png\",\"contentUrl\":\"https:\/\/blog.virginmobile.cl\/wp-content\/uploads\/2018\/06\/logo_blog_v4.png\",\"width\":400,\"height\":400,\"caption\":\"Virgin Mobile\"},\"image\":{\"@id\":\"https:\/\/vmcl.space\/blog\/#\/schema\/logo\/image\/\"},\"sameAs\":[\"https:\/\/www.facebook.com\/VirginMobileChile\/\",\"https:\/\/x.com\/virginmobile_cl\",\"https:\/\/www.instagram.com\/virginmobile_cl\/\",\"https:\/\/www.linkedin.com\/company\/10255048\/admin\/\",\"https:\/\/www.youtube.com\/user\/VirginMobileChile\"]},{\"@type\":\"Person\",\"@id\":\"https:\/\/vmcl.space\/blog\/#\/schema\/person\/7dd3fe8aa95409efbc0c2651edad922c\",\"name\":\"Jorge Herrera\",\"image\":{\"@type\":\"ImageObject\",\"inLanguage\":\"es-CL\",\"@id\":\"https:\/\/secure.gravatar.com\/avatar\/08a675eb2009d32bc8481153d36d8296c68fcc62939ab075bfa2d959ff9025c2?s=96&d=mm&r=g\",\"url\":\"https:\/\/secure.gravatar.com\/avatar\/08a675eb2009d32bc8481153d36d8296c68fcc62939ab075bfa2d959ff9025c2?s=96&d=mm&r=g\",\"contentUrl\":\"https:\/\/secure.gravatar.com\/avatar\/08a675eb2009d32bc8481153d36d8296c68fcc62939ab075bfa2d959ff9025c2?s=96&d=mm&r=g\",\"caption\":\"Jorge Herrera\"},\"url\":\"https:\/\/www.virginmobile.cl\/blog\/author\/jorge-herrera\/\"}]}<\/script>\n<!-- \/ Yoast SEO plugin. -->","yoast_head_json":{"title":"La segunda temporada de \u201cThe Mandalorian\u201d ya tiene fecha de estreno","description":"\u00a1Paren todo! Ya hay fecha de estreno para la segunda temporada de \"The Mandalorian\". \u00a1Ent\u00e9rate de todo aqu\u00ed en Naci\u00f3n Virgin!","robots":{"index":"index","follow":"follow","max-snippet":"max-snippet:-1","max-image-preview":"max-image-preview:large","max-video-preview":"max-video-preview:-1"},"canonical":"https:\/\/www.virginmobile.cl\/blog\/series\/this-is-the-day-la-segunda-temporada-de-the-mandalorian-ya-tiene-fecha-de-estreno\/","og_locale":"es_ES","og_type":"article","og_title":"La segunda temporada de \u201cThe Mandalorian\u201d ya tiene fecha de estreno","og_description":"\u00a1Paren todo! Ya hay fecha de estreno para la segunda temporada de \"The Mandalorian\". \u00a1Ent\u00e9rate de todo aqu\u00ed en Naci\u00f3n Virgin!","og_url":"https:\/\/www.virginmobile.cl\/blog\/series\/this-is-the-day-la-segunda-temporada-de-the-mandalorian-ya-tiene-fecha-de-estreno\/","og_site_name":"Naci\u00f3n Virgin - Virgin Mobile Chile","article_publisher":"https:\/\/www.facebook.com\/VirginMobileChile\/","article_published_time":"2020-09-02T17:12:47+00:00","article_modified_time":"2022-02-24T18:34:19+00:00","og_image":[{"width":1200,"height":800,"url":"https:\/\/www.virginmobile.cl\/blog\/wp-content\/uploads\/2020\/09\/vblog_layout-1.jpg","type":"image\/jpeg"}],"author":"Jorge Herrera","twitter_card":"summary_large_image","twitter_creator":"@virginmobile_cl","twitter_site":"@virginmobile_cl","twitter_misc":{"Escrito por":"Jorge Herrera","Tiempo estimado de lectura":"2 minutos"},"schema":{"@context":"https:\/\/schema.org","@graph":[{"@type":"Article","@id":"https:\/\/www.virginmobile.cl\/blog\/series\/this-is-the-day-la-segunda-temporada-de-the-mandalorian-ya-tiene-fecha-de-estreno\/#article","isPartOf":{"@id":"https:\/\/www.virginmobile.cl\/blog\/series\/this-is-the-day-la-segunda-temporada-de-the-mandalorian-ya-tiene-fecha-de-estreno\/"},"author":{"name":"Jorge Herrera","@id":"https:\/\/vmcl.space\/blog\/#\/schema\/person\/7dd3fe8aa95409efbc0c2651edad922c"},"headline":"This is the day: la segunda temporada de \u201cThe Mandalorian\u201d ya tiene fecha de estreno","datePublished":"2020-09-02T17:12:47+00:00","dateModified":"2022-02-24T18:34:19+00:00","mainEntityOfPage":{"@id":"https:\/\/www.virginmobile.cl\/blog\/series\/this-is-the-day-la-segunda-temporada-de-the-mandalorian-ya-tiene-fecha-de-estreno\/"},"wordCount":329,"publisher":{"@id":"https:\/\/vmcl.space\/blog\/#organization"},"image":{"@id":"https:\/\/www.virginmobile.cl\/blog\/series\/this-is-the-day-la-segunda-temporada-de-the-mandalorian-ya-tiene-fecha-de-estreno\/#primaryimage"},"thumbnailUrl":"https:\/\/www.virginmobile.cl\/blog\/wp-content\/uploads\/2020\/09\/vblog_layout-1.jpg","keywords":["Disney +","Nueva temporada","The Mandalorian"],"articleSection":["Series"],"inLanguage":"es-CL"},{"@type":"WebPage","@id":"https:\/\/www.virginmobile.cl\/blog\/series\/this-is-the-day-la-segunda-temporada-de-the-mandalorian-ya-tiene-fecha-de-estreno\/","url":"https:\/\/www.virginmobile.cl\/blog\/series\/this-is-the-day-la-segunda-temporada-de-the-mandalorian-ya-tiene-fecha-de-estreno\/","name":"La segunda temporada de \u201cThe Mandalorian\u201d ya tiene fecha de estreno","isPartOf":{"@id":"https:\/\/vmcl.space\/blog\/#website"},"primaryImageOfPage":{"@id":"https:\/\/www.virginmobile.cl\/blog\/series\/this-is-the-day-la-segunda-temporada-de-the-mandalorian-ya-tiene-fecha-de-estreno\/#primaryimage"},"image":{"@id":"https:\/\/www.virginmobile.cl\/blog\/series\/this-is-the-day-la-segunda-temporada-de-the-mandalorian-ya-tiene-fecha-de-estreno\/#primaryimage"},"thumbnailUrl":"https:\/\/www.virginmobile.cl\/blog\/wp-content\/uploads\/2020\/09\/vblog_layout-1.jpg","datePublished":"2020-09-02T17:12:47+00:00","dateModified":"2022-02-24T18:34:19+00:00","description":"\u00a1Paren todo! Ya hay fecha de estreno para la segunda temporada de \"The Mandalorian\". \u00a1Ent\u00e9rate de todo aqu\u00ed en Naci\u00f3n Virgin!","breadcrumb":{"@id":"https:\/\/www.virginmobile.cl\/blog\/series\/this-is-the-day-la-segunda-temporada-de-the-mandalorian-ya-tiene-fecha-de-estreno\/#breadcrumb"},"inLanguage":"es-CL","potentialAction":[{"@type":"ReadAction","target":["https:\/\/www.virginmobile.cl\/blog\/series\/this-is-the-day-la-segunda-temporada-de-the-mandalorian-ya-tiene-fecha-de-estreno\/"]}]},{"@type":"ImageObject","inLanguage":"es-CL","@id":"https:\/\/www.virginmobile.cl\/blog\/series\/this-is-the-day-la-segunda-temporada-de-the-mandalorian-ya-tiene-fecha-de-estreno\/#primaryimage","url":"https:\/\/www.virginmobile.cl\/blog\/wp-content\/uploads\/2020\/09\/vblog_layout-1.jpg","contentUrl":"https:\/\/www.virginmobile.cl\/blog\/wp-content\/uploads\/2020\/09\/vblog_layout-1.jpg","width":1200,"height":800,"caption":"La segunda temporada de \u201cThe Mandalorian\u201d ya tiene fecha de estreno"},{"@type":"BreadcrumbList","@id":"https:\/\/www.virginmobile.cl\/blog\/series\/this-is-the-day-la-segunda-temporada-de-the-mandalorian-ya-tiene-fecha-de-estreno\/#breadcrumb","itemListElement":[{"@type":"ListItem","position":1,"name":"Portada","item":"https:\/\/vmcl.space\/blog\/"},{"@type":"ListItem","position":2,"name":"This is the day: la segunda temporada de \u201cThe Mandalorian\u201d ya tiene fecha de estreno"}]},{"@type":"WebSite","@id":"https:\/\/vmcl.space\/blog\/#website","url":"https:\/\/vmcl.space\/blog\/","name":"Naci\u00f3n Virgin - Virgin Mobile Chile","description":"Lo que pasa ah\u00ed lo sabes aqu\u00ed","publisher":{"@id":"https:\/\/vmcl.space\/blog\/#organization"},"potentialAction":[{"@type":"SearchAction","target":{"@type":"EntryPoint","urlTemplate":"https:\/\/vmcl.space\/blog\/?s={search_term_string}"},"query-input":{"@type":"PropertyValueSpecification","valueRequired":true,"valueName":"search_term_string"}}],"inLanguage":"es-CL"},{"@type":"Organization","@id":"https:\/\/vmcl.space\/blog\/#organization","name":"Virgin Mobile","url":"https:\/\/vmcl.space\/blog\/","logo":{"@type":"ImageObject","inLanguage":"es-CL","@id":"https:\/\/vmcl.space\/blog\/#\/schema\/logo\/image\/","url":"https:\/\/blog.virginmobile.cl\/wp-content\/uploads\/2018\/06\/logo_blog_v4.png","contentUrl":"https:\/\/blog.virginmobile.cl\/wp-content\/uploads\/2018\/06\/logo_blog_v4.png","width":400,"height":400,"caption":"Virgin Mobile"},"image":{"@id":"https:\/\/vmcl.space\/blog\/#\/schema\/logo\/image\/"},"sameAs":["https:\/\/www.facebook.com\/VirginMobileChile\/","https:\/\/x.com\/virginmobile_cl","https:\/\/www.instagram.com\/virginmobile_cl\/","https:\/\/www.linkedin.com\/company\/10255048\/admin\/","https:\/\/www.youtube.com\/user\/VirginMobileChile"]},{"@type":"Person","@id":"https:\/\/vmcl.space\/blog\/#\/schema\/person\/7dd3fe8aa95409efbc0c2651edad922c","name":"Jorge Herrera","image":{"@type":"ImageObject","inLanguage":"es-CL","@id":"https:\/\/secure.gravatar.com\/avatar\/08a675eb2009d32bc8481153d36d8296c68fcc62939ab075bfa2d959ff9025c2?s=96&d=mm&r=g","url":"https:\/\/secure.gravatar.com\/avatar\/08a675eb2009d32bc8481153d36d8296c68fcc62939ab075bfa2d959ff9025c2?s=96&d=mm&r=g","contentUrl":"https:\/\/secure.gravatar.com\/avatar\/08a675eb2009d32bc8481153d36d8296c68fcc62939ab075bfa2d959ff9025c2?s=96&d=mm&r=g","caption":"Jorge Herrera"},"url":"https:\/\/www.virginmobile.cl\/blog\/author\/jorge-herrera\/"}]}},"_links":{"self":[{"href":"https:\/\/www.virginmobile.cl\/blog\/wp-json\/wp\/v2\/posts\/3689","targetHints":{"allow":["GET"]}}],"collection":[{"href":"https:\/\/www.virginmobile.cl\/blog\/wp-json\/wp\/v2\/posts"}],"about":[{"href":"https:\/\/www.virginmobile.cl\/blog\/wp-json\/wp\/v2\/types\/post"}],"author":[{"embeddable":true,"href":"https:\/\/www.virginmobile.cl\/blog\/wp-json\/wp\/v2\/users\/2"}],"replies":[{"embeddable":true,"href":"https:\/\/www.virginmobile.cl\/blog\/wp-json\/wp\/v2\/comments?post=3689"}],"version-history":[{"count":3,"href":"https:\/\/www.virginmobile.cl\/blog\/wp-json\/wp\/v2\/posts\/3689\/revisions"}],"predecessor-version":[{"id":3695,"href":"https:\/\/www.virginmobile.cl\/blog\/wp-json\/wp\/v2\/posts\/3689\/revisions\/3695"}],"wp:featuredmedia":[{"embeddable":true,"href":"https:\/\/www.virginmobile.cl\/blog\/wp-json\/wp\/v2\/media\/3692"}],"wp:attachment":[{"href":"https:\/\/www.virginmobile.cl\/blog\/wp-json\/wp\/v2\/media?parent=3689"}],"wp:term":[{"taxonomy":"category","embeddable":true,"href":"https:\/\/www.virginmobile.cl\/blog\/wp-json\/wp\/v2\/categories?post=3689"},{"taxonomy":"post_tag","embeddable":true,"href":"https:\/\/www.virginmobile.cl\/blog\/wp-json\/wp\/v2\/tags?post=3689"}],"curies":[{"name":"wp","href":"https:\/\/api.w.org\/{rel}","templated":true}]}}