{"id":3345,"date":"2020-07-10T12:54:23","date_gmt":"2020-07-10T16:54:23","guid":{"rendered":"https:\/\/blog.virginmobile.cl\/?p=3345"},"modified":"2022-02-24T14:09:44","modified_gmt":"2022-02-24T18:09:44","slug":"la-jauria-la-nueva-serie-chilena-de-amazon-prime-video-inspirada-en-el-caso-la-manada","status":"publish","type":"post","link":"https:\/\/www.virginmobile.cl\/blog\/series\/la-jauria-la-nueva-serie-chilena-de-amazon-prime-video-inspirada-en-el-caso-la-manada\/","title":{"rendered":"La Jaur\u00eda: La nueva serie chilena de Amazon Prime Video inspirada en el caso \u201cLa Manada\u201d"},"content":{"rendered":"\n<p>Despu\u00e9s del \u00e9xito de \u201cEl Presidente\u201d y de <a href=\"https:\/\/blog.virginmobile.cl\/series\/el-presidente-la-serie-de-amazon-enfrenta-criticas-y-demandas\">unas cuantas demandas<\/a>, Amazon Prime Video nos vuelve a sorprender con una nueva serie chilena llamada <strong>La Jaur\u00eda<\/strong>. Esta vez, con drama inspirado en un tr\u00e1gico hecho de Espa\u00f1a.\u00a0<\/p>\n\n\n\n<p>\u201c<a href=\"https:\/\/www.bbc.com\/mundo\/noticias-internacional-43907559\">La Manada<\/a>\u201d, es el nombre del caso que no solo conmocion\u00f3 a Espa\u00f1a, sino a todo el mundo. Y no es para menos, ya que un grupo de hombres atac\u00f3 sexualmente a una joven mujer de 18 a\u00f1os, y para el colmo, la justicia decidi\u00f3 dejarlos completamente libres. En este terrible hecho se basa la nueva serie \u201cLa Jaur\u00eda\u201d.<\/p>\n\n\n\n<h2 class=\"wp-block-heading\">Sinopsis de La Jaur\u00eda<\/h2>\n\n\n\n<p><strong>Dirigida por Luc\u00eda Puenzo y de la mano de la productora F\u00e1bula y la empresa argentina Kapow,<\/strong> \u201cLa Jaur\u00eda\u201d centra su historia en <strong>Blanca (Antonia Giesen)<\/strong>, una joven estudiante de un colegio cat\u00f3lico que lideraba manifestaciones feministas en contra de un profesor del establecimiento, a quien acusaban de abuso.\u00a0<\/p>\n\n\n\n<figure class=\"wp-block-embed-youtube wp-block-embed is-type-video is-provider-youtube wp-embed-aspect-16-9 wp-has-aspect-ratio\"><div class=\"wp-block-embed__wrapper\">\n<div class=\"embed-vimeo\"><iframe loading=\"lazy\" title=\"La Jaur\u00eda - Tr\u00e1iler oficial | Amazon Prime Video\" width=\"1140\" height=\"641\" src=\"https:\/\/www.youtube.com\/embed\/MD1VDJVvpfM?feature=oembed\" frameborder=\"0\" allow=\"accelerometer; autoplay; encrypted-media; gyroscope; picture-in-picture\" allowfullscreen><\/iframe><\/div>\n<\/div><\/figure>\n\n\n\n<p>Es aqu\u00ed donde comienza el caso policial a cargo de dos comisarias, entrando a la historia <strong>Olivia Fern\u00e1ndez (Antonia Zegers) y Elisa Murillo (Daniela Vega)<\/strong>, quienes investigan los hechos que las llevar\u00e1n a un grupo de Whatsapp llamado \u201cLa Jaur\u00eda\u201d, el seud\u00f3nimo con el que se que convocan hombres de todas las edades a cometen agresiones sexuales contra mujeres adolescentes.\u00a0<\/p>\n\n\n\n<p>\u00bfY c\u00f3mo llegaron a enterarse del macabro juego? Por un grupo de hombres de una violaci\u00f3n masiva, quienes quedaron en libertad por influencias de sus familias con gente de los sectores pol\u00edticos.<\/p>\n\n\n\n<figure class=\"wp-block-image size-large\"><img loading=\"lazy\" decoding=\"async\" width=\"600\" height=\"337\" src=\"https:\/\/blog.virginmobile.cl\/wp-content\/uploads\/2020\/07\/jauri\u0301a.jpg\" alt=\"La Jaur\u00eda: La nueva serie chilena de Amazon Prime Video\" class=\"wp-image-3348\" srcset=\"https:\/\/www.virginmobile.cl\/blog\/wp-content\/uploads\/2020\/07\/jauri\u0301a.jpg 600w, https:\/\/www.virginmobile.cl\/blog\/wp-content\/uploads\/2020\/07\/jauri\u0301a-300x169.jpg 300w\" sizes=\"auto, (max-width: 600px) 100vw, 600px\" \/><figcaption><em>Foto: La Jaur\u00eda &#8211; Amazon Prime Video<\/em><\/figcaption><\/figure>\n\n\n\n<p>Con un ritmo \u00e1gil, viviremos el miedo, la violencia y el machismo a lo largo de ocho cap\u00edtulos que nos plantean la necesidad de una sociedad m\u00e1s equitativa. La historia nos entregar\u00e1 muchas preguntas que ser\u00e1n contestadas, con una fotograf\u00eda bien pulida, m\u00fasica y rimas de la artista nacional <strong>Ana Tijoux <\/strong>y las actuaciones de un gran elenco formado por <strong>Antonia Zegers, Daniela Vega, Mariana Di Girolamo, Alberto Guerra, Mar\u00eda Gracia Omegna, Francisco Reyes y Marcelo Alonso.<\/strong><\/p>\n\n\n\n<p>En Naci\u00f3n Virgin te dejamos m\u00e1s que recomendada esta serie. Para darte una idea, si no te perd\u00edas ning\u00fan cap\u00edtulo de \u201cSecretos en el Jard\u00edn\u201d y \u201cPacto de Sangre\u201d, esta serie te encantar\u00e1. Ent\u00e9rate de todos los <a href=\"https:\/\/blog.virginmobile.cl\/series\/amazon-prime-video-conoce-todos-los-estrenos-de-julio\">estrenos de julio en Amazon Prime Video<\/a>.<\/p>\n","protected":false},"excerpt":{"rendered":"<p>Despu\u00e9s del \u00e9xito de \u201cEl Presidente\u201d y de unas cuantas demandas, Amazon Prime Video nos vuelve a sorprender con una nueva serie chilena llamada La Jaur\u00eda. Esta vez, con drama inspirado en un tr\u00e1gico hecho de Espa\u00f1a.\u00a0 \u201cLa Manada\u201d, es el nombre del caso que no solo conmocion\u00f3 a Espa\u00f1a, sino a todo el mundo. [&hellip;]<\/p>\n","protected":false},"author":2,"featured_media":3347,"comment_status":"closed","ping_status":"closed","sticky":false,"template":"","format":"standard","meta":{"footnotes":""},"categories":[198],"tags":[719,733,734],"class_list":["post-3345","post","type-post","status-publish","format-standard","has-post-thumbnail","hentry","category-series","tag-amazon-prime-video","tag-estreno","tag-la-jauria"],"yoast_head":"<!-- This site is optimized with the Yoast SEO plugin v27.2 - https:\/\/yoast.com\/product\/yoast-seo-wordpress\/ -->\n<title>La Jaur\u00eda: La nueva serie chilena de Amazon Prime Video<\/title>\n<meta name=\"description\" content=\"Amazon Prime Video nos vuelve a sorprender con una nueva serie chilena. Esta vez con La Jaur\u00eda, inspirada en el estremecedor caso de &quot;La Manada&quot;.\" \/>\n<meta name=\"robots\" content=\"index, follow, max-snippet:-1, max-image-preview:large, max-video-preview:-1\" \/>\n<link rel=\"canonical\" href=\"https:\/\/www.virginmobile.cl\/blog\/series\/la-jauria-la-nueva-serie-chilena-de-amazon-prime-video-inspirada-en-el-caso-la-manada\/\" \/>\n<meta property=\"og:locale\" content=\"es_ES\" \/>\n<meta property=\"og:type\" content=\"article\" \/>\n<meta property=\"og:title\" content=\"La Jaur\u00eda: La nueva serie chilena de Amazon Prime Video\" \/>\n<meta property=\"og:description\" content=\"Amazon Prime Video nos vuelve a sorprender con una nueva serie chilena. Esta vez con La Jaur\u00eda, inspirada en el estremecedor caso de &quot;La Manada&quot;.\" \/>\n<meta property=\"og:url\" content=\"https:\/\/www.virginmobile.cl\/blog\/series\/la-jauria-la-nueva-serie-chilena-de-amazon-prime-video-inspirada-en-el-caso-la-manada\/\" \/>\n<meta property=\"og:site_name\" content=\"Naci\u00f3n Virgin - Virgin Mobile Chile\" \/>\n<meta property=\"article:publisher\" content=\"https:\/\/www.facebook.com\/VirginMobileChile\/\" \/>\n<meta property=\"article:published_time\" content=\"2020-07-10T16:54:23+00:00\" \/>\n<meta property=\"article:modified_time\" content=\"2022-02-24T18:09:44+00:00\" \/>\n<meta property=\"og:image\" content=\"https:\/\/www.virginmobile.cl\/blog\/wp-content\/uploads\/2020\/07\/vblog_layout-8.jpg\" \/>\n\t<meta property=\"og:image:width\" content=\"1200\" \/>\n\t<meta property=\"og:image:height\" content=\"800\" \/>\n\t<meta property=\"og:image:type\" content=\"image\/jpeg\" \/>\n<meta name=\"author\" content=\"Jorge Herrera\" \/>\n<meta name=\"twitter:card\" content=\"summary_large_image\" \/>\n<meta name=\"twitter:creator\" content=\"@virginmobile_cl\" \/>\n<meta name=\"twitter:site\" content=\"@virginmobile_cl\" \/>\n<meta name=\"twitter:label1\" content=\"Escrito por\" \/>\n\t<meta name=\"twitter:data1\" content=\"Jorge Herrera\" \/>\n\t<meta name=\"twitter:label2\" content=\"Tiempo estimado de lectura\" \/>\n\t<meta name=\"twitter:data2\" content=\"2 minutos\" \/>\n<script type=\"application\/ld+json\" class=\"yoast-schema-graph\">{\"@context\":\"https:\/\/schema.org\",\"@graph\":[{\"@type\":\"Article\",\"@id\":\"https:\/\/www.virginmobile.cl\/blog\/series\/la-jauria-la-nueva-serie-chilena-de-amazon-prime-video-inspirada-en-el-caso-la-manada\/#article\",\"isPartOf\":{\"@id\":\"https:\/\/www.virginmobile.cl\/blog\/series\/la-jauria-la-nueva-serie-chilena-de-amazon-prime-video-inspirada-en-el-caso-la-manada\/\"},\"author\":{\"name\":\"Jorge Herrera\",\"@id\":\"https:\/\/vmcl.space\/blog\/#\/schema\/person\/7dd3fe8aa95409efbc0c2651edad922c\"},\"headline\":\"La Jaur\u00eda: La nueva serie chilena de Amazon Prime Video inspirada en el caso \u201cLa Manada\u201d\",\"datePublished\":\"2020-07-10T16:54:23+00:00\",\"dateModified\":\"2022-02-24T18:09:44+00:00\",\"mainEntityOfPage\":{\"@id\":\"https:\/\/www.virginmobile.cl\/blog\/series\/la-jauria-la-nueva-serie-chilena-de-amazon-prime-video-inspirada-en-el-caso-la-manada\/\"},\"wordCount\":430,\"publisher\":{\"@id\":\"https:\/\/vmcl.space\/blog\/#organization\"},\"image\":{\"@id\":\"https:\/\/www.virginmobile.cl\/blog\/series\/la-jauria-la-nueva-serie-chilena-de-amazon-prime-video-inspirada-en-el-caso-la-manada\/#primaryimage\"},\"thumbnailUrl\":\"https:\/\/www.virginmobile.cl\/blog\/wp-content\/uploads\/2020\/07\/vblog_layout-8.jpg\",\"keywords\":[\"Amazon Prime Video\",\"Estreno\",\"La Jaur\u00eda\"],\"articleSection\":[\"Series\"],\"inLanguage\":\"es-CL\"},{\"@type\":\"WebPage\",\"@id\":\"https:\/\/www.virginmobile.cl\/blog\/series\/la-jauria-la-nueva-serie-chilena-de-amazon-prime-video-inspirada-en-el-caso-la-manada\/\",\"url\":\"https:\/\/www.virginmobile.cl\/blog\/series\/la-jauria-la-nueva-serie-chilena-de-amazon-prime-video-inspirada-en-el-caso-la-manada\/\",\"name\":\"La Jaur\u00eda: La nueva serie chilena de Amazon Prime Video\",\"isPartOf\":{\"@id\":\"https:\/\/vmcl.space\/blog\/#website\"},\"primaryImageOfPage\":{\"@id\":\"https:\/\/www.virginmobile.cl\/blog\/series\/la-jauria-la-nueva-serie-chilena-de-amazon-prime-video-inspirada-en-el-caso-la-manada\/#primaryimage\"},\"image\":{\"@id\":\"https:\/\/www.virginmobile.cl\/blog\/series\/la-jauria-la-nueva-serie-chilena-de-amazon-prime-video-inspirada-en-el-caso-la-manada\/#primaryimage\"},\"thumbnailUrl\":\"https:\/\/www.virginmobile.cl\/blog\/wp-content\/uploads\/2020\/07\/vblog_layout-8.jpg\",\"datePublished\":\"2020-07-10T16:54:23+00:00\",\"dateModified\":\"2022-02-24T18:09:44+00:00\",\"description\":\"Amazon Prime Video nos vuelve a sorprender con una nueva serie chilena. Esta vez con La Jaur\u00eda, inspirada en el estremecedor caso de \\\"La Manada\\\".\",\"breadcrumb\":{\"@id\":\"https:\/\/www.virginmobile.cl\/blog\/series\/la-jauria-la-nueva-serie-chilena-de-amazon-prime-video-inspirada-en-el-caso-la-manada\/#breadcrumb\"},\"inLanguage\":\"es-CL\",\"potentialAction\":[{\"@type\":\"ReadAction\",\"target\":[\"https:\/\/www.virginmobile.cl\/blog\/series\/la-jauria-la-nueva-serie-chilena-de-amazon-prime-video-inspirada-en-el-caso-la-manada\/\"]}]},{\"@type\":\"ImageObject\",\"inLanguage\":\"es-CL\",\"@id\":\"https:\/\/www.virginmobile.cl\/blog\/series\/la-jauria-la-nueva-serie-chilena-de-amazon-prime-video-inspirada-en-el-caso-la-manada\/#primaryimage\",\"url\":\"https:\/\/www.virginmobile.cl\/blog\/wp-content\/uploads\/2020\/07\/vblog_layout-8.jpg\",\"contentUrl\":\"https:\/\/www.virginmobile.cl\/blog\/wp-content\/uploads\/2020\/07\/vblog_layout-8.jpg\",\"width\":1200,\"height\":800,\"caption\":\"La Jaur\u00eda: La nueva serie chilena de Amazon Prime Video inspirada en el caso \u201cLa Manada\u201d\"},{\"@type\":\"BreadcrumbList\",\"@id\":\"https:\/\/www.virginmobile.cl\/blog\/series\/la-jauria-la-nueva-serie-chilena-de-amazon-prime-video-inspirada-en-el-caso-la-manada\/#breadcrumb\",\"itemListElement\":[{\"@type\":\"ListItem\",\"position\":1,\"name\":\"Portada\",\"item\":\"https:\/\/vmcl.space\/blog\/\"},{\"@type\":\"ListItem\",\"position\":2,\"name\":\"La Jaur\u00eda: La nueva serie chilena de Amazon Prime Video inspirada en el caso \u201cLa Manada\u201d\"}]},{\"@type\":\"WebSite\",\"@id\":\"https:\/\/vmcl.space\/blog\/#website\",\"url\":\"https:\/\/vmcl.space\/blog\/\",\"name\":\"Naci\u00f3n Virgin - Virgin Mobile Chile\",\"description\":\"Lo que pasa ah\u00ed lo sabes aqu\u00ed\",\"publisher\":{\"@id\":\"https:\/\/vmcl.space\/blog\/#organization\"},\"potentialAction\":[{\"@type\":\"SearchAction\",\"target\":{\"@type\":\"EntryPoint\",\"urlTemplate\":\"https:\/\/vmcl.space\/blog\/?s={search_term_string}\"},\"query-input\":{\"@type\":\"PropertyValueSpecification\",\"valueRequired\":true,\"valueName\":\"search_term_string\"}}],\"inLanguage\":\"es-CL\"},{\"@type\":\"Organization\",\"@id\":\"https:\/\/vmcl.space\/blog\/#organization\",\"name\":\"Virgin Mobile\",\"url\":\"https:\/\/vmcl.space\/blog\/\",\"logo\":{\"@type\":\"ImageObject\",\"inLanguage\":\"es-CL\",\"@id\":\"https:\/\/vmcl.space\/blog\/#\/schema\/logo\/image\/\",\"url\":\"https:\/\/blog.virginmobile.cl\/wp-content\/uploads\/2018\/06\/logo_blog_v4.png\",\"contentUrl\":\"https:\/\/blog.virginmobile.cl\/wp-content\/uploads\/2018\/06\/logo_blog_v4.png\",\"width\":400,\"height\":400,\"caption\":\"Virgin Mobile\"},\"image\":{\"@id\":\"https:\/\/vmcl.space\/blog\/#\/schema\/logo\/image\/\"},\"sameAs\":[\"https:\/\/www.facebook.com\/VirginMobileChile\/\",\"https:\/\/x.com\/virginmobile_cl\",\"https:\/\/www.instagram.com\/virginmobile_cl\/\",\"https:\/\/www.linkedin.com\/company\/10255048\/admin\/\",\"https:\/\/www.youtube.com\/user\/VirginMobileChile\"]},{\"@type\":\"Person\",\"@id\":\"https:\/\/vmcl.space\/blog\/#\/schema\/person\/7dd3fe8aa95409efbc0c2651edad922c\",\"name\":\"Jorge Herrera\",\"image\":{\"@type\":\"ImageObject\",\"inLanguage\":\"es-CL\",\"@id\":\"https:\/\/secure.gravatar.com\/avatar\/08a675eb2009d32bc8481153d36d8296c68fcc62939ab075bfa2d959ff9025c2?s=96&d=mm&r=g\",\"url\":\"https:\/\/secure.gravatar.com\/avatar\/08a675eb2009d32bc8481153d36d8296c68fcc62939ab075bfa2d959ff9025c2?s=96&d=mm&r=g\",\"contentUrl\":\"https:\/\/secure.gravatar.com\/avatar\/08a675eb2009d32bc8481153d36d8296c68fcc62939ab075bfa2d959ff9025c2?s=96&d=mm&r=g\",\"caption\":\"Jorge Herrera\"},\"url\":\"https:\/\/www.virginmobile.cl\/blog\/author\/jorge-herrera\/\"}]}<\/script>\n<!-- \/ Yoast SEO plugin. -->","yoast_head_json":{"title":"La Jaur\u00eda: La nueva serie chilena de Amazon Prime Video","description":"Amazon Prime Video nos vuelve a sorprender con una nueva serie chilena. Esta vez con La Jaur\u00eda, inspirada en el estremecedor caso de \"La Manada\".","robots":{"index":"index","follow":"follow","max-snippet":"max-snippet:-1","max-image-preview":"max-image-preview:large","max-video-preview":"max-video-preview:-1"},"canonical":"https:\/\/www.virginmobile.cl\/blog\/series\/la-jauria-la-nueva-serie-chilena-de-amazon-prime-video-inspirada-en-el-caso-la-manada\/","og_locale":"es_ES","og_type":"article","og_title":"La Jaur\u00eda: La nueva serie chilena de Amazon Prime Video","og_description":"Amazon Prime Video nos vuelve a sorprender con una nueva serie chilena. Esta vez con La Jaur\u00eda, inspirada en el estremecedor caso de \"La Manada\".","og_url":"https:\/\/www.virginmobile.cl\/blog\/series\/la-jauria-la-nueva-serie-chilena-de-amazon-prime-video-inspirada-en-el-caso-la-manada\/","og_site_name":"Naci\u00f3n Virgin - Virgin Mobile Chile","article_publisher":"https:\/\/www.facebook.com\/VirginMobileChile\/","article_published_time":"2020-07-10T16:54:23+00:00","article_modified_time":"2022-02-24T18:09:44+00:00","og_image":[{"width":1200,"height":800,"url":"https:\/\/www.virginmobile.cl\/blog\/wp-content\/uploads\/2020\/07\/vblog_layout-8.jpg","type":"image\/jpeg"}],"author":"Jorge Herrera","twitter_card":"summary_large_image","twitter_creator":"@virginmobile_cl","twitter_site":"@virginmobile_cl","twitter_misc":{"Escrito por":"Jorge Herrera","Tiempo estimado de lectura":"2 minutos"},"schema":{"@context":"https:\/\/schema.org","@graph":[{"@type":"Article","@id":"https:\/\/www.virginmobile.cl\/blog\/series\/la-jauria-la-nueva-serie-chilena-de-amazon-prime-video-inspirada-en-el-caso-la-manada\/#article","isPartOf":{"@id":"https:\/\/www.virginmobile.cl\/blog\/series\/la-jauria-la-nueva-serie-chilena-de-amazon-prime-video-inspirada-en-el-caso-la-manada\/"},"author":{"name":"Jorge Herrera","@id":"https:\/\/vmcl.space\/blog\/#\/schema\/person\/7dd3fe8aa95409efbc0c2651edad922c"},"headline":"La Jaur\u00eda: La nueva serie chilena de Amazon Prime Video inspirada en el caso \u201cLa Manada\u201d","datePublished":"2020-07-10T16:54:23+00:00","dateModified":"2022-02-24T18:09:44+00:00","mainEntityOfPage":{"@id":"https:\/\/www.virginmobile.cl\/blog\/series\/la-jauria-la-nueva-serie-chilena-de-amazon-prime-video-inspirada-en-el-caso-la-manada\/"},"wordCount":430,"publisher":{"@id":"https:\/\/vmcl.space\/blog\/#organization"},"image":{"@id":"https:\/\/www.virginmobile.cl\/blog\/series\/la-jauria-la-nueva-serie-chilena-de-amazon-prime-video-inspirada-en-el-caso-la-manada\/#primaryimage"},"thumbnailUrl":"https:\/\/www.virginmobile.cl\/blog\/wp-content\/uploads\/2020\/07\/vblog_layout-8.jpg","keywords":["Amazon Prime Video","Estreno","La Jaur\u00eda"],"articleSection":["Series"],"inLanguage":"es-CL"},{"@type":"WebPage","@id":"https:\/\/www.virginmobile.cl\/blog\/series\/la-jauria-la-nueva-serie-chilena-de-amazon-prime-video-inspirada-en-el-caso-la-manada\/","url":"https:\/\/www.virginmobile.cl\/blog\/series\/la-jauria-la-nueva-serie-chilena-de-amazon-prime-video-inspirada-en-el-caso-la-manada\/","name":"La Jaur\u00eda: La nueva serie chilena de Amazon Prime Video","isPartOf":{"@id":"https:\/\/vmcl.space\/blog\/#website"},"primaryImageOfPage":{"@id":"https:\/\/www.virginmobile.cl\/blog\/series\/la-jauria-la-nueva-serie-chilena-de-amazon-prime-video-inspirada-en-el-caso-la-manada\/#primaryimage"},"image":{"@id":"https:\/\/www.virginmobile.cl\/blog\/series\/la-jauria-la-nueva-serie-chilena-de-amazon-prime-video-inspirada-en-el-caso-la-manada\/#primaryimage"},"thumbnailUrl":"https:\/\/www.virginmobile.cl\/blog\/wp-content\/uploads\/2020\/07\/vblog_layout-8.jpg","datePublished":"2020-07-10T16:54:23+00:00","dateModified":"2022-02-24T18:09:44+00:00","description":"Amazon Prime Video nos vuelve a sorprender con una nueva serie chilena. Esta vez con La Jaur\u00eda, inspirada en el estremecedor caso de \"La Manada\".","breadcrumb":{"@id":"https:\/\/www.virginmobile.cl\/blog\/series\/la-jauria-la-nueva-serie-chilena-de-amazon-prime-video-inspirada-en-el-caso-la-manada\/#breadcrumb"},"inLanguage":"es-CL","potentialAction":[{"@type":"ReadAction","target":["https:\/\/www.virginmobile.cl\/blog\/series\/la-jauria-la-nueva-serie-chilena-de-amazon-prime-video-inspirada-en-el-caso-la-manada\/"]}]},{"@type":"ImageObject","inLanguage":"es-CL","@id":"https:\/\/www.virginmobile.cl\/blog\/series\/la-jauria-la-nueva-serie-chilena-de-amazon-prime-video-inspirada-en-el-caso-la-manada\/#primaryimage","url":"https:\/\/www.virginmobile.cl\/blog\/wp-content\/uploads\/2020\/07\/vblog_layout-8.jpg","contentUrl":"https:\/\/www.virginmobile.cl\/blog\/wp-content\/uploads\/2020\/07\/vblog_layout-8.jpg","width":1200,"height":800,"caption":"La Jaur\u00eda: La nueva serie chilena de Amazon Prime Video inspirada en el caso \u201cLa Manada\u201d"},{"@type":"BreadcrumbList","@id":"https:\/\/www.virginmobile.cl\/blog\/series\/la-jauria-la-nueva-serie-chilena-de-amazon-prime-video-inspirada-en-el-caso-la-manada\/#breadcrumb","itemListElement":[{"@type":"ListItem","position":1,"name":"Portada","item":"https:\/\/vmcl.space\/blog\/"},{"@type":"ListItem","position":2,"name":"La Jaur\u00eda: La nueva serie chilena de Amazon Prime Video inspirada en el caso \u201cLa Manada\u201d"}]},{"@type":"WebSite","@id":"https:\/\/vmcl.space\/blog\/#website","url":"https:\/\/vmcl.space\/blog\/","name":"Naci\u00f3n Virgin - Virgin Mobile Chile","description":"Lo que pasa ah\u00ed lo sabes aqu\u00ed","publisher":{"@id":"https:\/\/vmcl.space\/blog\/#organization"},"potentialAction":[{"@type":"SearchAction","target":{"@type":"EntryPoint","urlTemplate":"https:\/\/vmcl.space\/blog\/?s={search_term_string}"},"query-input":{"@type":"PropertyValueSpecification","valueRequired":true,"valueName":"search_term_string"}}],"inLanguage":"es-CL"},{"@type":"Organization","@id":"https:\/\/vmcl.space\/blog\/#organization","name":"Virgin Mobile","url":"https:\/\/vmcl.space\/blog\/","logo":{"@type":"ImageObject","inLanguage":"es-CL","@id":"https:\/\/vmcl.space\/blog\/#\/schema\/logo\/image\/","url":"https:\/\/blog.virginmobile.cl\/wp-content\/uploads\/2018\/06\/logo_blog_v4.png","contentUrl":"https:\/\/blog.virginmobile.cl\/wp-content\/uploads\/2018\/06\/logo_blog_v4.png","width":400,"height":400,"caption":"Virgin Mobile"},"image":{"@id":"https:\/\/vmcl.space\/blog\/#\/schema\/logo\/image\/"},"sameAs":["https:\/\/www.facebook.com\/VirginMobileChile\/","https:\/\/x.com\/virginmobile_cl","https:\/\/www.instagram.com\/virginmobile_cl\/","https:\/\/www.linkedin.com\/company\/10255048\/admin\/","https:\/\/www.youtube.com\/user\/VirginMobileChile"]},{"@type":"Person","@id":"https:\/\/vmcl.space\/blog\/#\/schema\/person\/7dd3fe8aa95409efbc0c2651edad922c","name":"Jorge Herrera","image":{"@type":"ImageObject","inLanguage":"es-CL","@id":"https:\/\/secure.gravatar.com\/avatar\/08a675eb2009d32bc8481153d36d8296c68fcc62939ab075bfa2d959ff9025c2?s=96&d=mm&r=g","url":"https:\/\/secure.gravatar.com\/avatar\/08a675eb2009d32bc8481153d36d8296c68fcc62939ab075bfa2d959ff9025c2?s=96&d=mm&r=g","contentUrl":"https:\/\/secure.gravatar.com\/avatar\/08a675eb2009d32bc8481153d36d8296c68fcc62939ab075bfa2d959ff9025c2?s=96&d=mm&r=g","caption":"Jorge Herrera"},"url":"https:\/\/www.virginmobile.cl\/blog\/author\/jorge-herrera\/"}]}},"_links":{"self":[{"href":"https:\/\/www.virginmobile.cl\/blog\/wp-json\/wp\/v2\/posts\/3345","targetHints":{"allow":["GET"]}}],"collection":[{"href":"https:\/\/www.virginmobile.cl\/blog\/wp-json\/wp\/v2\/posts"}],"about":[{"href":"https:\/\/www.virginmobile.cl\/blog\/wp-json\/wp\/v2\/types\/post"}],"author":[{"embeddable":true,"href":"https:\/\/www.virginmobile.cl\/blog\/wp-json\/wp\/v2\/users\/2"}],"replies":[{"embeddable":true,"href":"https:\/\/www.virginmobile.cl\/blog\/wp-json\/wp\/v2\/comments?post=3345"}],"version-history":[{"count":2,"href":"https:\/\/www.virginmobile.cl\/blog\/wp-json\/wp\/v2\/posts\/3345\/revisions"}],"predecessor-version":[{"id":3349,"href":"https:\/\/www.virginmobile.cl\/blog\/wp-json\/wp\/v2\/posts\/3345\/revisions\/3349"}],"wp:featuredmedia":[{"embeddable":true,"href":"https:\/\/www.virginmobile.cl\/blog\/wp-json\/wp\/v2\/media\/3347"}],"wp:attachment":[{"href":"https:\/\/www.virginmobile.cl\/blog\/wp-json\/wp\/v2\/media?parent=3345"}],"wp:term":[{"taxonomy":"category","embeddable":true,"href":"https:\/\/www.virginmobile.cl\/blog\/wp-json\/wp\/v2\/categories?post=3345"},{"taxonomy":"post_tag","embeddable":true,"href":"https:\/\/www.virginmobile.cl\/blog\/wp-json\/wp\/v2\/tags?post=3345"}],"curies":[{"name":"wp","href":"https:\/\/api.w.org\/{rel}","templated":true}]}}