{"id":3170,"date":"2020-06-11T13:08:45","date_gmt":"2020-06-11T17:08:45","guid":{"rendered":"https:\/\/blog.virginmobile.cl\/?p=3170"},"modified":"2022-02-24T14:34:13","modified_gmt":"2022-02-24T18:34:13","slug":"el-presidente-la-serie-de-amazon-enfrenta-criticas-y-demandas","status":"publish","type":"post","link":"https:\/\/www.virginmobile.cl\/blog\/series\/el-presidente-la-serie-de-amazon-enfrenta-criticas-y-demandas\/","title":{"rendered":"El  Presidente: La serie de Amazon enfrenta cr\u00edticas y demandas"},"content":{"rendered":"\n<p>Si tienes Amazon Prime, de seguro ya comenzaste a ver \u201cEl Presidente\u201d. Desde su estreno el pasado viernes 5 de junio, las redes sociales han explotado haciendo eco por su trama: la historia detr\u00e1s del esc\u00e1ndalo de corrupci\u00f3n m\u00e1s grande del f\u00fatbol. A pesar de ser una buena pieza cinematogr\u00e1fica para muchos, algunos no reaccionaron de manera positiva a esta nueva serie.<\/p>\n\n\n\n<p><strong>FIFA Gate.<\/strong> \u00bfAlguien lo recuerda? Es el caso de corrupci\u00f3n deportivo que hizo mucho ruido por el a\u00f1o 2015 y 2016. Catorce personas del mundo del f\u00fatbol mundial fueron acusadas de soborno, fraude y lavado de dinero. Entre ellos figura Sergio Jadue, ex dirigente de f\u00fatbol chileno, quien fue presidente de la ANFP y Vicepresidente en la Confederaci\u00f3n Sudamericana de F\u00fatbol.<\/p>\n\n\n\n<figure class=\"wp-block-embed-youtube wp-block-embed is-type-video is-provider-youtube wp-embed-aspect-16-9 wp-has-aspect-ratio\"><div class=\"wp-block-embed__wrapper\">\n<div class=\"embed-vimeo\"><iframe loading=\"lazy\" title=\"El Presidente - Tr\u00e1iler oficial | Amazon Prime Video\" width=\"1140\" height=\"641\" src=\"https:\/\/www.youtube.com\/embed\/EC3sAN6xvC4?feature=oembed\" frameborder=\"0\" allow=\"accelerometer; autoplay; encrypted-media; gyroscope; picture-in-picture\" allowfullscreen><\/iframe><\/div>\n<\/div><\/figure>\n\n\n\n<h2 class=\"wp-block-heading\">Amazon Prime lanza esta serie de ficci\u00f3n llamada &#8220;El Presidente&#8221;<\/h2>\n\n\n\n<p>Basada en los hechos del esc\u00e1ndalo del <a href=\"https:\/\/www.latercera.com\/la-tercera-pm\/noticia\/mucha-mas-ficcion-que-realidad-fact-checking-a-el-presidente-la-discutida-serie-que-resena-el-escandalo-de-sergio-jadue\/2DNUPSDKDFEVVEV2IP7Z6XPLME\/\">FIFA Gate<\/a> y con ocho cap\u00edtulos de una hora cada uno. Entre sus protagonistas se destaca la presencia de Karla Souza (Rosario\/FBI), Andr\u00e9s Parra (Sergio Jadue) y Paulina Gait\u00e1n (Nen\u00e9).<\/p>\n\n\n\n<p>Por primera vez se apunta al pago de sobornos por parte de Rusia y Qatar. Seg\u00fan Ken Bensinger, fueron dirigentes latinoamericanos lo que recibieron millones de d\u00f3lares por votar a estas dos naciones como sedes de los Mundiales de 2018 y 2022.<\/p>\n\n\n\n<p>La serie no fue bien recibida por algunos personajes. Los hijos de Julio Grondona, quien aparece en pantalla como narrador y figura paterna de Jadue, se enfurecieron al ver el nombre de su padre sin consentimiento previo, por lo que iniciar\u00e1n una demanda contra Amazon y las productoras implicadas.<\/p>\n\n\n\n<blockquote class=\"wp-block-quote is-layout-flow wp-block-quote-is-layout-flow\"><p><em>En esta serie en concreto se est\u00e1 utilizando la imagen, lucran con la imagen de Julio Grondona y adem\u00e1s, por otro canal, mancillan el nombre, hablan mal de la memoria de Julio.<\/em> <\/p><p><em>M\u00e1s all\u00e1 de que est\u00e9 hablando desde el m\u00e1s all\u00e1, en el inconsciente y en el consciente de la audiencia se lo vincula con causas en las que don Julio no tuvo participaci\u00f3n. En los anuncios que hacen de la serie hablan del presidente, de la participaci\u00f3n que tiene \u00e9l y el FIFA Gate y la corrupci\u00f3n<\/em>.<\/p><cite>Indica la abogada de Elba Marcovecchio para La Tercera.<\/cite><\/blockquote>\n\n\n\n<p>Ya sea de forma positiva o negativa, El Presidente ha sido un gran estallido en Internet. Incluso Andr\u00e9s Parra, quien interpreta a Sergio Jadue, intercambi\u00f3 tweets con el periodista argentino Mar\u00edn Liberman luego de que \u00e9ste dijera que la historia era <a href=\"https:\/\/www.alairelibre.cl\/noticias\/deportes\/fuera-de-juego\/martin-liberman-critico-serie-el-presidente-perdida-de-tiempo\/2020-06-08\/123917.html\">\u201cuna p\u00e9rdida de tiempo\u201d<\/a>.<\/p>\n\n\n\n<p>\u00a1Com\u00e9ntanos si ya la viste y qu\u00e9 te pareci\u00f3 a ti! Y si no tienes Amazon Prime, recuerda la <a href=\"https:\/\/blog.virginmobile.cl\/series\/estrenos-netflix-conoce-el-listado-para-el-mes-de-junio\">lista de estrenos<\/a> de Netflix para que disfrutes durante esta cuarentena. <\/p>\n","protected":false},"excerpt":{"rendered":"<p>Si tienes Amazon Prime, de seguro ya comenzaste a ver \u201cEl Presidente\u201d. Desde su estreno el pasado viernes 5 de junio, las redes sociales han explotado haciendo eco por su trama: la historia detr\u00e1s del esc\u00e1ndalo de corrupci\u00f3n m\u00e1s grande del f\u00fatbol. A pesar de ser una buena pieza cinematogr\u00e1fica para muchos, algunos no reaccionaron [&hellip;]<\/p>\n","protected":false},"author":2,"featured_media":3172,"comment_status":"closed","ping_status":"closed","sticky":false,"template":"","format":"standard","meta":{"footnotes":""},"categories":[198],"tags":[699,698,311,700],"class_list":["post-3170","post","type-post","status-publish","format-standard","has-post-thumbnail","hentry","category-series","tag-amazon-prime","tag-el-presidente","tag-fifa","tag-sergio-jadue"],"yoast_head":"<!-- This site is optimized with the Yoast SEO plugin v27.2 - https:\/\/yoast.com\/product\/yoast-seo-wordpress\/ -->\n<title>El Presidente: La serie de Amazon enfrenta cr\u00edticas y demandas<\/title>\n<meta name=\"description\" content=\"Si tienes Amazon Prime, de seguro ya comenzaste a ver la criticada serie \u201cEl Presidente\u201d con todo el esc\u00e1ndalo de la FIFA. \u00c9chale un vistazo a esta nota.\" \/>\n<meta name=\"robots\" content=\"index, follow, max-snippet:-1, max-image-preview:large, max-video-preview:-1\" \/>\n<link rel=\"canonical\" href=\"https:\/\/www.virginmobile.cl\/blog\/series\/el-presidente-la-serie-de-amazon-enfrenta-criticas-y-demandas\/\" \/>\n<meta property=\"og:locale\" content=\"es_ES\" \/>\n<meta property=\"og:type\" content=\"article\" \/>\n<meta property=\"og:title\" content=\"El Presidente: La serie de Amazon enfrenta cr\u00edticas y demandas\" \/>\n<meta property=\"og:description\" content=\"Si tienes Amazon Prime, de seguro ya comenzaste a ver la criticada serie \u201cEl Presidente\u201d con todo el esc\u00e1ndalo de la FIFA. \u00c9chale un vistazo a esta nota.\" \/>\n<meta property=\"og:url\" content=\"https:\/\/www.virginmobile.cl\/blog\/series\/el-presidente-la-serie-de-amazon-enfrenta-criticas-y-demandas\/\" \/>\n<meta property=\"og:site_name\" content=\"Naci\u00f3n Virgin - Virgin Mobile Chile\" \/>\n<meta property=\"article:publisher\" content=\"https:\/\/www.facebook.com\/VirginMobileChile\/\" \/>\n<meta property=\"article:published_time\" content=\"2020-06-11T17:08:45+00:00\" \/>\n<meta property=\"article:modified_time\" content=\"2022-02-24T18:34:13+00:00\" \/>\n<meta property=\"og:image\" content=\"https:\/\/www.virginmobile.cl\/blog\/wp-content\/uploads\/2020\/06\/vblog_layout-7.jpg\" \/>\n\t<meta property=\"og:image:width\" content=\"1200\" \/>\n\t<meta property=\"og:image:height\" content=\"800\" \/>\n\t<meta property=\"og:image:type\" content=\"image\/jpeg\" \/>\n<meta name=\"author\" content=\"Jorge Herrera\" \/>\n<meta name=\"twitter:card\" content=\"summary_large_image\" \/>\n<meta name=\"twitter:creator\" content=\"@virginmobile_cl\" \/>\n<meta name=\"twitter:site\" content=\"@virginmobile_cl\" \/>\n<meta name=\"twitter:label1\" content=\"Escrito por\" \/>\n\t<meta name=\"twitter:data1\" content=\"Jorge Herrera\" \/>\n\t<meta name=\"twitter:label2\" content=\"Tiempo estimado de lectura\" \/>\n\t<meta name=\"twitter:data2\" content=\"2 minutos\" \/>\n<script type=\"application\/ld+json\" class=\"yoast-schema-graph\">{\"@context\":\"https:\/\/schema.org\",\"@graph\":[{\"@type\":\"Article\",\"@id\":\"https:\/\/www.virginmobile.cl\/blog\/series\/el-presidente-la-serie-de-amazon-enfrenta-criticas-y-demandas\/#article\",\"isPartOf\":{\"@id\":\"https:\/\/www.virginmobile.cl\/blog\/series\/el-presidente-la-serie-de-amazon-enfrenta-criticas-y-demandas\/\"},\"author\":{\"name\":\"Jorge Herrera\",\"@id\":\"https:\/\/vmcl.space\/blog\/#\/schema\/person\/7dd3fe8aa95409efbc0c2651edad922c\"},\"headline\":\"El Presidente: La serie de Amazon enfrenta cr\u00edticas y demandas\",\"datePublished\":\"2020-06-11T17:08:45+00:00\",\"dateModified\":\"2022-02-24T18:34:13+00:00\",\"mainEntityOfPage\":{\"@id\":\"https:\/\/www.virginmobile.cl\/blog\/series\/el-presidente-la-serie-de-amazon-enfrenta-criticas-y-demandas\/\"},\"wordCount\":484,\"publisher\":{\"@id\":\"https:\/\/vmcl.space\/blog\/#organization\"},\"image\":{\"@id\":\"https:\/\/www.virginmobile.cl\/blog\/series\/el-presidente-la-serie-de-amazon-enfrenta-criticas-y-demandas\/#primaryimage\"},\"thumbnailUrl\":\"https:\/\/www.virginmobile.cl\/blog\/wp-content\/uploads\/2020\/06\/vblog_layout-7.jpg\",\"keywords\":[\"Amazon Prime\",\"El Presidente\",\"FIFA\",\"Sergio Jadue\"],\"articleSection\":[\"Series\"],\"inLanguage\":\"es-CL\"},{\"@type\":\"WebPage\",\"@id\":\"https:\/\/www.virginmobile.cl\/blog\/series\/el-presidente-la-serie-de-amazon-enfrenta-criticas-y-demandas\/\",\"url\":\"https:\/\/www.virginmobile.cl\/blog\/series\/el-presidente-la-serie-de-amazon-enfrenta-criticas-y-demandas\/\",\"name\":\"El Presidente: La serie de Amazon enfrenta cr\u00edticas y demandas\",\"isPartOf\":{\"@id\":\"https:\/\/vmcl.space\/blog\/#website\"},\"primaryImageOfPage\":{\"@id\":\"https:\/\/www.virginmobile.cl\/blog\/series\/el-presidente-la-serie-de-amazon-enfrenta-criticas-y-demandas\/#primaryimage\"},\"image\":{\"@id\":\"https:\/\/www.virginmobile.cl\/blog\/series\/el-presidente-la-serie-de-amazon-enfrenta-criticas-y-demandas\/#primaryimage\"},\"thumbnailUrl\":\"https:\/\/www.virginmobile.cl\/blog\/wp-content\/uploads\/2020\/06\/vblog_layout-7.jpg\",\"datePublished\":\"2020-06-11T17:08:45+00:00\",\"dateModified\":\"2022-02-24T18:34:13+00:00\",\"description\":\"Si tienes Amazon Prime, de seguro ya comenzaste a ver la criticada serie \u201cEl Presidente\u201d con todo el esc\u00e1ndalo de la FIFA. \u00c9chale un vistazo a esta nota.\",\"breadcrumb\":{\"@id\":\"https:\/\/www.virginmobile.cl\/blog\/series\/el-presidente-la-serie-de-amazon-enfrenta-criticas-y-demandas\/#breadcrumb\"},\"inLanguage\":\"es-CL\",\"potentialAction\":[{\"@type\":\"ReadAction\",\"target\":[\"https:\/\/www.virginmobile.cl\/blog\/series\/el-presidente-la-serie-de-amazon-enfrenta-criticas-y-demandas\/\"]}]},{\"@type\":\"ImageObject\",\"inLanguage\":\"es-CL\",\"@id\":\"https:\/\/www.virginmobile.cl\/blog\/series\/el-presidente-la-serie-de-amazon-enfrenta-criticas-y-demandas\/#primaryimage\",\"url\":\"https:\/\/www.virginmobile.cl\/blog\/wp-content\/uploads\/2020\/06\/vblog_layout-7.jpg\",\"contentUrl\":\"https:\/\/www.virginmobile.cl\/blog\/wp-content\/uploads\/2020\/06\/vblog_layout-7.jpg\",\"width\":1200,\"height\":800,\"caption\":\"El Presidente: La serie de Amazon enfrenta cr\u00edticas y demandas\"},{\"@type\":\"BreadcrumbList\",\"@id\":\"https:\/\/www.virginmobile.cl\/blog\/series\/el-presidente-la-serie-de-amazon-enfrenta-criticas-y-demandas\/#breadcrumb\",\"itemListElement\":[{\"@type\":\"ListItem\",\"position\":1,\"name\":\"Portada\",\"item\":\"https:\/\/vmcl.space\/blog\/\"},{\"@type\":\"ListItem\",\"position\":2,\"name\":\"El Presidente: La serie de Amazon enfrenta cr\u00edticas y demandas\"}]},{\"@type\":\"WebSite\",\"@id\":\"https:\/\/vmcl.space\/blog\/#website\",\"url\":\"https:\/\/vmcl.space\/blog\/\",\"name\":\"Naci\u00f3n Virgin - Virgin Mobile Chile\",\"description\":\"Lo que pasa ah\u00ed lo sabes aqu\u00ed\",\"publisher\":{\"@id\":\"https:\/\/vmcl.space\/blog\/#organization\"},\"potentialAction\":[{\"@type\":\"SearchAction\",\"target\":{\"@type\":\"EntryPoint\",\"urlTemplate\":\"https:\/\/vmcl.space\/blog\/?s={search_term_string}\"},\"query-input\":{\"@type\":\"PropertyValueSpecification\",\"valueRequired\":true,\"valueName\":\"search_term_string\"}}],\"inLanguage\":\"es-CL\"},{\"@type\":\"Organization\",\"@id\":\"https:\/\/vmcl.space\/blog\/#organization\",\"name\":\"Virgin Mobile\",\"url\":\"https:\/\/vmcl.space\/blog\/\",\"logo\":{\"@type\":\"ImageObject\",\"inLanguage\":\"es-CL\",\"@id\":\"https:\/\/vmcl.space\/blog\/#\/schema\/logo\/image\/\",\"url\":\"https:\/\/blog.virginmobile.cl\/wp-content\/uploads\/2018\/06\/logo_blog_v4.png\",\"contentUrl\":\"https:\/\/blog.virginmobile.cl\/wp-content\/uploads\/2018\/06\/logo_blog_v4.png\",\"width\":400,\"height\":400,\"caption\":\"Virgin Mobile\"},\"image\":{\"@id\":\"https:\/\/vmcl.space\/blog\/#\/schema\/logo\/image\/\"},\"sameAs\":[\"https:\/\/www.facebook.com\/VirginMobileChile\/\",\"https:\/\/x.com\/virginmobile_cl\",\"https:\/\/www.instagram.com\/virginmobile_cl\/\",\"https:\/\/www.linkedin.com\/company\/10255048\/admin\/\",\"https:\/\/www.youtube.com\/user\/VirginMobileChile\"]},{\"@type\":\"Person\",\"@id\":\"https:\/\/vmcl.space\/blog\/#\/schema\/person\/7dd3fe8aa95409efbc0c2651edad922c\",\"name\":\"Jorge Herrera\",\"image\":{\"@type\":\"ImageObject\",\"inLanguage\":\"es-CL\",\"@id\":\"https:\/\/secure.gravatar.com\/avatar\/08a675eb2009d32bc8481153d36d8296c68fcc62939ab075bfa2d959ff9025c2?s=96&d=mm&r=g\",\"url\":\"https:\/\/secure.gravatar.com\/avatar\/08a675eb2009d32bc8481153d36d8296c68fcc62939ab075bfa2d959ff9025c2?s=96&d=mm&r=g\",\"contentUrl\":\"https:\/\/secure.gravatar.com\/avatar\/08a675eb2009d32bc8481153d36d8296c68fcc62939ab075bfa2d959ff9025c2?s=96&d=mm&r=g\",\"caption\":\"Jorge Herrera\"},\"url\":\"https:\/\/www.virginmobile.cl\/blog\/author\/jorge-herrera\/\"}]}<\/script>\n<!-- \/ Yoast SEO plugin. -->","yoast_head_json":{"title":"El Presidente: La serie de Amazon enfrenta cr\u00edticas y demandas","description":"Si tienes Amazon Prime, de seguro ya comenzaste a ver la criticada serie \u201cEl Presidente\u201d con todo el esc\u00e1ndalo de la FIFA. \u00c9chale un vistazo a esta nota.","robots":{"index":"index","follow":"follow","max-snippet":"max-snippet:-1","max-image-preview":"max-image-preview:large","max-video-preview":"max-video-preview:-1"},"canonical":"https:\/\/www.virginmobile.cl\/blog\/series\/el-presidente-la-serie-de-amazon-enfrenta-criticas-y-demandas\/","og_locale":"es_ES","og_type":"article","og_title":"El Presidente: La serie de Amazon enfrenta cr\u00edticas y demandas","og_description":"Si tienes Amazon Prime, de seguro ya comenzaste a ver la criticada serie \u201cEl Presidente\u201d con todo el esc\u00e1ndalo de la FIFA. \u00c9chale un vistazo a esta nota.","og_url":"https:\/\/www.virginmobile.cl\/blog\/series\/el-presidente-la-serie-de-amazon-enfrenta-criticas-y-demandas\/","og_site_name":"Naci\u00f3n Virgin - Virgin Mobile Chile","article_publisher":"https:\/\/www.facebook.com\/VirginMobileChile\/","article_published_time":"2020-06-11T17:08:45+00:00","article_modified_time":"2022-02-24T18:34:13+00:00","og_image":[{"width":1200,"height":800,"url":"https:\/\/www.virginmobile.cl\/blog\/wp-content\/uploads\/2020\/06\/vblog_layout-7.jpg","type":"image\/jpeg"}],"author":"Jorge Herrera","twitter_card":"summary_large_image","twitter_creator":"@virginmobile_cl","twitter_site":"@virginmobile_cl","twitter_misc":{"Escrito por":"Jorge Herrera","Tiempo estimado de lectura":"2 minutos"},"schema":{"@context":"https:\/\/schema.org","@graph":[{"@type":"Article","@id":"https:\/\/www.virginmobile.cl\/blog\/series\/el-presidente-la-serie-de-amazon-enfrenta-criticas-y-demandas\/#article","isPartOf":{"@id":"https:\/\/www.virginmobile.cl\/blog\/series\/el-presidente-la-serie-de-amazon-enfrenta-criticas-y-demandas\/"},"author":{"name":"Jorge Herrera","@id":"https:\/\/vmcl.space\/blog\/#\/schema\/person\/7dd3fe8aa95409efbc0c2651edad922c"},"headline":"El Presidente: La serie de Amazon enfrenta cr\u00edticas y demandas","datePublished":"2020-06-11T17:08:45+00:00","dateModified":"2022-02-24T18:34:13+00:00","mainEntityOfPage":{"@id":"https:\/\/www.virginmobile.cl\/blog\/series\/el-presidente-la-serie-de-amazon-enfrenta-criticas-y-demandas\/"},"wordCount":484,"publisher":{"@id":"https:\/\/vmcl.space\/blog\/#organization"},"image":{"@id":"https:\/\/www.virginmobile.cl\/blog\/series\/el-presidente-la-serie-de-amazon-enfrenta-criticas-y-demandas\/#primaryimage"},"thumbnailUrl":"https:\/\/www.virginmobile.cl\/blog\/wp-content\/uploads\/2020\/06\/vblog_layout-7.jpg","keywords":["Amazon Prime","El Presidente","FIFA","Sergio Jadue"],"articleSection":["Series"],"inLanguage":"es-CL"},{"@type":"WebPage","@id":"https:\/\/www.virginmobile.cl\/blog\/series\/el-presidente-la-serie-de-amazon-enfrenta-criticas-y-demandas\/","url":"https:\/\/www.virginmobile.cl\/blog\/series\/el-presidente-la-serie-de-amazon-enfrenta-criticas-y-demandas\/","name":"El Presidente: La serie de Amazon enfrenta cr\u00edticas y demandas","isPartOf":{"@id":"https:\/\/vmcl.space\/blog\/#website"},"primaryImageOfPage":{"@id":"https:\/\/www.virginmobile.cl\/blog\/series\/el-presidente-la-serie-de-amazon-enfrenta-criticas-y-demandas\/#primaryimage"},"image":{"@id":"https:\/\/www.virginmobile.cl\/blog\/series\/el-presidente-la-serie-de-amazon-enfrenta-criticas-y-demandas\/#primaryimage"},"thumbnailUrl":"https:\/\/www.virginmobile.cl\/blog\/wp-content\/uploads\/2020\/06\/vblog_layout-7.jpg","datePublished":"2020-06-11T17:08:45+00:00","dateModified":"2022-02-24T18:34:13+00:00","description":"Si tienes Amazon Prime, de seguro ya comenzaste a ver la criticada serie \u201cEl Presidente\u201d con todo el esc\u00e1ndalo de la FIFA. \u00c9chale un vistazo a esta nota.","breadcrumb":{"@id":"https:\/\/www.virginmobile.cl\/blog\/series\/el-presidente-la-serie-de-amazon-enfrenta-criticas-y-demandas\/#breadcrumb"},"inLanguage":"es-CL","potentialAction":[{"@type":"ReadAction","target":["https:\/\/www.virginmobile.cl\/blog\/series\/el-presidente-la-serie-de-amazon-enfrenta-criticas-y-demandas\/"]}]},{"@type":"ImageObject","inLanguage":"es-CL","@id":"https:\/\/www.virginmobile.cl\/blog\/series\/el-presidente-la-serie-de-amazon-enfrenta-criticas-y-demandas\/#primaryimage","url":"https:\/\/www.virginmobile.cl\/blog\/wp-content\/uploads\/2020\/06\/vblog_layout-7.jpg","contentUrl":"https:\/\/www.virginmobile.cl\/blog\/wp-content\/uploads\/2020\/06\/vblog_layout-7.jpg","width":1200,"height":800,"caption":"El Presidente: La serie de Amazon enfrenta cr\u00edticas y demandas"},{"@type":"BreadcrumbList","@id":"https:\/\/www.virginmobile.cl\/blog\/series\/el-presidente-la-serie-de-amazon-enfrenta-criticas-y-demandas\/#breadcrumb","itemListElement":[{"@type":"ListItem","position":1,"name":"Portada","item":"https:\/\/vmcl.space\/blog\/"},{"@type":"ListItem","position":2,"name":"El Presidente: La serie de Amazon enfrenta cr\u00edticas y demandas"}]},{"@type":"WebSite","@id":"https:\/\/vmcl.space\/blog\/#website","url":"https:\/\/vmcl.space\/blog\/","name":"Naci\u00f3n Virgin - Virgin Mobile Chile","description":"Lo que pasa ah\u00ed lo sabes aqu\u00ed","publisher":{"@id":"https:\/\/vmcl.space\/blog\/#organization"},"potentialAction":[{"@type":"SearchAction","target":{"@type":"EntryPoint","urlTemplate":"https:\/\/vmcl.space\/blog\/?s={search_term_string}"},"query-input":{"@type":"PropertyValueSpecification","valueRequired":true,"valueName":"search_term_string"}}],"inLanguage":"es-CL"},{"@type":"Organization","@id":"https:\/\/vmcl.space\/blog\/#organization","name":"Virgin Mobile","url":"https:\/\/vmcl.space\/blog\/","logo":{"@type":"ImageObject","inLanguage":"es-CL","@id":"https:\/\/vmcl.space\/blog\/#\/schema\/logo\/image\/","url":"https:\/\/blog.virginmobile.cl\/wp-content\/uploads\/2018\/06\/logo_blog_v4.png","contentUrl":"https:\/\/blog.virginmobile.cl\/wp-content\/uploads\/2018\/06\/logo_blog_v4.png","width":400,"height":400,"caption":"Virgin Mobile"},"image":{"@id":"https:\/\/vmcl.space\/blog\/#\/schema\/logo\/image\/"},"sameAs":["https:\/\/www.facebook.com\/VirginMobileChile\/","https:\/\/x.com\/virginmobile_cl","https:\/\/www.instagram.com\/virginmobile_cl\/","https:\/\/www.linkedin.com\/company\/10255048\/admin\/","https:\/\/www.youtube.com\/user\/VirginMobileChile"]},{"@type":"Person","@id":"https:\/\/vmcl.space\/blog\/#\/schema\/person\/7dd3fe8aa95409efbc0c2651edad922c","name":"Jorge Herrera","image":{"@type":"ImageObject","inLanguage":"es-CL","@id":"https:\/\/secure.gravatar.com\/avatar\/08a675eb2009d32bc8481153d36d8296c68fcc62939ab075bfa2d959ff9025c2?s=96&d=mm&r=g","url":"https:\/\/secure.gravatar.com\/avatar\/08a675eb2009d32bc8481153d36d8296c68fcc62939ab075bfa2d959ff9025c2?s=96&d=mm&r=g","contentUrl":"https:\/\/secure.gravatar.com\/avatar\/08a675eb2009d32bc8481153d36d8296c68fcc62939ab075bfa2d959ff9025c2?s=96&d=mm&r=g","caption":"Jorge Herrera"},"url":"https:\/\/www.virginmobile.cl\/blog\/author\/jorge-herrera\/"}]}},"_links":{"self":[{"href":"https:\/\/www.virginmobile.cl\/blog\/wp-json\/wp\/v2\/posts\/3170","targetHints":{"allow":["GET"]}}],"collection":[{"href":"https:\/\/www.virginmobile.cl\/blog\/wp-json\/wp\/v2\/posts"}],"about":[{"href":"https:\/\/www.virginmobile.cl\/blog\/wp-json\/wp\/v2\/types\/post"}],"author":[{"embeddable":true,"href":"https:\/\/www.virginmobile.cl\/blog\/wp-json\/wp\/v2\/users\/2"}],"replies":[{"embeddable":true,"href":"https:\/\/www.virginmobile.cl\/blog\/wp-json\/wp\/v2\/comments?post=3170"}],"version-history":[{"count":2,"href":"https:\/\/www.virginmobile.cl\/blog\/wp-json\/wp\/v2\/posts\/3170\/revisions"}],"predecessor-version":[{"id":3174,"href":"https:\/\/www.virginmobile.cl\/blog\/wp-json\/wp\/v2\/posts\/3170\/revisions\/3174"}],"wp:featuredmedia":[{"embeddable":true,"href":"https:\/\/www.virginmobile.cl\/blog\/wp-json\/wp\/v2\/media\/3172"}],"wp:attachment":[{"href":"https:\/\/www.virginmobile.cl\/blog\/wp-json\/wp\/v2\/media?parent=3170"}],"wp:term":[{"taxonomy":"category","embeddable":true,"href":"https:\/\/www.virginmobile.cl\/blog\/wp-json\/wp\/v2\/categories?post=3170"},{"taxonomy":"post_tag","embeddable":true,"href":"https:\/\/www.virginmobile.cl\/blog\/wp-json\/wp\/v2\/tags?post=3170"}],"curies":[{"name":"wp","href":"https:\/\/api.w.org\/{rel}","templated":true}]}}