{"id":3036,"date":"2020-05-18T16:22:37","date_gmt":"2020-05-18T20:22:37","guid":{"rendered":"https:\/\/blog.virginmobile.cl\/?p=3036"},"modified":"2022-02-24T14:34:18","modified_gmt":"2022-02-24T18:34:18","slug":"la-vacuna-contra-el-coronavirus-no-estara-lista-para-septiembre","status":"publish","type":"post","link":"https:\/\/www.virginmobile.cl\/blog\/noticias\/la-vacuna-contra-el-coronavirus-no-estara-lista-para-septiembre\/","title":{"rendered":"La vacuna contra el Coronavirus no estar\u00e1 lista para septiembre"},"content":{"rendered":"\n<p>El coronavirus sigue alarmando a todos, y no solo por la enfermedad, sino que la preocupaci\u00f3n por el aislamiento social y el <a href=\"https:\/\/blog.virginmobile.cl\/virginmobile\/como-ganar-dinero-extra-en-esta-cuarentena\">desempleo<\/a>. En Chile ya son 46.059 los casos de contagio por COVID-19 y m\u00e1s de 400 dudosos muertos. Todos nos preguntamos cu\u00e1ndo estar\u00e1 lista la vacuna contra el coronavirus y las respuestas son siempre desesperanzadoras. Una vacuna tarda normalmente m\u00e1s de 1 a\u00f1o y medio en cumplir con todos los requisitos que comprueben su efectividad.<\/p>\n\n\n\n<p>En el Reino Unido surgi\u00f3 un peque\u00f1o rayo de esperanza cuando el Secretario de Negocios, Alok Sharma, dio un anuncio sobre las numerosas pruebas exitosas de una <a href=\"https:\/\/www.politicshome.com\/news\/article\/uk-could-have-30m-doses-of-coronavirus-vaccine-by-september-claims-government\">vacuna experimental<\/a> desarrollada con ayuda del laboratorio de AstraZeneca, el Imperial College London y la Universidad de Oxford. El funcionario afirm\u00f3 que se est\u00e1 preparando todo para las m\u00e1s de <strong>30 millones de dosis listas<\/strong> para este pr\u00f3ximo septiembre.<\/p>\n\n\n\n<p>Todo sonaba demasiado bueno para ser verdad. La comunidad cient\u00edfica de Inglaterra reaccion\u00f3 de inmediato, se\u00f1alando la importancia de realizar m\u00e1s pruebas de seguridad antes de producir una vacuna masiva para los contagiados. No vaya a ser que la cura sea peor que la enfermedad.<\/p>\n\n\n\n<h2 class=\"wp-block-heading\">Entonces, \u00bftendremos una vacuna contra el Coronavirus en septiembre?<\/h2>\n\n\n\n<p>Peter Openshaw, investigador de la Imperial College London, manifest\u00f3 que ser\u00eda poco probable cumplir con la meta anunciada y que la vacuna contra el coronavirus no estar\u00e1 lista para septiembre:<\/p>\n\n\n\n<blockquote class=\"wp-block-quote is-layout-flow wp-block-quote-is-layout-flow\"><p><em>Es realmente bueno tener estos objetivos. Aunque es posible que en realidad para el oto\u00f1o sepamos si estas vacunas ser\u00e1n efectivas, tenemos que realizar los ensayos de campo adecuados, y hasta que no se realicen, no sabremos si son completamente seguras las vacunas o no.<\/em> <\/p><p><em>En el desarrollo de vacunas se necesita tiempo para realizar los ensayos, debe haber un seguimiento de las personas a largo plazo para estar absolutamente cerciorados de que son seguras<\/em>.<\/p><cite>Coment\u00f3 el cient\u00edfico en una entrevista con Sky News.<\/cite><\/blockquote>\n\n\n\n<p>Seg\u00fan los cient\u00edficos ingleses, la vacuna para el coronavirus COVID-19 estar\u00eda disponible para el p\u00fablico a finales del pr\u00f3ximo 2021. Pero tranquilos, porque son muchos los laboratorios que afirman tener proyectos de desarrollo de vacunas activos.<\/p>\n\n\n\n<p>Este lunes, la empresa <strong>Moderna Inc<\/strong> anunci\u00f3 una <a href=\"https:\/\/www.cooperativa.cl\/noticias\/sociedad\/salud\/coronavirus\/posible-vacuna-contra-el-coronavirus-logro-positivos-resultados\/2020-05-18\/100115.html\">vacuna experimental<\/a> en desarrollo que produjo anticuerpos que podr\u00edan neutralizar el coronavirus. La siguiente fase se llevar\u00e1 a cabo en junio, en la cual se probar\u00e1 dicha vacuna en humanos. Este tipo de pruebas son a largo plazo y son importantes para la efectividad de la cura.<\/p>\n","protected":false},"excerpt":{"rendered":"<p>El coronavirus sigue alarmando a todos, y no solo por la enfermedad, sino que la preocupaci\u00f3n por el aislamiento social y el desempleo. En Chile ya son 46.059 los casos de contagio por COVID-19 y m\u00e1s de 400 dudosos muertos. Todos nos preguntamos cu\u00e1ndo estar\u00e1 lista la vacuna contra el coronavirus y las respuestas son [&hellip;]<\/p>\n","protected":false},"author":2,"featured_media":3038,"comment_status":"closed","ping_status":"closed","sticky":false,"template":"","format":"standard","meta":{"footnotes":""},"categories":[199],"tags":[479,594,589],"class_list":["post-3036","post","type-post","status-publish","format-standard","has-post-thumbnail","hentry","category-noticias","tag-coronavirus","tag-covid-19","tag-vacuna"],"yoast_head":"<!-- This site is optimized with the Yoast SEO plugin v27.2 - https:\/\/yoast.com\/product\/yoast-seo-wordpress\/ -->\n<title>La vacuna contra el Coronavirus no estar\u00e1 lista para septiembre<\/title>\n<meta name=\"description\" content=\"Todos nos preguntamos cu\u00e1ndo estar\u00e1 lista la vacuna contra el Coronavirus y aqu\u00ed en Naci\u00f3n Virgin te contamos todas las novedades al respecto.\" \/>\n<meta name=\"robots\" content=\"index, follow, max-snippet:-1, max-image-preview:large, max-video-preview:-1\" \/>\n<link rel=\"canonical\" href=\"https:\/\/www.virginmobile.cl\/blog\/noticias\/la-vacuna-contra-el-coronavirus-no-estara-lista-para-septiembre\/\" \/>\n<meta property=\"og:locale\" content=\"es_ES\" \/>\n<meta property=\"og:type\" content=\"article\" \/>\n<meta property=\"og:title\" content=\"La vacuna contra el Coronavirus no estar\u00e1 lista para septiembre\" \/>\n<meta property=\"og:description\" content=\"Todos nos preguntamos cu\u00e1ndo estar\u00e1 lista la vacuna contra el Coronavirus y aqu\u00ed en Naci\u00f3n Virgin te contamos todas las novedades al respecto.\" \/>\n<meta property=\"og:url\" content=\"https:\/\/www.virginmobile.cl\/blog\/noticias\/la-vacuna-contra-el-coronavirus-no-estara-lista-para-septiembre\/\" \/>\n<meta property=\"og:site_name\" content=\"Naci\u00f3n Virgin - Virgin Mobile Chile\" \/>\n<meta property=\"article:publisher\" content=\"https:\/\/www.facebook.com\/VirginMobileChile\/\" \/>\n<meta property=\"article:published_time\" content=\"2020-05-18T20:22:37+00:00\" \/>\n<meta property=\"article:modified_time\" content=\"2022-02-24T18:34:18+00:00\" \/>\n<meta property=\"og:image\" content=\"https:\/\/www.virginmobile.cl\/blog\/wp-content\/uploads\/2020\/05\/vblog_layout-12.jpg\" \/>\n\t<meta property=\"og:image:width\" content=\"1200\" \/>\n\t<meta property=\"og:image:height\" content=\"800\" \/>\n\t<meta property=\"og:image:type\" content=\"image\/jpeg\" \/>\n<meta name=\"author\" content=\"Jorge Herrera\" \/>\n<meta name=\"twitter:card\" content=\"summary_large_image\" \/>\n<meta name=\"twitter:creator\" content=\"@virginmobile_cl\" \/>\n<meta name=\"twitter:site\" content=\"@virginmobile_cl\" \/>\n<meta name=\"twitter:label1\" content=\"Escrito por\" \/>\n\t<meta name=\"twitter:data1\" content=\"Jorge Herrera\" \/>\n\t<meta name=\"twitter:label2\" content=\"Tiempo estimado de lectura\" \/>\n\t<meta name=\"twitter:data2\" content=\"2 minutos\" \/>\n<script type=\"application\/ld+json\" class=\"yoast-schema-graph\">{\"@context\":\"https:\/\/schema.org\",\"@graph\":[{\"@type\":\"Article\",\"@id\":\"https:\/\/www.virginmobile.cl\/blog\/noticias\/la-vacuna-contra-el-coronavirus-no-estara-lista-para-septiembre\/#article\",\"isPartOf\":{\"@id\":\"https:\/\/www.virginmobile.cl\/blog\/noticias\/la-vacuna-contra-el-coronavirus-no-estara-lista-para-septiembre\/\"},\"author\":{\"name\":\"Jorge Herrera\",\"@id\":\"https:\/\/vmcl.space\/blog\/#\/schema\/person\/7dd3fe8aa95409efbc0c2651edad922c\"},\"headline\":\"La vacuna contra el Coronavirus no estar\u00e1 lista para septiembre\",\"datePublished\":\"2020-05-18T20:22:37+00:00\",\"dateModified\":\"2022-02-24T18:34:18+00:00\",\"mainEntityOfPage\":{\"@id\":\"https:\/\/www.virginmobile.cl\/blog\/noticias\/la-vacuna-contra-el-coronavirus-no-estara-lista-para-septiembre\/\"},\"wordCount\":428,\"publisher\":{\"@id\":\"https:\/\/vmcl.space\/blog\/#organization\"},\"image\":{\"@id\":\"https:\/\/www.virginmobile.cl\/blog\/noticias\/la-vacuna-contra-el-coronavirus-no-estara-lista-para-septiembre\/#primaryimage\"},\"thumbnailUrl\":\"https:\/\/www.virginmobile.cl\/blog\/wp-content\/uploads\/2020\/05\/vblog_layout-12.jpg\",\"keywords\":[\"coronavirus\",\"covid-19\",\"vacuna\"],\"articleSection\":[\"Noticias\"],\"inLanguage\":\"es-CL\"},{\"@type\":\"WebPage\",\"@id\":\"https:\/\/www.virginmobile.cl\/blog\/noticias\/la-vacuna-contra-el-coronavirus-no-estara-lista-para-septiembre\/\",\"url\":\"https:\/\/www.virginmobile.cl\/blog\/noticias\/la-vacuna-contra-el-coronavirus-no-estara-lista-para-septiembre\/\",\"name\":\"La vacuna contra el Coronavirus no estar\u00e1 lista para septiembre\",\"isPartOf\":{\"@id\":\"https:\/\/vmcl.space\/blog\/#website\"},\"primaryImageOfPage\":{\"@id\":\"https:\/\/www.virginmobile.cl\/blog\/noticias\/la-vacuna-contra-el-coronavirus-no-estara-lista-para-septiembre\/#primaryimage\"},\"image\":{\"@id\":\"https:\/\/www.virginmobile.cl\/blog\/noticias\/la-vacuna-contra-el-coronavirus-no-estara-lista-para-septiembre\/#primaryimage\"},\"thumbnailUrl\":\"https:\/\/www.virginmobile.cl\/blog\/wp-content\/uploads\/2020\/05\/vblog_layout-12.jpg\",\"datePublished\":\"2020-05-18T20:22:37+00:00\",\"dateModified\":\"2022-02-24T18:34:18+00:00\",\"description\":\"Todos nos preguntamos cu\u00e1ndo estar\u00e1 lista la vacuna contra el Coronavirus y aqu\u00ed en Naci\u00f3n Virgin te contamos todas las novedades al respecto.\",\"breadcrumb\":{\"@id\":\"https:\/\/www.virginmobile.cl\/blog\/noticias\/la-vacuna-contra-el-coronavirus-no-estara-lista-para-septiembre\/#breadcrumb\"},\"inLanguage\":\"es-CL\",\"potentialAction\":[{\"@type\":\"ReadAction\",\"target\":[\"https:\/\/www.virginmobile.cl\/blog\/noticias\/la-vacuna-contra-el-coronavirus-no-estara-lista-para-septiembre\/\"]}]},{\"@type\":\"ImageObject\",\"inLanguage\":\"es-CL\",\"@id\":\"https:\/\/www.virginmobile.cl\/blog\/noticias\/la-vacuna-contra-el-coronavirus-no-estara-lista-para-septiembre\/#primaryimage\",\"url\":\"https:\/\/www.virginmobile.cl\/blog\/wp-content\/uploads\/2020\/05\/vblog_layout-12.jpg\",\"contentUrl\":\"https:\/\/www.virginmobile.cl\/blog\/wp-content\/uploads\/2020\/05\/vblog_layout-12.jpg\",\"width\":1200,\"height\":800,\"caption\":\"La vacuna contra el Coronavirus no estar\u00e1 lista para septiembre\"},{\"@type\":\"BreadcrumbList\",\"@id\":\"https:\/\/www.virginmobile.cl\/blog\/noticias\/la-vacuna-contra-el-coronavirus-no-estara-lista-para-septiembre\/#breadcrumb\",\"itemListElement\":[{\"@type\":\"ListItem\",\"position\":1,\"name\":\"Portada\",\"item\":\"https:\/\/vmcl.space\/blog\/\"},{\"@type\":\"ListItem\",\"position\":2,\"name\":\"La vacuna contra el Coronavirus no estar\u00e1 lista para septiembre\"}]},{\"@type\":\"WebSite\",\"@id\":\"https:\/\/vmcl.space\/blog\/#website\",\"url\":\"https:\/\/vmcl.space\/blog\/\",\"name\":\"Naci\u00f3n Virgin - Virgin Mobile Chile\",\"description\":\"Lo que pasa ah\u00ed lo sabes aqu\u00ed\",\"publisher\":{\"@id\":\"https:\/\/vmcl.space\/blog\/#organization\"},\"potentialAction\":[{\"@type\":\"SearchAction\",\"target\":{\"@type\":\"EntryPoint\",\"urlTemplate\":\"https:\/\/vmcl.space\/blog\/?s={search_term_string}\"},\"query-input\":{\"@type\":\"PropertyValueSpecification\",\"valueRequired\":true,\"valueName\":\"search_term_string\"}}],\"inLanguage\":\"es-CL\"},{\"@type\":\"Organization\",\"@id\":\"https:\/\/vmcl.space\/blog\/#organization\",\"name\":\"Virgin Mobile\",\"url\":\"https:\/\/vmcl.space\/blog\/\",\"logo\":{\"@type\":\"ImageObject\",\"inLanguage\":\"es-CL\",\"@id\":\"https:\/\/vmcl.space\/blog\/#\/schema\/logo\/image\/\",\"url\":\"https:\/\/blog.virginmobile.cl\/wp-content\/uploads\/2018\/06\/logo_blog_v4.png\",\"contentUrl\":\"https:\/\/blog.virginmobile.cl\/wp-content\/uploads\/2018\/06\/logo_blog_v4.png\",\"width\":400,\"height\":400,\"caption\":\"Virgin Mobile\"},\"image\":{\"@id\":\"https:\/\/vmcl.space\/blog\/#\/schema\/logo\/image\/\"},\"sameAs\":[\"https:\/\/www.facebook.com\/VirginMobileChile\/\",\"https:\/\/x.com\/virginmobile_cl\",\"https:\/\/www.instagram.com\/virginmobile_cl\/\",\"https:\/\/www.linkedin.com\/company\/10255048\/admin\/\",\"https:\/\/www.youtube.com\/user\/VirginMobileChile\"]},{\"@type\":\"Person\",\"@id\":\"https:\/\/vmcl.space\/blog\/#\/schema\/person\/7dd3fe8aa95409efbc0c2651edad922c\",\"name\":\"Jorge Herrera\",\"image\":{\"@type\":\"ImageObject\",\"inLanguage\":\"es-CL\",\"@id\":\"https:\/\/secure.gravatar.com\/avatar\/08a675eb2009d32bc8481153d36d8296c68fcc62939ab075bfa2d959ff9025c2?s=96&d=mm&r=g\",\"url\":\"https:\/\/secure.gravatar.com\/avatar\/08a675eb2009d32bc8481153d36d8296c68fcc62939ab075bfa2d959ff9025c2?s=96&d=mm&r=g\",\"contentUrl\":\"https:\/\/secure.gravatar.com\/avatar\/08a675eb2009d32bc8481153d36d8296c68fcc62939ab075bfa2d959ff9025c2?s=96&d=mm&r=g\",\"caption\":\"Jorge Herrera\"},\"url\":\"https:\/\/www.virginmobile.cl\/blog\/author\/jorge-herrera\/\"}]}<\/script>\n<!-- \/ Yoast SEO plugin. -->","yoast_head_json":{"title":"La vacuna contra el Coronavirus no estar\u00e1 lista para septiembre","description":"Todos nos preguntamos cu\u00e1ndo estar\u00e1 lista la vacuna contra el Coronavirus y aqu\u00ed en Naci\u00f3n Virgin te contamos todas las novedades al respecto.","robots":{"index":"index","follow":"follow","max-snippet":"max-snippet:-1","max-image-preview":"max-image-preview:large","max-video-preview":"max-video-preview:-1"},"canonical":"https:\/\/www.virginmobile.cl\/blog\/noticias\/la-vacuna-contra-el-coronavirus-no-estara-lista-para-septiembre\/","og_locale":"es_ES","og_type":"article","og_title":"La vacuna contra el Coronavirus no estar\u00e1 lista para septiembre","og_description":"Todos nos preguntamos cu\u00e1ndo estar\u00e1 lista la vacuna contra el Coronavirus y aqu\u00ed en Naci\u00f3n Virgin te contamos todas las novedades al respecto.","og_url":"https:\/\/www.virginmobile.cl\/blog\/noticias\/la-vacuna-contra-el-coronavirus-no-estara-lista-para-septiembre\/","og_site_name":"Naci\u00f3n Virgin - Virgin Mobile Chile","article_publisher":"https:\/\/www.facebook.com\/VirginMobileChile\/","article_published_time":"2020-05-18T20:22:37+00:00","article_modified_time":"2022-02-24T18:34:18+00:00","og_image":[{"width":1200,"height":800,"url":"https:\/\/www.virginmobile.cl\/blog\/wp-content\/uploads\/2020\/05\/vblog_layout-12.jpg","type":"image\/jpeg"}],"author":"Jorge Herrera","twitter_card":"summary_large_image","twitter_creator":"@virginmobile_cl","twitter_site":"@virginmobile_cl","twitter_misc":{"Escrito por":"Jorge Herrera","Tiempo estimado de lectura":"2 minutos"},"schema":{"@context":"https:\/\/schema.org","@graph":[{"@type":"Article","@id":"https:\/\/www.virginmobile.cl\/blog\/noticias\/la-vacuna-contra-el-coronavirus-no-estara-lista-para-septiembre\/#article","isPartOf":{"@id":"https:\/\/www.virginmobile.cl\/blog\/noticias\/la-vacuna-contra-el-coronavirus-no-estara-lista-para-septiembre\/"},"author":{"name":"Jorge Herrera","@id":"https:\/\/vmcl.space\/blog\/#\/schema\/person\/7dd3fe8aa95409efbc0c2651edad922c"},"headline":"La vacuna contra el Coronavirus no estar\u00e1 lista para septiembre","datePublished":"2020-05-18T20:22:37+00:00","dateModified":"2022-02-24T18:34:18+00:00","mainEntityOfPage":{"@id":"https:\/\/www.virginmobile.cl\/blog\/noticias\/la-vacuna-contra-el-coronavirus-no-estara-lista-para-septiembre\/"},"wordCount":428,"publisher":{"@id":"https:\/\/vmcl.space\/blog\/#organization"},"image":{"@id":"https:\/\/www.virginmobile.cl\/blog\/noticias\/la-vacuna-contra-el-coronavirus-no-estara-lista-para-septiembre\/#primaryimage"},"thumbnailUrl":"https:\/\/www.virginmobile.cl\/blog\/wp-content\/uploads\/2020\/05\/vblog_layout-12.jpg","keywords":["coronavirus","covid-19","vacuna"],"articleSection":["Noticias"],"inLanguage":"es-CL"},{"@type":"WebPage","@id":"https:\/\/www.virginmobile.cl\/blog\/noticias\/la-vacuna-contra-el-coronavirus-no-estara-lista-para-septiembre\/","url":"https:\/\/www.virginmobile.cl\/blog\/noticias\/la-vacuna-contra-el-coronavirus-no-estara-lista-para-septiembre\/","name":"La vacuna contra el Coronavirus no estar\u00e1 lista para septiembre","isPartOf":{"@id":"https:\/\/vmcl.space\/blog\/#website"},"primaryImageOfPage":{"@id":"https:\/\/www.virginmobile.cl\/blog\/noticias\/la-vacuna-contra-el-coronavirus-no-estara-lista-para-septiembre\/#primaryimage"},"image":{"@id":"https:\/\/www.virginmobile.cl\/blog\/noticias\/la-vacuna-contra-el-coronavirus-no-estara-lista-para-septiembre\/#primaryimage"},"thumbnailUrl":"https:\/\/www.virginmobile.cl\/blog\/wp-content\/uploads\/2020\/05\/vblog_layout-12.jpg","datePublished":"2020-05-18T20:22:37+00:00","dateModified":"2022-02-24T18:34:18+00:00","description":"Todos nos preguntamos cu\u00e1ndo estar\u00e1 lista la vacuna contra el Coronavirus y aqu\u00ed en Naci\u00f3n Virgin te contamos todas las novedades al respecto.","breadcrumb":{"@id":"https:\/\/www.virginmobile.cl\/blog\/noticias\/la-vacuna-contra-el-coronavirus-no-estara-lista-para-septiembre\/#breadcrumb"},"inLanguage":"es-CL","potentialAction":[{"@type":"ReadAction","target":["https:\/\/www.virginmobile.cl\/blog\/noticias\/la-vacuna-contra-el-coronavirus-no-estara-lista-para-septiembre\/"]}]},{"@type":"ImageObject","inLanguage":"es-CL","@id":"https:\/\/www.virginmobile.cl\/blog\/noticias\/la-vacuna-contra-el-coronavirus-no-estara-lista-para-septiembre\/#primaryimage","url":"https:\/\/www.virginmobile.cl\/blog\/wp-content\/uploads\/2020\/05\/vblog_layout-12.jpg","contentUrl":"https:\/\/www.virginmobile.cl\/blog\/wp-content\/uploads\/2020\/05\/vblog_layout-12.jpg","width":1200,"height":800,"caption":"La vacuna contra el Coronavirus no estar\u00e1 lista para septiembre"},{"@type":"BreadcrumbList","@id":"https:\/\/www.virginmobile.cl\/blog\/noticias\/la-vacuna-contra-el-coronavirus-no-estara-lista-para-septiembre\/#breadcrumb","itemListElement":[{"@type":"ListItem","position":1,"name":"Portada","item":"https:\/\/vmcl.space\/blog\/"},{"@type":"ListItem","position":2,"name":"La vacuna contra el Coronavirus no estar\u00e1 lista para septiembre"}]},{"@type":"WebSite","@id":"https:\/\/vmcl.space\/blog\/#website","url":"https:\/\/vmcl.space\/blog\/","name":"Naci\u00f3n Virgin - Virgin Mobile Chile","description":"Lo que pasa ah\u00ed lo sabes aqu\u00ed","publisher":{"@id":"https:\/\/vmcl.space\/blog\/#organization"},"potentialAction":[{"@type":"SearchAction","target":{"@type":"EntryPoint","urlTemplate":"https:\/\/vmcl.space\/blog\/?s={search_term_string}"},"query-input":{"@type":"PropertyValueSpecification","valueRequired":true,"valueName":"search_term_string"}}],"inLanguage":"es-CL"},{"@type":"Organization","@id":"https:\/\/vmcl.space\/blog\/#organization","name":"Virgin Mobile","url":"https:\/\/vmcl.space\/blog\/","logo":{"@type":"ImageObject","inLanguage":"es-CL","@id":"https:\/\/vmcl.space\/blog\/#\/schema\/logo\/image\/","url":"https:\/\/blog.virginmobile.cl\/wp-content\/uploads\/2018\/06\/logo_blog_v4.png","contentUrl":"https:\/\/blog.virginmobile.cl\/wp-content\/uploads\/2018\/06\/logo_blog_v4.png","width":400,"height":400,"caption":"Virgin Mobile"},"image":{"@id":"https:\/\/vmcl.space\/blog\/#\/schema\/logo\/image\/"},"sameAs":["https:\/\/www.facebook.com\/VirginMobileChile\/","https:\/\/x.com\/virginmobile_cl","https:\/\/www.instagram.com\/virginmobile_cl\/","https:\/\/www.linkedin.com\/company\/10255048\/admin\/","https:\/\/www.youtube.com\/user\/VirginMobileChile"]},{"@type":"Person","@id":"https:\/\/vmcl.space\/blog\/#\/schema\/person\/7dd3fe8aa95409efbc0c2651edad922c","name":"Jorge Herrera","image":{"@type":"ImageObject","inLanguage":"es-CL","@id":"https:\/\/secure.gravatar.com\/avatar\/08a675eb2009d32bc8481153d36d8296c68fcc62939ab075bfa2d959ff9025c2?s=96&d=mm&r=g","url":"https:\/\/secure.gravatar.com\/avatar\/08a675eb2009d32bc8481153d36d8296c68fcc62939ab075bfa2d959ff9025c2?s=96&d=mm&r=g","contentUrl":"https:\/\/secure.gravatar.com\/avatar\/08a675eb2009d32bc8481153d36d8296c68fcc62939ab075bfa2d959ff9025c2?s=96&d=mm&r=g","caption":"Jorge Herrera"},"url":"https:\/\/www.virginmobile.cl\/blog\/author\/jorge-herrera\/"}]}},"_links":{"self":[{"href":"https:\/\/www.virginmobile.cl\/blog\/wp-json\/wp\/v2\/posts\/3036","targetHints":{"allow":["GET"]}}],"collection":[{"href":"https:\/\/www.virginmobile.cl\/blog\/wp-json\/wp\/v2\/posts"}],"about":[{"href":"https:\/\/www.virginmobile.cl\/blog\/wp-json\/wp\/v2\/types\/post"}],"author":[{"embeddable":true,"href":"https:\/\/www.virginmobile.cl\/blog\/wp-json\/wp\/v2\/users\/2"}],"replies":[{"embeddable":true,"href":"https:\/\/www.virginmobile.cl\/blog\/wp-json\/wp\/v2\/comments?post=3036"}],"version-history":[{"count":3,"href":"https:\/\/www.virginmobile.cl\/blog\/wp-json\/wp\/v2\/posts\/3036\/revisions"}],"predecessor-version":[{"id":3040,"href":"https:\/\/www.virginmobile.cl\/blog\/wp-json\/wp\/v2\/posts\/3036\/revisions\/3040"}],"wp:featuredmedia":[{"embeddable":true,"href":"https:\/\/www.virginmobile.cl\/blog\/wp-json\/wp\/v2\/media\/3038"}],"wp:attachment":[{"href":"https:\/\/www.virginmobile.cl\/blog\/wp-json\/wp\/v2\/media?parent=3036"}],"wp:term":[{"taxonomy":"category","embeddable":true,"href":"https:\/\/www.virginmobile.cl\/blog\/wp-json\/wp\/v2\/categories?post=3036"},{"taxonomy":"post_tag","embeddable":true,"href":"https:\/\/www.virginmobile.cl\/blog\/wp-json\/wp\/v2\/tags?post=3036"}],"curies":[{"name":"wp","href":"https:\/\/api.w.org\/{rel}","templated":true}]}}