{"id":2843,"date":"2020-04-09T11:54:03","date_gmt":"2020-04-09T15:54:03","guid":{"rendered":"https:\/\/blog.virginmobile.cl\/?p=2843"},"modified":"2022-02-24T14:21:19","modified_gmt":"2022-02-24T18:21:19","slug":"reina-isabel-ii-convierten-su-discurso-en-memes","status":"publish","type":"post","link":"https:\/\/www.virginmobile.cl\/blog\/noticias\/reina-isabel-ii-convierten-su-discurso-en-memes\/","title":{"rendered":"Reina Isabel II: Convierten su discurso en memes"},"content":{"rendered":"\n<p>El humor se ha dejado entrever durante esta crisis. Algo que caracteriza a las nuevas generaciones en las redes sociales, es convertir la contingencia (sea buena o mala) en memes. Solo basta hacer un poco de scroll en nuestro inicio de Facebook para darnos cuenta de ello. Esta vez el blanco fue la mism\u00edsima reina Isabel ll, que luego de su discurso hist\u00f3rico transmitido por Internet, se convirti\u00f3, otra vez, en la reina de los memes.<\/p>\n\n\n\n<p>El pasado domingo, en el margen de la crisis por el coronavirus, la reina Isabel ll realiz\u00f3 un discurso emotivo por Internet donde llam\u00f3 a la unidad y responsabilidad ante la pandemia, incitando a los ciudadanos a pensar en las futuras generaciones mediante la \u201c<a href=\"https:\/\/www.france24.com\/es\/20200405-reina-isabel-historico-discurso-crisis-covid19\">autodisciplina<\/a>\u201d.<\/p>\n\n\n\n<p>Internet es muuuy r\u00e1pido. Poco despu\u00e9s de la locuci\u00f3n (incluso durante) los memes comenzaron a aparecer uno tras otro. \u00bfQu\u00e9 fue lo que llam\u00f3 tanto la atenci\u00f3n y convirti\u00f3 a la Reina Isabel ll en meme? Obvio: su vestimenta. Utiliz\u00f3 su t\u00edpico vestido, pero esta de color verde. Gran error, ya que esto facilit\u00f3 el trabajo de los twitteros que utilizaron su traje como un lienzo con el viejo truco audiovisual de la &#8220;<a href=\"https:\/\/filmora.wondershare.com\/es\/guia\/pantalla-verde-croma.html\">pantalla verde<\/a>&#8220;.<\/p>\n\n\n\n<p>Camiseta de gatos, bandas, videojuegos, frases. La creatividad no tuvo l\u00edmites. Te dejaremos a continuaci\u00f3n los que m\u00e1s nos gustaron en Naci\u00f3n Virgin.<\/p>\n\n\n\n<figure class=\"wp-block-gallery columns-3 is-cropped wp-block-gallery-1 is-layout-flex wp-block-gallery-is-layout-flex\"><ul class=\"blocks-gallery-grid\"><li class=\"blocks-gallery-item\"><figure><img loading=\"lazy\" decoding=\"async\" width=\"694\" height=\"530\" src=\"https:\/\/blog.virginmobile.cl\/wp-content\/uploads\/2020\/04\/Reina-Isabel-1.jpg\" alt=\"\" data-id=\"2850\" data-full-url=\"https:\/\/blog.virginmobile.cl\/wp-content\/uploads\/2020\/04\/Reina-Isabel-1.jpg\" data-link=\"https:\/\/blog.virginmobile.cl\/?attachment_id=2850\" class=\"wp-image-2850\" srcset=\"https:\/\/www.virginmobile.cl\/blog\/wp-content\/uploads\/2020\/04\/Reina-Isabel-1.jpg 694w, https:\/\/www.virginmobile.cl\/blog\/wp-content\/uploads\/2020\/04\/Reina-Isabel-1-300x229.jpg 300w\" sizes=\"auto, (max-width: 694px) 100vw, 694px\" \/><\/figure><\/li><li class=\"blocks-gallery-item\"><figure><img loading=\"lazy\" decoding=\"async\" width=\"1024\" height=\"1024\" src=\"https:\/\/blog.virginmobile.cl\/wp-content\/uploads\/2020\/04\/Reina-isabel-2-1024x1024.jpg\" alt=\"\" data-id=\"2851\" data-full-url=\"https:\/\/blog.virginmobile.cl\/wp-content\/uploads\/2020\/04\/Reina-isabel-2.jpg\" data-link=\"https:\/\/blog.virginmobile.cl\/?attachment_id=2851\" class=\"wp-image-2851\" srcset=\"https:\/\/www.virginmobile.cl\/blog\/wp-content\/uploads\/2020\/04\/Reina-isabel-2-1024x1024.jpg 1024w, https:\/\/www.virginmobile.cl\/blog\/wp-content\/uploads\/2020\/04\/Reina-isabel-2-300x300.jpg 300w, https:\/\/www.virginmobile.cl\/blog\/wp-content\/uploads\/2020\/04\/Reina-isabel-2-150x150.jpg 150w, https:\/\/www.virginmobile.cl\/blog\/wp-content\/uploads\/2020\/04\/Reina-isabel-2-768x768.jpg 768w, https:\/\/www.virginmobile.cl\/blog\/wp-content\/uploads\/2020\/04\/Reina-isabel-2.jpg 1183w\" sizes=\"auto, (max-width: 1024px) 100vw, 1024px\" \/><\/figure><\/li><li class=\"blocks-gallery-item\"><figure><img loading=\"lazy\" decoding=\"async\" width=\"1024\" height=\"1024\" src=\"https:\/\/blog.virginmobile.cl\/wp-content\/uploads\/2020\/04\/Reina-isabel-3-1024x1024.jpg\" alt=\"\" data-id=\"2852\" data-full-url=\"https:\/\/blog.virginmobile.cl\/wp-content\/uploads\/2020\/04\/Reina-isabel-3.jpg\" data-link=\"https:\/\/blog.virginmobile.cl\/?attachment_id=2852\" class=\"wp-image-2852\" srcset=\"https:\/\/www.virginmobile.cl\/blog\/wp-content\/uploads\/2020\/04\/Reina-isabel-3-1024x1024.jpg 1024w, https:\/\/www.virginmobile.cl\/blog\/wp-content\/uploads\/2020\/04\/Reina-isabel-3-300x300.jpg 300w, https:\/\/www.virginmobile.cl\/blog\/wp-content\/uploads\/2020\/04\/Reina-isabel-3-150x150.jpg 150w, https:\/\/www.virginmobile.cl\/blog\/wp-content\/uploads\/2020\/04\/Reina-isabel-3-768x768.jpg 768w, https:\/\/www.virginmobile.cl\/blog\/wp-content\/uploads\/2020\/04\/Reina-isabel-3.jpg 1183w\" sizes=\"auto, (max-width: 1024px) 100vw, 1024px\" \/><\/figure><\/li><li class=\"blocks-gallery-item\"><figure><img loading=\"lazy\" decoding=\"async\" width=\"1024\" height=\"1024\" src=\"https:\/\/blog.virginmobile.cl\/wp-content\/uploads\/2020\/04\/Reina-isabel-4-1024x1024.jpg\" alt=\"\" data-id=\"2853\" data-full-url=\"https:\/\/blog.virginmobile.cl\/wp-content\/uploads\/2020\/04\/Reina-isabel-4.jpg\" data-link=\"https:\/\/blog.virginmobile.cl\/?attachment_id=2853\" class=\"wp-image-2853\" srcset=\"https:\/\/www.virginmobile.cl\/blog\/wp-content\/uploads\/2020\/04\/Reina-isabel-4-1024x1024.jpg 1024w, https:\/\/www.virginmobile.cl\/blog\/wp-content\/uploads\/2020\/04\/Reina-isabel-4-300x300.jpg 300w, https:\/\/www.virginmobile.cl\/blog\/wp-content\/uploads\/2020\/04\/Reina-isabel-4-150x150.jpg 150w, https:\/\/www.virginmobile.cl\/blog\/wp-content\/uploads\/2020\/04\/Reina-isabel-4-768x768.jpg 768w, https:\/\/www.virginmobile.cl\/blog\/wp-content\/uploads\/2020\/04\/Reina-isabel-4.jpg 1183w\" sizes=\"auto, (max-width: 1024px) 100vw, 1024px\" \/><\/figure><\/li><\/ul><\/figure>\n\n\n\n<p>\u00bfCu\u00e1l es tu favorito? Com\u00e9ntanos abajo. Recuerda que puedes revisar nuestro contenido del blog, donde encontrar\u00e1s <a href=\"https:\/\/blog.virginmobile.cl\/noticias\/cuarentena-entretencion-en-tiempos-de-coronavirus\">consejos<\/a> para hacer esta cuarentena un poco m\u00e1s entretenida.<\/p>\n","protected":false},"excerpt":{"rendered":"<p>El humor se ha dejado entrever durante esta crisis. Algo que caracteriza a las nuevas generaciones en las redes sociales, es convertir la contingencia (sea buena o mala) en memes. Solo basta hacer un poco de scroll en nuestro inicio de Facebook para darnos cuenta de ello. Esta vez el blanco fue la mism\u00edsima reina [&hellip;]<\/p>\n","protected":false},"author":2,"featured_media":2848,"comment_status":"closed","ping_status":"closed","sticky":false,"template":"","format":"standard","meta":{"footnotes":""},"categories":[199],"tags":[613,612,611],"class_list":["post-2843","post","type-post","status-publish","format-standard","has-post-thumbnail","hentry","category-noticias","tag-discurso","tag-memes","tag-reina-isabel"],"yoast_head":"<!-- This site is optimized with the Yoast SEO plugin v27.2 - https:\/\/yoast.com\/product\/yoast-seo-wordpress\/ -->\n<title>Reina Isabel II: Convierten su discurso en un mont\u00f3n de memes<\/title>\n<meta name=\"description\" content=\"La mism\u00edsima Reina Isabel II, que luego de su discurso hist\u00f3rico transmitido por Internet, se convirti\u00f3, otra vez, en la reina de los memes.\" \/>\n<meta name=\"robots\" content=\"index, follow, max-snippet:-1, max-image-preview:large, max-video-preview:-1\" \/>\n<link rel=\"canonical\" href=\"https:\/\/www.virginmobile.cl\/blog\/noticias\/reina-isabel-ii-convierten-su-discurso-en-memes\/\" \/>\n<meta property=\"og:locale\" content=\"es_ES\" \/>\n<meta property=\"og:type\" content=\"article\" \/>\n<meta property=\"og:title\" content=\"Reina Isabel II: Convierten su discurso en un mont\u00f3n de memes\" \/>\n<meta property=\"og:description\" content=\"La mism\u00edsima Reina Isabel II, que luego de su discurso hist\u00f3rico transmitido por Internet, se convirti\u00f3, otra vez, en la reina de los memes.\" \/>\n<meta property=\"og:url\" content=\"https:\/\/www.virginmobile.cl\/blog\/noticias\/reina-isabel-ii-convierten-su-discurso-en-memes\/\" \/>\n<meta property=\"og:site_name\" content=\"Naci\u00f3n Virgin - Virgin Mobile Chile\" \/>\n<meta property=\"article:publisher\" content=\"https:\/\/www.facebook.com\/VirginMobileChile\/\" \/>\n<meta property=\"article:published_time\" content=\"2020-04-09T15:54:03+00:00\" \/>\n<meta property=\"article:modified_time\" content=\"2022-02-24T18:21:19+00:00\" \/>\n<meta property=\"og:image\" content=\"https:\/\/www.virginmobile.cl\/blog\/wp-content\/uploads\/2020\/04\/vblog_layout-7.jpg\" \/>\n\t<meta property=\"og:image:width\" content=\"1200\" \/>\n\t<meta property=\"og:image:height\" content=\"800\" \/>\n\t<meta property=\"og:image:type\" content=\"image\/jpeg\" \/>\n<meta name=\"author\" content=\"Jorge Herrera\" \/>\n<meta name=\"twitter:card\" content=\"summary_large_image\" \/>\n<meta name=\"twitter:creator\" content=\"@virginmobile_cl\" \/>\n<meta name=\"twitter:site\" content=\"@virginmobile_cl\" \/>\n<meta name=\"twitter:label1\" content=\"Escrito por\" \/>\n\t<meta name=\"twitter:data1\" content=\"Jorge Herrera\" \/>\n\t<meta name=\"twitter:label2\" content=\"Tiempo estimado de lectura\" \/>\n\t<meta name=\"twitter:data2\" content=\"1 minuto\" \/>\n<script type=\"application\/ld+json\" class=\"yoast-schema-graph\">{\"@context\":\"https:\/\/schema.org\",\"@graph\":[{\"@type\":\"Article\",\"@id\":\"https:\/\/www.virginmobile.cl\/blog\/noticias\/reina-isabel-ii-convierten-su-discurso-en-memes\/#article\",\"isPartOf\":{\"@id\":\"https:\/\/www.virginmobile.cl\/blog\/noticias\/reina-isabel-ii-convierten-su-discurso-en-memes\/\"},\"author\":{\"name\":\"Jorge Herrera\",\"@id\":\"https:\/\/vmcl.space\/blog\/#\/schema\/person\/7dd3fe8aa95409efbc0c2651edad922c\"},\"headline\":\"Reina Isabel II: Convierten su discurso en memes\",\"datePublished\":\"2020-04-09T15:54:03+00:00\",\"dateModified\":\"2022-02-24T18:21:19+00:00\",\"mainEntityOfPage\":{\"@id\":\"https:\/\/www.virginmobile.cl\/blog\/noticias\/reina-isabel-ii-convierten-su-discurso-en-memes\/\"},\"wordCount\":267,\"publisher\":{\"@id\":\"https:\/\/vmcl.space\/blog\/#organization\"},\"image\":{\"@id\":\"https:\/\/www.virginmobile.cl\/blog\/noticias\/reina-isabel-ii-convierten-su-discurso-en-memes\/#primaryimage\"},\"thumbnailUrl\":\"https:\/\/www.virginmobile.cl\/blog\/wp-content\/uploads\/2020\/04\/vblog_layout-7.jpg\",\"keywords\":[\"discurso\",\"memes\",\"reina isabel\"],\"articleSection\":[\"Noticias\"],\"inLanguage\":\"es-CL\"},{\"@type\":\"WebPage\",\"@id\":\"https:\/\/www.virginmobile.cl\/blog\/noticias\/reina-isabel-ii-convierten-su-discurso-en-memes\/\",\"url\":\"https:\/\/www.virginmobile.cl\/blog\/noticias\/reina-isabel-ii-convierten-su-discurso-en-memes\/\",\"name\":\"Reina Isabel II: Convierten su discurso en un mont\u00f3n de memes\",\"isPartOf\":{\"@id\":\"https:\/\/vmcl.space\/blog\/#website\"},\"primaryImageOfPage\":{\"@id\":\"https:\/\/www.virginmobile.cl\/blog\/noticias\/reina-isabel-ii-convierten-su-discurso-en-memes\/#primaryimage\"},\"image\":{\"@id\":\"https:\/\/www.virginmobile.cl\/blog\/noticias\/reina-isabel-ii-convierten-su-discurso-en-memes\/#primaryimage\"},\"thumbnailUrl\":\"https:\/\/www.virginmobile.cl\/blog\/wp-content\/uploads\/2020\/04\/vblog_layout-7.jpg\",\"datePublished\":\"2020-04-09T15:54:03+00:00\",\"dateModified\":\"2022-02-24T18:21:19+00:00\",\"description\":\"La mism\u00edsima Reina Isabel II, que luego de su discurso hist\u00f3rico transmitido por Internet, se convirti\u00f3, otra vez, en la reina de los memes.\",\"breadcrumb\":{\"@id\":\"https:\/\/www.virginmobile.cl\/blog\/noticias\/reina-isabel-ii-convierten-su-discurso-en-memes\/#breadcrumb\"},\"inLanguage\":\"es-CL\",\"potentialAction\":[{\"@type\":\"ReadAction\",\"target\":[\"https:\/\/www.virginmobile.cl\/blog\/noticias\/reina-isabel-ii-convierten-su-discurso-en-memes\/\"]}]},{\"@type\":\"ImageObject\",\"inLanguage\":\"es-CL\",\"@id\":\"https:\/\/www.virginmobile.cl\/blog\/noticias\/reina-isabel-ii-convierten-su-discurso-en-memes\/#primaryimage\",\"url\":\"https:\/\/www.virginmobile.cl\/blog\/wp-content\/uploads\/2020\/04\/vblog_layout-7.jpg\",\"contentUrl\":\"https:\/\/www.virginmobile.cl\/blog\/wp-content\/uploads\/2020\/04\/vblog_layout-7.jpg\",\"width\":1200,\"height\":800,\"caption\":\"Reina Isabel II: Convierten su discurso en memes\"},{\"@type\":\"BreadcrumbList\",\"@id\":\"https:\/\/www.virginmobile.cl\/blog\/noticias\/reina-isabel-ii-convierten-su-discurso-en-memes\/#breadcrumb\",\"itemListElement\":[{\"@type\":\"ListItem\",\"position\":1,\"name\":\"Portada\",\"item\":\"https:\/\/vmcl.space\/blog\/\"},{\"@type\":\"ListItem\",\"position\":2,\"name\":\"Reina Isabel II: Convierten su discurso en memes\"}]},{\"@type\":\"WebSite\",\"@id\":\"https:\/\/vmcl.space\/blog\/#website\",\"url\":\"https:\/\/vmcl.space\/blog\/\",\"name\":\"Naci\u00f3n Virgin - Virgin Mobile Chile\",\"description\":\"Lo que pasa ah\u00ed lo sabes aqu\u00ed\",\"publisher\":{\"@id\":\"https:\/\/vmcl.space\/blog\/#organization\"},\"potentialAction\":[{\"@type\":\"SearchAction\",\"target\":{\"@type\":\"EntryPoint\",\"urlTemplate\":\"https:\/\/vmcl.space\/blog\/?s={search_term_string}\"},\"query-input\":{\"@type\":\"PropertyValueSpecification\",\"valueRequired\":true,\"valueName\":\"search_term_string\"}}],\"inLanguage\":\"es-CL\"},{\"@type\":\"Organization\",\"@id\":\"https:\/\/vmcl.space\/blog\/#organization\",\"name\":\"Virgin Mobile\",\"url\":\"https:\/\/vmcl.space\/blog\/\",\"logo\":{\"@type\":\"ImageObject\",\"inLanguage\":\"es-CL\",\"@id\":\"https:\/\/vmcl.space\/blog\/#\/schema\/logo\/image\/\",\"url\":\"https:\/\/blog.virginmobile.cl\/wp-content\/uploads\/2018\/06\/logo_blog_v4.png\",\"contentUrl\":\"https:\/\/blog.virginmobile.cl\/wp-content\/uploads\/2018\/06\/logo_blog_v4.png\",\"width\":400,\"height\":400,\"caption\":\"Virgin Mobile\"},\"image\":{\"@id\":\"https:\/\/vmcl.space\/blog\/#\/schema\/logo\/image\/\"},\"sameAs\":[\"https:\/\/www.facebook.com\/VirginMobileChile\/\",\"https:\/\/x.com\/virginmobile_cl\",\"https:\/\/www.instagram.com\/virginmobile_cl\/\",\"https:\/\/www.linkedin.com\/company\/10255048\/admin\/\",\"https:\/\/www.youtube.com\/user\/VirginMobileChile\"]},{\"@type\":\"Person\",\"@id\":\"https:\/\/vmcl.space\/blog\/#\/schema\/person\/7dd3fe8aa95409efbc0c2651edad922c\",\"name\":\"Jorge Herrera\",\"image\":{\"@type\":\"ImageObject\",\"inLanguage\":\"es-CL\",\"@id\":\"https:\/\/secure.gravatar.com\/avatar\/08a675eb2009d32bc8481153d36d8296c68fcc62939ab075bfa2d959ff9025c2?s=96&d=mm&r=g\",\"url\":\"https:\/\/secure.gravatar.com\/avatar\/08a675eb2009d32bc8481153d36d8296c68fcc62939ab075bfa2d959ff9025c2?s=96&d=mm&r=g\",\"contentUrl\":\"https:\/\/secure.gravatar.com\/avatar\/08a675eb2009d32bc8481153d36d8296c68fcc62939ab075bfa2d959ff9025c2?s=96&d=mm&r=g\",\"caption\":\"Jorge Herrera\"},\"url\":\"https:\/\/www.virginmobile.cl\/blog\/author\/jorge-herrera\/\"}]}<\/script>\n<!-- \/ Yoast SEO plugin. -->","yoast_head_json":{"title":"Reina Isabel II: Convierten su discurso en un mont\u00f3n de memes","description":"La mism\u00edsima Reina Isabel II, que luego de su discurso hist\u00f3rico transmitido por Internet, se convirti\u00f3, otra vez, en la reina de los memes.","robots":{"index":"index","follow":"follow","max-snippet":"max-snippet:-1","max-image-preview":"max-image-preview:large","max-video-preview":"max-video-preview:-1"},"canonical":"https:\/\/www.virginmobile.cl\/blog\/noticias\/reina-isabel-ii-convierten-su-discurso-en-memes\/","og_locale":"es_ES","og_type":"article","og_title":"Reina Isabel II: Convierten su discurso en un mont\u00f3n de memes","og_description":"La mism\u00edsima Reina Isabel II, que luego de su discurso hist\u00f3rico transmitido por Internet, se convirti\u00f3, otra vez, en la reina de los memes.","og_url":"https:\/\/www.virginmobile.cl\/blog\/noticias\/reina-isabel-ii-convierten-su-discurso-en-memes\/","og_site_name":"Naci\u00f3n Virgin - Virgin Mobile Chile","article_publisher":"https:\/\/www.facebook.com\/VirginMobileChile\/","article_published_time":"2020-04-09T15:54:03+00:00","article_modified_time":"2022-02-24T18:21:19+00:00","og_image":[{"width":1200,"height":800,"url":"https:\/\/www.virginmobile.cl\/blog\/wp-content\/uploads\/2020\/04\/vblog_layout-7.jpg","type":"image\/jpeg"}],"author":"Jorge Herrera","twitter_card":"summary_large_image","twitter_creator":"@virginmobile_cl","twitter_site":"@virginmobile_cl","twitter_misc":{"Escrito por":"Jorge Herrera","Tiempo estimado de lectura":"1 minuto"},"schema":{"@context":"https:\/\/schema.org","@graph":[{"@type":"Article","@id":"https:\/\/www.virginmobile.cl\/blog\/noticias\/reina-isabel-ii-convierten-su-discurso-en-memes\/#article","isPartOf":{"@id":"https:\/\/www.virginmobile.cl\/blog\/noticias\/reina-isabel-ii-convierten-su-discurso-en-memes\/"},"author":{"name":"Jorge Herrera","@id":"https:\/\/vmcl.space\/blog\/#\/schema\/person\/7dd3fe8aa95409efbc0c2651edad922c"},"headline":"Reina Isabel II: Convierten su discurso en memes","datePublished":"2020-04-09T15:54:03+00:00","dateModified":"2022-02-24T18:21:19+00:00","mainEntityOfPage":{"@id":"https:\/\/www.virginmobile.cl\/blog\/noticias\/reina-isabel-ii-convierten-su-discurso-en-memes\/"},"wordCount":267,"publisher":{"@id":"https:\/\/vmcl.space\/blog\/#organization"},"image":{"@id":"https:\/\/www.virginmobile.cl\/blog\/noticias\/reina-isabel-ii-convierten-su-discurso-en-memes\/#primaryimage"},"thumbnailUrl":"https:\/\/www.virginmobile.cl\/blog\/wp-content\/uploads\/2020\/04\/vblog_layout-7.jpg","keywords":["discurso","memes","reina isabel"],"articleSection":["Noticias"],"inLanguage":"es-CL"},{"@type":"WebPage","@id":"https:\/\/www.virginmobile.cl\/blog\/noticias\/reina-isabel-ii-convierten-su-discurso-en-memes\/","url":"https:\/\/www.virginmobile.cl\/blog\/noticias\/reina-isabel-ii-convierten-su-discurso-en-memes\/","name":"Reina Isabel II: Convierten su discurso en un mont\u00f3n de memes","isPartOf":{"@id":"https:\/\/vmcl.space\/blog\/#website"},"primaryImageOfPage":{"@id":"https:\/\/www.virginmobile.cl\/blog\/noticias\/reina-isabel-ii-convierten-su-discurso-en-memes\/#primaryimage"},"image":{"@id":"https:\/\/www.virginmobile.cl\/blog\/noticias\/reina-isabel-ii-convierten-su-discurso-en-memes\/#primaryimage"},"thumbnailUrl":"https:\/\/www.virginmobile.cl\/blog\/wp-content\/uploads\/2020\/04\/vblog_layout-7.jpg","datePublished":"2020-04-09T15:54:03+00:00","dateModified":"2022-02-24T18:21:19+00:00","description":"La mism\u00edsima Reina Isabel II, que luego de su discurso hist\u00f3rico transmitido por Internet, se convirti\u00f3, otra vez, en la reina de los memes.","breadcrumb":{"@id":"https:\/\/www.virginmobile.cl\/blog\/noticias\/reina-isabel-ii-convierten-su-discurso-en-memes\/#breadcrumb"},"inLanguage":"es-CL","potentialAction":[{"@type":"ReadAction","target":["https:\/\/www.virginmobile.cl\/blog\/noticias\/reina-isabel-ii-convierten-su-discurso-en-memes\/"]}]},{"@type":"ImageObject","inLanguage":"es-CL","@id":"https:\/\/www.virginmobile.cl\/blog\/noticias\/reina-isabel-ii-convierten-su-discurso-en-memes\/#primaryimage","url":"https:\/\/www.virginmobile.cl\/blog\/wp-content\/uploads\/2020\/04\/vblog_layout-7.jpg","contentUrl":"https:\/\/www.virginmobile.cl\/blog\/wp-content\/uploads\/2020\/04\/vblog_layout-7.jpg","width":1200,"height":800,"caption":"Reina Isabel II: Convierten su discurso en memes"},{"@type":"BreadcrumbList","@id":"https:\/\/www.virginmobile.cl\/blog\/noticias\/reina-isabel-ii-convierten-su-discurso-en-memes\/#breadcrumb","itemListElement":[{"@type":"ListItem","position":1,"name":"Portada","item":"https:\/\/vmcl.space\/blog\/"},{"@type":"ListItem","position":2,"name":"Reina Isabel II: Convierten su discurso en memes"}]},{"@type":"WebSite","@id":"https:\/\/vmcl.space\/blog\/#website","url":"https:\/\/vmcl.space\/blog\/","name":"Naci\u00f3n Virgin - Virgin Mobile Chile","description":"Lo que pasa ah\u00ed lo sabes aqu\u00ed","publisher":{"@id":"https:\/\/vmcl.space\/blog\/#organization"},"potentialAction":[{"@type":"SearchAction","target":{"@type":"EntryPoint","urlTemplate":"https:\/\/vmcl.space\/blog\/?s={search_term_string}"},"query-input":{"@type":"PropertyValueSpecification","valueRequired":true,"valueName":"search_term_string"}}],"inLanguage":"es-CL"},{"@type":"Organization","@id":"https:\/\/vmcl.space\/blog\/#organization","name":"Virgin Mobile","url":"https:\/\/vmcl.space\/blog\/","logo":{"@type":"ImageObject","inLanguage":"es-CL","@id":"https:\/\/vmcl.space\/blog\/#\/schema\/logo\/image\/","url":"https:\/\/blog.virginmobile.cl\/wp-content\/uploads\/2018\/06\/logo_blog_v4.png","contentUrl":"https:\/\/blog.virginmobile.cl\/wp-content\/uploads\/2018\/06\/logo_blog_v4.png","width":400,"height":400,"caption":"Virgin Mobile"},"image":{"@id":"https:\/\/vmcl.space\/blog\/#\/schema\/logo\/image\/"},"sameAs":["https:\/\/www.facebook.com\/VirginMobileChile\/","https:\/\/x.com\/virginmobile_cl","https:\/\/www.instagram.com\/virginmobile_cl\/","https:\/\/www.linkedin.com\/company\/10255048\/admin\/","https:\/\/www.youtube.com\/user\/VirginMobileChile"]},{"@type":"Person","@id":"https:\/\/vmcl.space\/blog\/#\/schema\/person\/7dd3fe8aa95409efbc0c2651edad922c","name":"Jorge Herrera","image":{"@type":"ImageObject","inLanguage":"es-CL","@id":"https:\/\/secure.gravatar.com\/avatar\/08a675eb2009d32bc8481153d36d8296c68fcc62939ab075bfa2d959ff9025c2?s=96&d=mm&r=g","url":"https:\/\/secure.gravatar.com\/avatar\/08a675eb2009d32bc8481153d36d8296c68fcc62939ab075bfa2d959ff9025c2?s=96&d=mm&r=g","contentUrl":"https:\/\/secure.gravatar.com\/avatar\/08a675eb2009d32bc8481153d36d8296c68fcc62939ab075bfa2d959ff9025c2?s=96&d=mm&r=g","caption":"Jorge Herrera"},"url":"https:\/\/www.virginmobile.cl\/blog\/author\/jorge-herrera\/"}]}},"_links":{"self":[{"href":"https:\/\/www.virginmobile.cl\/blog\/wp-json\/wp\/v2\/posts\/2843","targetHints":{"allow":["GET"]}}],"collection":[{"href":"https:\/\/www.virginmobile.cl\/blog\/wp-json\/wp\/v2\/posts"}],"about":[{"href":"https:\/\/www.virginmobile.cl\/blog\/wp-json\/wp\/v2\/types\/post"}],"author":[{"embeddable":true,"href":"https:\/\/www.virginmobile.cl\/blog\/wp-json\/wp\/v2\/users\/2"}],"replies":[{"embeddable":true,"href":"https:\/\/www.virginmobile.cl\/blog\/wp-json\/wp\/v2\/comments?post=2843"}],"version-history":[{"count":4,"href":"https:\/\/www.virginmobile.cl\/blog\/wp-json\/wp\/v2\/posts\/2843\/revisions"}],"predecessor-version":[{"id":2855,"href":"https:\/\/www.virginmobile.cl\/blog\/wp-json\/wp\/v2\/posts\/2843\/revisions\/2855"}],"wp:featuredmedia":[{"embeddable":true,"href":"https:\/\/www.virginmobile.cl\/blog\/wp-json\/wp\/v2\/media\/2848"}],"wp:attachment":[{"href":"https:\/\/www.virginmobile.cl\/blog\/wp-json\/wp\/v2\/media?parent=2843"}],"wp:term":[{"taxonomy":"category","embeddable":true,"href":"https:\/\/www.virginmobile.cl\/blog\/wp-json\/wp\/v2\/categories?post=2843"},{"taxonomy":"post_tag","embeddable":true,"href":"https:\/\/www.virginmobile.cl\/blog\/wp-json\/wp\/v2\/tags?post=2843"}],"curies":[{"name":"wp","href":"https:\/\/api.w.org\/{rel}","templated":true}]}}