{"id":2396,"date":"2019-12-26T11:34:37","date_gmt":"2019-12-26T15:34:37","guid":{"rendered":"https:\/\/blog.virginmobile.cl\/?p=2396"},"modified":"2022-02-24T14:09:35","modified_gmt":"2022-02-24T18:09:35","slug":"gen-3-los-coches-mas-rapidos-y-ligeros-de-la-formula-e","status":"publish","type":"post","link":"https:\/\/www.virginmobile.cl\/blog\/formula-e\/gen-3-los-coches-mas-rapidos-y-ligeros-de-la-formula-e\/","title":{"rendered":"Gen 3: Los coches m\u00e1s r\u00e1pidos y ligeros de la F\u00f3rmula E"},"content":{"rendered":"\n<p>Somos fan\u00e1ticos de la F\u00f3rmula E al igual que t\u00fa, es por eso que en <a href=\"https:\/\/blog.virginmobile.cl\/\">Naci\u00f3n Virgin<\/a> te queremos mantener informado sobre todo lo que se nos viene en las nuevas versiones del E-Prix Santiago.<\/p>\n\n\n\n<p>La F\u00f3rmula E trae\nsiempre muchas novedades y las m\u00e1s importantes de ellas est\u00e1n presentes en los\nactores principales de esta competencia: los veh\u00edculos. Los \u201c<strong>Gen 3<\/strong>\u201d debutar\u00e1n en la temporada\n2022\/2023 dando un vuelco prometedor a la categor\u00eda. La FIA ya dio a conocer\nsus exigencias pero a\u00fan no sabemos qui\u00e9n los dise\u00f1ar\u00e1, ya que en el mes de\nmarzo comenzar\u00e1n las licitaciones y reci\u00e9n en junio la FIA decidir\u00e1. Lo que s\u00ed\nsabemos, es que que volver\u00e1n los boxes a la competencia. <\/p>\n\n\n\n<p>Seg\u00fan los blogs de\nmotores, \u201cel nuevo coche el\u00e9ctrico de la F\u00f3rmula E contar\u00e1 con tecnolog\u00eda de\ncarga r\u00e1pida de la bater\u00eda\u201d, as\u00ed que en 30 segundos los coches podr\u00e1n parar en\nlos boxes y quedar totalmente renovados para terminar la carrera. En cuanto al\nsuministro de energ\u00eda de los veh\u00edculos, correr\u00e1 por cuenta de la organizaci\u00f3n.<\/p>\n\n\n\n<p>En otras novedades,\nnos encontraremos con modificaciones en los tama\u00f1os del veh\u00edculo. El ancho se\nva a reducir a 70 mm, dando como resultado 1.770 mm, mientras tanto, el largo\nse reducir\u00e1 160 mm, quedando en solo 5 metros de largo. As\u00ed que atentos, porque\nnos encontraremos con coches el\u00e9ctricos mucho m\u00e1s livianos. De 900 kilos\nactuales, pasaremos a los 780 kilos en el 2022, incluyendo el peso del piloto.<\/p>\n\n\n\n<p>Otro punto muy\nimportante, es que las ruedas dejar\u00e1n de estar cubiertas. Se incluir\u00e1n sistemas\nde frenos hidr\u00e1ulicos en las delanteras, \u201cdada la mayor capacidad de\nregeneraci\u00f3n del autom\u00f3vil debido a la mayor regeneraci\u00f3n de potencia en la\nparte delantera y trasera respectivamente\u201d.<\/p>\n\n\n\n<p>Ahora solo nos queda\nesperar y estar pendiente durante el a\u00f1o 2020 y ver las primeras recreaciones\nde estos veh\u00edculos, y en un a\u00f1o y medio pasar los \u201ccrash test\u201d. Todo esto para\nsorprendernos en la F\u00f3rmula E 2022. <\/p>\n\n\n\n<p>Revisa lo que se nos viene en esta <a href=\"https:\/\/blog.virginmobile.cl\/virginmobile\/formula-e-volvemos-mas-recargados-que-nunca-en-el-e-prix-santiago-2020\">tercera versi\u00f3n de la F\u00f3rmula E<\/a> en Chile y no olvides adquirir tus entradas <a href=\"https:\/\/www.puntoticket.com\/FIAFormulaESantiago-2020\">AQU\u00cd.<\/a><\/p>\n","protected":false},"excerpt":{"rendered":"<p>Somos fan\u00e1ticos de la F\u00f3rmula E al igual que t\u00fa, es por eso que en Naci\u00f3n Virgin te queremos mantener informado sobre todo lo que se nos viene en las nuevas versiones del E-Prix Santiago. La F\u00f3rmula E trae siempre muchas novedades y las m\u00e1s importantes de ellas est\u00e1n presentes en los actores principales de [&hellip;]<\/p>\n","protected":false},"author":2,"featured_media":2397,"comment_status":"closed","ping_status":"closed","sticky":false,"template":"","format":"standard","meta":{"footnotes":""},"categories":[451,196],"tags":[440,449,442,437,448,326],"class_list":["post-2396","post","type-post","status-publish","format-standard","has-post-thumbnail","hentry","category-formula-e","category-virginmobile","tag-autos","tag-carrera","tag-envision-virgin-racing","tag-formula-e","tag-gen-3","tag-virgin"],"yoast_head":"<!-- This site is optimized with the Yoast SEO plugin v27.2 - https:\/\/yoast.com\/product\/yoast-seo-wordpress\/ -->\n<title>Gen 3: Los coches m\u00e1s r\u00e1pidos y ligeros de la F\u00f3rmula E<\/title>\n<meta name=\"description\" content=\"En Naci\u00f3n Virgin somos fan\u00e1ticos de la F\u00f3rmula E, por eso te queremos mantener informado sobre todo lo que se viene en la nueva versi\u00f3n del E-Prix Santiago.\" \/>\n<meta name=\"robots\" content=\"index, follow, max-snippet:-1, max-image-preview:large, max-video-preview:-1\" \/>\n<link rel=\"canonical\" href=\"https:\/\/vmcl.space\/blog\/formula-e\/gen-3-los-coches-mas-rapidos-y-ligeros-de-la-formula-e\/\" \/>\n<meta property=\"og:locale\" content=\"es_ES\" \/>\n<meta property=\"og:type\" content=\"article\" \/>\n<meta property=\"og:title\" content=\"Gen 3: Los coches m\u00e1s r\u00e1pidos y ligeros de la F\u00f3rmula E\" \/>\n<meta property=\"og:description\" content=\"En Naci\u00f3n Virgin somos fan\u00e1ticos de la F\u00f3rmula E, por eso te queremos mantener informado sobre todo lo que se viene en la nueva versi\u00f3n del E-Prix Santiago.\" \/>\n<meta property=\"og:url\" content=\"https:\/\/vmcl.space\/blog\/formula-e\/gen-3-los-coches-mas-rapidos-y-ligeros-de-la-formula-e\/\" \/>\n<meta property=\"og:site_name\" content=\"Naci\u00f3n Virgin - Virgin Mobile Chile\" \/>\n<meta property=\"article:publisher\" content=\"https:\/\/www.facebook.com\/VirginMobileChile\/\" \/>\n<meta property=\"article:published_time\" content=\"2019-12-26T15:34:37+00:00\" \/>\n<meta property=\"article:modified_time\" content=\"2022-02-24T18:09:35+00:00\" \/>\n<meta property=\"og:image\" content=\"https:\/\/vmcl.space\/blog\/wp-content\/uploads\/2019\/12\/vblog_layout_formula-e.jpg\" \/>\n\t<meta property=\"og:image:width\" content=\"1200\" \/>\n\t<meta property=\"og:image:height\" content=\"800\" \/>\n\t<meta property=\"og:image:type\" content=\"image\/jpeg\" \/>\n<meta name=\"author\" content=\"Jorge Herrera\" \/>\n<meta name=\"twitter:card\" content=\"summary_large_image\" \/>\n<meta name=\"twitter:creator\" content=\"@virginmobile_cl\" \/>\n<meta name=\"twitter:site\" content=\"@virginmobile_cl\" \/>\n<meta name=\"twitter:label1\" content=\"Escrito por\" \/>\n\t<meta name=\"twitter:data1\" content=\"Jorge Herrera\" \/>\n\t<meta name=\"twitter:label2\" content=\"Tiempo estimado de lectura\" \/>\n\t<meta name=\"twitter:data2\" content=\"2 minutos\" \/>\n<script type=\"application\/ld+json\" class=\"yoast-schema-graph\">{\"@context\":\"https:\/\/schema.org\",\"@graph\":[{\"@type\":\"Article\",\"@id\":\"https:\/\/vmcl.space\/blog\/formula-e\/gen-3-los-coches-mas-rapidos-y-ligeros-de-la-formula-e\/#article\",\"isPartOf\":{\"@id\":\"https:\/\/vmcl.space\/blog\/formula-e\/gen-3-los-coches-mas-rapidos-y-ligeros-de-la-formula-e\/\"},\"author\":{\"name\":\"Jorge Herrera\",\"@id\":\"https:\/\/vmcl.space\/blog\/#\/schema\/person\/7dd3fe8aa95409efbc0c2651edad922c\"},\"headline\":\"Gen 3: Los coches m\u00e1s r\u00e1pidos y ligeros de la F\u00f3rmula E\",\"datePublished\":\"2019-12-26T15:34:37+00:00\",\"dateModified\":\"2022-02-24T18:09:35+00:00\",\"mainEntityOfPage\":{\"@id\":\"https:\/\/vmcl.space\/blog\/formula-e\/gen-3-los-coches-mas-rapidos-y-ligeros-de-la-formula-e\/\"},\"wordCount\":394,\"publisher\":{\"@id\":\"https:\/\/vmcl.space\/blog\/#organization\"},\"image\":{\"@id\":\"https:\/\/vmcl.space\/blog\/formula-e\/gen-3-los-coches-mas-rapidos-y-ligeros-de-la-formula-e\/#primaryimage\"},\"thumbnailUrl\":\"https:\/\/www.virginmobile.cl\/blog\/wp-content\/uploads\/2019\/12\/vblog_layout_formula-e.jpg\",\"keywords\":[\"autos\",\"carrera\",\"Envision Virgin Racing\",\"F\u00f3rmula E\",\"gen 3\",\"virgin\"],\"articleSection\":[\"F\u00f3rmula E\",\"Virgin Mobile\"],\"inLanguage\":\"es-CL\"},{\"@type\":\"WebPage\",\"@id\":\"https:\/\/vmcl.space\/blog\/formula-e\/gen-3-los-coches-mas-rapidos-y-ligeros-de-la-formula-e\/\",\"url\":\"https:\/\/vmcl.space\/blog\/formula-e\/gen-3-los-coches-mas-rapidos-y-ligeros-de-la-formula-e\/\",\"name\":\"Gen 3: Los coches m\u00e1s r\u00e1pidos y ligeros de la F\u00f3rmula E\",\"isPartOf\":{\"@id\":\"https:\/\/vmcl.space\/blog\/#website\"},\"primaryImageOfPage\":{\"@id\":\"https:\/\/vmcl.space\/blog\/formula-e\/gen-3-los-coches-mas-rapidos-y-ligeros-de-la-formula-e\/#primaryimage\"},\"image\":{\"@id\":\"https:\/\/vmcl.space\/blog\/formula-e\/gen-3-los-coches-mas-rapidos-y-ligeros-de-la-formula-e\/#primaryimage\"},\"thumbnailUrl\":\"https:\/\/www.virginmobile.cl\/blog\/wp-content\/uploads\/2019\/12\/vblog_layout_formula-e.jpg\",\"datePublished\":\"2019-12-26T15:34:37+00:00\",\"dateModified\":\"2022-02-24T18:09:35+00:00\",\"description\":\"En Naci\u00f3n Virgin somos fan\u00e1ticos de la F\u00f3rmula E, por eso te queremos mantener informado sobre todo lo que se viene en la nueva versi\u00f3n del E-Prix Santiago.\",\"breadcrumb\":{\"@id\":\"https:\/\/vmcl.space\/blog\/formula-e\/gen-3-los-coches-mas-rapidos-y-ligeros-de-la-formula-e\/#breadcrumb\"},\"inLanguage\":\"es-CL\",\"potentialAction\":[{\"@type\":\"ReadAction\",\"target\":[\"https:\/\/vmcl.space\/blog\/formula-e\/gen-3-los-coches-mas-rapidos-y-ligeros-de-la-formula-e\/\"]}]},{\"@type\":\"ImageObject\",\"inLanguage\":\"es-CL\",\"@id\":\"https:\/\/vmcl.space\/blog\/formula-e\/gen-3-los-coches-mas-rapidos-y-ligeros-de-la-formula-e\/#primaryimage\",\"url\":\"https:\/\/www.virginmobile.cl\/blog\/wp-content\/uploads\/2019\/12\/vblog_layout_formula-e.jpg\",\"contentUrl\":\"https:\/\/www.virginmobile.cl\/blog\/wp-content\/uploads\/2019\/12\/vblog_layout_formula-e.jpg\",\"width\":1200,\"height\":800,\"caption\":\"Gen 3: Los coches m\u00e1s r\u00e1pidos y ligeros de la F\u00f3rmula E\"},{\"@type\":\"BreadcrumbList\",\"@id\":\"https:\/\/vmcl.space\/blog\/formula-e\/gen-3-los-coches-mas-rapidos-y-ligeros-de-la-formula-e\/#breadcrumb\",\"itemListElement\":[{\"@type\":\"ListItem\",\"position\":1,\"name\":\"Portada\",\"item\":\"https:\/\/vmcl.space\/blog\/\"},{\"@type\":\"ListItem\",\"position\":2,\"name\":\"Gen 3: Los coches m\u00e1s r\u00e1pidos y ligeros de la F\u00f3rmula E\"}]},{\"@type\":\"WebSite\",\"@id\":\"https:\/\/vmcl.space\/blog\/#website\",\"url\":\"https:\/\/vmcl.space\/blog\/\",\"name\":\"Naci\u00f3n Virgin - Virgin Mobile Chile\",\"description\":\"Lo que pasa ah\u00ed lo sabes aqu\u00ed\",\"publisher\":{\"@id\":\"https:\/\/vmcl.space\/blog\/#organization\"},\"potentialAction\":[{\"@type\":\"SearchAction\",\"target\":{\"@type\":\"EntryPoint\",\"urlTemplate\":\"https:\/\/vmcl.space\/blog\/?s={search_term_string}\"},\"query-input\":{\"@type\":\"PropertyValueSpecification\",\"valueRequired\":true,\"valueName\":\"search_term_string\"}}],\"inLanguage\":\"es-CL\"},{\"@type\":\"Organization\",\"@id\":\"https:\/\/vmcl.space\/blog\/#organization\",\"name\":\"Virgin Mobile\",\"url\":\"https:\/\/vmcl.space\/blog\/\",\"logo\":{\"@type\":\"ImageObject\",\"inLanguage\":\"es-CL\",\"@id\":\"https:\/\/vmcl.space\/blog\/#\/schema\/logo\/image\/\",\"url\":\"https:\/\/blog.virginmobile.cl\/wp-content\/uploads\/2018\/06\/logo_blog_v4.png\",\"contentUrl\":\"https:\/\/blog.virginmobile.cl\/wp-content\/uploads\/2018\/06\/logo_blog_v4.png\",\"width\":400,\"height\":400,\"caption\":\"Virgin Mobile\"},\"image\":{\"@id\":\"https:\/\/vmcl.space\/blog\/#\/schema\/logo\/image\/\"},\"sameAs\":[\"https:\/\/www.facebook.com\/VirginMobileChile\/\",\"https:\/\/x.com\/virginmobile_cl\",\"https:\/\/www.instagram.com\/virginmobile_cl\/\",\"https:\/\/www.linkedin.com\/company\/10255048\/admin\/\",\"https:\/\/www.youtube.com\/user\/VirginMobileChile\"]},{\"@type\":\"Person\",\"@id\":\"https:\/\/vmcl.space\/blog\/#\/schema\/person\/7dd3fe8aa95409efbc0c2651edad922c\",\"name\":\"Jorge Herrera\",\"image\":{\"@type\":\"ImageObject\",\"inLanguage\":\"es-CL\",\"@id\":\"https:\/\/secure.gravatar.com\/avatar\/08a675eb2009d32bc8481153d36d8296c68fcc62939ab075bfa2d959ff9025c2?s=96&d=mm&r=g\",\"url\":\"https:\/\/secure.gravatar.com\/avatar\/08a675eb2009d32bc8481153d36d8296c68fcc62939ab075bfa2d959ff9025c2?s=96&d=mm&r=g\",\"contentUrl\":\"https:\/\/secure.gravatar.com\/avatar\/08a675eb2009d32bc8481153d36d8296c68fcc62939ab075bfa2d959ff9025c2?s=96&d=mm&r=g\",\"caption\":\"Jorge Herrera\"},\"url\":\"https:\/\/www.virginmobile.cl\/blog\/author\/jorge-herrera\/\"}]}<\/script>\n<!-- \/ Yoast SEO plugin. -->","yoast_head_json":{"title":"Gen 3: Los coches m\u00e1s r\u00e1pidos y ligeros de la F\u00f3rmula E","description":"En Naci\u00f3n Virgin somos fan\u00e1ticos de la F\u00f3rmula E, por eso te queremos mantener informado sobre todo lo que se viene en la nueva versi\u00f3n del E-Prix Santiago.","robots":{"index":"index","follow":"follow","max-snippet":"max-snippet:-1","max-image-preview":"max-image-preview:large","max-video-preview":"max-video-preview:-1"},"canonical":"https:\/\/vmcl.space\/blog\/formula-e\/gen-3-los-coches-mas-rapidos-y-ligeros-de-la-formula-e\/","og_locale":"es_ES","og_type":"article","og_title":"Gen 3: Los coches m\u00e1s r\u00e1pidos y ligeros de la F\u00f3rmula E","og_description":"En Naci\u00f3n Virgin somos fan\u00e1ticos de la F\u00f3rmula E, por eso te queremos mantener informado sobre todo lo que se viene en la nueva versi\u00f3n del E-Prix Santiago.","og_url":"https:\/\/vmcl.space\/blog\/formula-e\/gen-3-los-coches-mas-rapidos-y-ligeros-de-la-formula-e\/","og_site_name":"Naci\u00f3n Virgin - Virgin Mobile Chile","article_publisher":"https:\/\/www.facebook.com\/VirginMobileChile\/","article_published_time":"2019-12-26T15:34:37+00:00","article_modified_time":"2022-02-24T18:09:35+00:00","og_image":[{"width":1200,"height":800,"url":"https:\/\/vmcl.space\/blog\/wp-content\/uploads\/2019\/12\/vblog_layout_formula-e.jpg","type":"image\/jpeg"}],"author":"Jorge Herrera","twitter_card":"summary_large_image","twitter_creator":"@virginmobile_cl","twitter_site":"@virginmobile_cl","twitter_misc":{"Escrito por":"Jorge Herrera","Tiempo estimado de lectura":"2 minutos"},"schema":{"@context":"https:\/\/schema.org","@graph":[{"@type":"Article","@id":"https:\/\/vmcl.space\/blog\/formula-e\/gen-3-los-coches-mas-rapidos-y-ligeros-de-la-formula-e\/#article","isPartOf":{"@id":"https:\/\/vmcl.space\/blog\/formula-e\/gen-3-los-coches-mas-rapidos-y-ligeros-de-la-formula-e\/"},"author":{"name":"Jorge Herrera","@id":"https:\/\/vmcl.space\/blog\/#\/schema\/person\/7dd3fe8aa95409efbc0c2651edad922c"},"headline":"Gen 3: Los coches m\u00e1s r\u00e1pidos y ligeros de la F\u00f3rmula E","datePublished":"2019-12-26T15:34:37+00:00","dateModified":"2022-02-24T18:09:35+00:00","mainEntityOfPage":{"@id":"https:\/\/vmcl.space\/blog\/formula-e\/gen-3-los-coches-mas-rapidos-y-ligeros-de-la-formula-e\/"},"wordCount":394,"publisher":{"@id":"https:\/\/vmcl.space\/blog\/#organization"},"image":{"@id":"https:\/\/vmcl.space\/blog\/formula-e\/gen-3-los-coches-mas-rapidos-y-ligeros-de-la-formula-e\/#primaryimage"},"thumbnailUrl":"https:\/\/www.virginmobile.cl\/blog\/wp-content\/uploads\/2019\/12\/vblog_layout_formula-e.jpg","keywords":["autos","carrera","Envision Virgin Racing","F\u00f3rmula E","gen 3","virgin"],"articleSection":["F\u00f3rmula E","Virgin Mobile"],"inLanguage":"es-CL"},{"@type":"WebPage","@id":"https:\/\/vmcl.space\/blog\/formula-e\/gen-3-los-coches-mas-rapidos-y-ligeros-de-la-formula-e\/","url":"https:\/\/vmcl.space\/blog\/formula-e\/gen-3-los-coches-mas-rapidos-y-ligeros-de-la-formula-e\/","name":"Gen 3: Los coches m\u00e1s r\u00e1pidos y ligeros de la F\u00f3rmula E","isPartOf":{"@id":"https:\/\/vmcl.space\/blog\/#website"},"primaryImageOfPage":{"@id":"https:\/\/vmcl.space\/blog\/formula-e\/gen-3-los-coches-mas-rapidos-y-ligeros-de-la-formula-e\/#primaryimage"},"image":{"@id":"https:\/\/vmcl.space\/blog\/formula-e\/gen-3-los-coches-mas-rapidos-y-ligeros-de-la-formula-e\/#primaryimage"},"thumbnailUrl":"https:\/\/www.virginmobile.cl\/blog\/wp-content\/uploads\/2019\/12\/vblog_layout_formula-e.jpg","datePublished":"2019-12-26T15:34:37+00:00","dateModified":"2022-02-24T18:09:35+00:00","description":"En Naci\u00f3n Virgin somos fan\u00e1ticos de la F\u00f3rmula E, por eso te queremos mantener informado sobre todo lo que se viene en la nueva versi\u00f3n del E-Prix Santiago.","breadcrumb":{"@id":"https:\/\/vmcl.space\/blog\/formula-e\/gen-3-los-coches-mas-rapidos-y-ligeros-de-la-formula-e\/#breadcrumb"},"inLanguage":"es-CL","potentialAction":[{"@type":"ReadAction","target":["https:\/\/vmcl.space\/blog\/formula-e\/gen-3-los-coches-mas-rapidos-y-ligeros-de-la-formula-e\/"]}]},{"@type":"ImageObject","inLanguage":"es-CL","@id":"https:\/\/vmcl.space\/blog\/formula-e\/gen-3-los-coches-mas-rapidos-y-ligeros-de-la-formula-e\/#primaryimage","url":"https:\/\/www.virginmobile.cl\/blog\/wp-content\/uploads\/2019\/12\/vblog_layout_formula-e.jpg","contentUrl":"https:\/\/www.virginmobile.cl\/blog\/wp-content\/uploads\/2019\/12\/vblog_layout_formula-e.jpg","width":1200,"height":800,"caption":"Gen 3: Los coches m\u00e1s r\u00e1pidos y ligeros de la F\u00f3rmula E"},{"@type":"BreadcrumbList","@id":"https:\/\/vmcl.space\/blog\/formula-e\/gen-3-los-coches-mas-rapidos-y-ligeros-de-la-formula-e\/#breadcrumb","itemListElement":[{"@type":"ListItem","position":1,"name":"Portada","item":"https:\/\/vmcl.space\/blog\/"},{"@type":"ListItem","position":2,"name":"Gen 3: Los coches m\u00e1s r\u00e1pidos y ligeros de la F\u00f3rmula E"}]},{"@type":"WebSite","@id":"https:\/\/vmcl.space\/blog\/#website","url":"https:\/\/vmcl.space\/blog\/","name":"Naci\u00f3n Virgin - Virgin Mobile Chile","description":"Lo que pasa ah\u00ed lo sabes aqu\u00ed","publisher":{"@id":"https:\/\/vmcl.space\/blog\/#organization"},"potentialAction":[{"@type":"SearchAction","target":{"@type":"EntryPoint","urlTemplate":"https:\/\/vmcl.space\/blog\/?s={search_term_string}"},"query-input":{"@type":"PropertyValueSpecification","valueRequired":true,"valueName":"search_term_string"}}],"inLanguage":"es-CL"},{"@type":"Organization","@id":"https:\/\/vmcl.space\/blog\/#organization","name":"Virgin Mobile","url":"https:\/\/vmcl.space\/blog\/","logo":{"@type":"ImageObject","inLanguage":"es-CL","@id":"https:\/\/vmcl.space\/blog\/#\/schema\/logo\/image\/","url":"https:\/\/blog.virginmobile.cl\/wp-content\/uploads\/2018\/06\/logo_blog_v4.png","contentUrl":"https:\/\/blog.virginmobile.cl\/wp-content\/uploads\/2018\/06\/logo_blog_v4.png","width":400,"height":400,"caption":"Virgin Mobile"},"image":{"@id":"https:\/\/vmcl.space\/blog\/#\/schema\/logo\/image\/"},"sameAs":["https:\/\/www.facebook.com\/VirginMobileChile\/","https:\/\/x.com\/virginmobile_cl","https:\/\/www.instagram.com\/virginmobile_cl\/","https:\/\/www.linkedin.com\/company\/10255048\/admin\/","https:\/\/www.youtube.com\/user\/VirginMobileChile"]},{"@type":"Person","@id":"https:\/\/vmcl.space\/blog\/#\/schema\/person\/7dd3fe8aa95409efbc0c2651edad922c","name":"Jorge Herrera","image":{"@type":"ImageObject","inLanguage":"es-CL","@id":"https:\/\/secure.gravatar.com\/avatar\/08a675eb2009d32bc8481153d36d8296c68fcc62939ab075bfa2d959ff9025c2?s=96&d=mm&r=g","url":"https:\/\/secure.gravatar.com\/avatar\/08a675eb2009d32bc8481153d36d8296c68fcc62939ab075bfa2d959ff9025c2?s=96&d=mm&r=g","contentUrl":"https:\/\/secure.gravatar.com\/avatar\/08a675eb2009d32bc8481153d36d8296c68fcc62939ab075bfa2d959ff9025c2?s=96&d=mm&r=g","caption":"Jorge Herrera"},"url":"https:\/\/www.virginmobile.cl\/blog\/author\/jorge-herrera\/"}]}},"_links":{"self":[{"href":"https:\/\/www.virginmobile.cl\/blog\/wp-json\/wp\/v2\/posts\/2396","targetHints":{"allow":["GET"]}}],"collection":[{"href":"https:\/\/www.virginmobile.cl\/blog\/wp-json\/wp\/v2\/posts"}],"about":[{"href":"https:\/\/www.virginmobile.cl\/blog\/wp-json\/wp\/v2\/types\/post"}],"author":[{"embeddable":true,"href":"https:\/\/www.virginmobile.cl\/blog\/wp-json\/wp\/v2\/users\/2"}],"replies":[{"embeddable":true,"href":"https:\/\/www.virginmobile.cl\/blog\/wp-json\/wp\/v2\/comments?post=2396"}],"version-history":[{"count":2,"href":"https:\/\/www.virginmobile.cl\/blog\/wp-json\/wp\/v2\/posts\/2396\/revisions"}],"predecessor-version":[{"id":2399,"href":"https:\/\/www.virginmobile.cl\/blog\/wp-json\/wp\/v2\/posts\/2396\/revisions\/2399"}],"wp:featuredmedia":[{"embeddable":true,"href":"https:\/\/www.virginmobile.cl\/blog\/wp-json\/wp\/v2\/media\/2397"}],"wp:attachment":[{"href":"https:\/\/www.virginmobile.cl\/blog\/wp-json\/wp\/v2\/media?parent=2396"}],"wp:term":[{"taxonomy":"category","embeddable":true,"href":"https:\/\/www.virginmobile.cl\/blog\/wp-json\/wp\/v2\/categories?post=2396"},{"taxonomy":"post_tag","embeddable":true,"href":"https:\/\/www.virginmobile.cl\/blog\/wp-json\/wp\/v2\/tags?post=2396"}],"curies":[{"name":"wp","href":"https:\/\/api.w.org\/{rel}","templated":true}]}}