{"id":2243,"date":"2019-10-15T16:45:48","date_gmt":"2019-10-15T20:45:48","guid":{"rendered":"https:\/\/blog.virginmobile.cl\/?p=2243"},"modified":"2022-02-24T14:22:49","modified_gmt":"2022-02-24T18:22:49","slug":"noticias-por-el-mundo-quien-es-greta-thunberg","status":"publish","type":"post","link":"https:\/\/www.virginmobile.cl\/blog\/noticias\/noticias-por-el-mundo-quien-es-greta-thunberg\/","title":{"rendered":"Noticias por el mundo: \u00bfqui\u00e9n es Greta Thunberg?"},"content":{"rendered":"\n<p>Greta Thunberg es un nombre ha sido mencionado hasta el cansancio en los \u00faltimos d\u00edas. Las noticias por el mundo colmaron las redes sociales, la radio y la televisi\u00f3n hablando de la adolescente ecologista de tan solo 16 a\u00f1os.<\/p>\n\n\n\n<p>Y como la chica est\u00e1 diciendo lo que muchos prefieren ignorar, en\u00a0<a href=\"https:\/\/blog.virginmobile.cl\/\">Naci\u00f3n Virgin<\/a>\u00a0quisimos saber m\u00e1s de la activista que, desde que comenz\u00f3 a protestar frente al parlamento sueco, ha inspirado a toda una generaci\u00f3n de j\u00f3venes a tomar conciencia sobre el cambio clim\u00e1tico.\u00a0<\/p>\n\n\n\n<h2 class=\"wp-block-heading\">La adolescente que no se intimida ante los l\u00edderes mundiales<\/h2>\n\n\n\n<p>La lucha de Greta inici\u00f3 durante agosto de 2018, cuando decidi\u00f3 faltar a clases y pararse frente al parlamento de su pa\u00eds con una pancarta y un mensaje escrito a mano: &#8220;<em>Huelga estudiantil por el clima<\/em>&#8220;. Su inter\u00e9s por el tema comenz\u00f3 por una depresi\u00f3n que tuvo a los 11 a\u00f1os, enfermedad que logr\u00f3 superar -entre otras cosas- leyendo sobre cambio clim\u00e1tico y entendiendo que no se estaba haciendo lo suficiente para combatirlo.<\/p>\n\n\n\n<p>Quiz\u00e1s te hayas cruzado con el hashtag&nbsp;<strong><a href=\"https:\/\/twitter.com\/GretaThunberg?ref_src=twsrc%5Etfw&amp;ref_url=https%3A%2F%2Fwww.eitb.eus%2Fes%2Fnoticias%2Fsociedad%2Fdetalle%2F6269751%2Fgreta-thunberg-biografia-quien-es-estudiante-fridays-for-future-clima%2F\" rel=\"noreferrer noopener\" target=\"_blank\">#FridaysForFuture<\/a><\/strong>, unainiciativa impulsada en Twitter por la misma la joven, una que no tiene car\u00e1cter pol\u00edtico y que, por el contrario, busca crear conciencia ecol\u00f3gica. Tal vez, Greta Thunberg nunca imagin\u00f3 que su simple accionar detonar\u00eda un movimiento que, a la fecha, ya cuenta con el apoyo de m\u00e1s de 1.600 ciudades en todo el mundo.<\/p>\n\n\n\n<p>Desde peque\u00f1a, Greta padece del s\u00edndrome de Asperger, una condici\u00f3n ha sabido aprovechar en relaci\u00f3n a su lucha pues,&nbsp;<a href=\"https:\/\/www.eitb.eus\/es\/noticias\/sociedad\/detalle\/6269751\/greta-thunberg-biografia-quien-es-estudiante-fridays-for-future-clima\/\" rel=\"noreferrer noopener\" target=\"_blank\">seg\u00fan asegura<\/a>, &#8220;<em>he empezado a darme cuenta que tengo mayor capacidad de concentraci\u00f3n que otras personas<\/em>&#8220;.&nbsp;<\/p>\n\n\n\n<p>Hoy, su nombre no para de aparecer en las noticias por el mundo: Greta ha logrado participar en importantes conferencias, como en el foro econ\u00f3mico de Davos y la Cumbre Clim\u00e1tica de las Naciones Unidas en Nueva York, present\u00e1ndose frente a importantes l\u00edderes mundiales. Es tal el impacto de su mensaje y actuar, que algunos pol\u00edticos noruegos la consideran una seria candidata al premio Nobel.<\/p>\n\n\n\n<p>Lo \u00faltimo que gira en las noticias por el mundo respecto a Greta Thunberg es su&nbsp;<a href=\"https:\/\/www.bbc.com\/mundo\/noticias-internacional-49804774\" rel=\"noreferrer noopener\" target=\"_blank\">impactante discurso<\/a>&nbsp;frente a diversos mandatarios, en donde no pudo contener las emociones al acusar la traici\u00f3n de los l\u00edderes por no contemplar la urgencia que amerita el cambio clim\u00e1tico. &#8220;<em>Estamos en el comienzo de una extinci\u00f3n masiva y de lo \u00fanico que pueden hablar es de dinero y cuentos de hadas de crecimiento econ\u00f3mico eterno. \u00bfC\u00f3mo se atreven?<\/em>&#8220;, sentenci\u00f3 en la cumbre clim\u00e1tica de la ONU.<\/p>\n\n\n\n<p>Greta Thunberg rechaza convertirse en un icono. Sin embargo, ya ha sido vitoreada en las diversas marchas con las que se ha solidarizado y, definitivamente, su mensaje claro e inspirador ya no puede detenerse. Una adolescente de 16 a\u00f1os grit\u00e1ndole al mundo lo que los l\u00edderes saben, pero no quieren abordar. Eso se llama convicci\u00f3n.<\/p>\n","protected":false},"excerpt":{"rendered":"<p>Greta Thunberg es un nombre ha sido mencionado hasta el cansancio en los \u00faltimos d\u00edas. Las noticias por el mundo colmaron las redes sociales, la radio y la televisi\u00f3n hablando de la adolescente ecologista de tan solo 16 a\u00f1os. Y como la chica est\u00e1 diciendo lo que muchos prefieren ignorar, en\u00a0Naci\u00f3n Virgin\u00a0quisimos saber m\u00e1s de [&hellip;]<\/p>\n","protected":false},"author":2,"featured_media":2245,"comment_status":"closed","ping_status":"closed","sticky":false,"template":"","format":"standard","meta":{"footnotes":""},"categories":[199,203],"tags":[364,363,366,358,365,362,360,359],"class_list":["post-2243","post","type-post","status-publish","format-standard","has-post-thumbnail","hentry","category-noticias","category-por-el-mundo","tag-cambio","tag-clima","tag-fridays-for-fortune","tag-greta","tag-huelga","tag-medio","tag-noticas","tag-thunberg"],"yoast_head":"<!-- This site is optimized with the Yoast SEO plugin v27.2 - https:\/\/yoast.com\/product\/yoast-seo-wordpress\/ -->\n<title>Noticias por el mundo: \u00bfqui\u00e9n es Greta Thunberg?<\/title>\n<meta name=\"description\" content=\"Greta Thunberg no deja de aparecer en las noticias por el mundo debido a su lucha contra el cambio clim\u00e1tico, pero \u00bfqu\u00e9 m\u00e1s sabes sobre ella?\" \/>\n<meta name=\"robots\" content=\"index, follow, max-snippet:-1, max-image-preview:large, max-video-preview:-1\" \/>\n<link rel=\"canonical\" href=\"https:\/\/www.virginmobile.cl\/blog\/noticias\/noticias-por-el-mundo-quien-es-greta-thunberg\/\" \/>\n<meta property=\"og:locale\" content=\"es_ES\" \/>\n<meta property=\"og:type\" content=\"article\" \/>\n<meta property=\"og:title\" content=\"Noticias por el mundo: \u00bfqui\u00e9n es Greta Thunberg?\" \/>\n<meta property=\"og:description\" content=\"Greta Thunberg no deja de aparecer en las noticias por el mundo debido a su lucha contra el cambio clim\u00e1tico, pero \u00bfqu\u00e9 m\u00e1s sabes sobre ella?\" \/>\n<meta property=\"og:url\" content=\"https:\/\/www.virginmobile.cl\/blog\/noticias\/noticias-por-el-mundo-quien-es-greta-thunberg\/\" \/>\n<meta property=\"og:site_name\" content=\"Naci\u00f3n Virgin - Virgin Mobile Chile\" \/>\n<meta property=\"article:publisher\" content=\"https:\/\/www.facebook.com\/VirginMobileChile\/\" \/>\n<meta property=\"article:published_time\" content=\"2019-10-15T20:45:48+00:00\" \/>\n<meta property=\"article:modified_time\" content=\"2022-02-24T18:22:49+00:00\" \/>\n<meta property=\"og:image\" content=\"https:\/\/www.virginmobile.cl\/blog\/wp-content\/uploads\/2019\/10\/fondo_blog-2.jpg\" \/>\n\t<meta property=\"og:image:width\" content=\"1200\" \/>\n\t<meta property=\"og:image:height\" content=\"800\" \/>\n\t<meta property=\"og:image:type\" content=\"image\/jpeg\" \/>\n<meta name=\"author\" content=\"Jorge Herrera\" \/>\n<meta name=\"twitter:card\" content=\"summary_large_image\" \/>\n<meta name=\"twitter:creator\" content=\"@virginmobile_cl\" \/>\n<meta name=\"twitter:site\" content=\"@virginmobile_cl\" \/>\n<meta name=\"twitter:label1\" content=\"Escrito por\" \/>\n\t<meta name=\"twitter:data1\" content=\"Jorge Herrera\" \/>\n\t<meta name=\"twitter:label2\" content=\"Tiempo estimado de lectura\" \/>\n\t<meta name=\"twitter:data2\" content=\"3 minutos\" \/>\n<script type=\"application\/ld+json\" class=\"yoast-schema-graph\">{\"@context\":\"https:\/\/schema.org\",\"@graph\":[{\"@type\":\"Article\",\"@id\":\"https:\/\/www.virginmobile.cl\/blog\/noticias\/noticias-por-el-mundo-quien-es-greta-thunberg\/#article\",\"isPartOf\":{\"@id\":\"https:\/\/www.virginmobile.cl\/blog\/noticias\/noticias-por-el-mundo-quien-es-greta-thunberg\/\"},\"author\":{\"name\":\"Jorge Herrera\",\"@id\":\"https:\/\/vmcl.space\/blog\/#\/schema\/person\/7dd3fe8aa95409efbc0c2651edad922c\"},\"headline\":\"Noticias por el mundo: \u00bfqui\u00e9n es Greta Thunberg?\",\"datePublished\":\"2019-10-15T20:45:48+00:00\",\"dateModified\":\"2022-02-24T18:22:49+00:00\",\"mainEntityOfPage\":{\"@id\":\"https:\/\/www.virginmobile.cl\/blog\/noticias\/noticias-por-el-mundo-quien-es-greta-thunberg\/\"},\"wordCount\":519,\"publisher\":{\"@id\":\"https:\/\/vmcl.space\/blog\/#organization\"},\"image\":{\"@id\":\"https:\/\/www.virginmobile.cl\/blog\/noticias\/noticias-por-el-mundo-quien-es-greta-thunberg\/#primaryimage\"},\"thumbnailUrl\":\"https:\/\/www.virginmobile.cl\/blog\/wp-content\/uploads\/2019\/10\/fondo_blog-2.jpg\",\"keywords\":[\"cambio\",\"clima\",\"fridays for fortune\",\"greta\",\"huelga\",\"medio\",\"noticas\",\"Thunberg\"],\"articleSection\":[\"Noticias\",\"Por el mundo\"],\"inLanguage\":\"es-CL\"},{\"@type\":\"WebPage\",\"@id\":\"https:\/\/www.virginmobile.cl\/blog\/noticias\/noticias-por-el-mundo-quien-es-greta-thunberg\/\",\"url\":\"https:\/\/www.virginmobile.cl\/blog\/noticias\/noticias-por-el-mundo-quien-es-greta-thunberg\/\",\"name\":\"Noticias por el mundo: \u00bfqui\u00e9n es Greta Thunberg?\",\"isPartOf\":{\"@id\":\"https:\/\/vmcl.space\/blog\/#website\"},\"primaryImageOfPage\":{\"@id\":\"https:\/\/www.virginmobile.cl\/blog\/noticias\/noticias-por-el-mundo-quien-es-greta-thunberg\/#primaryimage\"},\"image\":{\"@id\":\"https:\/\/www.virginmobile.cl\/blog\/noticias\/noticias-por-el-mundo-quien-es-greta-thunberg\/#primaryimage\"},\"thumbnailUrl\":\"https:\/\/www.virginmobile.cl\/blog\/wp-content\/uploads\/2019\/10\/fondo_blog-2.jpg\",\"datePublished\":\"2019-10-15T20:45:48+00:00\",\"dateModified\":\"2022-02-24T18:22:49+00:00\",\"description\":\"Greta Thunberg no deja de aparecer en las noticias por el mundo debido a su lucha contra el cambio clim\u00e1tico, pero \u00bfqu\u00e9 m\u00e1s sabes sobre ella?\",\"breadcrumb\":{\"@id\":\"https:\/\/www.virginmobile.cl\/blog\/noticias\/noticias-por-el-mundo-quien-es-greta-thunberg\/#breadcrumb\"},\"inLanguage\":\"es-CL\",\"potentialAction\":[{\"@type\":\"ReadAction\",\"target\":[\"https:\/\/www.virginmobile.cl\/blog\/noticias\/noticias-por-el-mundo-quien-es-greta-thunberg\/\"]}]},{\"@type\":\"ImageObject\",\"inLanguage\":\"es-CL\",\"@id\":\"https:\/\/www.virginmobile.cl\/blog\/noticias\/noticias-por-el-mundo-quien-es-greta-thunberg\/#primaryimage\",\"url\":\"https:\/\/www.virginmobile.cl\/blog\/wp-content\/uploads\/2019\/10\/fondo_blog-2.jpg\",\"contentUrl\":\"https:\/\/www.virginmobile.cl\/blog\/wp-content\/uploads\/2019\/10\/fondo_blog-2.jpg\",\"width\":1200,\"height\":800,\"caption\":\"Noticias por el mundo: \u00bfqui\u00e9n es Greta Thunberg?\"},{\"@type\":\"BreadcrumbList\",\"@id\":\"https:\/\/www.virginmobile.cl\/blog\/noticias\/noticias-por-el-mundo-quien-es-greta-thunberg\/#breadcrumb\",\"itemListElement\":[{\"@type\":\"ListItem\",\"position\":1,\"name\":\"Portada\",\"item\":\"https:\/\/vmcl.space\/blog\/\"},{\"@type\":\"ListItem\",\"position\":2,\"name\":\"Noticias por el mundo: \u00bfqui\u00e9n es Greta Thunberg?\"}]},{\"@type\":\"WebSite\",\"@id\":\"https:\/\/vmcl.space\/blog\/#website\",\"url\":\"https:\/\/vmcl.space\/blog\/\",\"name\":\"Naci\u00f3n Virgin - Virgin Mobile Chile\",\"description\":\"Lo que pasa ah\u00ed lo sabes aqu\u00ed\",\"publisher\":{\"@id\":\"https:\/\/vmcl.space\/blog\/#organization\"},\"potentialAction\":[{\"@type\":\"SearchAction\",\"target\":{\"@type\":\"EntryPoint\",\"urlTemplate\":\"https:\/\/vmcl.space\/blog\/?s={search_term_string}\"},\"query-input\":{\"@type\":\"PropertyValueSpecification\",\"valueRequired\":true,\"valueName\":\"search_term_string\"}}],\"inLanguage\":\"es-CL\"},{\"@type\":\"Organization\",\"@id\":\"https:\/\/vmcl.space\/blog\/#organization\",\"name\":\"Virgin Mobile\",\"url\":\"https:\/\/vmcl.space\/blog\/\",\"logo\":{\"@type\":\"ImageObject\",\"inLanguage\":\"es-CL\",\"@id\":\"https:\/\/vmcl.space\/blog\/#\/schema\/logo\/image\/\",\"url\":\"https:\/\/blog.virginmobile.cl\/wp-content\/uploads\/2018\/06\/logo_blog_v4.png\",\"contentUrl\":\"https:\/\/blog.virginmobile.cl\/wp-content\/uploads\/2018\/06\/logo_blog_v4.png\",\"width\":400,\"height\":400,\"caption\":\"Virgin Mobile\"},\"image\":{\"@id\":\"https:\/\/vmcl.space\/blog\/#\/schema\/logo\/image\/\"},\"sameAs\":[\"https:\/\/www.facebook.com\/VirginMobileChile\/\",\"https:\/\/x.com\/virginmobile_cl\",\"https:\/\/www.instagram.com\/virginmobile_cl\/\",\"https:\/\/www.linkedin.com\/company\/10255048\/admin\/\",\"https:\/\/www.youtube.com\/user\/VirginMobileChile\"]},{\"@type\":\"Person\",\"@id\":\"https:\/\/vmcl.space\/blog\/#\/schema\/person\/7dd3fe8aa95409efbc0c2651edad922c\",\"name\":\"Jorge Herrera\",\"image\":{\"@type\":\"ImageObject\",\"inLanguage\":\"es-CL\",\"@id\":\"https:\/\/secure.gravatar.com\/avatar\/08a675eb2009d32bc8481153d36d8296c68fcc62939ab075bfa2d959ff9025c2?s=96&d=mm&r=g\",\"url\":\"https:\/\/secure.gravatar.com\/avatar\/08a675eb2009d32bc8481153d36d8296c68fcc62939ab075bfa2d959ff9025c2?s=96&d=mm&r=g\",\"contentUrl\":\"https:\/\/secure.gravatar.com\/avatar\/08a675eb2009d32bc8481153d36d8296c68fcc62939ab075bfa2d959ff9025c2?s=96&d=mm&r=g\",\"caption\":\"Jorge Herrera\"},\"url\":\"https:\/\/www.virginmobile.cl\/blog\/author\/jorge-herrera\/\"}]}<\/script>\n<!-- \/ Yoast SEO plugin. -->","yoast_head_json":{"title":"Noticias por el mundo: \u00bfqui\u00e9n es Greta Thunberg?","description":"Greta Thunberg no deja de aparecer en las noticias por el mundo debido a su lucha contra el cambio clim\u00e1tico, pero \u00bfqu\u00e9 m\u00e1s sabes sobre ella?","robots":{"index":"index","follow":"follow","max-snippet":"max-snippet:-1","max-image-preview":"max-image-preview:large","max-video-preview":"max-video-preview:-1"},"canonical":"https:\/\/www.virginmobile.cl\/blog\/noticias\/noticias-por-el-mundo-quien-es-greta-thunberg\/","og_locale":"es_ES","og_type":"article","og_title":"Noticias por el mundo: \u00bfqui\u00e9n es Greta Thunberg?","og_description":"Greta Thunberg no deja de aparecer en las noticias por el mundo debido a su lucha contra el cambio clim\u00e1tico, pero \u00bfqu\u00e9 m\u00e1s sabes sobre ella?","og_url":"https:\/\/www.virginmobile.cl\/blog\/noticias\/noticias-por-el-mundo-quien-es-greta-thunberg\/","og_site_name":"Naci\u00f3n Virgin - Virgin Mobile Chile","article_publisher":"https:\/\/www.facebook.com\/VirginMobileChile\/","article_published_time":"2019-10-15T20:45:48+00:00","article_modified_time":"2022-02-24T18:22:49+00:00","og_image":[{"width":1200,"height":800,"url":"https:\/\/www.virginmobile.cl\/blog\/wp-content\/uploads\/2019\/10\/fondo_blog-2.jpg","type":"image\/jpeg"}],"author":"Jorge Herrera","twitter_card":"summary_large_image","twitter_creator":"@virginmobile_cl","twitter_site":"@virginmobile_cl","twitter_misc":{"Escrito por":"Jorge Herrera","Tiempo estimado de lectura":"3 minutos"},"schema":{"@context":"https:\/\/schema.org","@graph":[{"@type":"Article","@id":"https:\/\/www.virginmobile.cl\/blog\/noticias\/noticias-por-el-mundo-quien-es-greta-thunberg\/#article","isPartOf":{"@id":"https:\/\/www.virginmobile.cl\/blog\/noticias\/noticias-por-el-mundo-quien-es-greta-thunberg\/"},"author":{"name":"Jorge Herrera","@id":"https:\/\/vmcl.space\/blog\/#\/schema\/person\/7dd3fe8aa95409efbc0c2651edad922c"},"headline":"Noticias por el mundo: \u00bfqui\u00e9n es Greta Thunberg?","datePublished":"2019-10-15T20:45:48+00:00","dateModified":"2022-02-24T18:22:49+00:00","mainEntityOfPage":{"@id":"https:\/\/www.virginmobile.cl\/blog\/noticias\/noticias-por-el-mundo-quien-es-greta-thunberg\/"},"wordCount":519,"publisher":{"@id":"https:\/\/vmcl.space\/blog\/#organization"},"image":{"@id":"https:\/\/www.virginmobile.cl\/blog\/noticias\/noticias-por-el-mundo-quien-es-greta-thunberg\/#primaryimage"},"thumbnailUrl":"https:\/\/www.virginmobile.cl\/blog\/wp-content\/uploads\/2019\/10\/fondo_blog-2.jpg","keywords":["cambio","clima","fridays for fortune","greta","huelga","medio","noticas","Thunberg"],"articleSection":["Noticias","Por el mundo"],"inLanguage":"es-CL"},{"@type":"WebPage","@id":"https:\/\/www.virginmobile.cl\/blog\/noticias\/noticias-por-el-mundo-quien-es-greta-thunberg\/","url":"https:\/\/www.virginmobile.cl\/blog\/noticias\/noticias-por-el-mundo-quien-es-greta-thunberg\/","name":"Noticias por el mundo: \u00bfqui\u00e9n es Greta Thunberg?","isPartOf":{"@id":"https:\/\/vmcl.space\/blog\/#website"},"primaryImageOfPage":{"@id":"https:\/\/www.virginmobile.cl\/blog\/noticias\/noticias-por-el-mundo-quien-es-greta-thunberg\/#primaryimage"},"image":{"@id":"https:\/\/www.virginmobile.cl\/blog\/noticias\/noticias-por-el-mundo-quien-es-greta-thunberg\/#primaryimage"},"thumbnailUrl":"https:\/\/www.virginmobile.cl\/blog\/wp-content\/uploads\/2019\/10\/fondo_blog-2.jpg","datePublished":"2019-10-15T20:45:48+00:00","dateModified":"2022-02-24T18:22:49+00:00","description":"Greta Thunberg no deja de aparecer en las noticias por el mundo debido a su lucha contra el cambio clim\u00e1tico, pero \u00bfqu\u00e9 m\u00e1s sabes sobre ella?","breadcrumb":{"@id":"https:\/\/www.virginmobile.cl\/blog\/noticias\/noticias-por-el-mundo-quien-es-greta-thunberg\/#breadcrumb"},"inLanguage":"es-CL","potentialAction":[{"@type":"ReadAction","target":["https:\/\/www.virginmobile.cl\/blog\/noticias\/noticias-por-el-mundo-quien-es-greta-thunberg\/"]}]},{"@type":"ImageObject","inLanguage":"es-CL","@id":"https:\/\/www.virginmobile.cl\/blog\/noticias\/noticias-por-el-mundo-quien-es-greta-thunberg\/#primaryimage","url":"https:\/\/www.virginmobile.cl\/blog\/wp-content\/uploads\/2019\/10\/fondo_blog-2.jpg","contentUrl":"https:\/\/www.virginmobile.cl\/blog\/wp-content\/uploads\/2019\/10\/fondo_blog-2.jpg","width":1200,"height":800,"caption":"Noticias por el mundo: \u00bfqui\u00e9n es Greta Thunberg?"},{"@type":"BreadcrumbList","@id":"https:\/\/www.virginmobile.cl\/blog\/noticias\/noticias-por-el-mundo-quien-es-greta-thunberg\/#breadcrumb","itemListElement":[{"@type":"ListItem","position":1,"name":"Portada","item":"https:\/\/vmcl.space\/blog\/"},{"@type":"ListItem","position":2,"name":"Noticias por el mundo: \u00bfqui\u00e9n es Greta Thunberg?"}]},{"@type":"WebSite","@id":"https:\/\/vmcl.space\/blog\/#website","url":"https:\/\/vmcl.space\/blog\/","name":"Naci\u00f3n Virgin - Virgin Mobile Chile","description":"Lo que pasa ah\u00ed lo sabes aqu\u00ed","publisher":{"@id":"https:\/\/vmcl.space\/blog\/#organization"},"potentialAction":[{"@type":"SearchAction","target":{"@type":"EntryPoint","urlTemplate":"https:\/\/vmcl.space\/blog\/?s={search_term_string}"},"query-input":{"@type":"PropertyValueSpecification","valueRequired":true,"valueName":"search_term_string"}}],"inLanguage":"es-CL"},{"@type":"Organization","@id":"https:\/\/vmcl.space\/blog\/#organization","name":"Virgin Mobile","url":"https:\/\/vmcl.space\/blog\/","logo":{"@type":"ImageObject","inLanguage":"es-CL","@id":"https:\/\/vmcl.space\/blog\/#\/schema\/logo\/image\/","url":"https:\/\/blog.virginmobile.cl\/wp-content\/uploads\/2018\/06\/logo_blog_v4.png","contentUrl":"https:\/\/blog.virginmobile.cl\/wp-content\/uploads\/2018\/06\/logo_blog_v4.png","width":400,"height":400,"caption":"Virgin Mobile"},"image":{"@id":"https:\/\/vmcl.space\/blog\/#\/schema\/logo\/image\/"},"sameAs":["https:\/\/www.facebook.com\/VirginMobileChile\/","https:\/\/x.com\/virginmobile_cl","https:\/\/www.instagram.com\/virginmobile_cl\/","https:\/\/www.linkedin.com\/company\/10255048\/admin\/","https:\/\/www.youtube.com\/user\/VirginMobileChile"]},{"@type":"Person","@id":"https:\/\/vmcl.space\/blog\/#\/schema\/person\/7dd3fe8aa95409efbc0c2651edad922c","name":"Jorge Herrera","image":{"@type":"ImageObject","inLanguage":"es-CL","@id":"https:\/\/secure.gravatar.com\/avatar\/08a675eb2009d32bc8481153d36d8296c68fcc62939ab075bfa2d959ff9025c2?s=96&d=mm&r=g","url":"https:\/\/secure.gravatar.com\/avatar\/08a675eb2009d32bc8481153d36d8296c68fcc62939ab075bfa2d959ff9025c2?s=96&d=mm&r=g","contentUrl":"https:\/\/secure.gravatar.com\/avatar\/08a675eb2009d32bc8481153d36d8296c68fcc62939ab075bfa2d959ff9025c2?s=96&d=mm&r=g","caption":"Jorge Herrera"},"url":"https:\/\/www.virginmobile.cl\/blog\/author\/jorge-herrera\/"}]}},"_links":{"self":[{"href":"https:\/\/www.virginmobile.cl\/blog\/wp-json\/wp\/v2\/posts\/2243","targetHints":{"allow":["GET"]}}],"collection":[{"href":"https:\/\/www.virginmobile.cl\/blog\/wp-json\/wp\/v2\/posts"}],"about":[{"href":"https:\/\/www.virginmobile.cl\/blog\/wp-json\/wp\/v2\/types\/post"}],"author":[{"embeddable":true,"href":"https:\/\/www.virginmobile.cl\/blog\/wp-json\/wp\/v2\/users\/2"}],"replies":[{"embeddable":true,"href":"https:\/\/www.virginmobile.cl\/blog\/wp-json\/wp\/v2\/comments?post=2243"}],"version-history":[{"count":1,"href":"https:\/\/www.virginmobile.cl\/blog\/wp-json\/wp\/v2\/posts\/2243\/revisions"}],"predecessor-version":[{"id":2246,"href":"https:\/\/www.virginmobile.cl\/blog\/wp-json\/wp\/v2\/posts\/2243\/revisions\/2246"}],"wp:featuredmedia":[{"embeddable":true,"href":"https:\/\/www.virginmobile.cl\/blog\/wp-json\/wp\/v2\/media\/2245"}],"wp:attachment":[{"href":"https:\/\/www.virginmobile.cl\/blog\/wp-json\/wp\/v2\/media?parent=2243"}],"wp:term":[{"taxonomy":"category","embeddable":true,"href":"https:\/\/www.virginmobile.cl\/blog\/wp-json\/wp\/v2\/categories?post=2243"},{"taxonomy":"post_tag","embeddable":true,"href":"https:\/\/www.virginmobile.cl\/blog\/wp-json\/wp\/v2\/tags?post=2243"}],"curies":[{"name":"wp","href":"https:\/\/api.w.org\/{rel}","templated":true}]}}