{"id":2050,"date":"2019-07-15T18:00:12","date_gmt":"2019-07-15T22:00:12","guid":{"rendered":"http:\/\/mivirgin.com\/blog\/?p=2050"},"modified":"2022-02-24T14:22:45","modified_gmt":"2022-02-24T18:22:45","slug":"noticias-reconstruccion-notre-dame","status":"publish","type":"post","link":"https:\/\/www.virginmobile.cl\/blog\/por-el-mundo\/noticias-reconstruccion-notre-dame\/","title":{"rendered":"\u00bfQui\u00e9nes pagan hoy por la reconstrucci\u00f3n de Notre Dame?"},"content":{"rendered":"\n<p>Te sentiste impresionad@ al ver c\u00f3mo el hogar del &#8220;jorobado de Notre Dame&#8221; junto a las g\u00e1rgolas se quemaba? Sin duda, que entre las noticias del mundo en lo que va de 2019, la masiva destrucci\u00f3n de la Catedral Notre Dame, s\u00edmbolo de Par\u00eds, es una que ha generado mayor impacto.<\/p>\n\n\n\n<p>Cuando las im\u00e1genes se hicieron virales, miles de personas expresaron su pesar, entre las que se encuentran&nbsp;<a href=\"https:\/\/www.nacionrex.com\/gossip\/notre-dame-incendio-reacciones-famosos-dua-lipa-camila-cabello-20190415-0023.html\" rel=\"noreferrer noopener\" target=\"_blank\">figuras del espect\u00e1culo<\/a>, la pol\u00edtica y algunas de las familias m\u00e1s adineradas del mundo.<\/p>\n\n\n\n<p>Pero \u00bfqu\u00e9 ha sucedido con el dinero que algunos prometieron para su reconstrucci\u00f3n?&nbsp;En <a href=\"http:\/\/mivirgin.com\/blog\/\">Naci\u00f3n Virgin<\/a>&nbsp;te mantenemos informad@:&nbsp;<\/p>\n\n\n\n<h2 class=\"wp-block-heading\"><strong>Brillan por su ausencia<\/strong><\/h2>\n\n\n\n<p>A los pocos d\u00edas de ocurrido el hecho, la comunidad internacional se sinti\u00f3 conmovida, provocando un fen\u00f3meno que se llam\u00f3 \u201cla danza de los millones&#8221;: Fran\u00e7ois-Henri Pinault, propietario de las marcas Gucci e Yves Saint Laurent ofreci\u00f3 100 millones de euros. La misma cifra fue ofrecida por la compa\u00f1\u00eda petrolera de origen franc\u00e9s Total.&nbsp;<\/p>\n\n\n\n<p>Por otra parte, Bernard Arnault, director de LVMH y propietario de Luis Vuitton y la marca Dior, prometi\u00f3 200 millones de euros, al igual que la muy conocida L\u00b4Oreal. Lamentablemente, pasan los meses y todav\u00eda no se ha visto el primer euro.<\/p>\n\n\n\n<p>\u00bfLas posibles razones? Es probable que estos millonarios no han realizado sus prometidos aportes esperando a que la reconstrucci\u00f3n se encuentre en una etapa m\u00e1s consolidada, y no se vaya el dinero en pagos que no tengan que ver con las decisiones arquitect\u00f3nicas y art\u00edsticas del proyecto.<\/p>\n\n\n\n<p>Sin embargo, muchos han alzado sus cr\u00edticas a lo que llamar\u00edan s\u00f3lo una acci\u00f3n de vanidad. Al conocerse la mala noticia del incendio, muchas personalidades transformaron las donaciones en una competencia medi\u00e1tica de \u201cqui\u00e9n ofrece m\u00e1s\u201d.&nbsp;<\/p>\n\n\n\n<p>Una \u00faltima raz\u00f3n es que el gobierno franc\u00e9s no ha dado una visi\u00f3n clara de c\u00f3mo ser\u00e1 el proyecto y, ante esta incertidumbre, los ricos contribuyentes est\u00e1n a la espera de una mayor definici\u00f3n de la forma en que el Estado usar\u00e1 estos fondos.<\/p>\n\n\n\n<h2 class=\"wp-block-heading\"><strong>Entonces, \u00bfde d\u00f3nde est\u00e1 saliendo el dinero?&nbsp;<\/strong><\/h2>\n\n\n\n<p>Lo que s\u00ed es cierto es que mientras los que prometieron las donaciones todav\u00eda no se deciden, son los ciudadanos comunes los que est\u00e1n tomando la iniciativa en cuanto a las donaciones. De hecho y para que te hagas una impresi\u00f3n general del panorama,&nbsp;<a href=\"https:\/\/www.unoentrerios.com.ar\/el-mundo\/las-donaciones-prometidas-reconstruir-notre-dame-no-llegan-n2505641.html\" rel=\"noreferrer noopener\" target=\"_blank\">el 90% del dinero proviene de Estados Unidos<\/a>&nbsp;y no de Francia como se esperar\u00eda.<\/p>\n\n\n\n<p>Aunque no es seguro, el entramado p\u00fablico-privado franc\u00e9s puede que sea un obst\u00e1culo para los millonarios se pongan la mano en el bolsillo. Por eso, &nbsp;<a href=\"https:\/\/es.news-front.info\/2019\/06\/16\/los-funcionarios-de-la-catedral-de-notre-dame-dicen-que-los-magnates-de-francia-que-prometieron-ayudar-a-la-reconstruccion-aun-no-han-donado-dinero\/\" rel=\"noreferrer noopener\" target=\"_blank\">el parlamento franc\u00e9s busca f\u00f3rmulas<\/a>&nbsp;para dinamizar el proceso de reconstrucci\u00f3n. Entre las posibles soluciones est\u00e1 la creaci\u00f3n de un organismo p\u00fablico que acelere los trabajos de reconstrucci\u00f3n y que cumpla la meta de los cinco a\u00f1os para la culminaci\u00f3n total de los trabajos.<\/p>\n\n\n\n<p>Es de esperar que m\u00e1s temprano que tarde una de las noticias del mundo sea que de nuevo podamos contemplar esta bella obra arquitect\u00f3nica en todo su esplendor.<\/p>\n","protected":false},"excerpt":{"rendered":"<p>Te sentiste impresionad@ al ver c\u00f3mo el hogar del &#8220;jorobado de Notre Dame&#8221; junto a las g\u00e1rgolas se quemaba? Sin duda, que entre las noticias del mundo en lo que va de 2019, la masiva destrucci\u00f3n de la Catedral Notre Dame, s\u00edmbolo de Par\u00eds, es una que ha generado mayor impacto. Cuando las im\u00e1genes se [&hellip;]<\/p>\n","protected":false},"author":2,"featured_media":2052,"comment_status":"closed","ping_status":"closed","sticky":false,"template":"","format":"standard","meta":{"footnotes":""},"categories":[199,203],"tags":[225,222,224,223],"class_list":["post-2050","post","type-post","status-publish","format-standard","has-post-thumbnail","hentry","category-noticias","category-por-el-mundo","tag-incendio","tag-noticias","tag-notre-dame","tag-viajes"],"yoast_head":"<!-- This site is optimized with the Yoast SEO plugin v27.2 - https:\/\/yoast.com\/product\/yoast-seo-wordpress\/ -->\n<title>Noticias: \u00bfQui\u00e9nes pagan hoy por la reconstrucci\u00f3n de Notre Dame?<\/title>\n<meta name=\"description\" content=\"El incendio de Notre Dame est\u00e1 entre las noticias del mundo de m\u00e1s impacto este a\u00f1o, pero \u00bfqui\u00e9nes est\u00e1n pagando hoy por su reconstrucci\u00f3n? Te lo contamos.\" \/>\n<meta name=\"robots\" content=\"index, follow, max-snippet:-1, max-image-preview:large, max-video-preview:-1\" \/>\n<link rel=\"canonical\" href=\"https:\/\/www.virginmobile.cl\/blog\/por-el-mundo\/noticias-reconstruccion-notre-dame\/\" \/>\n<meta property=\"og:locale\" content=\"es_ES\" \/>\n<meta property=\"og:type\" content=\"article\" \/>\n<meta property=\"og:title\" content=\"Noticias: \u00bfQui\u00e9nes pagan hoy por la reconstrucci\u00f3n de Notre Dame?\" \/>\n<meta property=\"og:description\" content=\"El incendio de Notre Dame est\u00e1 entre las noticias del mundo de m\u00e1s impacto este a\u00f1o, pero \u00bfqui\u00e9nes est\u00e1n pagando hoy por su reconstrucci\u00f3n? Te lo contamos.\" \/>\n<meta property=\"og:url\" content=\"https:\/\/www.virginmobile.cl\/blog\/por-el-mundo\/noticias-reconstruccion-notre-dame\/\" \/>\n<meta property=\"og:site_name\" content=\"Naci\u00f3n Virgin - Virgin Mobile Chile\" \/>\n<meta property=\"article:publisher\" content=\"https:\/\/www.facebook.com\/VirginMobileChile\/\" \/>\n<meta property=\"article:published_time\" content=\"2019-07-15T22:00:12+00:00\" \/>\n<meta property=\"article:modified_time\" content=\"2022-02-24T18:22:45+00:00\" \/>\n<meta property=\"og:image\" content=\"https:\/\/www.virginmobile.cl\/blog\/wp-content\/uploads\/2019\/07\/notedrame.jpg\" \/>\n\t<meta property=\"og:image:width\" content=\"1200\" \/>\n\t<meta property=\"og:image:height\" content=\"800\" \/>\n\t<meta property=\"og:image:type\" content=\"image\/jpeg\" \/>\n<meta name=\"author\" content=\"Jorge Herrera\" \/>\n<meta name=\"twitter:card\" content=\"summary_large_image\" \/>\n<meta name=\"twitter:creator\" content=\"@virginmobile_cl\" \/>\n<meta name=\"twitter:site\" content=\"@virginmobile_cl\" \/>\n<meta name=\"twitter:label1\" content=\"Escrito por\" \/>\n\t<meta name=\"twitter:data1\" content=\"Jorge Herrera\" \/>\n\t<meta name=\"twitter:label2\" content=\"Tiempo estimado de lectura\" \/>\n\t<meta name=\"twitter:data2\" content=\"3 minutos\" \/>\n<script type=\"application\/ld+json\" class=\"yoast-schema-graph\">{\"@context\":\"https:\/\/schema.org\",\"@graph\":[{\"@type\":\"Article\",\"@id\":\"https:\/\/www.virginmobile.cl\/blog\/por-el-mundo\/noticias-reconstruccion-notre-dame\/#article\",\"isPartOf\":{\"@id\":\"https:\/\/www.virginmobile.cl\/blog\/por-el-mundo\/noticias-reconstruccion-notre-dame\/\"},\"author\":{\"name\":\"Jorge Herrera\",\"@id\":\"https:\/\/vmcl.space\/blog\/#\/schema\/person\/7dd3fe8aa95409efbc0c2651edad922c\"},\"headline\":\"\u00bfQui\u00e9nes pagan hoy por la reconstrucci\u00f3n de Notre Dame?\",\"datePublished\":\"2019-07-15T22:00:12+00:00\",\"dateModified\":\"2022-02-24T18:22:45+00:00\",\"mainEntityOfPage\":{\"@id\":\"https:\/\/www.virginmobile.cl\/blog\/por-el-mundo\/noticias-reconstruccion-notre-dame\/\"},\"wordCount\":562,\"publisher\":{\"@id\":\"https:\/\/vmcl.space\/blog\/#organization\"},\"image\":{\"@id\":\"https:\/\/www.virginmobile.cl\/blog\/por-el-mundo\/noticias-reconstruccion-notre-dame\/#primaryimage\"},\"thumbnailUrl\":\"https:\/\/www.virginmobile.cl\/blog\/wp-content\/uploads\/2019\/07\/notedrame.jpg\",\"keywords\":[\"incendio\",\"noticias\",\"notre dame\",\"viajes\"],\"articleSection\":[\"Noticias\",\"Por el mundo\"],\"inLanguage\":\"es-CL\"},{\"@type\":\"WebPage\",\"@id\":\"https:\/\/www.virginmobile.cl\/blog\/por-el-mundo\/noticias-reconstruccion-notre-dame\/\",\"url\":\"https:\/\/www.virginmobile.cl\/blog\/por-el-mundo\/noticias-reconstruccion-notre-dame\/\",\"name\":\"Noticias: \u00bfQui\u00e9nes pagan hoy por la reconstrucci\u00f3n de Notre Dame?\",\"isPartOf\":{\"@id\":\"https:\/\/vmcl.space\/blog\/#website\"},\"primaryImageOfPage\":{\"@id\":\"https:\/\/www.virginmobile.cl\/blog\/por-el-mundo\/noticias-reconstruccion-notre-dame\/#primaryimage\"},\"image\":{\"@id\":\"https:\/\/www.virginmobile.cl\/blog\/por-el-mundo\/noticias-reconstruccion-notre-dame\/#primaryimage\"},\"thumbnailUrl\":\"https:\/\/www.virginmobile.cl\/blog\/wp-content\/uploads\/2019\/07\/notedrame.jpg\",\"datePublished\":\"2019-07-15T22:00:12+00:00\",\"dateModified\":\"2022-02-24T18:22:45+00:00\",\"description\":\"El incendio de Notre Dame est\u00e1 entre las noticias del mundo de m\u00e1s impacto este a\u00f1o, pero \u00bfqui\u00e9nes est\u00e1n pagando hoy por su reconstrucci\u00f3n? Te lo contamos.\",\"breadcrumb\":{\"@id\":\"https:\/\/www.virginmobile.cl\/blog\/por-el-mundo\/noticias-reconstruccion-notre-dame\/#breadcrumb\"},\"inLanguage\":\"es-CL\",\"potentialAction\":[{\"@type\":\"ReadAction\",\"target\":[\"https:\/\/www.virginmobile.cl\/blog\/por-el-mundo\/noticias-reconstruccion-notre-dame\/\"]}]},{\"@type\":\"ImageObject\",\"inLanguage\":\"es-CL\",\"@id\":\"https:\/\/www.virginmobile.cl\/blog\/por-el-mundo\/noticias-reconstruccion-notre-dame\/#primaryimage\",\"url\":\"https:\/\/www.virginmobile.cl\/blog\/wp-content\/uploads\/2019\/07\/notedrame.jpg\",\"contentUrl\":\"https:\/\/www.virginmobile.cl\/blog\/wp-content\/uploads\/2019\/07\/notedrame.jpg\",\"width\":1200,\"height\":800,\"caption\":\"\u00bfqui\u00e9nes son los que realmente pagan su reconstrucci\u00f3n?\"},{\"@type\":\"BreadcrumbList\",\"@id\":\"https:\/\/www.virginmobile.cl\/blog\/por-el-mundo\/noticias-reconstruccion-notre-dame\/#breadcrumb\",\"itemListElement\":[{\"@type\":\"ListItem\",\"position\":1,\"name\":\"Portada\",\"item\":\"https:\/\/vmcl.space\/blog\/\"},{\"@type\":\"ListItem\",\"position\":2,\"name\":\"\u00bfQui\u00e9nes pagan hoy por la reconstrucci\u00f3n de Notre Dame?\"}]},{\"@type\":\"WebSite\",\"@id\":\"https:\/\/vmcl.space\/blog\/#website\",\"url\":\"https:\/\/vmcl.space\/blog\/\",\"name\":\"Naci\u00f3n Virgin - Virgin Mobile Chile\",\"description\":\"Lo que pasa ah\u00ed lo sabes aqu\u00ed\",\"publisher\":{\"@id\":\"https:\/\/vmcl.space\/blog\/#organization\"},\"potentialAction\":[{\"@type\":\"SearchAction\",\"target\":{\"@type\":\"EntryPoint\",\"urlTemplate\":\"https:\/\/vmcl.space\/blog\/?s={search_term_string}\"},\"query-input\":{\"@type\":\"PropertyValueSpecification\",\"valueRequired\":true,\"valueName\":\"search_term_string\"}}],\"inLanguage\":\"es-CL\"},{\"@type\":\"Organization\",\"@id\":\"https:\/\/vmcl.space\/blog\/#organization\",\"name\":\"Virgin Mobile\",\"url\":\"https:\/\/vmcl.space\/blog\/\",\"logo\":{\"@type\":\"ImageObject\",\"inLanguage\":\"es-CL\",\"@id\":\"https:\/\/vmcl.space\/blog\/#\/schema\/logo\/image\/\",\"url\":\"https:\/\/blog.virginmobile.cl\/wp-content\/uploads\/2018\/06\/logo_blog_v4.png\",\"contentUrl\":\"https:\/\/blog.virginmobile.cl\/wp-content\/uploads\/2018\/06\/logo_blog_v4.png\",\"width\":400,\"height\":400,\"caption\":\"Virgin Mobile\"},\"image\":{\"@id\":\"https:\/\/vmcl.space\/blog\/#\/schema\/logo\/image\/\"},\"sameAs\":[\"https:\/\/www.facebook.com\/VirginMobileChile\/\",\"https:\/\/x.com\/virginmobile_cl\",\"https:\/\/www.instagram.com\/virginmobile_cl\/\",\"https:\/\/www.linkedin.com\/company\/10255048\/admin\/\",\"https:\/\/www.youtube.com\/user\/VirginMobileChile\"]},{\"@type\":\"Person\",\"@id\":\"https:\/\/vmcl.space\/blog\/#\/schema\/person\/7dd3fe8aa95409efbc0c2651edad922c\",\"name\":\"Jorge Herrera\",\"image\":{\"@type\":\"ImageObject\",\"inLanguage\":\"es-CL\",\"@id\":\"https:\/\/secure.gravatar.com\/avatar\/08a675eb2009d32bc8481153d36d8296c68fcc62939ab075bfa2d959ff9025c2?s=96&d=mm&r=g\",\"url\":\"https:\/\/secure.gravatar.com\/avatar\/08a675eb2009d32bc8481153d36d8296c68fcc62939ab075bfa2d959ff9025c2?s=96&d=mm&r=g\",\"contentUrl\":\"https:\/\/secure.gravatar.com\/avatar\/08a675eb2009d32bc8481153d36d8296c68fcc62939ab075bfa2d959ff9025c2?s=96&d=mm&r=g\",\"caption\":\"Jorge Herrera\"},\"url\":\"https:\/\/www.virginmobile.cl\/blog\/author\/jorge-herrera\/\"}]}<\/script>\n<!-- \/ Yoast SEO plugin. -->","yoast_head_json":{"title":"Noticias: \u00bfQui\u00e9nes pagan hoy por la reconstrucci\u00f3n de Notre Dame?","description":"El incendio de Notre Dame est\u00e1 entre las noticias del mundo de m\u00e1s impacto este a\u00f1o, pero \u00bfqui\u00e9nes est\u00e1n pagando hoy por su reconstrucci\u00f3n? Te lo contamos.","robots":{"index":"index","follow":"follow","max-snippet":"max-snippet:-1","max-image-preview":"max-image-preview:large","max-video-preview":"max-video-preview:-1"},"canonical":"https:\/\/www.virginmobile.cl\/blog\/por-el-mundo\/noticias-reconstruccion-notre-dame\/","og_locale":"es_ES","og_type":"article","og_title":"Noticias: \u00bfQui\u00e9nes pagan hoy por la reconstrucci\u00f3n de Notre Dame?","og_description":"El incendio de Notre Dame est\u00e1 entre las noticias del mundo de m\u00e1s impacto este a\u00f1o, pero \u00bfqui\u00e9nes est\u00e1n pagando hoy por su reconstrucci\u00f3n? Te lo contamos.","og_url":"https:\/\/www.virginmobile.cl\/blog\/por-el-mundo\/noticias-reconstruccion-notre-dame\/","og_site_name":"Naci\u00f3n Virgin - Virgin Mobile Chile","article_publisher":"https:\/\/www.facebook.com\/VirginMobileChile\/","article_published_time":"2019-07-15T22:00:12+00:00","article_modified_time":"2022-02-24T18:22:45+00:00","og_image":[{"width":1200,"height":800,"url":"https:\/\/www.virginmobile.cl\/blog\/wp-content\/uploads\/2019\/07\/notedrame.jpg","type":"image\/jpeg"}],"author":"Jorge Herrera","twitter_card":"summary_large_image","twitter_creator":"@virginmobile_cl","twitter_site":"@virginmobile_cl","twitter_misc":{"Escrito por":"Jorge Herrera","Tiempo estimado de lectura":"3 minutos"},"schema":{"@context":"https:\/\/schema.org","@graph":[{"@type":"Article","@id":"https:\/\/www.virginmobile.cl\/blog\/por-el-mundo\/noticias-reconstruccion-notre-dame\/#article","isPartOf":{"@id":"https:\/\/www.virginmobile.cl\/blog\/por-el-mundo\/noticias-reconstruccion-notre-dame\/"},"author":{"name":"Jorge Herrera","@id":"https:\/\/vmcl.space\/blog\/#\/schema\/person\/7dd3fe8aa95409efbc0c2651edad922c"},"headline":"\u00bfQui\u00e9nes pagan hoy por la reconstrucci\u00f3n de Notre Dame?","datePublished":"2019-07-15T22:00:12+00:00","dateModified":"2022-02-24T18:22:45+00:00","mainEntityOfPage":{"@id":"https:\/\/www.virginmobile.cl\/blog\/por-el-mundo\/noticias-reconstruccion-notre-dame\/"},"wordCount":562,"publisher":{"@id":"https:\/\/vmcl.space\/blog\/#organization"},"image":{"@id":"https:\/\/www.virginmobile.cl\/blog\/por-el-mundo\/noticias-reconstruccion-notre-dame\/#primaryimage"},"thumbnailUrl":"https:\/\/www.virginmobile.cl\/blog\/wp-content\/uploads\/2019\/07\/notedrame.jpg","keywords":["incendio","noticias","notre dame","viajes"],"articleSection":["Noticias","Por el mundo"],"inLanguage":"es-CL"},{"@type":"WebPage","@id":"https:\/\/www.virginmobile.cl\/blog\/por-el-mundo\/noticias-reconstruccion-notre-dame\/","url":"https:\/\/www.virginmobile.cl\/blog\/por-el-mundo\/noticias-reconstruccion-notre-dame\/","name":"Noticias: \u00bfQui\u00e9nes pagan hoy por la reconstrucci\u00f3n de Notre Dame?","isPartOf":{"@id":"https:\/\/vmcl.space\/blog\/#website"},"primaryImageOfPage":{"@id":"https:\/\/www.virginmobile.cl\/blog\/por-el-mundo\/noticias-reconstruccion-notre-dame\/#primaryimage"},"image":{"@id":"https:\/\/www.virginmobile.cl\/blog\/por-el-mundo\/noticias-reconstruccion-notre-dame\/#primaryimage"},"thumbnailUrl":"https:\/\/www.virginmobile.cl\/blog\/wp-content\/uploads\/2019\/07\/notedrame.jpg","datePublished":"2019-07-15T22:00:12+00:00","dateModified":"2022-02-24T18:22:45+00:00","description":"El incendio de Notre Dame est\u00e1 entre las noticias del mundo de m\u00e1s impacto este a\u00f1o, pero \u00bfqui\u00e9nes est\u00e1n pagando hoy por su reconstrucci\u00f3n? Te lo contamos.","breadcrumb":{"@id":"https:\/\/www.virginmobile.cl\/blog\/por-el-mundo\/noticias-reconstruccion-notre-dame\/#breadcrumb"},"inLanguage":"es-CL","potentialAction":[{"@type":"ReadAction","target":["https:\/\/www.virginmobile.cl\/blog\/por-el-mundo\/noticias-reconstruccion-notre-dame\/"]}]},{"@type":"ImageObject","inLanguage":"es-CL","@id":"https:\/\/www.virginmobile.cl\/blog\/por-el-mundo\/noticias-reconstruccion-notre-dame\/#primaryimage","url":"https:\/\/www.virginmobile.cl\/blog\/wp-content\/uploads\/2019\/07\/notedrame.jpg","contentUrl":"https:\/\/www.virginmobile.cl\/blog\/wp-content\/uploads\/2019\/07\/notedrame.jpg","width":1200,"height":800,"caption":"\u00bfqui\u00e9nes son los que realmente pagan su reconstrucci\u00f3n?"},{"@type":"BreadcrumbList","@id":"https:\/\/www.virginmobile.cl\/blog\/por-el-mundo\/noticias-reconstruccion-notre-dame\/#breadcrumb","itemListElement":[{"@type":"ListItem","position":1,"name":"Portada","item":"https:\/\/vmcl.space\/blog\/"},{"@type":"ListItem","position":2,"name":"\u00bfQui\u00e9nes pagan hoy por la reconstrucci\u00f3n de Notre Dame?"}]},{"@type":"WebSite","@id":"https:\/\/vmcl.space\/blog\/#website","url":"https:\/\/vmcl.space\/blog\/","name":"Naci\u00f3n Virgin - Virgin Mobile Chile","description":"Lo que pasa ah\u00ed lo sabes aqu\u00ed","publisher":{"@id":"https:\/\/vmcl.space\/blog\/#organization"},"potentialAction":[{"@type":"SearchAction","target":{"@type":"EntryPoint","urlTemplate":"https:\/\/vmcl.space\/blog\/?s={search_term_string}"},"query-input":{"@type":"PropertyValueSpecification","valueRequired":true,"valueName":"search_term_string"}}],"inLanguage":"es-CL"},{"@type":"Organization","@id":"https:\/\/vmcl.space\/blog\/#organization","name":"Virgin Mobile","url":"https:\/\/vmcl.space\/blog\/","logo":{"@type":"ImageObject","inLanguage":"es-CL","@id":"https:\/\/vmcl.space\/blog\/#\/schema\/logo\/image\/","url":"https:\/\/blog.virginmobile.cl\/wp-content\/uploads\/2018\/06\/logo_blog_v4.png","contentUrl":"https:\/\/blog.virginmobile.cl\/wp-content\/uploads\/2018\/06\/logo_blog_v4.png","width":400,"height":400,"caption":"Virgin Mobile"},"image":{"@id":"https:\/\/vmcl.space\/blog\/#\/schema\/logo\/image\/"},"sameAs":["https:\/\/www.facebook.com\/VirginMobileChile\/","https:\/\/x.com\/virginmobile_cl","https:\/\/www.instagram.com\/virginmobile_cl\/","https:\/\/www.linkedin.com\/company\/10255048\/admin\/","https:\/\/www.youtube.com\/user\/VirginMobileChile"]},{"@type":"Person","@id":"https:\/\/vmcl.space\/blog\/#\/schema\/person\/7dd3fe8aa95409efbc0c2651edad922c","name":"Jorge Herrera","image":{"@type":"ImageObject","inLanguage":"es-CL","@id":"https:\/\/secure.gravatar.com\/avatar\/08a675eb2009d32bc8481153d36d8296c68fcc62939ab075bfa2d959ff9025c2?s=96&d=mm&r=g","url":"https:\/\/secure.gravatar.com\/avatar\/08a675eb2009d32bc8481153d36d8296c68fcc62939ab075bfa2d959ff9025c2?s=96&d=mm&r=g","contentUrl":"https:\/\/secure.gravatar.com\/avatar\/08a675eb2009d32bc8481153d36d8296c68fcc62939ab075bfa2d959ff9025c2?s=96&d=mm&r=g","caption":"Jorge Herrera"},"url":"https:\/\/www.virginmobile.cl\/blog\/author\/jorge-herrera\/"}]}},"_links":{"self":[{"href":"https:\/\/www.virginmobile.cl\/blog\/wp-json\/wp\/v2\/posts\/2050","targetHints":{"allow":["GET"]}}],"collection":[{"href":"https:\/\/www.virginmobile.cl\/blog\/wp-json\/wp\/v2\/posts"}],"about":[{"href":"https:\/\/www.virginmobile.cl\/blog\/wp-json\/wp\/v2\/types\/post"}],"author":[{"embeddable":true,"href":"https:\/\/www.virginmobile.cl\/blog\/wp-json\/wp\/v2\/users\/2"}],"replies":[{"embeddable":true,"href":"https:\/\/www.virginmobile.cl\/blog\/wp-json\/wp\/v2\/comments?post=2050"}],"version-history":[{"count":3,"href":"https:\/\/www.virginmobile.cl\/blog\/wp-json\/wp\/v2\/posts\/2050\/revisions"}],"predecessor-version":[{"id":6752,"href":"https:\/\/www.virginmobile.cl\/blog\/wp-json\/wp\/v2\/posts\/2050\/revisions\/6752"}],"wp:featuredmedia":[{"embeddable":true,"href":"https:\/\/www.virginmobile.cl\/blog\/wp-json\/wp\/v2\/media\/2052"}],"wp:attachment":[{"href":"https:\/\/www.virginmobile.cl\/blog\/wp-json\/wp\/v2\/media?parent=2050"}],"wp:term":[{"taxonomy":"category","embeddable":true,"href":"https:\/\/www.virginmobile.cl\/blog\/wp-json\/wp\/v2\/categories?post=2050"},{"taxonomy":"post_tag","embeddable":true,"href":"https:\/\/www.virginmobile.cl\/blog\/wp-json\/wp\/v2\/tags?post=2050"}],"curies":[{"name":"wp","href":"https:\/\/api.w.org\/{rel}","templated":true}]}}